{"id":108667,"date":"2016-07-21T11:54:40","date_gmt":"2016-07-21T14:54:40","guid":{"rendered":"http:\/\/www.notibras.com\/site\/?p=108667"},"modified":"2016-07-21T16:44:40","modified_gmt":"2016-07-21T19:44:40","slug":"policia-federal-desbarata-celula-terrorista-que-ameacava-atacar-nas-olimpiadas","status":"publish","type":"post","link":"https:\/\/www.notibras.com\/site\/policia-federal-desbarata-celula-terrorista-que-ameacava-atacar-nas-olimpiadas\/","title":{"rendered":"Pol\u00edcia Federal desbarata c\u00e9lula terrorista que podia atacar nas Olimp\u00edadas"},"content":{"rendered":"<h6 class=\"Assina\"><strong>Mateus Coutinho e Fausto Macedo<\/strong><\/h6>\n<p>A Pol\u00edcia Federal deflagrou nesta quinta-feira, 21, a Opera\u00e7\u00e3o Hashtag e prendeu 10 brasileiros suspeitos de compor uma c\u00e9lula terrorista internacional do Estado Isl\u00e2mico, no Pa\u00eds. Ao todo foram expedidos 12 mandados de pris\u00e3o tempor\u00e1ria por 30 dias podendo ser prorrogados por mais 30.<\/p>\n<p>Segundo o ministro da Justi\u00e7a Alexandre de Morais, integrantes do grupo que defendia uso de arma de t\u00e1ticas de guerrilha chegaram a entrar em contato com grupo terrorista Estado Isl\u00e2mico na internet e tamb\u00e9m a tentar comprar metralhadoras no Paraguai.<\/p>\n<p>Informa\u00e7\u00f5es obtidas, dentre outras, a partir das quebras de sigilo de dados e telef\u00f4nicos, revelaram que os investigados defendiam a intoler\u00e2ncia racial, de g\u00eanero e religiosa, e o uso de armas e t\u00e1ticas de guerrilha para alcan\u00e7ar seus objetivos.<\/p>\n<p>As mensagens interceptadas revelaram tamb\u00e9m que o grupo chegou a comemorar o atentado em uma boate LBGT em Orlando, nos EUA.<\/p>\n<p>Os artigos 3\u00ba e 5\u00ba da Lei 13.260, de 16 de mar\u00e7o de 2016, que disciplina o terrorismo preveem como crime:<\/p>\n<p>Art. 3\u00ba: &#8220;Promover, constituir, integrar ou prestar aux\u00edlio, pessoalmente ou por interposta pessoa, a organiza\u00e7\u00e3o terrorista&#8221; e art. 5\u00ba: Realizar atos preparat\u00f3rios de terrorismo com o prop\u00f3sito inequ\u00edvoco de consumar tal delito&#8221;.<\/p>\n<p>Para assegurar o \u00eaxito da Opera\u00e7\u00e3o e eventual realiza\u00e7\u00e3o de novas fases, os nomes dos presos, sob cust\u00f3dia da Pol\u00edcia Federal, n\u00e3o ser\u00e3o divulgados neste momento. O processo tramita em segredo de Justi\u00e7a.<\/p>\n<p><img loading=\"lazy\" decoding=\"async\" class=\"alignnone size-full wp-image-70065\" src=\"http:\/\/www.notibras.com\/site\/wp-content\/uploads\/2015\/10\/estadao.png\" alt=\"estadao\" width=\"99\" height=\"16\" \/><\/p>\n","protected":false},"excerpt":{"rendered":"<p>Mateus Coutinho e Fausto Macedo A Pol\u00edcia Federal deflagrou nesta quinta-feira, 21, a Opera\u00e7\u00e3o Hashtag e prendeu 10 brasileiros suspeitos de compor uma c\u00e9lula terrorista internacional do Estado Isl\u00e2mico, no Pa\u00eds. Ao todo foram expedidos 12 mandados de pris\u00e3o tempor\u00e1ria por 30 dias podendo ser prorrogados por mais 30. Segundo o ministro da Justi\u00e7a Alexandre [&hellip;]<\/p>\n","protected":false},"author":2,"featured_media":108670,"comment_status":"open","ping_status":"closed","sticky":false,"template":"","format":"standard","meta":{"_acf_changed":false,"footnotes":""},"categories":[16],"tags":[],"class_list":["post-108667","post","type-post","status-publish","format-standard","has-post-thumbnail","hentry","category-brasil"],"acf":[],"_links":{"self":[{"href":"https:\/\/www.notibras.com\/site\/wp-json\/wp\/v2\/posts\/108667","targetHints":{"allow":["GET"]}}],"collection":[{"href":"https:\/\/www.notibras.com\/site\/wp-json\/wp\/v2\/posts"}],"about":[{"href":"https:\/\/www.notibras.com\/site\/wp-json\/wp\/v2\/types\/post"}],"author":[{"embeddable":true,"href":"https:\/\/www.notibras.com\/site\/wp-json\/wp\/v2\/users\/2"}],"replies":[{"embeddable":true,"href":"https:\/\/www.notibras.com\/site\/wp-json\/wp\/v2\/comments?post=108667"}],"version-history":[{"count":2,"href":"https:\/\/www.notibras.com\/site\/wp-json\/wp\/v2\/posts\/108667\/revisions"}],"predecessor-version":[{"id":108669,"href":"https:\/\/www.notibras.com\/site\/wp-json\/wp\/v2\/posts\/108667\/revisions\/108669"}],"wp:featuredmedia":[{"embeddable":true,"href":"https:\/\/www.notibras.com\/site\/wp-json\/wp\/v2\/media\/108670"}],"wp:attachment":[{"href":"https:\/\/www.notibras.com\/site\/wp-json\/wp\/v2\/media?parent=108667"}],"wp:term":[{"taxonomy":"category","embeddable":true,"href":"https:\/\/www.notibras.com\/site\/wp-json\/wp\/v2\/categories?post=108667"},{"taxonomy":"post_tag","embeddable":true,"href":"https:\/\/www.notibras.com\/site\/wp-json\/wp\/v2\/tags?post=108667"}],"curies":[{"name":"wp","href":"https:\/\/api.w.org\/{rel}","templated":true}]}}