{"id":108677,"date":"2016-07-21T12:58:00","date_gmt":"2016-07-21T15:58:00","guid":{"rendered":"http:\/\/www.notibras.com\/site\/?p=108677"},"modified":"2016-07-22T07:37:14","modified_gmt":"2016-07-22T10:37:14","slug":"feijao-dispara-e-inflacao-tem-maior-alta-dos-ultimos-8-anos","status":"publish","type":"post","link":"https:\/\/www.notibras.com\/site\/feijao-dispara-e-inflacao-tem-maior-alta-dos-ultimos-8-anos\/","title":{"rendered":"Feij\u00e3o dispara nas prateleiras e infla\u00e7\u00e3o tem a maior alta dos \u00faltimos 8 anos"},"content":{"rendered":"<div id=\"Corpo\">\n<h6 class=\"Assina\"><strong>Daniela Amorim<\/strong><\/h6>\n<p>Os pre\u00e7os dos alimentos saltaram 1,45% em julho, segundo os dados do \u00cdndice Nacional de Pre\u00e7os ao Consumidor Amplo 15 (IPCA-15), divulgado nesta quinta-feira, 21, pelo Instituto Brasileiro de Geografia e Estat\u00edstica (IBGE). O resultado foi o mais elevado para meses de julho desde 2008, quando a alta no grupo Alimenta\u00e7\u00e3o e bebidas chegou a 1,75%. Em junho, os alimentos tinham aumentado 0,35%.<\/p>\n<p>Com o repique recente, os alimentos contribu\u00edram com 0,37 ponto porcentual para a taxa de 0,54% do IPCA-15 de julho, o equivalente a 69% de toda a infla\u00e7\u00e3o do m\u00eas. Em Goi\u00e2nia, os alimentos ficaram 3,41% mais caros. Em Curitiba, a alta foi de 2,75%. Em S\u00e3o Paulo, os consumidores pagaram 2,03% a mais.<\/p>\n<p>O pre\u00e7o do feij\u00e3o-carioca, esp\u00e9cie mais consumida no Pa\u00eds, subiu 58,06% no IPCA-15 de julho, item de maior impacto sobre a infla\u00e7\u00e3o do per\u00edodo, uma contribui\u00e7\u00e3o de 0,18 ponto porcentual. Em Goi\u00e2nia, o quilo do gr\u00e3o ficou 81,03% mais caro. Tamb\u00e9m houve aumentos relevantes do feij\u00e3o-carioca em Bras\u00edlia (62,69%), Salvador (61,69%) e Fortaleza (60,63%).<\/p>\n<p>O or\u00e7amento das fam\u00edlias foi pressionado ainda pelos outros tipos de feij\u00e3o, que tamb\u00e9m apresentaram aumentos significativos O feij\u00e3o mulatinho ficou 45,94% mais caro; o feij\u00e3o preto aumentou 34,23%; o feij\u00e3o fradinho subiu 11,78%.<\/p>\n<p>Tamb\u00e9m muito consumido pelo brasileiro, o pre\u00e7o do arroz cresceu 3,36%. A alta chegou a 8,20% em Bel\u00e9m, 6,67% em Fortaleza e 6,53% em Goi\u00e2nia.<\/p>\n<p>O leite tamb\u00e9m pressionou a cesta b\u00e1sica das fam\u00edlias, devido a um aumento de 15,54%. Os pre\u00e7os dos derivados de leite tamb\u00e9m aumentaram, com destaque para o leite em p\u00f3, que ficou 3,26% mais caro.<\/p>\n<p><img loading=\"lazy\" decoding=\"async\" class=\"alignnone size-full wp-image-70065\" src=\"http:\/\/www.notibras.com\/site\/wp-content\/uploads\/2015\/10\/estadao.png\" alt=\"estadao\" width=\"99\" height=\"16\" \/><\/p>\n<\/div>\n","protected":false},"excerpt":{"rendered":"<p>Daniela Amorim Os pre\u00e7os dos alimentos saltaram 1,45% em julho, segundo os dados do \u00cdndice Nacional de Pre\u00e7os ao Consumidor Amplo 15 (IPCA-15), divulgado nesta quinta-feira, 21, pelo Instituto Brasileiro de Geografia e Estat\u00edstica (IBGE). O resultado foi o mais elevado para meses de julho desde 2008, quando a alta no grupo Alimenta\u00e7\u00e3o e bebidas [&hellip;]<\/p>\n","protected":false},"author":2,"featured_media":108678,"comment_status":"open","ping_status":"closed","sticky":false,"template":"","format":"standard","meta":{"_acf_changed":false,"footnotes":""},"categories":[16],"tags":[],"class_list":["post-108677","post","type-post","status-publish","format-standard","has-post-thumbnail","hentry","category-brasil"],"acf":[],"_links":{"self":[{"href":"https:\/\/www.notibras.com\/site\/wp-json\/wp\/v2\/posts\/108677","targetHints":{"allow":["GET"]}}],"collection":[{"href":"https:\/\/www.notibras.com\/site\/wp-json\/wp\/v2\/posts"}],"about":[{"href":"https:\/\/www.notibras.com\/site\/wp-json\/wp\/v2\/types\/post"}],"author":[{"embeddable":true,"href":"https:\/\/www.notibras.com\/site\/wp-json\/wp\/v2\/users\/2"}],"replies":[{"embeddable":true,"href":"https:\/\/www.notibras.com\/site\/wp-json\/wp\/v2\/comments?post=108677"}],"version-history":[{"count":2,"href":"https:\/\/www.notibras.com\/site\/wp-json\/wp\/v2\/posts\/108677\/revisions"}],"predecessor-version":[{"id":108773,"href":"https:\/\/www.notibras.com\/site\/wp-json\/wp\/v2\/posts\/108677\/revisions\/108773"}],"wp:featuredmedia":[{"embeddable":true,"href":"https:\/\/www.notibras.com\/site\/wp-json\/wp\/v2\/media\/108678"}],"wp:attachment":[{"href":"https:\/\/www.notibras.com\/site\/wp-json\/wp\/v2\/media?parent=108677"}],"wp:term":[{"taxonomy":"category","embeddable":true,"href":"https:\/\/www.notibras.com\/site\/wp-json\/wp\/v2\/categories?post=108677"},{"taxonomy":"post_tag","embeddable":true,"href":"https:\/\/www.notibras.com\/site\/wp-json\/wp\/v2\/tags?post=108677"}],"curies":[{"name":"wp","href":"https:\/\/api.w.org\/{rel}","templated":true}]}}