{"id":108686,"date":"2016-07-21T15:40:06","date_gmt":"2016-07-21T18:40:06","guid":{"rendered":"http:\/\/www.notibras.com\/site\/?p=108686"},"modified":"2016-07-21T19:59:35","modified_gmt":"2016-07-21T22:59:35","slug":"ministerio-publico-denuncia-lula-por-atrapalhar-as-investigacoes-da-lava-jato","status":"publish","type":"post","link":"https:\/\/www.notibras.com\/site\/ministerio-publico-denuncia-lula-por-atrapalhar-as-investigacoes-da-lava-jato\/","title":{"rendered":"Minist\u00e9rio P\u00fablico denuncia Lula, Delc\u00eddio e Bumlai por atrapalharem a Lava Jato"},"content":{"rendered":"<h6 class=\"Assina\"><strong>Julia Affonso, Fausto Macedo e Mateus Coutinho<\/strong><\/h6>\n<p>O Minist\u00e9rio P\u00fablico Federal (MPF) denunciou nesta quinta-feira, 21, \u00e0 Justi\u00e7a de Bras\u00edlia o ex-presidente Luiz In\u00e1cio Lula da Silva, seu amigo Jos\u00e9 Carlos Bumlai, o ex-senador Delc\u00eddio Amaral, o banqueiro Andr\u00e9 Santos Esteves, o ex-assessor de Delc\u00eddio, Diogo Ferreira Rodriguez, o advogado Edson Siqueira Ribeiro Filho, e o filho de Bumlai, Maur\u00edcio Barros Bumlai. Todos s\u00e3o acusados de &#8220;agirem irregularmente para atrapalhar as investiga\u00e7\u00f5es da Opera\u00e7\u00e3o Lava Jato&#8221;.<\/p>\n<p>O caso j\u00e1 havia sido denunciado pelo Procurador Geral da Rep\u00fablica (PGR), Rodrigo Janot, em dezembro do ano passado. No entanto, em decorr\u00eancia da perda de foro privilegiado do ex-senador envolvido, Delc\u00eddio Amaral, e tamb\u00e9m pelo fato de o crime ter ocorrido em Bras\u00edlia, a den\u00fancia foi enviada \u00e0 Justi\u00e7a Federal do Distrito Federal. Com essa redistribui\u00e7\u00e3o, o MPF do DF foi acionado para se manifestar sobre a a\u00e7\u00e3o penal e concluiu pela confirma\u00e7\u00e3o integral da den\u00fancia pr\u00e9via do PGR.<\/p>\n<p>Al\u00e9m de confirmar os elementos apresentados, o procurador da Rep\u00fablica Ivan Cl\u00e1udio Marx faz acr\u00e9scimos \u00e0 pe\u00e7a inicial, com o objetivo de ampliar a descri\u00e7\u00e3o dos fatos e as provas que envolvem os acusados. Os crimes apontados est\u00e3o previstos nos artigos 2\u00ba, \u00a7 1\u00ba, da Lei n\u00ba 12.850\/2013, art. 357 do CP e art. 355 do C\u00f3digo Penal.<\/p>\n<p><img loading=\"lazy\" decoding=\"async\" class=\"alignnone size-full wp-image-70065\" src=\"http:\/\/www.notibras.com\/site\/wp-content\/uploads\/2015\/10\/estadao.png\" alt=\"estadao\" width=\"99\" height=\"16\" \/><\/p>\n","protected":false},"excerpt":{"rendered":"<p>Julia Affonso, Fausto Macedo e Mateus Coutinho O Minist\u00e9rio P\u00fablico Federal (MPF) denunciou nesta quinta-feira, 21, \u00e0 Justi\u00e7a de Bras\u00edlia o ex-presidente Luiz In\u00e1cio Lula da Silva, seu amigo Jos\u00e9 Carlos Bumlai, o ex-senador Delc\u00eddio Amaral, o banqueiro Andr\u00e9 Santos Esteves, o ex-assessor de Delc\u00eddio, Diogo Ferreira Rodriguez, o advogado Edson Siqueira Ribeiro Filho, e [&hellip;]<\/p>\n","protected":false},"author":2,"featured_media":108687,"comment_status":"open","ping_status":"closed","sticky":false,"template":"","format":"standard","meta":{"_acf_changed":false,"footnotes":""},"categories":[16],"tags":[],"class_list":["post-108686","post","type-post","status-publish","format-standard","has-post-thumbnail","hentry","category-brasil"],"acf":[],"_links":{"self":[{"href":"https:\/\/www.notibras.com\/site\/wp-json\/wp\/v2\/posts\/108686","targetHints":{"allow":["GET"]}}],"collection":[{"href":"https:\/\/www.notibras.com\/site\/wp-json\/wp\/v2\/posts"}],"about":[{"href":"https:\/\/www.notibras.com\/site\/wp-json\/wp\/v2\/types\/post"}],"author":[{"embeddable":true,"href":"https:\/\/www.notibras.com\/site\/wp-json\/wp\/v2\/users\/2"}],"replies":[{"embeddable":true,"href":"https:\/\/www.notibras.com\/site\/wp-json\/wp\/v2\/comments?post=108686"}],"version-history":[{"count":2,"href":"https:\/\/www.notibras.com\/site\/wp-json\/wp\/v2\/posts\/108686\/revisions"}],"predecessor-version":[{"id":108689,"href":"https:\/\/www.notibras.com\/site\/wp-json\/wp\/v2\/posts\/108686\/revisions\/108689"}],"wp:featuredmedia":[{"embeddable":true,"href":"https:\/\/www.notibras.com\/site\/wp-json\/wp\/v2\/media\/108687"}],"wp:attachment":[{"href":"https:\/\/www.notibras.com\/site\/wp-json\/wp\/v2\/media?parent=108686"}],"wp:term":[{"taxonomy":"category","embeddable":true,"href":"https:\/\/www.notibras.com\/site\/wp-json\/wp\/v2\/categories?post=108686"},{"taxonomy":"post_tag","embeddable":true,"href":"https:\/\/www.notibras.com\/site\/wp-json\/wp\/v2\/tags?post=108686"}],"curies":[{"name":"wp","href":"https:\/\/api.w.org\/{rel}","templated":true}]}}