{"id":108735,"date":"2016-07-22T05:29:56","date_gmt":"2016-07-22T08:29:56","guid":{"rendered":"http:\/\/www.notibras.com\/site\/?p=108735"},"modified":"2016-07-22T05:29:56","modified_gmt":"2016-07-22T08:29:56","slug":"jk-usa-a-vassoura-no-ultimo-mandato-para-dar-o-troco-em-janio","status":"publish","type":"post","link":"https:\/\/www.notibras.com\/site\/jk-usa-a-vassoura-no-ultimo-mandato-para-dar-o-troco-em-janio\/","title":{"rendered":"JK usa a vassoura no \u00faltimo mandato para dar o troco em J\u00e2nio"},"content":{"rendered":"<p><strong>Jos\u00e9 Escarlate<\/strong><\/p>\n<p>Sabendo que seria hostilizado por J\u00e2nio Quadros, que se elegeria presidente \u2013 os c\u00e1lculos davam uma vantagem volumosa para o paulista -, JK colocou m\u00e3os a obra para buscar um mandato parlamentar, quando deixasse o governo.<\/p>\n<p>Se bem pensou, melhor fez. Apesar de n\u00e3o ser per\u00edodo eleitoral, Juscelino encontrou uma alternativa. Soube que o senador por Goi\u00e1s, Taciano Gomes de Melo, do seu Partido Social Democr\u00e1tico, estaria disposto a lhe ceder a vaga.<\/p>\n<p>Ap\u00f3s a posse de J\u00e2nio foi realizada, dia 4 de junho de 1961, uma elei\u00e7\u00e3o complementar. JK iria concorrer com Wagner Estelita Campos, do Partido Democrata Crist\u00e3o (PDC), que tinha o apoio de J\u00e2nio. Juscelino liquidou o advers\u00e1rio com uma margem expressiva de vantagem.<\/p>\n<p>Conquistou 146 366 votos, contra 26 800 dados ao oponente, Wagner Estelita Campos. Eleito, deu o troco. Nomeou Taciano Gomes de Melo conselheiro do Tribunal de Contas do Distrito Federal. Foi seu \u00faltimo mandato.<\/p>\n<p><img loading=\"lazy\" decoding=\"async\" class=\"alignnone size-full wp-image-83053\" src=\"http:\/\/www.notibras.com\/site\/wp-content\/uploads\/2016\/01\/PV.png\" alt=\"PV\" width=\"122\" height=\"26\" \/><\/p>\n","protected":false},"excerpt":{"rendered":"<p>Jos\u00e9 Escarlate Sabendo que seria hostilizado por J\u00e2nio Quadros, que se elegeria presidente \u2013 os c\u00e1lculos davam uma vantagem volumosa para o paulista -, JK colocou m\u00e3os a obra para buscar um mandato parlamentar, quando deixasse o governo. Se bem pensou, melhor fez. Apesar de n\u00e3o ser per\u00edodo eleitoral, Juscelino encontrou uma alternativa. Soube que [&hellip;]<\/p>\n","protected":false},"author":2,"featured_media":108736,"comment_status":"open","ping_status":"closed","sticky":false,"template":"","format":"standard","meta":{"_acf_changed":false,"footnotes":""},"categories":[63],"tags":[],"class_list":["post-108735","post","type-post","status-publish","format-standard","has-post-thumbnail","hentry","category-paginas-viradas"],"acf":[],"_links":{"self":[{"href":"https:\/\/www.notibras.com\/site\/wp-json\/wp\/v2\/posts\/108735","targetHints":{"allow":["GET"]}}],"collection":[{"href":"https:\/\/www.notibras.com\/site\/wp-json\/wp\/v2\/posts"}],"about":[{"href":"https:\/\/www.notibras.com\/site\/wp-json\/wp\/v2\/types\/post"}],"author":[{"embeddable":true,"href":"https:\/\/www.notibras.com\/site\/wp-json\/wp\/v2\/users\/2"}],"replies":[{"embeddable":true,"href":"https:\/\/www.notibras.com\/site\/wp-json\/wp\/v2\/comments?post=108735"}],"version-history":[{"count":1,"href":"https:\/\/www.notibras.com\/site\/wp-json\/wp\/v2\/posts\/108735\/revisions"}],"predecessor-version":[{"id":108737,"href":"https:\/\/www.notibras.com\/site\/wp-json\/wp\/v2\/posts\/108735\/revisions\/108737"}],"wp:featuredmedia":[{"embeddable":true,"href":"https:\/\/www.notibras.com\/site\/wp-json\/wp\/v2\/media\/108736"}],"wp:attachment":[{"href":"https:\/\/www.notibras.com\/site\/wp-json\/wp\/v2\/media?parent=108735"}],"wp:term":[{"taxonomy":"category","embeddable":true,"href":"https:\/\/www.notibras.com\/site\/wp-json\/wp\/v2\/categories?post=108735"},{"taxonomy":"post_tag","embeddable":true,"href":"https:\/\/www.notibras.com\/site\/wp-json\/wp\/v2\/tags?post=108735"}],"curies":[{"name":"wp","href":"https:\/\/api.w.org\/{rel}","templated":true}]}}