{"id":108738,"date":"2016-07-22T05:34:42","date_gmt":"2016-07-22T08:34:42","guid":{"rendered":"http:\/\/www.notibras.com\/site\/?p=108738"},"modified":"2016-07-22T05:34:42","modified_gmt":"2016-07-22T08:34:42","slug":"ciencia-entra-em-cena-para-suprir-uma-maior-demanda-por-alimentos","status":"publish","type":"post","link":"https:\/\/www.notibras.com\/site\/ciencia-entra-em-cena-para-suprir-uma-maior-demanda-por-alimentos\/","title":{"rendered":"Ci\u00eancia entra em cena para suprir uma maior demanda por alimentos"},"content":{"rendered":"<p><strong>Adalberto Luis Val<\/strong><\/p>\n<p>A humanidade continuamente desenvolve e incorpora t\u00e9cnicas de produ\u00e7\u00e3o, conserva\u00e7\u00e3o e armazenamento de mantimentos. Apesar disso, hoje o desafio do setor de produ\u00e7\u00e3o de alimentos \u00e9 ainda maior, uma vez que temos que produzir mais em menos tempo. Inclusive, de acordo com um estudo da Organiza\u00e7\u00e3o das Na\u00e7\u00f5es Unidas para Agricultura e Alimenta\u00e7\u00e3o, a demanda por alimentos dever\u00e1 aumentar em 60% at\u00e9 2050.<\/p>\n<p>Para satisfazer tal procura, a expectativa \u00e9 de que a produ\u00e7\u00e3o mundial deva chegar a 22 bilh\u00f5es de aves, 1 bilh\u00e3o de porcos, 1,6 bilh\u00e3o de bovinos e b\u00fafalos, 2 bilh\u00f5es de ovelhas e cabras. Por isso, o setor est\u00e1 sob press\u00e3o significativa para melhorar suas t\u00e9cnicas de produ\u00e7\u00e3o e seus m\u00e9todos de alimenta\u00e7\u00e3o desses animais, de modo que garantam a produ\u00e7\u00e3o em larga escala, mas mantendo a sustentabilidade do planeta.<\/p>\n<p>Um dos principais passos que a humanidade tem de dar nessa dire\u00e7\u00e3o \u00e9 o de entender que a solu\u00e7\u00e3o n\u00e3o vir\u00e1 de uma \u00fanica fonte ou de uma \u00fanica \u00e1rea do conhecimento. Para se otimizar a produ\u00e7\u00e3o, ser\u00e1 necess\u00e1rio um esfor\u00e7o interdisciplinar e multidisciplinar e que, entre tantas iniciativas, tamb\u00e9m envolva o aprimoramento de pesquisas gen\u00e9ticas, tanto de esp\u00e9cies da fauna como da flora.<\/p>\n<p>Nesse ponto, al\u00e9m da \u00f3bvia import\u00e2ncia dessas pesquisas para o melhoramento da cadeia produtiva, o fator chamado mudan\u00e7a clim\u00e1tica \u2013que pode impactar diretamente tanto a rela\u00e7\u00e3o dos organismos com os seus ambientes como a prolifera\u00e7\u00e3o de pragas\u2013 exige esfor\u00e7os para o desenvolvimento de linhagens geneticamente adaptadas e resistentes a novos cen\u00e1rios clim\u00e1ticos, bem como o mapeamento do risco potencial de pragas.<\/p>\n<p>Outro ponto que precisa de aten\u00e7\u00e3o \u00e9 a necessidade de se melhorar a qualidade do forrageamento e da ra\u00e7\u00e3o para animais sob cria\u00e7\u00e3o. Al\u00e9m de permitir o melhor aproveitamento dos nutrientes, \u00e9 preciso ainda garantir a diminui\u00e7\u00e3o da emiss\u00e3o de gases do efeito estufa pelos animais durante o processo de digest\u00e3o, assim tornando a cadeia de produ\u00e7\u00e3o de prote\u00edna mais limpa e sustent\u00e1vel. Isso deve ser feito sem perder de vista a necessidade de se garantir a qualidade desses produtos para o consumo de uma popula\u00e7\u00e3o que cada vez mais leva em conta como a sa\u00fade e o bem-estar ser\u00e3o impactados.<\/p>\n<p>Esp\u00e9cies de plantas nativas com elevado valor energ\u00e9tico e nutritivo para a alimenta\u00e7\u00e3o de animais constituem uma alternativa ainda pouco explorada pelo agroneg\u00f3cio. Al\u00e9m de algumas esp\u00e9cies serem perfeitas para o uso como suplementos alimentares, elas tamb\u00e9m podem contribuir para expandir a produ\u00e7\u00e3o de regi\u00f5es que s\u00e3o pouco exploradas para esse fim, como o semi\u00e1rido brasileiro e as regi\u00f5es mais \u00e1ridas da \u00c1frica. Essa iniciativa \u00e9 uma importante forma de: aproveitar as potencialidades locais; diversificar as \u00e1reas produtoras e as esp\u00e9cies produzidas; e garantir a variabilidade gen\u00e9tica e a seguran\u00e7a alimentar dessas regi\u00f5es.<\/p>\n<p>O relat\u00f3rio &#8220;O Estado da Inseguran\u00e7a Alimentar no Mundo&#8221;, apresentado em 2015 pela ONU, indica que 795 milh\u00f5es de pessoas ainda passam fome no mundo. O continente africano ainda \u00e9 a regi\u00e3o do mundo que exige mais aten\u00e7\u00e3o. Cerca de 23% de sua popula\u00e7\u00e3o est\u00e1 subalimentada, o que representa mais de 200 milh\u00f5es de pessoas. Produzir alimento para enfrentar esse desafio \u00e9 vital, principalmente porque essa situa\u00e7\u00e3o pode se agravar em face das mudan\u00e7as clim\u00e1ticas.<\/p>\n<p>Nesse sentido, \u00e9 preciso usar a ci\u00eancia cada vez mais, unindo informa\u00e7\u00f5es cient\u00edficas \u00e0 capacidade produtiva da ind\u00fastria para baratear o acesso \u00e0s tecnologias de \u00faltima gera\u00e7\u00e3o. Al\u00e9m disso, \u00e9 necess\u00e1rio garantir a escalabilidade desses produtos para que resultem de fato em alimentos na mesa de todos. Para atingirmos o n\u00edvel de desenvolvimento que precisamos para o Brasil \u00e9 imprescind\u00edvel o est\u00edmulo, nas mais diferentes \u00e1reas do conhecimento, \u00e0 produ\u00e7\u00e3o cient\u00edfica nacional.<\/p>\n","protected":false},"excerpt":{"rendered":"<p>Adalberto Luis Val A humanidade continuamente desenvolve e incorpora t\u00e9cnicas de produ\u00e7\u00e3o, conserva\u00e7\u00e3o e armazenamento de mantimentos. Apesar disso, hoje o desafio do setor de produ\u00e7\u00e3o de alimentos \u00e9 ainda maior, uma vez que temos que produzir mais em menos tempo. Inclusive, de acordo com um estudo da Organiza\u00e7\u00e3o das Na\u00e7\u00f5es Unidas para Agricultura e [&hellip;]<\/p>\n","protected":false},"author":2,"featured_media":108739,"comment_status":"open","ping_status":"closed","sticky":false,"template":"","format":"standard","meta":{"_acf_changed":false,"footnotes":""},"categories":[25],"tags":[],"class_list":["post-108738","post","type-post","status-publish","format-standard","has-post-thumbnail","hentry","category-opina-ai"],"acf":[],"yoast_head":"<!-- This site is optimized with the Yoast SEO plugin v27.5 - https:\/\/yoast.com\/product\/yoast-seo-wordpress\/ -->\n<title>Ci\u00eancia entra em cena para suprir uma maior demanda por alimentos - Notibras<\/title>\n<meta name=\"robots\" content=\"index, follow, max-snippet:-1, max-image-preview:large, max-video-preview:-1\" \/>\n<link rel=\"canonical\" href=\"https:\/\/www.notibras.com\/site\/ciencia-entra-em-cena-para-suprir-uma-maior-demanda-por-alimentos\/\" \/>\n<meta property=\"og:locale\" content=\"pt_BR\" \/>\n<meta property=\"og:type\" content=\"article\" \/>\n<meta property=\"og:title\" content=\"Ci\u00eancia entra em cena para suprir uma maior demanda por alimentos - Notibras\" \/>\n<meta property=\"og:description\" content=\"Adalberto Luis Val A humanidade continuamente desenvolve e incorpora t\u00e9cnicas de produ\u00e7\u00e3o, conserva\u00e7\u00e3o e armazenamento de mantimentos. Apesar disso, hoje o desafio do setor de produ\u00e7\u00e3o de alimentos \u00e9 ainda maior, uma vez que temos que produzir mais em menos tempo. Inclusive, de acordo com um estudo da Organiza\u00e7\u00e3o das Na\u00e7\u00f5es Unidas para Agricultura e [&hellip;]\" \/>\n<meta property=\"og:url\" content=\"https:\/\/www.notibras.com\/site\/ciencia-entra-em-cena-para-suprir-uma-maior-demanda-por-alimentos\/\" \/>\n<meta property=\"og:site_name\" content=\"Notibras\" \/>\n<meta property=\"article:publisher\" content=\"https:\/\/www.facebook.com\/notibras\/\" \/>\n<meta property=\"article:published_time\" content=\"2016-07-22T08:34:42+00:00\" \/>\n<meta property=\"og:image\" content=\"https:\/\/www.notibras.com\/site\/wp-content\/uploads\/2016\/07\/op22.jpg\" \/>\n\t<meta property=\"og:image:width\" content=\"730\" \/>\n\t<meta property=\"og:image:height\" content=\"502\" \/>\n\t<meta property=\"og:image:type\" content=\"image\/jpeg\" \/>\n<meta name=\"author\" content=\"Reda\u00e7\u00e3o\" \/>\n<meta name=\"twitter:card\" content=\"summary_large_image\" \/>\n<meta name=\"twitter:creator\" content=\"@Notibras\" \/>\n<meta name=\"twitter:site\" content=\"@Notibras\" \/>\n<meta name=\"twitter:label1\" content=\"Escrito por\" \/>\n\t<meta name=\"twitter:data1\" content=\"Reda\u00e7\u00e3o\" \/>\n\t<meta name=\"twitter:label2\" content=\"Est. tempo de leitura\" \/>\n\t<meta name=\"twitter:data2\" content=\"3 minutos\" \/>\n<script type=\"application\/ld+json\" class=\"yoast-schema-graph\">{\"@context\":\"https:\\\/\\\/schema.org\",\"@graph\":[{\"@type\":\"Article\",\"@id\":\"https:\\\/\\\/www.notibras.com\\\/site\\\/ciencia-entra-em-cena-para-suprir-uma-maior-demanda-por-alimentos\\\/#article\",\"isPartOf\":{\"@id\":\"https:\\\/\\\/www.notibras.com\\\/site\\\/ciencia-entra-em-cena-para-suprir-uma-maior-demanda-por-alimentos\\\/\"},\"author\":{\"name\":\"Reda\u00e7\u00e3o\",\"@id\":\"https:\\\/\\\/www.notibras.com\\\/site\\\/#\\\/schema\\\/person\\\/36ab0979449956132d3e5b517ea76ac8\"},\"headline\":\"Ci\u00eancia entra em cena para suprir uma maior demanda por alimentos\",\"datePublished\":\"2016-07-22T08:34:42+00:00\",\"mainEntityOfPage\":{\"@id\":\"https:\\\/\\\/www.notibras.com\\\/site\\\/ciencia-entra-em-cena-para-suprir-uma-maior-demanda-por-alimentos\\\/\"},\"wordCount\":680,\"commentCount\":0,\"publisher\":{\"@id\":\"https:\\\/\\\/www.notibras.com\\\/site\\\/#organization\"},\"image\":{\"@id\":\"https:\\\/\\\/www.notibras.com\\\/site\\\/ciencia-entra-em-cena-para-suprir-uma-maior-demanda-por-alimentos\\\/#primaryimage\"},\"thumbnailUrl\":\"https:\\\/\\\/www.notibras.com\\\/site\\\/wp-content\\\/uploads\\\/2016\\\/07\\\/op22.jpg\",\"articleSection\":[\"Opina a\u00ed\"],\"inLanguage\":\"pt-BR\",\"potentialAction\":[{\"@type\":\"CommentAction\",\"name\":\"Comment\",\"target\":[\"https:\\\/\\\/www.notibras.com\\\/site\\\/ciencia-entra-em-cena-para-suprir-uma-maior-demanda-por-alimentos\\\/#respond\"]}]},{\"@type\":\"WebPage\",\"@id\":\"https:\\\/\\\/www.notibras.com\\\/site\\\/ciencia-entra-em-cena-para-suprir-uma-maior-demanda-por-alimentos\\\/\",\"url\":\"https:\\\/\\\/www.notibras.com\\\/site\\\/ciencia-entra-em-cena-para-suprir-uma-maior-demanda-por-alimentos\\\/\",\"name\":\"Ci\u00eancia entra em cena para suprir uma maior demanda por alimentos - Notibras\",\"isPartOf\":{\"@id\":\"https:\\\/\\\/www.notibras.com\\\/site\\\/#website\"},\"primaryImageOfPage\":{\"@id\":\"https:\\\/\\\/www.notibras.com\\\/site\\\/ciencia-entra-em-cena-para-suprir-uma-maior-demanda-por-alimentos\\\/#primaryimage\"},\"image\":{\"@id\":\"https:\\\/\\\/www.notibras.com\\\/site\\\/ciencia-entra-em-cena-para-suprir-uma-maior-demanda-por-alimentos\\\/#primaryimage\"},\"thumbnailUrl\":\"https:\\\/\\\/www.notibras.com\\\/site\\\/wp-content\\\/uploads\\\/2016\\\/07\\\/op22.jpg\",\"datePublished\":\"2016-07-22T08:34:42+00:00\",\"breadcrumb\":{\"@id\":\"https:\\\/\\\/www.notibras.com\\\/site\\\/ciencia-entra-em-cena-para-suprir-uma-maior-demanda-por-alimentos\\\/#breadcrumb\"},\"inLanguage\":\"pt-BR\",\"potentialAction\":[{\"@type\":\"ReadAction\",\"target\":[\"https:\\\/\\\/www.notibras.com\\\/site\\\/ciencia-entra-em-cena-para-suprir-uma-maior-demanda-por-alimentos\\\/\"]}]},{\"@type\":\"ImageObject\",\"inLanguage\":\"pt-BR\",\"@id\":\"https:\\\/\\\/www.notibras.com\\\/site\\\/ciencia-entra-em-cena-para-suprir-uma-maior-demanda-por-alimentos\\\/#primaryimage\",\"url\":\"https:\\\/\\\/www.notibras.com\\\/site\\\/wp-content\\\/uploads\\\/2016\\\/07\\\/op22.jpg\",\"contentUrl\":\"https:\\\/\\\/www.notibras.com\\\/site\\\/wp-content\\\/uploads\\\/2016\\\/07\\\/op22.jpg\",\"width\":730,\"height\":502},{\"@type\":\"BreadcrumbList\",\"@id\":\"https:\\\/\\\/www.notibras.com\\\/site\\\/ciencia-entra-em-cena-para-suprir-uma-maior-demanda-por-alimentos\\\/#breadcrumb\",\"itemListElement\":[{\"@type\":\"ListItem\",\"position\":1,\"name\":\"In\u00edcio\",\"item\":\"https:\\\/\\\/www.notibras.com\\\/site\\\/\"},{\"@type\":\"ListItem\",\"position\":2,\"name\":\"Ci\u00eancia entra em cena para suprir uma maior demanda por alimentos\"}]},{\"@type\":\"WebSite\",\"@id\":\"https:\\\/\\\/www.notibras.com\\\/site\\\/#website\",\"url\":\"https:\\\/\\\/www.notibras.com\\\/site\\\/\",\"name\":\"Notibras\",\"description\":\"Not\u00edcias de Bras\u00edlia, do Brasil e do Mundo\",\"publisher\":{\"@id\":\"https:\\\/\\\/www.notibras.com\\\/site\\\/#organization\"},\"potentialAction\":[{\"@type\":\"SearchAction\",\"target\":{\"@type\":\"EntryPoint\",\"urlTemplate\":\"https:\\\/\\\/www.notibras.com\\\/site\\\/?s={search_term_string}\"},\"query-input\":{\"@type\":\"PropertyValueSpecification\",\"valueRequired\":true,\"valueName\":\"search_term_string\"}}],\"inLanguage\":\"pt-BR\"},{\"@type\":\"Organization\",\"@id\":\"https:\\\/\\\/www.notibras.com\\\/site\\\/#organization\",\"name\":\"Grupo Notibras de Comunica\u00e7\u00e3o\",\"url\":\"https:\\\/\\\/www.notibras.com\\\/site\\\/\",\"logo\":{\"@type\":\"ImageObject\",\"inLanguage\":\"pt-BR\",\"@id\":\"https:\\\/\\\/www.notibras.com\\\/site\\\/#\\\/schema\\\/logo\\\/image\\\/\",\"url\":\"https:\\\/\\\/www.notibras.com\\\/site\\\/wp-content\\\/uploads\\\/2023\\\/01\\\/notibras23.png\",\"contentUrl\":\"https:\\\/\\\/www.notibras.com\\\/site\\\/wp-content\\\/uploads\\\/2023\\\/01\\\/notibras23.png\",\"width\":350,\"height\":87,\"caption\":\"Grupo Notibras de Comunica\u00e7\u00e3o\"},\"image\":{\"@id\":\"https:\\\/\\\/www.notibras.com\\\/site\\\/#\\\/schema\\\/logo\\\/image\\\/\"},\"sameAs\":[\"https:\\\/\\\/www.facebook.com\\\/notibras\\\/\",\"https:\\\/\\\/x.com\\\/Notibras\",\"https:\\\/\\\/www.instagram.com\\\/notibras\\\/\"]},{\"@type\":\"Person\",\"@id\":\"https:\\\/\\\/www.notibras.com\\\/site\\\/#\\\/schema\\\/person\\\/36ab0979449956132d3e5b517ea76ac8\",\"name\":\"Reda\u00e7\u00e3o\",\"image\":{\"@type\":\"ImageObject\",\"inLanguage\":\"pt-BR\",\"@id\":\"https:\\\/\\\/secure.gravatar.com\\\/avatar\\\/e0a867bdedb85fd243eadf09663511f96fc81e0720a4a42581f334ad4303aa6b?s=96&d=mm&r=g\",\"url\":\"https:\\\/\\\/secure.gravatar.com\\\/avatar\\\/e0a867bdedb85fd243eadf09663511f96fc81e0720a4a42581f334ad4303aa6b?s=96&d=mm&r=g\",\"contentUrl\":\"https:\\\/\\\/secure.gravatar.com\\\/avatar\\\/e0a867bdedb85fd243eadf09663511f96fc81e0720a4a42581f334ad4303aa6b?s=96&d=mm&r=g\",\"caption\":\"Reda\u00e7\u00e3o\"}}]}<\/script>\n<!-- \/ Yoast SEO plugin. -->","yoast_head_json":{"title":"Ci\u00eancia entra em cena para suprir uma maior demanda por alimentos - Notibras","robots":{"index":"index","follow":"follow","max-snippet":"max-snippet:-1","max-image-preview":"max-image-preview:large","max-video-preview":"max-video-preview:-1"},"canonical":"https:\/\/www.notibras.com\/site\/ciencia-entra-em-cena-para-suprir-uma-maior-demanda-por-alimentos\/","og_locale":"pt_BR","og_type":"article","og_title":"Ci\u00eancia entra em cena para suprir uma maior demanda por alimentos - Notibras","og_description":"Adalberto Luis Val A humanidade continuamente desenvolve e incorpora t\u00e9cnicas de produ\u00e7\u00e3o, conserva\u00e7\u00e3o e armazenamento de mantimentos. Apesar disso, hoje o desafio do setor de produ\u00e7\u00e3o de alimentos \u00e9 ainda maior, uma vez que temos que produzir mais em menos tempo. Inclusive, de acordo com um estudo da Organiza\u00e7\u00e3o das Na\u00e7\u00f5es Unidas para Agricultura e [&hellip;]","og_url":"https:\/\/www.notibras.com\/site\/ciencia-entra-em-cena-para-suprir-uma-maior-demanda-por-alimentos\/","og_site_name":"Notibras","article_publisher":"https:\/\/www.facebook.com\/notibras\/","article_published_time":"2016-07-22T08:34:42+00:00","og_image":[{"width":730,"height":502,"url":"https:\/\/www.notibras.com\/site\/wp-content\/uploads\/2016\/07\/op22.jpg","type":"image\/jpeg"}],"author":"Reda\u00e7\u00e3o","twitter_card":"summary_large_image","twitter_creator":"@Notibras","twitter_site":"@Notibras","twitter_misc":{"Escrito por":"Reda\u00e7\u00e3o","Est. tempo de leitura":"3 minutos"},"schema":{"@context":"https:\/\/schema.org","@graph":[{"@type":"Article","@id":"https:\/\/www.notibras.com\/site\/ciencia-entra-em-cena-para-suprir-uma-maior-demanda-por-alimentos\/#article","isPartOf":{"@id":"https:\/\/www.notibras.com\/site\/ciencia-entra-em-cena-para-suprir-uma-maior-demanda-por-alimentos\/"},"author":{"name":"Reda\u00e7\u00e3o","@id":"https:\/\/www.notibras.com\/site\/#\/schema\/person\/36ab0979449956132d3e5b517ea76ac8"},"headline":"Ci\u00eancia entra em cena para suprir uma maior demanda por alimentos","datePublished":"2016-07-22T08:34:42+00:00","mainEntityOfPage":{"@id":"https:\/\/www.notibras.com\/site\/ciencia-entra-em-cena-para-suprir-uma-maior-demanda-por-alimentos\/"},"wordCount":680,"commentCount":0,"publisher":{"@id":"https:\/\/www.notibras.com\/site\/#organization"},"image":{"@id":"https:\/\/www.notibras.com\/site\/ciencia-entra-em-cena-para-suprir-uma-maior-demanda-por-alimentos\/#primaryimage"},"thumbnailUrl":"https:\/\/www.notibras.com\/site\/wp-content\/uploads\/2016\/07\/op22.jpg","articleSection":["Opina a\u00ed"],"inLanguage":"pt-BR","potentialAction":[{"@type":"CommentAction","name":"Comment","target":["https:\/\/www.notibras.com\/site\/ciencia-entra-em-cena-para-suprir-uma-maior-demanda-por-alimentos\/#respond"]}]},{"@type":"WebPage","@id":"https:\/\/www.notibras.com\/site\/ciencia-entra-em-cena-para-suprir-uma-maior-demanda-por-alimentos\/","url":"https:\/\/www.notibras.com\/site\/ciencia-entra-em-cena-para-suprir-uma-maior-demanda-por-alimentos\/","name":"Ci\u00eancia entra em cena para suprir uma maior demanda por alimentos - Notibras","isPartOf":{"@id":"https:\/\/www.notibras.com\/site\/#website"},"primaryImageOfPage":{"@id":"https:\/\/www.notibras.com\/site\/ciencia-entra-em-cena-para-suprir-uma-maior-demanda-por-alimentos\/#primaryimage"},"image":{"@id":"https:\/\/www.notibras.com\/site\/ciencia-entra-em-cena-para-suprir-uma-maior-demanda-por-alimentos\/#primaryimage"},"thumbnailUrl":"https:\/\/www.notibras.com\/site\/wp-content\/uploads\/2016\/07\/op22.jpg","datePublished":"2016-07-22T08:34:42+00:00","breadcrumb":{"@id":"https:\/\/www.notibras.com\/site\/ciencia-entra-em-cena-para-suprir-uma-maior-demanda-por-alimentos\/#breadcrumb"},"inLanguage":"pt-BR","potentialAction":[{"@type":"ReadAction","target":["https:\/\/www.notibras.com\/site\/ciencia-entra-em-cena-para-suprir-uma-maior-demanda-por-alimentos\/"]}]},{"@type":"ImageObject","inLanguage":"pt-BR","@id":"https:\/\/www.notibras.com\/site\/ciencia-entra-em-cena-para-suprir-uma-maior-demanda-por-alimentos\/#primaryimage","url":"https:\/\/www.notibras.com\/site\/wp-content\/uploads\/2016\/07\/op22.jpg","contentUrl":"https:\/\/www.notibras.com\/site\/wp-content\/uploads\/2016\/07\/op22.jpg","width":730,"height":502},{"@type":"BreadcrumbList","@id":"https:\/\/www.notibras.com\/site\/ciencia-entra-em-cena-para-suprir-uma-maior-demanda-por-alimentos\/#breadcrumb","itemListElement":[{"@type":"ListItem","position":1,"name":"In\u00edcio","item":"https:\/\/www.notibras.com\/site\/"},{"@type":"ListItem","position":2,"name":"Ci\u00eancia entra em cena para suprir uma maior demanda por alimentos"}]},{"@type":"WebSite","@id":"https:\/\/www.notibras.com\/site\/#website","url":"https:\/\/www.notibras.com\/site\/","name":"Notibras","description":"Not\u00edcias de Bras\u00edlia, do Brasil e do Mundo","publisher":{"@id":"https:\/\/www.notibras.com\/site\/#organization"},"potentialAction":[{"@type":"SearchAction","target":{"@type":"EntryPoint","urlTemplate":"https:\/\/www.notibras.com\/site\/?s={search_term_string}"},"query-input":{"@type":"PropertyValueSpecification","valueRequired":true,"valueName":"search_term_string"}}],"inLanguage":"pt-BR"},{"@type":"Organization","@id":"https:\/\/www.notibras.com\/site\/#organization","name":"Grupo Notibras de Comunica\u00e7\u00e3o","url":"https:\/\/www.notibras.com\/site\/","logo":{"@type":"ImageObject","inLanguage":"pt-BR","@id":"https:\/\/www.notibras.com\/site\/#\/schema\/logo\/image\/","url":"https:\/\/www.notibras.com\/site\/wp-content\/uploads\/2023\/01\/notibras23.png","contentUrl":"https:\/\/www.notibras.com\/site\/wp-content\/uploads\/2023\/01\/notibras23.png","width":350,"height":87,"caption":"Grupo Notibras de Comunica\u00e7\u00e3o"},"image":{"@id":"https:\/\/www.notibras.com\/site\/#\/schema\/logo\/image\/"},"sameAs":["https:\/\/www.facebook.com\/notibras\/","https:\/\/x.com\/Notibras","https:\/\/www.instagram.com\/notibras\/"]},{"@type":"Person","@id":"https:\/\/www.notibras.com\/site\/#\/schema\/person\/36ab0979449956132d3e5b517ea76ac8","name":"Reda\u00e7\u00e3o","image":{"@type":"ImageObject","inLanguage":"pt-BR","@id":"https:\/\/secure.gravatar.com\/avatar\/e0a867bdedb85fd243eadf09663511f96fc81e0720a4a42581f334ad4303aa6b?s=96&d=mm&r=g","url":"https:\/\/secure.gravatar.com\/avatar\/e0a867bdedb85fd243eadf09663511f96fc81e0720a4a42581f334ad4303aa6b?s=96&d=mm&r=g","contentUrl":"https:\/\/secure.gravatar.com\/avatar\/e0a867bdedb85fd243eadf09663511f96fc81e0720a4a42581f334ad4303aa6b?s=96&d=mm&r=g","caption":"Reda\u00e7\u00e3o"}}]}},"amp_enabled":true,"_links":{"self":[{"href":"https:\/\/www.notibras.com\/site\/wp-json\/wp\/v2\/posts\/108738","targetHints":{"allow":["GET"]}}],"collection":[{"href":"https:\/\/www.notibras.com\/site\/wp-json\/wp\/v2\/posts"}],"about":[{"href":"https:\/\/www.notibras.com\/site\/wp-json\/wp\/v2\/types\/post"}],"author":[{"embeddable":true,"href":"https:\/\/www.notibras.com\/site\/wp-json\/wp\/v2\/users\/2"}],"replies":[{"embeddable":true,"href":"https:\/\/www.notibras.com\/site\/wp-json\/wp\/v2\/comments?post=108738"}],"version-history":[{"count":1,"href":"https:\/\/www.notibras.com\/site\/wp-json\/wp\/v2\/posts\/108738\/revisions"}],"predecessor-version":[{"id":108740,"href":"https:\/\/www.notibras.com\/site\/wp-json\/wp\/v2\/posts\/108738\/revisions\/108740"}],"wp:featuredmedia":[{"embeddable":true,"href":"https:\/\/www.notibras.com\/site\/wp-json\/wp\/v2\/media\/108739"}],"wp:attachment":[{"href":"https:\/\/www.notibras.com\/site\/wp-json\/wp\/v2\/media?parent=108738"}],"wp:term":[{"taxonomy":"category","embeddable":true,"href":"https:\/\/www.notibras.com\/site\/wp-json\/wp\/v2\/categories?post=108738"},{"taxonomy":"post_tag","embeddable":true,"href":"https:\/\/www.notibras.com\/site\/wp-json\/wp\/v2\/tags?post=108738"}],"curies":[{"name":"wp","href":"https:\/\/api.w.org\/{rel}","templated":true}]}}