{"id":10875,"date":"2014-05-25T18:55:01","date_gmt":"2014-05-25T21:55:01","guid":{"rendered":"http:\/\/www.notibras.com\/site\/?p=10875"},"modified":"2014-05-25T18:55:01","modified_gmt":"2014-05-25T21:55:01","slug":"furacao-vence-classico-e-deixa-o-coritiba-na-zona-de-degola","status":"publish","type":"post","link":"https:\/\/www.notibras.com\/site\/furacao-vence-classico-e-deixa-o-coritiba-na-zona-de-degola\/","title":{"rendered":"Furac\u00e3o vence cl\u00e1ssico e deixa o Coritiba na zona de degola"},"content":{"rendered":"<p>Por causa da briga de torcidas protagonizada na \u00faltima rodada do Campeonato Brasileiro do ano passado, contra o Vasco, em Joinville, o Atl\u00e9tico-PR perdeu 12 mandos de campo e se viu obrigado a duelar contra o rival Coritiba, neste domingo, em Maring\u00e1. Apesar disto &#8211; e dos poucos\u00a01.063 pagantes no Est\u00e1dio Willie Davids -, o time rubro-negro n\u00e3o \u201csentiu falta\u201d da capital paranaense e, com boa atua\u00e7\u00e3o no segundo tempo, venceu o cl\u00e1ssico \u201cAtletiba\u201d por 2 a 0, pela 7\u00aa rodada do Brasileiro. Os gols foram marcados por Marcos Guilherme e Luccas Claro, contra.<\/p>\n<p class=\"text\">O triunfo fez o Atl\u00e9tico-PR subir quatro posi\u00e7\u00f5es e alcan\u00e7ar o 10\u00ba posto da competi\u00e7\u00e3o nacional, com nove pontos. O Coritiba, por sua vez, estacionou na 18\u00aa coloca\u00e7\u00e3o com quatro tentos, ainda dentro da zona de reabixamento. As duas equipes voltam a campo na pr\u00f3xima quarta-feira. \u00c0s 19h30 (de Bras\u00edlia), o time alviverde visita o Crici\u00fama, no Heriberto Hulse, enquanto que, \u00e0s 22h, o Atl\u00e9tico-PR pega o S\u00e3o Paulo no Parque do Sabi\u00e1, em Uberl\u00e2ndia.<\/p>\n<p class=\"text\">Disputado em \u201cterrit\u00f3rio neutro\u201d, o jogo deste domingo come\u00e7ou em ritmo muito lento no est\u00e1dio Willie Davids. Os minutos iniciais protagonizaram mais faltas do que lances criativos. O primeiro deles surgiu somente aos 14min, quando Douglas Coutinho fez boa jogada individual, mas chutou fraco para o gol. Do outro lado, Alex respondeu na sequ\u00eancia, mas tamb\u00e9m arriscou sem for\u00e7a e dire\u00e7\u00e3o de fora da \u00e1rea.<\/p>\n<p class=\"text\">Conforme o tempo passava, por\u00e9m, a partida ia melhorando. Dos 25min em diante, os times come\u00e7aram a dar mais trabalho aos goleiros. Primeiro, foi a vez de Ot\u00e1vio bater de longe, e Vanderlei defender. Depois, Weverton fechou bem o \u00e2ngulo em chegada de Roni \u00e0 linha de fundo. Antes do intervalo, a arbitragem cometeu erro grave. Aos 43min, Natanael recebeu livre dentro da \u00e1rea e mandou para o fundo das redes. Ele estava atr\u00e1s da linha de defesa advers\u00e1ria, mas o impedimento foi assinalado.<\/p>\n<p class=\"text\">No segundo tempo, entretanto, o Atl\u00e9tico-PR definiu o confronto logo no in\u00edcio. Aos 11min, Sueliton cruzou da direita, e Marcos Guilherme bateu de primeira para o fundo das redes. Antes de entrar, a bola ainda desviou na zaga. Na sequ\u00eancia, aos 13min, um lance bizarro fez o time rubro-negro abrir vantagem. Natanael cobrou falta com categoria, a bola explodiu no travess\u00e3o de Edson e voltou para Luccas Claro. O zagueiro do Coritiba, por\u00e9m, desesperou-se e, ao tentar dominar de coxa esquerda, mandou para o pr\u00f3prio patrim\u00f4nio.<\/p>\n<p class=\"text\">Com desvantagem de 2 a 0 no placar, o time alviverde se lan\u00e7ou ao ataque, e o treinador Celso Roth mandou Keirrison e Geraldo a campo. Por outro lado, Alex, cansado, foi sacado para a entrada de Jaj\u00e1. O Atl\u00e9tico-PR se segurou atr\u00e1s e, antes do apito final, ainda se deu ao direito de perder boas chances em contra-ataques.<\/p>\n","protected":false},"excerpt":{"rendered":"<p>Por causa da briga de torcidas protagonizada na \u00faltima rodada do Campeonato Brasileiro do ano passado, contra o Vasco, em Joinville, o Atl\u00e9tico-PR perdeu 12 mandos de campo e se viu obrigado a duelar contra o rival Coritiba, neste domingo, em Maring\u00e1. Apesar disto &#8211; e dos poucos\u00a01.063 pagantes no Est\u00e1dio Willie Davids -, o [&hellip;]<\/p>\n","protected":false},"author":2,"featured_media":10876,"comment_status":"open","ping_status":"closed","sticky":false,"template":"","format":"standard","meta":{"_acf_changed":false,"footnotes":""},"categories":[19,29],"tags":[],"class_list":["post-10875","post","type-post","status-publish","format-standard","has-post-thumbnail","hentry","category-esportes","category-futebol"],"acf":[],"yoast_head":"<!-- This site is optimized with the Yoast SEO plugin v27.2 - https:\/\/yoast.com\/product\/yoast-seo-wordpress\/ -->\n<title>Furac\u00e3o vence cl\u00e1ssico e deixa o Coritiba na zona de degola - Notibras<\/title>\n<meta name=\"robots\" content=\"index, follow, max-snippet:-1, max-image-preview:large, max-video-preview:-1\" \/>\n<link rel=\"canonical\" href=\"https:\/\/www.notibras.com\/site\/furacao-vence-classico-e-deixa-o-coritiba-na-zona-de-degola\/\" \/>\n<meta property=\"og:locale\" content=\"pt_BR\" \/>\n<meta property=\"og:type\" content=\"article\" \/>\n<meta property=\"og:title\" content=\"Furac\u00e3o vence cl\u00e1ssico e deixa o Coritiba na zona de degola - Notibras\" \/>\n<meta property=\"og:description\" content=\"Por causa da briga de torcidas protagonizada na \u00faltima rodada do Campeonato Brasileiro do ano passado, contra o Vasco, em Joinville, o Atl\u00e9tico-PR perdeu 12 mandos de campo e se viu obrigado a duelar contra o rival Coritiba, neste domingo, em Maring\u00e1. Apesar disto &#8211; e dos poucos\u00a01.063 pagantes no Est\u00e1dio Willie Davids -, o [&hellip;]\" \/>\n<meta property=\"og:url\" content=\"https:\/\/www.notibras.com\/site\/furacao-vence-classico-e-deixa-o-coritiba-na-zona-de-degola\/\" \/>\n<meta property=\"og:site_name\" content=\"Notibras\" \/>\n<meta property=\"article:publisher\" content=\"https:\/\/www.facebook.com\/notibras\/\" \/>\n<meta property=\"article:published_time\" content=\"2014-05-25T21:55:01+00:00\" \/>\n<meta property=\"og:image\" content=\"https:\/\/www.notibras.com\/site\/wp-content\/uploads\/2014\/05\/marcosguilhermemarrentogetty.jpg\" \/>\n\t<meta property=\"og:image:width\" content=\"460\" \/>\n\t<meta property=\"og:image:height\" content=\"340\" \/>\n\t<meta property=\"og:image:type\" content=\"image\/jpeg\" \/>\n<meta name=\"author\" content=\"Reda\u00e7\u00e3o\" \/>\n<meta name=\"twitter:card\" content=\"summary_large_image\" \/>\n<meta name=\"twitter:creator\" content=\"@Notibras\" \/>\n<meta name=\"twitter:site\" content=\"@Notibras\" \/>\n<meta name=\"twitter:label1\" content=\"Escrito por\" \/>\n\t<meta name=\"twitter:data1\" content=\"Reda\u00e7\u00e3o\" \/>\n\t<meta name=\"twitter:label2\" content=\"Est. tempo de leitura\" \/>\n\t<meta name=\"twitter:data2\" content=\"2 minutos\" \/>\n<script type=\"application\/ld+json\" class=\"yoast-schema-graph\">{\"@context\":\"https:\/\/schema.org\",\"@graph\":[{\"@type\":\"Article\",\"@id\":\"https:\/\/www.notibras.com\/site\/furacao-vence-classico-e-deixa-o-coritiba-na-zona-de-degola\/#article\",\"isPartOf\":{\"@id\":\"https:\/\/www.notibras.com\/site\/furacao-vence-classico-e-deixa-o-coritiba-na-zona-de-degola\/\"},\"author\":{\"name\":\"Reda\u00e7\u00e3o\",\"@id\":\"https:\/\/www.notibras.com\/site\/#\/schema\/person\/36ab0979449956132d3e5b517ea76ac8\"},\"headline\":\"Furac\u00e3o vence cl\u00e1ssico e deixa o Coritiba na zona de degola\",\"datePublished\":\"2014-05-25T21:55:01+00:00\",\"mainEntityOfPage\":{\"@id\":\"https:\/\/www.notibras.com\/site\/furacao-vence-classico-e-deixa-o-coritiba-na-zona-de-degola\/\"},\"wordCount\":505,\"commentCount\":0,\"publisher\":{\"@id\":\"https:\/\/www.notibras.com\/site\/#organization\"},\"image\":{\"@id\":\"https:\/\/www.notibras.com\/site\/furacao-vence-classico-e-deixa-o-coritiba-na-zona-de-degola\/#primaryimage\"},\"thumbnailUrl\":\"https:\/\/www.notibras.com\/site\/wp-content\/uploads\/2014\/05\/marcosguilhermemarrentogetty.jpg\",\"articleSection\":[\"Esportes\",\"Futebol\"],\"inLanguage\":\"pt-BR\",\"potentialAction\":[{\"@type\":\"CommentAction\",\"name\":\"Comment\",\"target\":[\"https:\/\/www.notibras.com\/site\/furacao-vence-classico-e-deixa-o-coritiba-na-zona-de-degola\/#respond\"]}]},{\"@type\":\"WebPage\",\"@id\":\"https:\/\/www.notibras.com\/site\/furacao-vence-classico-e-deixa-o-coritiba-na-zona-de-degola\/\",\"url\":\"https:\/\/www.notibras.com\/site\/furacao-vence-classico-e-deixa-o-coritiba-na-zona-de-degola\/\",\"name\":\"Furac\u00e3o vence cl\u00e1ssico e deixa o Coritiba na zona de degola - Notibras\",\"isPartOf\":{\"@id\":\"https:\/\/www.notibras.com\/site\/#website\"},\"primaryImageOfPage\":{\"@id\":\"https:\/\/www.notibras.com\/site\/furacao-vence-classico-e-deixa-o-coritiba-na-zona-de-degola\/#primaryimage\"},\"image\":{\"@id\":\"https:\/\/www.notibras.com\/site\/furacao-vence-classico-e-deixa-o-coritiba-na-zona-de-degola\/#primaryimage\"},\"thumbnailUrl\":\"https:\/\/www.notibras.com\/site\/wp-content\/uploads\/2014\/05\/marcosguilhermemarrentogetty.jpg\",\"datePublished\":\"2014-05-25T21:55:01+00:00\",\"breadcrumb\":{\"@id\":\"https:\/\/www.notibras.com\/site\/furacao-vence-classico-e-deixa-o-coritiba-na-zona-de-degola\/#breadcrumb\"},\"inLanguage\":\"pt-BR\",\"potentialAction\":[{\"@type\":\"ReadAction\",\"target\":[\"https:\/\/www.notibras.com\/site\/furacao-vence-classico-e-deixa-o-coritiba-na-zona-de-degola\/\"]}]},{\"@type\":\"ImageObject\",\"inLanguage\":\"pt-BR\",\"@id\":\"https:\/\/www.notibras.com\/site\/furacao-vence-classico-e-deixa-o-coritiba-na-zona-de-degola\/#primaryimage\",\"url\":\"https:\/\/www.notibras.com\/site\/wp-content\/uploads\/2014\/05\/marcosguilhermemarrentogetty.jpg\",\"contentUrl\":\"https:\/\/www.notibras.com\/site\/wp-content\/uploads\/2014\/05\/marcosguilhermemarrentogetty.jpg\",\"width\":460,\"height\":340},{\"@type\":\"BreadcrumbList\",\"@id\":\"https:\/\/www.notibras.com\/site\/furacao-vence-classico-e-deixa-o-coritiba-na-zona-de-degola\/#breadcrumb\",\"itemListElement\":[{\"@type\":\"ListItem\",\"position\":1,\"name\":\"In\u00edcio\",\"item\":\"https:\/\/www.notibras.com\/site\/\"},{\"@type\":\"ListItem\",\"position\":2,\"name\":\"Furac\u00e3o vence cl\u00e1ssico e deixa o Coritiba na zona de degola\"}]},{\"@type\":\"WebSite\",\"@id\":\"https:\/\/www.notibras.com\/site\/#website\",\"url\":\"https:\/\/www.notibras.com\/site\/\",\"name\":\"Notibras\",\"description\":\"Not\u00edcias de Bras\u00edlia, do Brasil e do Mundo\",\"publisher\":{\"@id\":\"https:\/\/www.notibras.com\/site\/#organization\"},\"potentialAction\":[{\"@type\":\"SearchAction\",\"target\":{\"@type\":\"EntryPoint\",\"urlTemplate\":\"https:\/\/www.notibras.com\/site\/?s={search_term_string}\"},\"query-input\":{\"@type\":\"PropertyValueSpecification\",\"valueRequired\":true,\"valueName\":\"search_term_string\"}}],\"inLanguage\":\"pt-BR\"},{\"@type\":\"Organization\",\"@id\":\"https:\/\/www.notibras.com\/site\/#organization\",\"name\":\"Grupo Notibras de Comunica\u00e7\u00e3o\",\"url\":\"https:\/\/www.notibras.com\/site\/\",\"logo\":{\"@type\":\"ImageObject\",\"inLanguage\":\"pt-BR\",\"@id\":\"https:\/\/www.notibras.com\/site\/#\/schema\/logo\/image\/\",\"url\":\"https:\/\/www.notibras.com\/site\/wp-content\/uploads\/2023\/01\/notibras23.png\",\"contentUrl\":\"https:\/\/www.notibras.com\/site\/wp-content\/uploads\/2023\/01\/notibras23.png\",\"width\":350,\"height\":87,\"caption\":\"Grupo Notibras de Comunica\u00e7\u00e3o\"},\"image\":{\"@id\":\"https:\/\/www.notibras.com\/site\/#\/schema\/logo\/image\/\"},\"sameAs\":[\"https:\/\/www.facebook.com\/notibras\/\",\"https:\/\/x.com\/Notibras\",\"https:\/\/www.instagram.com\/notibras\/\"]},{\"@type\":\"Person\",\"@id\":\"https:\/\/www.notibras.com\/site\/#\/schema\/person\/36ab0979449956132d3e5b517ea76ac8\",\"name\":\"Reda\u00e7\u00e3o\",\"image\":{\"@type\":\"ImageObject\",\"inLanguage\":\"pt-BR\",\"@id\":\"https:\/\/secure.gravatar.com\/avatar\/e0a867bdedb85fd243eadf09663511f96fc81e0720a4a42581f334ad4303aa6b?s=96&d=mm&r=g\",\"url\":\"https:\/\/secure.gravatar.com\/avatar\/e0a867bdedb85fd243eadf09663511f96fc81e0720a4a42581f334ad4303aa6b?s=96&d=mm&r=g\",\"contentUrl\":\"https:\/\/secure.gravatar.com\/avatar\/e0a867bdedb85fd243eadf09663511f96fc81e0720a4a42581f334ad4303aa6b?s=96&d=mm&r=g\",\"caption\":\"Reda\u00e7\u00e3o\"}}]}<\/script>\n<!-- \/ Yoast SEO plugin. -->","yoast_head_json":{"title":"Furac\u00e3o vence cl\u00e1ssico e deixa o Coritiba na zona de degola - Notibras","robots":{"index":"index","follow":"follow","max-snippet":"max-snippet:-1","max-image-preview":"max-image-preview:large","max-video-preview":"max-video-preview:-1"},"canonical":"https:\/\/www.notibras.com\/site\/furacao-vence-classico-e-deixa-o-coritiba-na-zona-de-degola\/","og_locale":"pt_BR","og_type":"article","og_title":"Furac\u00e3o vence cl\u00e1ssico e deixa o Coritiba na zona de degola - Notibras","og_description":"Por causa da briga de torcidas protagonizada na \u00faltima rodada do Campeonato Brasileiro do ano passado, contra o Vasco, em Joinville, o Atl\u00e9tico-PR perdeu 12 mandos de campo e se viu obrigado a duelar contra o rival Coritiba, neste domingo, em Maring\u00e1. Apesar disto &#8211; e dos poucos\u00a01.063 pagantes no Est\u00e1dio Willie Davids -, o [&hellip;]","og_url":"https:\/\/www.notibras.com\/site\/furacao-vence-classico-e-deixa-o-coritiba-na-zona-de-degola\/","og_site_name":"Notibras","article_publisher":"https:\/\/www.facebook.com\/notibras\/","article_published_time":"2014-05-25T21:55:01+00:00","og_image":[{"width":460,"height":340,"url":"https:\/\/www.notibras.com\/site\/wp-content\/uploads\/2014\/05\/marcosguilhermemarrentogetty.jpg","type":"image\/jpeg"}],"author":"Reda\u00e7\u00e3o","twitter_card":"summary_large_image","twitter_creator":"@Notibras","twitter_site":"@Notibras","twitter_misc":{"Escrito por":"Reda\u00e7\u00e3o","Est. tempo de leitura":"2 minutos"},"schema":{"@context":"https:\/\/schema.org","@graph":[{"@type":"Article","@id":"https:\/\/www.notibras.com\/site\/furacao-vence-classico-e-deixa-o-coritiba-na-zona-de-degola\/#article","isPartOf":{"@id":"https:\/\/www.notibras.com\/site\/furacao-vence-classico-e-deixa-o-coritiba-na-zona-de-degola\/"},"author":{"name":"Reda\u00e7\u00e3o","@id":"https:\/\/www.notibras.com\/site\/#\/schema\/person\/36ab0979449956132d3e5b517ea76ac8"},"headline":"Furac\u00e3o vence cl\u00e1ssico e deixa o Coritiba na zona de degola","datePublished":"2014-05-25T21:55:01+00:00","mainEntityOfPage":{"@id":"https:\/\/www.notibras.com\/site\/furacao-vence-classico-e-deixa-o-coritiba-na-zona-de-degola\/"},"wordCount":505,"commentCount":0,"publisher":{"@id":"https:\/\/www.notibras.com\/site\/#organization"},"image":{"@id":"https:\/\/www.notibras.com\/site\/furacao-vence-classico-e-deixa-o-coritiba-na-zona-de-degola\/#primaryimage"},"thumbnailUrl":"https:\/\/www.notibras.com\/site\/wp-content\/uploads\/2014\/05\/marcosguilhermemarrentogetty.jpg","articleSection":["Esportes","Futebol"],"inLanguage":"pt-BR","potentialAction":[{"@type":"CommentAction","name":"Comment","target":["https:\/\/www.notibras.com\/site\/furacao-vence-classico-e-deixa-o-coritiba-na-zona-de-degola\/#respond"]}]},{"@type":"WebPage","@id":"https:\/\/www.notibras.com\/site\/furacao-vence-classico-e-deixa-o-coritiba-na-zona-de-degola\/","url":"https:\/\/www.notibras.com\/site\/furacao-vence-classico-e-deixa-o-coritiba-na-zona-de-degola\/","name":"Furac\u00e3o vence cl\u00e1ssico e deixa o Coritiba na zona de degola - Notibras","isPartOf":{"@id":"https:\/\/www.notibras.com\/site\/#website"},"primaryImageOfPage":{"@id":"https:\/\/www.notibras.com\/site\/furacao-vence-classico-e-deixa-o-coritiba-na-zona-de-degola\/#primaryimage"},"image":{"@id":"https:\/\/www.notibras.com\/site\/furacao-vence-classico-e-deixa-o-coritiba-na-zona-de-degola\/#primaryimage"},"thumbnailUrl":"https:\/\/www.notibras.com\/site\/wp-content\/uploads\/2014\/05\/marcosguilhermemarrentogetty.jpg","datePublished":"2014-05-25T21:55:01+00:00","breadcrumb":{"@id":"https:\/\/www.notibras.com\/site\/furacao-vence-classico-e-deixa-o-coritiba-na-zona-de-degola\/#breadcrumb"},"inLanguage":"pt-BR","potentialAction":[{"@type":"ReadAction","target":["https:\/\/www.notibras.com\/site\/furacao-vence-classico-e-deixa-o-coritiba-na-zona-de-degola\/"]}]},{"@type":"ImageObject","inLanguage":"pt-BR","@id":"https:\/\/www.notibras.com\/site\/furacao-vence-classico-e-deixa-o-coritiba-na-zona-de-degola\/#primaryimage","url":"https:\/\/www.notibras.com\/site\/wp-content\/uploads\/2014\/05\/marcosguilhermemarrentogetty.jpg","contentUrl":"https:\/\/www.notibras.com\/site\/wp-content\/uploads\/2014\/05\/marcosguilhermemarrentogetty.jpg","width":460,"height":340},{"@type":"BreadcrumbList","@id":"https:\/\/www.notibras.com\/site\/furacao-vence-classico-e-deixa-o-coritiba-na-zona-de-degola\/#breadcrumb","itemListElement":[{"@type":"ListItem","position":1,"name":"In\u00edcio","item":"https:\/\/www.notibras.com\/site\/"},{"@type":"ListItem","position":2,"name":"Furac\u00e3o vence cl\u00e1ssico e deixa o Coritiba na zona de degola"}]},{"@type":"WebSite","@id":"https:\/\/www.notibras.com\/site\/#website","url":"https:\/\/www.notibras.com\/site\/","name":"Notibras","description":"Not\u00edcias de Bras\u00edlia, do Brasil e do Mundo","publisher":{"@id":"https:\/\/www.notibras.com\/site\/#organization"},"potentialAction":[{"@type":"SearchAction","target":{"@type":"EntryPoint","urlTemplate":"https:\/\/www.notibras.com\/site\/?s={search_term_string}"},"query-input":{"@type":"PropertyValueSpecification","valueRequired":true,"valueName":"search_term_string"}}],"inLanguage":"pt-BR"},{"@type":"Organization","@id":"https:\/\/www.notibras.com\/site\/#organization","name":"Grupo Notibras de Comunica\u00e7\u00e3o","url":"https:\/\/www.notibras.com\/site\/","logo":{"@type":"ImageObject","inLanguage":"pt-BR","@id":"https:\/\/www.notibras.com\/site\/#\/schema\/logo\/image\/","url":"https:\/\/www.notibras.com\/site\/wp-content\/uploads\/2023\/01\/notibras23.png","contentUrl":"https:\/\/www.notibras.com\/site\/wp-content\/uploads\/2023\/01\/notibras23.png","width":350,"height":87,"caption":"Grupo Notibras de Comunica\u00e7\u00e3o"},"image":{"@id":"https:\/\/www.notibras.com\/site\/#\/schema\/logo\/image\/"},"sameAs":["https:\/\/www.facebook.com\/notibras\/","https:\/\/x.com\/Notibras","https:\/\/www.instagram.com\/notibras\/"]},{"@type":"Person","@id":"https:\/\/www.notibras.com\/site\/#\/schema\/person\/36ab0979449956132d3e5b517ea76ac8","name":"Reda\u00e7\u00e3o","image":{"@type":"ImageObject","inLanguage":"pt-BR","@id":"https:\/\/secure.gravatar.com\/avatar\/e0a867bdedb85fd243eadf09663511f96fc81e0720a4a42581f334ad4303aa6b?s=96&d=mm&r=g","url":"https:\/\/secure.gravatar.com\/avatar\/e0a867bdedb85fd243eadf09663511f96fc81e0720a4a42581f334ad4303aa6b?s=96&d=mm&r=g","contentUrl":"https:\/\/secure.gravatar.com\/avatar\/e0a867bdedb85fd243eadf09663511f96fc81e0720a4a42581f334ad4303aa6b?s=96&d=mm&r=g","caption":"Reda\u00e7\u00e3o"}}]}},"amp_enabled":true,"_links":{"self":[{"href":"https:\/\/www.notibras.com\/site\/wp-json\/wp\/v2\/posts\/10875","targetHints":{"allow":["GET"]}}],"collection":[{"href":"https:\/\/www.notibras.com\/site\/wp-json\/wp\/v2\/posts"}],"about":[{"href":"https:\/\/www.notibras.com\/site\/wp-json\/wp\/v2\/types\/post"}],"author":[{"embeddable":true,"href":"https:\/\/www.notibras.com\/site\/wp-json\/wp\/v2\/users\/2"}],"replies":[{"embeddable":true,"href":"https:\/\/www.notibras.com\/site\/wp-json\/wp\/v2\/comments?post=10875"}],"version-history":[{"count":0,"href":"https:\/\/www.notibras.com\/site\/wp-json\/wp\/v2\/posts\/10875\/revisions"}],"wp:featuredmedia":[{"embeddable":true,"href":"https:\/\/www.notibras.com\/site\/wp-json\/wp\/v2\/media\/10876"}],"wp:attachment":[{"href":"https:\/\/www.notibras.com\/site\/wp-json\/wp\/v2\/media?parent=10875"}],"wp:term":[{"taxonomy":"category","embeddable":true,"href":"https:\/\/www.notibras.com\/site\/wp-json\/wp\/v2\/categories?post=10875"},{"taxonomy":"post_tag","embeddable":true,"href":"https:\/\/www.notibras.com\/site\/wp-json\/wp\/v2\/tags?post=10875"}],"curies":[{"name":"wp","href":"https:\/\/api.w.org\/{rel}","templated":true}]}}