{"id":108753,"date":"2016-07-22T05:10:27","date_gmt":"2016-07-22T08:10:27","guid":{"rendered":"http:\/\/www.notibras.com\/site\/?p=108753"},"modified":"2016-07-30T16:39:32","modified_gmt":"2016-07-30T19:39:32","slug":"crianca-que-vai-para-a-cama-mais-cedo-evita-a-obesidade-na-adolescencia","status":"publish","type":"post","link":"https:\/\/www.notibras.com\/site\/crianca-que-vai-para-a-cama-mais-cedo-evita-a-obesidade-na-adolescencia\/","title":{"rendered":"Crian\u00e7a que vai para a cama mais cedo evita riscos da obesidade na adolesc\u00eancia"},"content":{"rendered":"<p>\u00c9 bem comum ver uma m\u00e3e reclamando da alimenta\u00e7\u00e3o dos filhos. Em geral, \u00e9 comum pensar que apenas o que colocamos no prato dos pequenos ir\u00e1 influenciar no seu peso. Mas um estudo recente sugere que podemos estar mirando o alvo errado no combate \u00e0 obesidade infantil.<\/p>\n<p>A pesquisa foi realizada pela Universidade do Estado de Ohio, nos Estados Unidos, e aponta que crian\u00e7as que v\u00e3o dormir at\u00e9 as 20h t\u00eam menor propens\u00e3o a ficar obesas na adolesc\u00eancia. O estudo avaliou 977 crian\u00e7as nascidas em 1991 durante 15 anos e foi publicado recentemente no The Journal of Pediatrics.<\/p>\n<p>Apenas 10% das crian\u00e7as que dormiam antes das 20h se tornaram obesas na adolesc\u00eancia. Para os que dormiam entre 20h e 21h, o n\u00famero subia para 16%, enquanto os pequenos que se deitavam ap\u00f3s as 21h, apresentaram um \u00edndice de obesidade de 23%.<\/p>\n<p>\u00c9 preciso lembrar que muitas vezes os resultados de pesquisas como esta podem sofrer interfer\u00eancia de fatores locais e culturais, o que faz com que o estudo n\u00e3o seja necessariamente reproduz\u00edvel por aqui. Al\u00e9m disso, n\u00e3o foram levados em conta outros fatores importantes que podem ter contribu\u00eddo para um aumento nos \u00edndices de sobrepeso na adolesc\u00eancia, como a pr\u00e1tica de atividades f\u00edsicas e a alimenta\u00e7\u00e3o.<\/p>\n<p>O trabalho analisou tamb\u00e9m a rela\u00e7\u00e3o entre m\u00e3e e filhos atrav\u00e9s de v\u00eddeos em que eles brincavam juntos. Nesse quesito, foram analisados apoio materno, respeito \u00e0 autonomia da crian\u00e7a e falta de hostilidade. A pesquisa apontou que os jovens que tinham menores \u00edndices na avalia\u00e7\u00e3o emocional e que dormiam mais tarde foram os mais propensos a se tornar obesos no futuro, o que demonstra que grande parte da quest\u00e3o pode estar na rela\u00e7\u00e3o familiar \u2013 e n\u00e3o apenas na hora de dormir.<\/p>\n","protected":false},"excerpt":{"rendered":"<p>\u00c9 bem comum ver uma m\u00e3e reclamando da alimenta\u00e7\u00e3o dos filhos. Em geral, \u00e9 comum pensar que apenas o que colocamos no prato dos pequenos ir\u00e1 influenciar no seu peso. Mas um estudo recente sugere que podemos estar mirando o alvo errado no combate \u00e0 obesidade infantil. A pesquisa foi realizada pela Universidade do Estado [&hellip;]<\/p>\n","protected":false},"author":2,"featured_media":108754,"comment_status":"open","ping_status":"closed","sticky":false,"template":"","format":"standard","meta":{"_acf_changed":false,"footnotes":""},"categories":[67],"tags":[],"class_list":["post-108753","post","type-post","status-publish","format-standard","has-post-thumbnail","hentry","category-mulher"],"acf":[],"_links":{"self":[{"href":"https:\/\/www.notibras.com\/site\/wp-json\/wp\/v2\/posts\/108753","targetHints":{"allow":["GET"]}}],"collection":[{"href":"https:\/\/www.notibras.com\/site\/wp-json\/wp\/v2\/posts"}],"about":[{"href":"https:\/\/www.notibras.com\/site\/wp-json\/wp\/v2\/types\/post"}],"author":[{"embeddable":true,"href":"https:\/\/www.notibras.com\/site\/wp-json\/wp\/v2\/users\/2"}],"replies":[{"embeddable":true,"href":"https:\/\/www.notibras.com\/site\/wp-json\/wp\/v2\/comments?post=108753"}],"version-history":[{"count":4,"href":"https:\/\/www.notibras.com\/site\/wp-json\/wp\/v2\/posts\/108753\/revisions"}],"predecessor-version":[{"id":109729,"href":"https:\/\/www.notibras.com\/site\/wp-json\/wp\/v2\/posts\/108753\/revisions\/109729"}],"wp:featuredmedia":[{"embeddable":true,"href":"https:\/\/www.notibras.com\/site\/wp-json\/wp\/v2\/media\/108754"}],"wp:attachment":[{"href":"https:\/\/www.notibras.com\/site\/wp-json\/wp\/v2\/media?parent=108753"}],"wp:term":[{"taxonomy":"category","embeddable":true,"href":"https:\/\/www.notibras.com\/site\/wp-json\/wp\/v2\/categories?post=108753"},{"taxonomy":"post_tag","embeddable":true,"href":"https:\/\/www.notibras.com\/site\/wp-json\/wp\/v2\/tags?post=108753"}],"curies":[{"name":"wp","href":"https:\/\/api.w.org\/{rel}","templated":true}]}}