{"id":10884,"date":"2014-05-25T20:41:03","date_gmt":"2014-05-25T23:41:03","guid":{"rendered":"http:\/\/www.notibras.com\/site\/?p=10884"},"modified":"2014-05-25T23:39:38","modified_gmt":"2014-05-26T02:39:38","slug":"cruzeiro-vira-contra-invicto-inter-em-caxias-e-assume-a-ideranca-isolada","status":"publish","type":"post","link":"https:\/\/www.notibras.com\/site\/cruzeiro-vira-contra-invicto-inter-em-caxias-e-assume-a-ideranca-isolada\/","title":{"rendered":"Cruzeiro vira contra invicto Inter em Caxias e assume lideran\u00e7a"},"content":{"rendered":"<p>At\u00e9 ent\u00e3o invicto no Campeonato Brasileiro, o Inter n\u00e3o resistiu ao l\u00edder Cruzeiro na noite deste domingo. No Est\u00e1dio Centen\u00e1rio, em Caxias do Sul, o time colorado saiu na frente, mas tomou a virada do advers\u00e1rio de Minas Gerais e perdeu por 3 a 1 pela s\u00e9tima rodada da competi\u00e7\u00e3o \u2013 o clube celeste recupera, assim, a primeira coloca\u00e7\u00e3o do torneio, perdida para o Fluminense no \u00faltimo s\u00e1bado.<\/p>\n<p class=\"text\">O importante triunfo conquistado com atua\u00e7\u00e3o consciente do time mineiro deixa os cruzeirenses na lideran\u00e7a isolada, com 16 pontos conquistados. O clube ga\u00facho, por sua vez, fica apenas na oitava coloca\u00e7\u00e3o, com os mesmos 12 pontos com os quais iniciou a rodada.<\/p>\n<p class=\"text\">Ambos os times voltam a campo pelo Campeonato Brasileiro no meio de semana. \u00c0s 22h (de Bras\u00edlia) da quarta-feira, o Cruzeiro pega o Corinthians em S\u00e3o Paulo, no Canind\u00e9. J\u00e1 o Inter volta a jogar no Est\u00e1dio Centen\u00e1rio: recebe a Chapecoense \u00e0s 21h da mesma quarta-feira.<\/p>\n<p class=\"text\">A partida deste domingo demorou a esquentar na fria Caxias do Sul. A primeira chance, contudo, foi em grande estilo: aos 25min, D\u2019Alessandro arriscou de longe e acertou o travess\u00e3o do goleiro F\u00e1bio. A partida ainda era equilibrada, mas mesmo assim o Inter saiu na frente aos 38min em boa trama ofensiva que culminou com gol do rec\u00e9m-chegado Wellington, ex-S\u00e3o Paulo.<\/p>\n<p class=\"text\">Na briga pela lideran\u00e7a do Campeonato Brasileiro, o Cruzeiro, no entanto, mostrou poder de rea\u00e7\u00e3o. Aos 42min, Dagoberto cobrou escanteio e L\u00e9o desviou. Ap\u00f3s confus\u00e3o na \u00e1rea, o meia Ricardo Goulart cabeceou quase na linha de fundo do meio da \u00e1rea e viu a bola quicar estranhamente para morrer no gol colorado.<\/p>\n","protected":false},"excerpt":{"rendered":"<p>At\u00e9 ent\u00e3o invicto no Campeonato Brasileiro, o Inter n\u00e3o resistiu ao l\u00edder Cruzeiro na noite deste domingo. No Est\u00e1dio Centen\u00e1rio, em Caxias do Sul, o time colorado saiu na frente, mas tomou a virada do advers\u00e1rio de Minas Gerais e perdeu por 3 a 1 pela s\u00e9tima rodada da competi\u00e7\u00e3o \u2013 o clube celeste recupera, [&hellip;]<\/p>\n","protected":false},"author":2,"featured_media":10885,"comment_status":"open","ping_status":"closed","sticky":false,"template":"","format":"standard","meta":{"_acf_changed":false,"footnotes":""},"categories":[19,29],"tags":[],"class_list":["post-10884","post","type-post","status-publish","format-standard","has-post-thumbnail","hentry","category-esportes","category-futebol"],"acf":[],"yoast_head":"<!-- This site is optimized with the Yoast SEO plugin v27.2 - https:\/\/yoast.com\/product\/yoast-seo-wordpress\/ -->\n<title>Cruzeiro vira contra invicto Inter em Caxias e assume lideran\u00e7a - Notibras<\/title>\n<meta name=\"robots\" content=\"index, follow, max-snippet:-1, max-image-preview:large, max-video-preview:-1\" \/>\n<link rel=\"canonical\" href=\"https:\/\/www.notibras.com\/site\/cruzeiro-vira-contra-invicto-inter-em-caxias-e-assume-a-ideranca-isolada\/\" \/>\n<meta property=\"og:locale\" content=\"pt_BR\" \/>\n<meta property=\"og:type\" content=\"article\" \/>\n<meta property=\"og:title\" content=\"Cruzeiro vira contra invicto Inter em Caxias e assume lideran\u00e7a - Notibras\" \/>\n<meta property=\"og:description\" content=\"At\u00e9 ent\u00e3o invicto no Campeonato Brasileiro, o Inter n\u00e3o resistiu ao l\u00edder Cruzeiro na noite deste domingo. No Est\u00e1dio Centen\u00e1rio, em Caxias do Sul, o time colorado saiu na frente, mas tomou a virada do advers\u00e1rio de Minas Gerais e perdeu por 3 a 1 pela s\u00e9tima rodada da competi\u00e7\u00e3o \u2013 o clube celeste recupera, [&hellip;]\" \/>\n<meta property=\"og:url\" content=\"https:\/\/www.notibras.com\/site\/cruzeiro-vira-contra-invicto-inter-em-caxias-e-assume-a-ideranca-isolada\/\" \/>\n<meta property=\"og:site_name\" content=\"Notibras\" \/>\n<meta property=\"article:publisher\" content=\"https:\/\/www.facebook.com\/notibras\/\" \/>\n<meta property=\"article:published_time\" content=\"2014-05-25T23:41:03+00:00\" \/>\n<meta property=\"article:modified_time\" content=\"2014-05-26T02:39:38+00:00\" \/>\n<meta property=\"og:image\" content=\"https:\/\/www.notibras.com\/site\/wp-content\/uploads\/2014\/05\/ricardogoulartcomemoraeduandradefatopressgp.jpg\" \/>\n\t<meta property=\"og:image:width\" content=\"460\" \/>\n\t<meta property=\"og:image:height\" content=\"340\" \/>\n\t<meta property=\"og:image:type\" content=\"image\/jpeg\" \/>\n<meta name=\"author\" content=\"Reda\u00e7\u00e3o\" \/>\n<meta name=\"twitter:card\" content=\"summary_large_image\" \/>\n<meta name=\"twitter:creator\" content=\"@Notibras\" \/>\n<meta name=\"twitter:site\" content=\"@Notibras\" \/>\n<meta name=\"twitter:label1\" content=\"Escrito por\" \/>\n\t<meta name=\"twitter:data1\" content=\"Reda\u00e7\u00e3o\" \/>\n\t<meta name=\"twitter:label2\" content=\"Est. tempo de leitura\" \/>\n\t<meta name=\"twitter:data2\" content=\"1 minuto\" \/>\n<script type=\"application\/ld+json\" class=\"yoast-schema-graph\">{\"@context\":\"https:\/\/schema.org\",\"@graph\":[{\"@type\":\"Article\",\"@id\":\"https:\/\/www.notibras.com\/site\/cruzeiro-vira-contra-invicto-inter-em-caxias-e-assume-a-ideranca-isolada\/#article\",\"isPartOf\":{\"@id\":\"https:\/\/www.notibras.com\/site\/cruzeiro-vira-contra-invicto-inter-em-caxias-e-assume-a-ideranca-isolada\/\"},\"author\":{\"name\":\"Reda\u00e7\u00e3o\",\"@id\":\"https:\/\/www.notibras.com\/site\/#\/schema\/person\/36ab0979449956132d3e5b517ea76ac8\"},\"headline\":\"Cruzeiro vira contra invicto Inter em Caxias e assume lideran\u00e7a\",\"datePublished\":\"2014-05-25T23:41:03+00:00\",\"dateModified\":\"2014-05-26T02:39:38+00:00\",\"mainEntityOfPage\":{\"@id\":\"https:\/\/www.notibras.com\/site\/cruzeiro-vira-contra-invicto-inter-em-caxias-e-assume-a-ideranca-isolada\/\"},\"wordCount\":303,\"commentCount\":0,\"publisher\":{\"@id\":\"https:\/\/www.notibras.com\/site\/#organization\"},\"image\":{\"@id\":\"https:\/\/www.notibras.com\/site\/cruzeiro-vira-contra-invicto-inter-em-caxias-e-assume-a-ideranca-isolada\/#primaryimage\"},\"thumbnailUrl\":\"https:\/\/www.notibras.com\/site\/wp-content\/uploads\/2014\/05\/ricardogoulartcomemoraeduandradefatopressgp.jpg\",\"articleSection\":[\"Esportes\",\"Futebol\"],\"inLanguage\":\"pt-BR\",\"potentialAction\":[{\"@type\":\"CommentAction\",\"name\":\"Comment\",\"target\":[\"https:\/\/www.notibras.com\/site\/cruzeiro-vira-contra-invicto-inter-em-caxias-e-assume-a-ideranca-isolada\/#respond\"]}]},{\"@type\":\"WebPage\",\"@id\":\"https:\/\/www.notibras.com\/site\/cruzeiro-vira-contra-invicto-inter-em-caxias-e-assume-a-ideranca-isolada\/\",\"url\":\"https:\/\/www.notibras.com\/site\/cruzeiro-vira-contra-invicto-inter-em-caxias-e-assume-a-ideranca-isolada\/\",\"name\":\"Cruzeiro vira contra invicto Inter em Caxias e assume lideran\u00e7a - Notibras\",\"isPartOf\":{\"@id\":\"https:\/\/www.notibras.com\/site\/#website\"},\"primaryImageOfPage\":{\"@id\":\"https:\/\/www.notibras.com\/site\/cruzeiro-vira-contra-invicto-inter-em-caxias-e-assume-a-ideranca-isolada\/#primaryimage\"},\"image\":{\"@id\":\"https:\/\/www.notibras.com\/site\/cruzeiro-vira-contra-invicto-inter-em-caxias-e-assume-a-ideranca-isolada\/#primaryimage\"},\"thumbnailUrl\":\"https:\/\/www.notibras.com\/site\/wp-content\/uploads\/2014\/05\/ricardogoulartcomemoraeduandradefatopressgp.jpg\",\"datePublished\":\"2014-05-25T23:41:03+00:00\",\"dateModified\":\"2014-05-26T02:39:38+00:00\",\"breadcrumb\":{\"@id\":\"https:\/\/www.notibras.com\/site\/cruzeiro-vira-contra-invicto-inter-em-caxias-e-assume-a-ideranca-isolada\/#breadcrumb\"},\"inLanguage\":\"pt-BR\",\"potentialAction\":[{\"@type\":\"ReadAction\",\"target\":[\"https:\/\/www.notibras.com\/site\/cruzeiro-vira-contra-invicto-inter-em-caxias-e-assume-a-ideranca-isolada\/\"]}]},{\"@type\":\"ImageObject\",\"inLanguage\":\"pt-BR\",\"@id\":\"https:\/\/www.notibras.com\/site\/cruzeiro-vira-contra-invicto-inter-em-caxias-e-assume-a-ideranca-isolada\/#primaryimage\",\"url\":\"https:\/\/www.notibras.com\/site\/wp-content\/uploads\/2014\/05\/ricardogoulartcomemoraeduandradefatopressgp.jpg\",\"contentUrl\":\"https:\/\/www.notibras.com\/site\/wp-content\/uploads\/2014\/05\/ricardogoulartcomemoraeduandradefatopressgp.jpg\",\"width\":460,\"height\":340},{\"@type\":\"BreadcrumbList\",\"@id\":\"https:\/\/www.notibras.com\/site\/cruzeiro-vira-contra-invicto-inter-em-caxias-e-assume-a-ideranca-isolada\/#breadcrumb\",\"itemListElement\":[{\"@type\":\"ListItem\",\"position\":1,\"name\":\"In\u00edcio\",\"item\":\"https:\/\/www.notibras.com\/site\/\"},{\"@type\":\"ListItem\",\"position\":2,\"name\":\"Cruzeiro vira contra invicto Inter em Caxias e assume lideran\u00e7a\"}]},{\"@type\":\"WebSite\",\"@id\":\"https:\/\/www.notibras.com\/site\/#website\",\"url\":\"https:\/\/www.notibras.com\/site\/\",\"name\":\"Notibras\",\"description\":\"Not\u00edcias de Bras\u00edlia, do Brasil e do Mundo\",\"publisher\":{\"@id\":\"https:\/\/www.notibras.com\/site\/#organization\"},\"potentialAction\":[{\"@type\":\"SearchAction\",\"target\":{\"@type\":\"EntryPoint\",\"urlTemplate\":\"https:\/\/www.notibras.com\/site\/?s={search_term_string}\"},\"query-input\":{\"@type\":\"PropertyValueSpecification\",\"valueRequired\":true,\"valueName\":\"search_term_string\"}}],\"inLanguage\":\"pt-BR\"},{\"@type\":\"Organization\",\"@id\":\"https:\/\/www.notibras.com\/site\/#organization\",\"name\":\"Grupo Notibras de Comunica\u00e7\u00e3o\",\"url\":\"https:\/\/www.notibras.com\/site\/\",\"logo\":{\"@type\":\"ImageObject\",\"inLanguage\":\"pt-BR\",\"@id\":\"https:\/\/www.notibras.com\/site\/#\/schema\/logo\/image\/\",\"url\":\"https:\/\/www.notibras.com\/site\/wp-content\/uploads\/2023\/01\/notibras23.png\",\"contentUrl\":\"https:\/\/www.notibras.com\/site\/wp-content\/uploads\/2023\/01\/notibras23.png\",\"width\":350,\"height\":87,\"caption\":\"Grupo Notibras de Comunica\u00e7\u00e3o\"},\"image\":{\"@id\":\"https:\/\/www.notibras.com\/site\/#\/schema\/logo\/image\/\"},\"sameAs\":[\"https:\/\/www.facebook.com\/notibras\/\",\"https:\/\/x.com\/Notibras\",\"https:\/\/www.instagram.com\/notibras\/\"]},{\"@type\":\"Person\",\"@id\":\"https:\/\/www.notibras.com\/site\/#\/schema\/person\/36ab0979449956132d3e5b517ea76ac8\",\"name\":\"Reda\u00e7\u00e3o\",\"image\":{\"@type\":\"ImageObject\",\"inLanguage\":\"pt-BR\",\"@id\":\"https:\/\/secure.gravatar.com\/avatar\/e0a867bdedb85fd243eadf09663511f96fc81e0720a4a42581f334ad4303aa6b?s=96&d=mm&r=g\",\"url\":\"https:\/\/secure.gravatar.com\/avatar\/e0a867bdedb85fd243eadf09663511f96fc81e0720a4a42581f334ad4303aa6b?s=96&d=mm&r=g\",\"contentUrl\":\"https:\/\/secure.gravatar.com\/avatar\/e0a867bdedb85fd243eadf09663511f96fc81e0720a4a42581f334ad4303aa6b?s=96&d=mm&r=g\",\"caption\":\"Reda\u00e7\u00e3o\"}}]}<\/script>\n<!-- \/ Yoast SEO plugin. -->","yoast_head_json":{"title":"Cruzeiro vira contra invicto Inter em Caxias e assume lideran\u00e7a - Notibras","robots":{"index":"index","follow":"follow","max-snippet":"max-snippet:-1","max-image-preview":"max-image-preview:large","max-video-preview":"max-video-preview:-1"},"canonical":"https:\/\/www.notibras.com\/site\/cruzeiro-vira-contra-invicto-inter-em-caxias-e-assume-a-ideranca-isolada\/","og_locale":"pt_BR","og_type":"article","og_title":"Cruzeiro vira contra invicto Inter em Caxias e assume lideran\u00e7a - Notibras","og_description":"At\u00e9 ent\u00e3o invicto no Campeonato Brasileiro, o Inter n\u00e3o resistiu ao l\u00edder Cruzeiro na noite deste domingo. No Est\u00e1dio Centen\u00e1rio, em Caxias do Sul, o time colorado saiu na frente, mas tomou a virada do advers\u00e1rio de Minas Gerais e perdeu por 3 a 1 pela s\u00e9tima rodada da competi\u00e7\u00e3o \u2013 o clube celeste recupera, [&hellip;]","og_url":"https:\/\/www.notibras.com\/site\/cruzeiro-vira-contra-invicto-inter-em-caxias-e-assume-a-ideranca-isolada\/","og_site_name":"Notibras","article_publisher":"https:\/\/www.facebook.com\/notibras\/","article_published_time":"2014-05-25T23:41:03+00:00","article_modified_time":"2014-05-26T02:39:38+00:00","og_image":[{"width":460,"height":340,"url":"https:\/\/www.notibras.com\/site\/wp-content\/uploads\/2014\/05\/ricardogoulartcomemoraeduandradefatopressgp.jpg","type":"image\/jpeg"}],"author":"Reda\u00e7\u00e3o","twitter_card":"summary_large_image","twitter_creator":"@Notibras","twitter_site":"@Notibras","twitter_misc":{"Escrito por":"Reda\u00e7\u00e3o","Est. tempo de leitura":"1 minuto"},"schema":{"@context":"https:\/\/schema.org","@graph":[{"@type":"Article","@id":"https:\/\/www.notibras.com\/site\/cruzeiro-vira-contra-invicto-inter-em-caxias-e-assume-a-ideranca-isolada\/#article","isPartOf":{"@id":"https:\/\/www.notibras.com\/site\/cruzeiro-vira-contra-invicto-inter-em-caxias-e-assume-a-ideranca-isolada\/"},"author":{"name":"Reda\u00e7\u00e3o","@id":"https:\/\/www.notibras.com\/site\/#\/schema\/person\/36ab0979449956132d3e5b517ea76ac8"},"headline":"Cruzeiro vira contra invicto Inter em Caxias e assume lideran\u00e7a","datePublished":"2014-05-25T23:41:03+00:00","dateModified":"2014-05-26T02:39:38+00:00","mainEntityOfPage":{"@id":"https:\/\/www.notibras.com\/site\/cruzeiro-vira-contra-invicto-inter-em-caxias-e-assume-a-ideranca-isolada\/"},"wordCount":303,"commentCount":0,"publisher":{"@id":"https:\/\/www.notibras.com\/site\/#organization"},"image":{"@id":"https:\/\/www.notibras.com\/site\/cruzeiro-vira-contra-invicto-inter-em-caxias-e-assume-a-ideranca-isolada\/#primaryimage"},"thumbnailUrl":"https:\/\/www.notibras.com\/site\/wp-content\/uploads\/2014\/05\/ricardogoulartcomemoraeduandradefatopressgp.jpg","articleSection":["Esportes","Futebol"],"inLanguage":"pt-BR","potentialAction":[{"@type":"CommentAction","name":"Comment","target":["https:\/\/www.notibras.com\/site\/cruzeiro-vira-contra-invicto-inter-em-caxias-e-assume-a-ideranca-isolada\/#respond"]}]},{"@type":"WebPage","@id":"https:\/\/www.notibras.com\/site\/cruzeiro-vira-contra-invicto-inter-em-caxias-e-assume-a-ideranca-isolada\/","url":"https:\/\/www.notibras.com\/site\/cruzeiro-vira-contra-invicto-inter-em-caxias-e-assume-a-ideranca-isolada\/","name":"Cruzeiro vira contra invicto Inter em Caxias e assume lideran\u00e7a - Notibras","isPartOf":{"@id":"https:\/\/www.notibras.com\/site\/#website"},"primaryImageOfPage":{"@id":"https:\/\/www.notibras.com\/site\/cruzeiro-vira-contra-invicto-inter-em-caxias-e-assume-a-ideranca-isolada\/#primaryimage"},"image":{"@id":"https:\/\/www.notibras.com\/site\/cruzeiro-vira-contra-invicto-inter-em-caxias-e-assume-a-ideranca-isolada\/#primaryimage"},"thumbnailUrl":"https:\/\/www.notibras.com\/site\/wp-content\/uploads\/2014\/05\/ricardogoulartcomemoraeduandradefatopressgp.jpg","datePublished":"2014-05-25T23:41:03+00:00","dateModified":"2014-05-26T02:39:38+00:00","breadcrumb":{"@id":"https:\/\/www.notibras.com\/site\/cruzeiro-vira-contra-invicto-inter-em-caxias-e-assume-a-ideranca-isolada\/#breadcrumb"},"inLanguage":"pt-BR","potentialAction":[{"@type":"ReadAction","target":["https:\/\/www.notibras.com\/site\/cruzeiro-vira-contra-invicto-inter-em-caxias-e-assume-a-ideranca-isolada\/"]}]},{"@type":"ImageObject","inLanguage":"pt-BR","@id":"https:\/\/www.notibras.com\/site\/cruzeiro-vira-contra-invicto-inter-em-caxias-e-assume-a-ideranca-isolada\/#primaryimage","url":"https:\/\/www.notibras.com\/site\/wp-content\/uploads\/2014\/05\/ricardogoulartcomemoraeduandradefatopressgp.jpg","contentUrl":"https:\/\/www.notibras.com\/site\/wp-content\/uploads\/2014\/05\/ricardogoulartcomemoraeduandradefatopressgp.jpg","width":460,"height":340},{"@type":"BreadcrumbList","@id":"https:\/\/www.notibras.com\/site\/cruzeiro-vira-contra-invicto-inter-em-caxias-e-assume-a-ideranca-isolada\/#breadcrumb","itemListElement":[{"@type":"ListItem","position":1,"name":"In\u00edcio","item":"https:\/\/www.notibras.com\/site\/"},{"@type":"ListItem","position":2,"name":"Cruzeiro vira contra invicto Inter em Caxias e assume lideran\u00e7a"}]},{"@type":"WebSite","@id":"https:\/\/www.notibras.com\/site\/#website","url":"https:\/\/www.notibras.com\/site\/","name":"Notibras","description":"Not\u00edcias de Bras\u00edlia, do Brasil e do Mundo","publisher":{"@id":"https:\/\/www.notibras.com\/site\/#organization"},"potentialAction":[{"@type":"SearchAction","target":{"@type":"EntryPoint","urlTemplate":"https:\/\/www.notibras.com\/site\/?s={search_term_string}"},"query-input":{"@type":"PropertyValueSpecification","valueRequired":true,"valueName":"search_term_string"}}],"inLanguage":"pt-BR"},{"@type":"Organization","@id":"https:\/\/www.notibras.com\/site\/#organization","name":"Grupo Notibras de Comunica\u00e7\u00e3o","url":"https:\/\/www.notibras.com\/site\/","logo":{"@type":"ImageObject","inLanguage":"pt-BR","@id":"https:\/\/www.notibras.com\/site\/#\/schema\/logo\/image\/","url":"https:\/\/www.notibras.com\/site\/wp-content\/uploads\/2023\/01\/notibras23.png","contentUrl":"https:\/\/www.notibras.com\/site\/wp-content\/uploads\/2023\/01\/notibras23.png","width":350,"height":87,"caption":"Grupo Notibras de Comunica\u00e7\u00e3o"},"image":{"@id":"https:\/\/www.notibras.com\/site\/#\/schema\/logo\/image\/"},"sameAs":["https:\/\/www.facebook.com\/notibras\/","https:\/\/x.com\/Notibras","https:\/\/www.instagram.com\/notibras\/"]},{"@type":"Person","@id":"https:\/\/www.notibras.com\/site\/#\/schema\/person\/36ab0979449956132d3e5b517ea76ac8","name":"Reda\u00e7\u00e3o","image":{"@type":"ImageObject","inLanguage":"pt-BR","@id":"https:\/\/secure.gravatar.com\/avatar\/e0a867bdedb85fd243eadf09663511f96fc81e0720a4a42581f334ad4303aa6b?s=96&d=mm&r=g","url":"https:\/\/secure.gravatar.com\/avatar\/e0a867bdedb85fd243eadf09663511f96fc81e0720a4a42581f334ad4303aa6b?s=96&d=mm&r=g","contentUrl":"https:\/\/secure.gravatar.com\/avatar\/e0a867bdedb85fd243eadf09663511f96fc81e0720a4a42581f334ad4303aa6b?s=96&d=mm&r=g","caption":"Reda\u00e7\u00e3o"}}]}},"amp_enabled":true,"_links":{"self":[{"href":"https:\/\/www.notibras.com\/site\/wp-json\/wp\/v2\/posts\/10884","targetHints":{"allow":["GET"]}}],"collection":[{"href":"https:\/\/www.notibras.com\/site\/wp-json\/wp\/v2\/posts"}],"about":[{"href":"https:\/\/www.notibras.com\/site\/wp-json\/wp\/v2\/types\/post"}],"author":[{"embeddable":true,"href":"https:\/\/www.notibras.com\/site\/wp-json\/wp\/v2\/users\/2"}],"replies":[{"embeddable":true,"href":"https:\/\/www.notibras.com\/site\/wp-json\/wp\/v2\/comments?post=10884"}],"version-history":[{"count":0,"href":"https:\/\/www.notibras.com\/site\/wp-json\/wp\/v2\/posts\/10884\/revisions"}],"wp:featuredmedia":[{"embeddable":true,"href":"https:\/\/www.notibras.com\/site\/wp-json\/wp\/v2\/media\/10885"}],"wp:attachment":[{"href":"https:\/\/www.notibras.com\/site\/wp-json\/wp\/v2\/media?parent=10884"}],"wp:term":[{"taxonomy":"category","embeddable":true,"href":"https:\/\/www.notibras.com\/site\/wp-json\/wp\/v2\/categories?post=10884"},{"taxonomy":"post_tag","embeddable":true,"href":"https:\/\/www.notibras.com\/site\/wp-json\/wp\/v2\/tags?post=10884"}],"curies":[{"name":"wp","href":"https:\/\/api.w.org\/{rel}","templated":true}]}}