{"id":10888,"date":"2014-05-25T20:49:00","date_gmt":"2014-05-25T23:49:00","guid":{"rendered":"http:\/\/www.notibras.com\/site\/?p=10888"},"modified":"2014-05-25T20:49:00","modified_gmt":"2014-05-25T23:49:00","slug":"galo-esbarra-no-0x0-com-criciuma-e-encerra-sequencia-de-vitorias","status":"publish","type":"post","link":"https:\/\/www.notibras.com\/site\/galo-esbarra-no-0x0-com-criciuma-e-encerra-sequencia-de-vitorias\/","title":{"rendered":"Galo esbarra no 0x0 com Crici\u00fama e encerra sequ\u00eancia de vit\u00f3rias"},"content":{"rendered":"<p>A torcida atleticana fez a parte dela, esgotando os ingressos no Ipating\u00e3o, mas dentro de campo o Atl\u00e9tico-MG n\u00e3o conseguiu corresponder e ficou no empate em 0 a 0 contra o Crici\u00fama. A igualdade no placar encerra a sequ\u00eancia de tr\u00eas vit\u00f3rias seguidas no Campeonato Brasileiro, impedindo a aproxima\u00e7\u00e3o com os clubes do G-4.<\/p>\n<p class=\"text\">O excesso de erros de passes foi um dos principais fatores que atrapalharam o desenvolvimento do Atl\u00e9tico-MG na partida. Se nas jornadas anteriores o time mineiro n\u00e3o sentiu a falta de jogadores lesionados, neste domingo a hist\u00f3ria foi diferente, j\u00e1 a que a transi\u00e7\u00e3o do meio-campo para o ataque n\u00e3o funcionou. Com o resultado, os mineiros chegam aos 11 pontos, contra oito dos catarinenses.<\/p>\n<p class=\"text\">Na sequ\u00eancia do Campeonato Brasileiro, o Atl\u00e9tico-MG ter\u00e1 novo compromisso em Ipatinga. O time mineiro recebe o Fluminense, na quarta-feira, no Ipating\u00e3o. J\u00e1 o Crici\u00fama joga tamb\u00e9m na quarta-feira, mas diante de sua torcida, recebendo o Coritiba, no Heriberto Hulse.<\/p>\n<p class=\"text\">Contando com o apoio da torcida, que esgotou os ingressos no Ipating\u00e3o, o Atl\u00e9tico-MG iniciou a partida bastante animado, explorando as jogadas em velocidade com Diego Tardelli e Marion. Os laterais Alex Silva e Emerson Concei\u00e7\u00e3o tamb\u00e9m apoiaram muito, o que obrigou o Crici\u00fama a redobrar os cuidados defensivos.<\/p>\n<p class=\"text\">Dominando a posse de bola, o time mineiro adotou a estrat\u00e9gia de girar o jogo de um lado para outro do campo na tentativa de encontrar espa\u00e7os na fechada defesa catarinense. Chutes de fora da \u00e1rea e cruzamentos em excesso procurando o avante Andr\u00e9, tamb\u00e9m foram muito usados pelo Atl\u00e9tico-MG. Os visitantes s\u00f3 conseguiram amea\u00e7ar o time mineiro nos contra-ataques, quase sempre perigosos.<\/p>\n<p class=\"text\">No melhor momento do Crici\u00fama, aos 15min, Bruno Lopes recebeu lan\u00e7amento na direita e finalizou cruzado para \u00f3tima defesa do goleiro Giovanni. O t\u00e9cnico Levir Culpi n\u00e3o gostou nada do lance e exigiu aten\u00e7\u00e3o na marca\u00e7\u00e3o dos catarinenses, principalmente no lado direito ofensivo do time catarinense.<\/p>\n<p class=\"text\">Ap\u00f3s os 20min, o Atl\u00e9tico-MG passou a imprimir um ritmo mais lento ao jogo, em parte fruto do excesso de erros de passes, que n\u00e3o permitiram ao time mineiro finalizar muito contra a meta do goleiro Luiz. J\u00e1 no final da etapa inicial, os mineiros retomaram o controle da partida, mas ainda falhando no passe final, facilitando o trabalho da zaga do Crici\u00fama.<\/p>\n<p class=\"text\">Logo na volta para os segundo tempo, o Atl\u00e9tico-MG quase chegou ao gol com o avante Andr\u00e9, que aproveitou bom cruzamento de Marion e desviou de cabe\u00e7a, com a bola passando muito perto da trave direita de Luiz. O Crici\u00fama respondeu com Jo\u00e3o Vitor, em excelente cobran\u00e7a de falta, que acertou a trave de Giovanni.<\/p>\n<p class=\"text\">Os dois lances de perigo serviram para deixar a partida mais movimentada. Os visitantes resolveram agredir o time mineiro, dando mais espa\u00e7os para os contra-ataques. Aos 14min, D\u00e1tolo cobrou falta com relativo perigo, mas ningu\u00e9m do Atl\u00e9tico-MG chegou para completar para as redes. Percebendo que a partida atleticana n\u00e3o era das melhores, a torcida passou a empurrar o time na base do grito em busca do gol.<\/p>\n<p class=\"text\">A estrat\u00e9gia surtiu efeito, e o time mineiro conseguiu ser um pouco mais efetivo no campo de ataque. Aos 18min, D\u00e1tolo cobrou falta com precis\u00e3o, mas Luiz se esticou todo para evitar a abertura do marcador. Aos 25min, Andr\u00e9 tentou de cabe\u00e7a, mas Luiz voltou a salvar o time catarinense, no rebote, D\u00e1tolo rolou para Marion, que sem goleiro perdeu um gol incr\u00edvel.<\/p>\n<p class=\"text\">O time mineiro seguiu pressionando at\u00e9 o apito final, mas com a pontaria descalibrada, os donos da casa n\u00e3o conseguiram balan\u00e7ar as redes, desperdi\u00e7ando v\u00e1rias chances no segundo tempo. O empate diante da torcida impede os mineiros de somar a quarta vit\u00f3ria seguida, acabando com a ascens\u00e3o atleticana no Brasileiro.<\/p>\n","protected":false},"excerpt":{"rendered":"<p>A torcida atleticana fez a parte dela, esgotando os ingressos no Ipating\u00e3o, mas dentro de campo o Atl\u00e9tico-MG n\u00e3o conseguiu corresponder e ficou no empate em 0 a 0 contra o Crici\u00fama. A igualdade no placar encerra a sequ\u00eancia de tr\u00eas vit\u00f3rias seguidas no Campeonato Brasileiro, impedindo a aproxima\u00e7\u00e3o com os clubes do G-4. O [&hellip;]<\/p>\n","protected":false},"author":2,"featured_media":10889,"comment_status":"open","ping_status":"closed","sticky":false,"template":"","format":"standard","meta":{"_acf_changed":false,"footnotes":""},"categories":[19,29],"tags":[],"class_list":["post-10888","post","type-post","status-publish","format-standard","has-post-thumbnail","hentry","category-esportes","category-futebol"],"acf":[],"yoast_head":"<!-- This site is optimized with the Yoast SEO plugin v27.2 - https:\/\/yoast.com\/product\/yoast-seo-wordpress\/ -->\n<title>Galo esbarra no 0x0 com Crici\u00fama e encerra sequ\u00eancia de vit\u00f3rias - Notibras<\/title>\n<meta name=\"robots\" content=\"index, follow, max-snippet:-1, max-image-preview:large, max-video-preview:-1\" \/>\n<link rel=\"canonical\" href=\"https:\/\/www.notibras.com\/site\/galo-esbarra-no-0x0-com-criciuma-e-encerra-sequencia-de-vitorias\/\" \/>\n<meta property=\"og:locale\" content=\"pt_BR\" \/>\n<meta property=\"og:type\" content=\"article\" \/>\n<meta property=\"og:title\" content=\"Galo esbarra no 0x0 com Crici\u00fama e encerra sequ\u00eancia de vit\u00f3rias - Notibras\" \/>\n<meta property=\"og:description\" content=\"A torcida atleticana fez a parte dela, esgotando os ingressos no Ipating\u00e3o, mas dentro de campo o Atl\u00e9tico-MG n\u00e3o conseguiu corresponder e ficou no empate em 0 a 0 contra o Crici\u00fama. A igualdade no placar encerra a sequ\u00eancia de tr\u00eas vit\u00f3rias seguidas no Campeonato Brasileiro, impedindo a aproxima\u00e7\u00e3o com os clubes do G-4. O [&hellip;]\" \/>\n<meta property=\"og:url\" content=\"https:\/\/www.notibras.com\/site\/galo-esbarra-no-0x0-com-criciuma-e-encerra-sequencia-de-vitorias\/\" \/>\n<meta property=\"og:site_name\" content=\"Notibras\" \/>\n<meta property=\"article:publisher\" content=\"https:\/\/www.facebook.com\/notibras\/\" \/>\n<meta property=\"article:published_time\" content=\"2014-05-25T23:49:00+00:00\" \/>\n<meta property=\"og:image\" content=\"https:\/\/www.notibras.com\/site\/wp-content\/uploads\/2014\/05\/danielcarvalho_pierre-pierre-fernandoribeiro-futurapress.jpg\" \/>\n\t<meta property=\"og:image:width\" content=\"620\" \/>\n\t<meta property=\"og:image:height\" content=\"390\" \/>\n\t<meta property=\"og:image:type\" content=\"image\/jpeg\" \/>\n<meta name=\"author\" content=\"Reda\u00e7\u00e3o\" \/>\n<meta name=\"twitter:card\" content=\"summary_large_image\" \/>\n<meta name=\"twitter:creator\" content=\"@Notibras\" \/>\n<meta name=\"twitter:site\" content=\"@Notibras\" \/>\n<meta name=\"twitter:label1\" content=\"Escrito por\" \/>\n\t<meta name=\"twitter:data1\" content=\"Reda\u00e7\u00e3o\" \/>\n\t<meta name=\"twitter:label2\" content=\"Est. tempo de leitura\" \/>\n\t<meta name=\"twitter:data2\" content=\"3 minutos\" \/>\n<script type=\"application\/ld+json\" class=\"yoast-schema-graph\">{\"@context\":\"https:\/\/schema.org\",\"@graph\":[{\"@type\":\"Article\",\"@id\":\"https:\/\/www.notibras.com\/site\/galo-esbarra-no-0x0-com-criciuma-e-encerra-sequencia-de-vitorias\/#article\",\"isPartOf\":{\"@id\":\"https:\/\/www.notibras.com\/site\/galo-esbarra-no-0x0-com-criciuma-e-encerra-sequencia-de-vitorias\/\"},\"author\":{\"name\":\"Reda\u00e7\u00e3o\",\"@id\":\"https:\/\/www.notibras.com\/site\/#\/schema\/person\/36ab0979449956132d3e5b517ea76ac8\"},\"headline\":\"Galo esbarra no 0x0 com Crici\u00fama e encerra sequ\u00eancia de vit\u00f3rias\",\"datePublished\":\"2014-05-25T23:49:00+00:00\",\"mainEntityOfPage\":{\"@id\":\"https:\/\/www.notibras.com\/site\/galo-esbarra-no-0x0-com-criciuma-e-encerra-sequencia-de-vitorias\/\"},\"wordCount\":685,\"commentCount\":0,\"publisher\":{\"@id\":\"https:\/\/www.notibras.com\/site\/#organization\"},\"image\":{\"@id\":\"https:\/\/www.notibras.com\/site\/galo-esbarra-no-0x0-com-criciuma-e-encerra-sequencia-de-vitorias\/#primaryimage\"},\"thumbnailUrl\":\"https:\/\/www.notibras.com\/site\/wp-content\/uploads\/2014\/05\/danielcarvalho_pierre-pierre-fernandoribeiro-futurapress.jpg\",\"articleSection\":[\"Esportes\",\"Futebol\"],\"inLanguage\":\"pt-BR\",\"potentialAction\":[{\"@type\":\"CommentAction\",\"name\":\"Comment\",\"target\":[\"https:\/\/www.notibras.com\/site\/galo-esbarra-no-0x0-com-criciuma-e-encerra-sequencia-de-vitorias\/#respond\"]}]},{\"@type\":\"WebPage\",\"@id\":\"https:\/\/www.notibras.com\/site\/galo-esbarra-no-0x0-com-criciuma-e-encerra-sequencia-de-vitorias\/\",\"url\":\"https:\/\/www.notibras.com\/site\/galo-esbarra-no-0x0-com-criciuma-e-encerra-sequencia-de-vitorias\/\",\"name\":\"Galo esbarra no 0x0 com Crici\u00fama e encerra sequ\u00eancia de vit\u00f3rias - Notibras\",\"isPartOf\":{\"@id\":\"https:\/\/www.notibras.com\/site\/#website\"},\"primaryImageOfPage\":{\"@id\":\"https:\/\/www.notibras.com\/site\/galo-esbarra-no-0x0-com-criciuma-e-encerra-sequencia-de-vitorias\/#primaryimage\"},\"image\":{\"@id\":\"https:\/\/www.notibras.com\/site\/galo-esbarra-no-0x0-com-criciuma-e-encerra-sequencia-de-vitorias\/#primaryimage\"},\"thumbnailUrl\":\"https:\/\/www.notibras.com\/site\/wp-content\/uploads\/2014\/05\/danielcarvalho_pierre-pierre-fernandoribeiro-futurapress.jpg\",\"datePublished\":\"2014-05-25T23:49:00+00:00\",\"breadcrumb\":{\"@id\":\"https:\/\/www.notibras.com\/site\/galo-esbarra-no-0x0-com-criciuma-e-encerra-sequencia-de-vitorias\/#breadcrumb\"},\"inLanguage\":\"pt-BR\",\"potentialAction\":[{\"@type\":\"ReadAction\",\"target\":[\"https:\/\/www.notibras.com\/site\/galo-esbarra-no-0x0-com-criciuma-e-encerra-sequencia-de-vitorias\/\"]}]},{\"@type\":\"ImageObject\",\"inLanguage\":\"pt-BR\",\"@id\":\"https:\/\/www.notibras.com\/site\/galo-esbarra-no-0x0-com-criciuma-e-encerra-sequencia-de-vitorias\/#primaryimage\",\"url\":\"https:\/\/www.notibras.com\/site\/wp-content\/uploads\/2014\/05\/danielcarvalho_pierre-pierre-fernandoribeiro-futurapress.jpg\",\"contentUrl\":\"https:\/\/www.notibras.com\/site\/wp-content\/uploads\/2014\/05\/danielcarvalho_pierre-pierre-fernandoribeiro-futurapress.jpg\",\"width\":620,\"height\":390},{\"@type\":\"BreadcrumbList\",\"@id\":\"https:\/\/www.notibras.com\/site\/galo-esbarra-no-0x0-com-criciuma-e-encerra-sequencia-de-vitorias\/#breadcrumb\",\"itemListElement\":[{\"@type\":\"ListItem\",\"position\":1,\"name\":\"In\u00edcio\",\"item\":\"https:\/\/www.notibras.com\/site\/\"},{\"@type\":\"ListItem\",\"position\":2,\"name\":\"Galo esbarra no 0x0 com Crici\u00fama e encerra sequ\u00eancia de vit\u00f3rias\"}]},{\"@type\":\"WebSite\",\"@id\":\"https:\/\/www.notibras.com\/site\/#website\",\"url\":\"https:\/\/www.notibras.com\/site\/\",\"name\":\"Notibras\",\"description\":\"Not\u00edcias de Bras\u00edlia, do Brasil e do Mundo\",\"publisher\":{\"@id\":\"https:\/\/www.notibras.com\/site\/#organization\"},\"potentialAction\":[{\"@type\":\"SearchAction\",\"target\":{\"@type\":\"EntryPoint\",\"urlTemplate\":\"https:\/\/www.notibras.com\/site\/?s={search_term_string}\"},\"query-input\":{\"@type\":\"PropertyValueSpecification\",\"valueRequired\":true,\"valueName\":\"search_term_string\"}}],\"inLanguage\":\"pt-BR\"},{\"@type\":\"Organization\",\"@id\":\"https:\/\/www.notibras.com\/site\/#organization\",\"name\":\"Grupo Notibras de Comunica\u00e7\u00e3o\",\"url\":\"https:\/\/www.notibras.com\/site\/\",\"logo\":{\"@type\":\"ImageObject\",\"inLanguage\":\"pt-BR\",\"@id\":\"https:\/\/www.notibras.com\/site\/#\/schema\/logo\/image\/\",\"url\":\"https:\/\/www.notibras.com\/site\/wp-content\/uploads\/2023\/01\/notibras23.png\",\"contentUrl\":\"https:\/\/www.notibras.com\/site\/wp-content\/uploads\/2023\/01\/notibras23.png\",\"width\":350,\"height\":87,\"caption\":\"Grupo Notibras de Comunica\u00e7\u00e3o\"},\"image\":{\"@id\":\"https:\/\/www.notibras.com\/site\/#\/schema\/logo\/image\/\"},\"sameAs\":[\"https:\/\/www.facebook.com\/notibras\/\",\"https:\/\/x.com\/Notibras\",\"https:\/\/www.instagram.com\/notibras\/\"]},{\"@type\":\"Person\",\"@id\":\"https:\/\/www.notibras.com\/site\/#\/schema\/person\/36ab0979449956132d3e5b517ea76ac8\",\"name\":\"Reda\u00e7\u00e3o\",\"image\":{\"@type\":\"ImageObject\",\"inLanguage\":\"pt-BR\",\"@id\":\"https:\/\/secure.gravatar.com\/avatar\/e0a867bdedb85fd243eadf09663511f96fc81e0720a4a42581f334ad4303aa6b?s=96&d=mm&r=g\",\"url\":\"https:\/\/secure.gravatar.com\/avatar\/e0a867bdedb85fd243eadf09663511f96fc81e0720a4a42581f334ad4303aa6b?s=96&d=mm&r=g\",\"contentUrl\":\"https:\/\/secure.gravatar.com\/avatar\/e0a867bdedb85fd243eadf09663511f96fc81e0720a4a42581f334ad4303aa6b?s=96&d=mm&r=g\",\"caption\":\"Reda\u00e7\u00e3o\"}}]}<\/script>\n<!-- \/ Yoast SEO plugin. -->","yoast_head_json":{"title":"Galo esbarra no 0x0 com Crici\u00fama e encerra sequ\u00eancia de vit\u00f3rias - Notibras","robots":{"index":"index","follow":"follow","max-snippet":"max-snippet:-1","max-image-preview":"max-image-preview:large","max-video-preview":"max-video-preview:-1"},"canonical":"https:\/\/www.notibras.com\/site\/galo-esbarra-no-0x0-com-criciuma-e-encerra-sequencia-de-vitorias\/","og_locale":"pt_BR","og_type":"article","og_title":"Galo esbarra no 0x0 com Crici\u00fama e encerra sequ\u00eancia de vit\u00f3rias - Notibras","og_description":"A torcida atleticana fez a parte dela, esgotando os ingressos no Ipating\u00e3o, mas dentro de campo o Atl\u00e9tico-MG n\u00e3o conseguiu corresponder e ficou no empate em 0 a 0 contra o Crici\u00fama. A igualdade no placar encerra a sequ\u00eancia de tr\u00eas vit\u00f3rias seguidas no Campeonato Brasileiro, impedindo a aproxima\u00e7\u00e3o com os clubes do G-4. O [&hellip;]","og_url":"https:\/\/www.notibras.com\/site\/galo-esbarra-no-0x0-com-criciuma-e-encerra-sequencia-de-vitorias\/","og_site_name":"Notibras","article_publisher":"https:\/\/www.facebook.com\/notibras\/","article_published_time":"2014-05-25T23:49:00+00:00","og_image":[{"width":620,"height":390,"url":"https:\/\/www.notibras.com\/site\/wp-content\/uploads\/2014\/05\/danielcarvalho_pierre-pierre-fernandoribeiro-futurapress.jpg","type":"image\/jpeg"}],"author":"Reda\u00e7\u00e3o","twitter_card":"summary_large_image","twitter_creator":"@Notibras","twitter_site":"@Notibras","twitter_misc":{"Escrito por":"Reda\u00e7\u00e3o","Est. tempo de leitura":"3 minutos"},"schema":{"@context":"https:\/\/schema.org","@graph":[{"@type":"Article","@id":"https:\/\/www.notibras.com\/site\/galo-esbarra-no-0x0-com-criciuma-e-encerra-sequencia-de-vitorias\/#article","isPartOf":{"@id":"https:\/\/www.notibras.com\/site\/galo-esbarra-no-0x0-com-criciuma-e-encerra-sequencia-de-vitorias\/"},"author":{"name":"Reda\u00e7\u00e3o","@id":"https:\/\/www.notibras.com\/site\/#\/schema\/person\/36ab0979449956132d3e5b517ea76ac8"},"headline":"Galo esbarra no 0x0 com Crici\u00fama e encerra sequ\u00eancia de vit\u00f3rias","datePublished":"2014-05-25T23:49:00+00:00","mainEntityOfPage":{"@id":"https:\/\/www.notibras.com\/site\/galo-esbarra-no-0x0-com-criciuma-e-encerra-sequencia-de-vitorias\/"},"wordCount":685,"commentCount":0,"publisher":{"@id":"https:\/\/www.notibras.com\/site\/#organization"},"image":{"@id":"https:\/\/www.notibras.com\/site\/galo-esbarra-no-0x0-com-criciuma-e-encerra-sequencia-de-vitorias\/#primaryimage"},"thumbnailUrl":"https:\/\/www.notibras.com\/site\/wp-content\/uploads\/2014\/05\/danielcarvalho_pierre-pierre-fernandoribeiro-futurapress.jpg","articleSection":["Esportes","Futebol"],"inLanguage":"pt-BR","potentialAction":[{"@type":"CommentAction","name":"Comment","target":["https:\/\/www.notibras.com\/site\/galo-esbarra-no-0x0-com-criciuma-e-encerra-sequencia-de-vitorias\/#respond"]}]},{"@type":"WebPage","@id":"https:\/\/www.notibras.com\/site\/galo-esbarra-no-0x0-com-criciuma-e-encerra-sequencia-de-vitorias\/","url":"https:\/\/www.notibras.com\/site\/galo-esbarra-no-0x0-com-criciuma-e-encerra-sequencia-de-vitorias\/","name":"Galo esbarra no 0x0 com Crici\u00fama e encerra sequ\u00eancia de vit\u00f3rias - Notibras","isPartOf":{"@id":"https:\/\/www.notibras.com\/site\/#website"},"primaryImageOfPage":{"@id":"https:\/\/www.notibras.com\/site\/galo-esbarra-no-0x0-com-criciuma-e-encerra-sequencia-de-vitorias\/#primaryimage"},"image":{"@id":"https:\/\/www.notibras.com\/site\/galo-esbarra-no-0x0-com-criciuma-e-encerra-sequencia-de-vitorias\/#primaryimage"},"thumbnailUrl":"https:\/\/www.notibras.com\/site\/wp-content\/uploads\/2014\/05\/danielcarvalho_pierre-pierre-fernandoribeiro-futurapress.jpg","datePublished":"2014-05-25T23:49:00+00:00","breadcrumb":{"@id":"https:\/\/www.notibras.com\/site\/galo-esbarra-no-0x0-com-criciuma-e-encerra-sequencia-de-vitorias\/#breadcrumb"},"inLanguage":"pt-BR","potentialAction":[{"@type":"ReadAction","target":["https:\/\/www.notibras.com\/site\/galo-esbarra-no-0x0-com-criciuma-e-encerra-sequencia-de-vitorias\/"]}]},{"@type":"ImageObject","inLanguage":"pt-BR","@id":"https:\/\/www.notibras.com\/site\/galo-esbarra-no-0x0-com-criciuma-e-encerra-sequencia-de-vitorias\/#primaryimage","url":"https:\/\/www.notibras.com\/site\/wp-content\/uploads\/2014\/05\/danielcarvalho_pierre-pierre-fernandoribeiro-futurapress.jpg","contentUrl":"https:\/\/www.notibras.com\/site\/wp-content\/uploads\/2014\/05\/danielcarvalho_pierre-pierre-fernandoribeiro-futurapress.jpg","width":620,"height":390},{"@type":"BreadcrumbList","@id":"https:\/\/www.notibras.com\/site\/galo-esbarra-no-0x0-com-criciuma-e-encerra-sequencia-de-vitorias\/#breadcrumb","itemListElement":[{"@type":"ListItem","position":1,"name":"In\u00edcio","item":"https:\/\/www.notibras.com\/site\/"},{"@type":"ListItem","position":2,"name":"Galo esbarra no 0x0 com Crici\u00fama e encerra sequ\u00eancia de vit\u00f3rias"}]},{"@type":"WebSite","@id":"https:\/\/www.notibras.com\/site\/#website","url":"https:\/\/www.notibras.com\/site\/","name":"Notibras","description":"Not\u00edcias de Bras\u00edlia, do Brasil e do Mundo","publisher":{"@id":"https:\/\/www.notibras.com\/site\/#organization"},"potentialAction":[{"@type":"SearchAction","target":{"@type":"EntryPoint","urlTemplate":"https:\/\/www.notibras.com\/site\/?s={search_term_string}"},"query-input":{"@type":"PropertyValueSpecification","valueRequired":true,"valueName":"search_term_string"}}],"inLanguage":"pt-BR"},{"@type":"Organization","@id":"https:\/\/www.notibras.com\/site\/#organization","name":"Grupo Notibras de Comunica\u00e7\u00e3o","url":"https:\/\/www.notibras.com\/site\/","logo":{"@type":"ImageObject","inLanguage":"pt-BR","@id":"https:\/\/www.notibras.com\/site\/#\/schema\/logo\/image\/","url":"https:\/\/www.notibras.com\/site\/wp-content\/uploads\/2023\/01\/notibras23.png","contentUrl":"https:\/\/www.notibras.com\/site\/wp-content\/uploads\/2023\/01\/notibras23.png","width":350,"height":87,"caption":"Grupo Notibras de Comunica\u00e7\u00e3o"},"image":{"@id":"https:\/\/www.notibras.com\/site\/#\/schema\/logo\/image\/"},"sameAs":["https:\/\/www.facebook.com\/notibras\/","https:\/\/x.com\/Notibras","https:\/\/www.instagram.com\/notibras\/"]},{"@type":"Person","@id":"https:\/\/www.notibras.com\/site\/#\/schema\/person\/36ab0979449956132d3e5b517ea76ac8","name":"Reda\u00e7\u00e3o","image":{"@type":"ImageObject","inLanguage":"pt-BR","@id":"https:\/\/secure.gravatar.com\/avatar\/e0a867bdedb85fd243eadf09663511f96fc81e0720a4a42581f334ad4303aa6b?s=96&d=mm&r=g","url":"https:\/\/secure.gravatar.com\/avatar\/e0a867bdedb85fd243eadf09663511f96fc81e0720a4a42581f334ad4303aa6b?s=96&d=mm&r=g","contentUrl":"https:\/\/secure.gravatar.com\/avatar\/e0a867bdedb85fd243eadf09663511f96fc81e0720a4a42581f334ad4303aa6b?s=96&d=mm&r=g","caption":"Reda\u00e7\u00e3o"}}]}},"amp_enabled":true,"_links":{"self":[{"href":"https:\/\/www.notibras.com\/site\/wp-json\/wp\/v2\/posts\/10888","targetHints":{"allow":["GET"]}}],"collection":[{"href":"https:\/\/www.notibras.com\/site\/wp-json\/wp\/v2\/posts"}],"about":[{"href":"https:\/\/www.notibras.com\/site\/wp-json\/wp\/v2\/types\/post"}],"author":[{"embeddable":true,"href":"https:\/\/www.notibras.com\/site\/wp-json\/wp\/v2\/users\/2"}],"replies":[{"embeddable":true,"href":"https:\/\/www.notibras.com\/site\/wp-json\/wp\/v2\/comments?post=10888"}],"version-history":[{"count":0,"href":"https:\/\/www.notibras.com\/site\/wp-json\/wp\/v2\/posts\/10888\/revisions"}],"wp:featuredmedia":[{"embeddable":true,"href":"https:\/\/www.notibras.com\/site\/wp-json\/wp\/v2\/media\/10889"}],"wp:attachment":[{"href":"https:\/\/www.notibras.com\/site\/wp-json\/wp\/v2\/media?parent=10888"}],"wp:term":[{"taxonomy":"category","embeddable":true,"href":"https:\/\/www.notibras.com\/site\/wp-json\/wp\/v2\/categories?post=10888"},{"taxonomy":"post_tag","embeddable":true,"href":"https:\/\/www.notibras.com\/site\/wp-json\/wp\/v2\/tags?post=10888"}],"curies":[{"name":"wp","href":"https:\/\/api.w.org\/{rel}","templated":true}]}}