{"id":108881,"date":"2016-07-23T23:03:32","date_gmt":"2016-07-24T02:03:32","guid":{"rendered":"http:\/\/www.notibras.com\/site\/?p=108881"},"modified":"2016-07-23T23:06:59","modified_gmt":"2016-07-24T02:06:59","slug":"saudades-do-geraldo-seabra-o-mago-das-redacoes-detestado-pelos-militares","status":"publish","type":"post","link":"https:\/\/www.notibras.com\/site\/saudades-do-geraldo-seabra-o-mago-das-redacoes-detestado-pelos-militares\/","title":{"rendered":"Saudades do Seabr\u00e3o, o Mago das reda\u00e7\u00f5es detestado pelos militares"},"content":{"rendered":"<p><strong>Jos\u00e9 Escarlate<\/strong><\/p>\n<p>Eu j\u00e1 havia deixado o Correio Braziliense quando por l\u00e1 chegou o velho Seabra, no in\u00edcio dos anos 70, para comandar a reda\u00e7\u00e3o. Geraldo de Farias Seabra era um pernambucano arretado, fala mansa, doce, alegre e que inspirava confian\u00e7a.<\/p>\n<p>A fam\u00edlia, eu j\u00e1 conhecia. Sua filha Maria Bet\u00e2nia trabalhou comigo na Ag\u00eancia Nacional em tempos idos, assim como o filho, Geraldo Seabra, o G\u00ea, que era um dos principais rep\u00f3rteres do jornal, quando estive por l\u00e1.<\/p>\n<p>Anos depois, trabalhamos juntos eu e o Jos\u00e9 Seabra Neto, quando tocamos pr\u00e1 frente a divulga\u00e7\u00e3o do projeto de transposi\u00e7\u00e3o das \u00e1guas do rio S\u00e3o Francisco. Isso, em 1992, e ela vem se arrastando at\u00e9 hoje, fazendo algumas fortunas.<\/p>\n<p>Fiquei amigo de todos da fam\u00edlia, inclusive v\u00e1rias vezes fui curtir os maravilhosos almo\u00e7os da dona Madalena, a grande paix\u00e3o do velho Seabra. Em Bras\u00edlia, onde chegou no in\u00edcio dos anos 60, assumiu a dire\u00e7\u00e3o da sucursal da \u00daltima Hora, passando depois pelo Correio Braziliense e Folha de S\u00e3o Paulo.<\/p>\n<p><img loading=\"lazy\" decoding=\"async\" class=\"alignnone size-full wp-image-108885\" src=\"http:\/\/www.notibras.com\/site\/wp-content\/uploads\/2016\/07\/314077_10200273436228134_196020029_n.jpg\" alt=\"314077_10200273436228134_196020029_n\" width=\"960\" height=\"666\" srcset=\"https:\/\/www.notibras.com\/site\/wp-content\/uploads\/2016\/07\/314077_10200273436228134_196020029_n.jpg 960w, https:\/\/www.notibras.com\/site\/wp-content\/uploads\/2016\/07\/314077_10200273436228134_196020029_n-300x208.jpg 300w, https:\/\/www.notibras.com\/site\/wp-content\/uploads\/2016\/07\/314077_10200273436228134_196020029_n-768x533.jpg 768w, https:\/\/www.notibras.com\/site\/wp-content\/uploads\/2016\/07\/314077_10200273436228134_196020029_n-100x70.jpg 100w, https:\/\/www.notibras.com\/site\/wp-content\/uploads\/2016\/07\/314077_10200273436228134_196020029_n-218x150.jpg 218w, https:\/\/www.notibras.com\/site\/wp-content\/uploads\/2016\/07\/314077_10200273436228134_196020029_n-696x483.jpg 696w, https:\/\/www.notibras.com\/site\/wp-content\/uploads\/2016\/07\/314077_10200273436228134_196020029_n-605x420.jpg 605w\" sizes=\"auto, (max-width: 960px) 100vw, 960px\" \/><\/p>\n<p>Seabr\u00e3o era festejado em todas as reda\u00e7\u00f5es, onde fez grandes amigos. Um dia, veio a desaguar na Empresa Brasileira de Not\u00edcias, a EBN, onde eu dirigia o jornalismo. Muitas vezes recorri a ele, nos momentos dif\u00edceis, de sufoco. Era um refor\u00e7o de peso para a ag\u00eancia, que precisava de gente experiente.<\/p>\n<p>Normalmente, os rep\u00f3rteres da casa eram credenciados no Pal\u00e1cio do Planalto, para eventualidade de uma cobertura do presidente no DF. Era rotina. Assim tamb\u00e9m procedi em rela\u00e7\u00e3o ao Seabra, ao Abdias Silva e outros. Enviei o pedido de credenciamento e, para surpresa minha, os pedidos foram negados. N\u00e3o s\u00f3 isso. No caso do Seabra, os \u00f3rg\u00e3os de informa\u00e7\u00f5es determinaram sua demiss\u00e3o imediata. Tentei argumentar e pedi o apoio da presid\u00eancia da empresa. A resposta foi \u201cordens s\u00e3o ordens\u201d.<\/p>\n<p>Velho e querido amigo, aquilo me machucou profundamente. E l\u00e1 se foi o Seabra por este mundo de Deus. Entendeu o drama pelo qual eu passava e me abra\u00e7ou dizendo: \u201cQuerido, isso n\u00e3o vai afetar em nada a nossa velha amizade\u201d \u2013 e me deu um beijo na face, carinhosamente.<\/p>\n<p>A repress\u00e3o e a censura n\u00e3o davam tr\u00e9gua. Desiludido, Seabra sentiu-se perseguido, at\u00e9 que, em gesto extremo, deixou de lado o jornalismo e decidiu se dedicar a outra grande paix\u00e3o, al\u00e9m da Madalena: a astrologia. Sem abandonar as reda\u00e7\u00f5es, lan\u00e7ou no Correio Braziliense o \u201cHor\u00f3scopo\u201d. O sucesso foi imediato. A partir da\u00ed, passou a cultivar uma enorme barba, grisalha, que lhe valeu o apelido de \u201cMago\u201d.<\/p>\n<p>Livre dos militares, lan\u00e7ou o livro \u201cPortal da Magia\u201d e fundou o \u201cCol\u00e9gio de Magos de Bras\u00edlia&#8221;.<\/p>\n<p>Foi Geraldo de Farias Seabra, com outros companheiros, que lan\u00e7ou a semente da loja Atl\u00e2ntica da cidade, nos idos de 1964, ligada \u00e0 Grande Loja Ma\u00e7\u00f4nica do Distrito Federal. A loja foi fundada na casa do Seabra, que era assessor de Imprensa da Petrobras. Ficava num confort\u00e1vel barraco, no acampamento da empresa.<\/p>\n<p>Aqui, ele e Madalena aumentaram a fam\u00edlia: 10 filhos, 36 netos e 15 bisnetos. O querido amigo Geraldo Faria Seabra se foi aos 85 anos de idade, dia 7 de novembro de 2008, v\u00edtima de fal\u00eancia m\u00faltipla dos \u00f3rg\u00e3os, conseq\u00fc\u00eancia de uma pneumonia. Deixou uma imensa saudade.<\/p>\n<p><img loading=\"lazy\" decoding=\"async\" class=\"alignnone size-full wp-image-83053\" src=\"http:\/\/www.notibras.com\/site\/wp-content\/uploads\/2016\/01\/PV.png\" alt=\"PV\" width=\"122\" height=\"26\" \/><\/p>\n","protected":false},"excerpt":{"rendered":"<p>Jos\u00e9 Escarlate Eu j\u00e1 havia deixado o Correio Braziliense quando por l\u00e1 chegou o velho Seabra, no in\u00edcio dos anos 70, para comandar a reda\u00e7\u00e3o. Geraldo de Farias Seabra era um pernambucano arretado, fala mansa, doce, alegre e que inspirava confian\u00e7a. A fam\u00edlia, eu j\u00e1 conhecia. Sua filha Maria Bet\u00e2nia trabalhou comigo na Ag\u00eancia Nacional [&hellip;]<\/p>\n","protected":false},"author":2,"featured_media":108882,"comment_status":"open","ping_status":"closed","sticky":false,"template":"","format":"standard","meta":{"_acf_changed":false,"footnotes":""},"categories":[63],"tags":[],"class_list":["post-108881","post","type-post","status-publish","format-standard","has-post-thumbnail","hentry","category-paginas-viradas"],"acf":[],"_links":{"self":[{"href":"https:\/\/www.notibras.com\/site\/wp-json\/wp\/v2\/posts\/108881","targetHints":{"allow":["GET"]}}],"collection":[{"href":"https:\/\/www.notibras.com\/site\/wp-json\/wp\/v2\/posts"}],"about":[{"href":"https:\/\/www.notibras.com\/site\/wp-json\/wp\/v2\/types\/post"}],"author":[{"embeddable":true,"href":"https:\/\/www.notibras.com\/site\/wp-json\/wp\/v2\/users\/2"}],"replies":[{"embeddable":true,"href":"https:\/\/www.notibras.com\/site\/wp-json\/wp\/v2\/comments?post=108881"}],"version-history":[{"count":4,"href":"https:\/\/www.notibras.com\/site\/wp-json\/wp\/v2\/posts\/108881\/revisions"}],"predecessor-version":[{"id":108887,"href":"https:\/\/www.notibras.com\/site\/wp-json\/wp\/v2\/posts\/108881\/revisions\/108887"}],"wp:featuredmedia":[{"embeddable":true,"href":"https:\/\/www.notibras.com\/site\/wp-json\/wp\/v2\/media\/108882"}],"wp:attachment":[{"href":"https:\/\/www.notibras.com\/site\/wp-json\/wp\/v2\/media?parent=108881"}],"wp:term":[{"taxonomy":"category","embeddable":true,"href":"https:\/\/www.notibras.com\/site\/wp-json\/wp\/v2\/categories?post=108881"},{"taxonomy":"post_tag","embeddable":true,"href":"https:\/\/www.notibras.com\/site\/wp-json\/wp\/v2\/tags?post=108881"}],"curies":[{"name":"wp","href":"https:\/\/api.w.org\/{rel}","templated":true}]}}