{"id":10894,"date":"2014-05-25T20:58:28","date_gmt":"2014-05-25T23:58:28","guid":{"rendered":"http:\/\/www.notibras.com\/site\/?p=10894"},"modified":"2014-05-25T20:59:51","modified_gmt":"2014-05-25T23:59:51","slug":"empate-com-vitoria-mantem-botafogo-na-zona-do-rebaixamento","status":"publish","type":"post","link":"https:\/\/www.notibras.com\/site\/empate-com-vitoria-mantem-botafogo-na-zona-do-rebaixamento\/","title":{"rendered":"Empate com Vit\u00f3ria mant\u00e9m Botafogo na zona de rebaixamento"},"content":{"rendered":"<p>O Botafogo n\u00e3o consegue deixar a zona de rebaixamento do Campeonato Brasileiro. Neste domingo, o Alvinegro voltou a apresentar as conhecidas falhas e cedeu o empate ao Vit\u00f3ria no segundo tempo. O resultado de 1 a 1 &#8211; gols de Emerson Sheik e Dinei -, em Maca\u00e9, manteve o Alvinegro na degola com apenas cinco pontos conquistados e a 17\u00aa coloca\u00e7\u00e3o. Os baianos respiraram um pouco e est\u00e3o na 15\u00aa posi\u00e7\u00e3o, com seis pontos.<\/p>\n<p>Na pr\u00f3xima rodada, o Botafogo enfrenta o Palmeiras, quarta-feira, \u00e0s 19h30, no Prudent\u00e3o. O Vit\u00f3ria encara o Goi\u00e1s, na mesma data, \u00e0s 21h, no Serra Dourada.<\/p>\n<p>A partida come\u00e7ou com os times trocando passes e buscando os tr\u00eas pontos, \u00fanico resultado favor\u00e1vel pela situa\u00e7\u00e3o de ambos na tabela. A primeira chance foi dos visitantes. Aos 12min, Souza aproveitou a falha da defesa, driblou Renan e arrematou na rede pelo lado de fora. Aos 17min, foi a vez de Marquinhos amea\u00e7ar.<\/p>\n<p>Aos 19min, Alem\u00e3o perdeu nova oportunidade para o Vit\u00f3ria. Sozinho, ele cabeceou para fora. O Botafogo n\u00e3o conseguiu conter a press\u00e3o advers\u00e1ria, teve dificuldades para se encontrar e irritou bastante a torcida com o passar do tempo. Caio quase marcou aos 22min.<\/p>\n<p>As chegadas alvinegras eram espor\u00e1dicas. O time se mostrou dependente das jogadas pelas laterais, principalmente com o apoio de Emerson Sheik. Bem marcado, o setor ofensivo pouco criou. A primeira chance foi aos 31min. Lucas chutou cruzado, mas Wallyson desperdi\u00e7ou. Aos 41min, Lucas arrematou e a bola raspou o travess\u00e3o.<\/p>\n<p>Mas, aos 42min, a bola sobrou na entrada da \u00e1rea. Emerson Sheik ajeitou e soltou a bomba para abrir o placar e colocar o Botafogo em vantagem. O time respirou aliviado e desceu para o vesti\u00e1rio aplaudido no intervalo.<\/p>\n<p>As equipes voltaram com altera\u00e7\u00f5es para o segundo tempo. Aos 7min, o Vit\u00f3ria chegou bem com a velocidade de Caio. Renan neutralizou com firmeza o arremate. O Botafogo esperou um contra-ataque na expectativa de ampliar o placar e definir o resultado positivo.<\/p>\n<p>Por\u00e9m, foram os visitantes que conseguiram o empate. Aos 24min, Dinei se posicionou bem e s\u00f3 teve o trabalho de empurrar a bola para o gol depois do cruzamento de Tarracha. O Vit\u00f3ria mostrou-se melhor no decorrer do segundo tempo e partiu em busca da virada.<\/p>\n<p>O Alvinegro esperou a melhor oportunidade para tentar decretar o triunfo. No entanto, as duas equipes n\u00e3o tiveram for\u00e7as para mudar o marcador e sa\u00edram de campo com um resultado longe do ideal. Ficou melhor para o Vit\u00f3ria, que se manteve fora da zona de rebaixamento. J\u00e1 o Botafogo ter\u00e1 nova chance no meio de semana para enfim dar um descanso no sofrimento aos seus torcedores.<\/p>\n","protected":false},"excerpt":{"rendered":"<p>O Botafogo n\u00e3o consegue deixar a zona de rebaixamento do Campeonato Brasileiro. Neste domingo, o Alvinegro voltou a apresentar as conhecidas falhas e cedeu o empate ao Vit\u00f3ria no segundo tempo. O resultado de 1 a 1 &#8211; gols de Emerson Sheik e Dinei -, em Maca\u00e9, manteve o Alvinegro na degola com apenas cinco [&hellip;]<\/p>\n","protected":false},"author":2,"featured_media":10895,"comment_status":"open","ping_status":"closed","sticky":false,"template":"","format":"standard","meta":{"_acf_changed":false,"footnotes":""},"categories":[19,29],"tags":[],"class_list":["post-10894","post","type-post","status-publish","format-standard","has-post-thumbnail","hentry","category-esportes","category-futebol"],"acf":[],"yoast_head":"<!-- This site is optimized with the Yoast SEO plugin v27.2 - https:\/\/yoast.com\/product\/yoast-seo-wordpress\/ -->\n<title>Empate com Vit\u00f3ria mant\u00e9m Botafogo na zona de rebaixamento - Notibras<\/title>\n<meta name=\"robots\" content=\"index, follow, max-snippet:-1, max-image-preview:large, max-video-preview:-1\" \/>\n<link rel=\"canonical\" href=\"https:\/\/www.notibras.com\/site\/empate-com-vitoria-mantem-botafogo-na-zona-do-rebaixamento\/\" \/>\n<meta property=\"og:locale\" content=\"pt_BR\" \/>\n<meta property=\"og:type\" content=\"article\" \/>\n<meta property=\"og:title\" content=\"Empate com Vit\u00f3ria mant\u00e9m Botafogo na zona de rebaixamento - Notibras\" \/>\n<meta property=\"og:description\" content=\"O Botafogo n\u00e3o consegue deixar a zona de rebaixamento do Campeonato Brasileiro. Neste domingo, o Alvinegro voltou a apresentar as conhecidas falhas e cedeu o empate ao Vit\u00f3ria no segundo tempo. O resultado de 1 a 1 &#8211; gols de Emerson Sheik e Dinei -, em Maca\u00e9, manteve o Alvinegro na degola com apenas cinco [&hellip;]\" \/>\n<meta property=\"og:url\" content=\"https:\/\/www.notibras.com\/site\/empate-com-vitoria-mantem-botafogo-na-zona-do-rebaixamento\/\" \/>\n<meta property=\"og:site_name\" content=\"Notibras\" \/>\n<meta property=\"article:publisher\" content=\"https:\/\/www.facebook.com\/notibras\/\" \/>\n<meta property=\"article:published_time\" content=\"2014-05-25T23:58:28+00:00\" \/>\n<meta property=\"article:modified_time\" content=\"2014-05-25T23:59:51+00:00\" \/>\n<meta property=\"og:image\" content=\"https:\/\/www.notibras.com\/site\/wp-content\/uploads\/2014\/05\/Jorge-Wagner-olhando-bola-botafogo-640x480-Vitor-Silva-Flickr-Botafogo.jpg\" \/>\n\t<meta property=\"og:image:width\" content=\"620\" \/>\n\t<meta property=\"og:image:height\" content=\"465\" \/>\n\t<meta property=\"og:image:type\" content=\"image\/jpeg\" \/>\n<meta name=\"author\" content=\"Reda\u00e7\u00e3o\" \/>\n<meta name=\"twitter:card\" content=\"summary_large_image\" \/>\n<meta name=\"twitter:creator\" content=\"@Notibras\" \/>\n<meta name=\"twitter:site\" content=\"@Notibras\" \/>\n<meta name=\"twitter:label1\" content=\"Escrito por\" \/>\n\t<meta name=\"twitter:data1\" content=\"Reda\u00e7\u00e3o\" \/>\n\t<meta name=\"twitter:label2\" content=\"Est. tempo de leitura\" \/>\n\t<meta name=\"twitter:data2\" content=\"2 minutos\" \/>\n<script type=\"application\/ld+json\" class=\"yoast-schema-graph\">{\"@context\":\"https:\/\/schema.org\",\"@graph\":[{\"@type\":\"Article\",\"@id\":\"https:\/\/www.notibras.com\/site\/empate-com-vitoria-mantem-botafogo-na-zona-do-rebaixamento\/#article\",\"isPartOf\":{\"@id\":\"https:\/\/www.notibras.com\/site\/empate-com-vitoria-mantem-botafogo-na-zona-do-rebaixamento\/\"},\"author\":{\"name\":\"Reda\u00e7\u00e3o\",\"@id\":\"https:\/\/www.notibras.com\/site\/#\/schema\/person\/36ab0979449956132d3e5b517ea76ac8\"},\"headline\":\"Empate com Vit\u00f3ria mant\u00e9m Botafogo na zona de rebaixamento\",\"datePublished\":\"2014-05-25T23:58:28+00:00\",\"dateModified\":\"2014-05-25T23:59:51+00:00\",\"mainEntityOfPage\":{\"@id\":\"https:\/\/www.notibras.com\/site\/empate-com-vitoria-mantem-botafogo-na-zona-do-rebaixamento\/\"},\"wordCount\":477,\"commentCount\":0,\"publisher\":{\"@id\":\"https:\/\/www.notibras.com\/site\/#organization\"},\"image\":{\"@id\":\"https:\/\/www.notibras.com\/site\/empate-com-vitoria-mantem-botafogo-na-zona-do-rebaixamento\/#primaryimage\"},\"thumbnailUrl\":\"https:\/\/www.notibras.com\/site\/wp-content\/uploads\/2014\/05\/Jorge-Wagner-olhando-bola-botafogo-640x480-Vitor-Silva-Flickr-Botafogo.jpg\",\"articleSection\":[\"Esportes\",\"Futebol\"],\"inLanguage\":\"pt-BR\",\"potentialAction\":[{\"@type\":\"CommentAction\",\"name\":\"Comment\",\"target\":[\"https:\/\/www.notibras.com\/site\/empate-com-vitoria-mantem-botafogo-na-zona-do-rebaixamento\/#respond\"]}]},{\"@type\":\"WebPage\",\"@id\":\"https:\/\/www.notibras.com\/site\/empate-com-vitoria-mantem-botafogo-na-zona-do-rebaixamento\/\",\"url\":\"https:\/\/www.notibras.com\/site\/empate-com-vitoria-mantem-botafogo-na-zona-do-rebaixamento\/\",\"name\":\"Empate com Vit\u00f3ria mant\u00e9m Botafogo na zona de rebaixamento - Notibras\",\"isPartOf\":{\"@id\":\"https:\/\/www.notibras.com\/site\/#website\"},\"primaryImageOfPage\":{\"@id\":\"https:\/\/www.notibras.com\/site\/empate-com-vitoria-mantem-botafogo-na-zona-do-rebaixamento\/#primaryimage\"},\"image\":{\"@id\":\"https:\/\/www.notibras.com\/site\/empate-com-vitoria-mantem-botafogo-na-zona-do-rebaixamento\/#primaryimage\"},\"thumbnailUrl\":\"https:\/\/www.notibras.com\/site\/wp-content\/uploads\/2014\/05\/Jorge-Wagner-olhando-bola-botafogo-640x480-Vitor-Silva-Flickr-Botafogo.jpg\",\"datePublished\":\"2014-05-25T23:58:28+00:00\",\"dateModified\":\"2014-05-25T23:59:51+00:00\",\"breadcrumb\":{\"@id\":\"https:\/\/www.notibras.com\/site\/empate-com-vitoria-mantem-botafogo-na-zona-do-rebaixamento\/#breadcrumb\"},\"inLanguage\":\"pt-BR\",\"potentialAction\":[{\"@type\":\"ReadAction\",\"target\":[\"https:\/\/www.notibras.com\/site\/empate-com-vitoria-mantem-botafogo-na-zona-do-rebaixamento\/\"]}]},{\"@type\":\"ImageObject\",\"inLanguage\":\"pt-BR\",\"@id\":\"https:\/\/www.notibras.com\/site\/empate-com-vitoria-mantem-botafogo-na-zona-do-rebaixamento\/#primaryimage\",\"url\":\"https:\/\/www.notibras.com\/site\/wp-content\/uploads\/2014\/05\/Jorge-Wagner-olhando-bola-botafogo-640x480-Vitor-Silva-Flickr-Botafogo.jpg\",\"contentUrl\":\"https:\/\/www.notibras.com\/site\/wp-content\/uploads\/2014\/05\/Jorge-Wagner-olhando-bola-botafogo-640x480-Vitor-Silva-Flickr-Botafogo.jpg\",\"width\":620,\"height\":465},{\"@type\":\"BreadcrumbList\",\"@id\":\"https:\/\/www.notibras.com\/site\/empate-com-vitoria-mantem-botafogo-na-zona-do-rebaixamento\/#breadcrumb\",\"itemListElement\":[{\"@type\":\"ListItem\",\"position\":1,\"name\":\"In\u00edcio\",\"item\":\"https:\/\/www.notibras.com\/site\/\"},{\"@type\":\"ListItem\",\"position\":2,\"name\":\"Empate com Vit\u00f3ria mant\u00e9m Botafogo na zona de rebaixamento\"}]},{\"@type\":\"WebSite\",\"@id\":\"https:\/\/www.notibras.com\/site\/#website\",\"url\":\"https:\/\/www.notibras.com\/site\/\",\"name\":\"Notibras\",\"description\":\"Not\u00edcias de Bras\u00edlia, do Brasil e do Mundo\",\"publisher\":{\"@id\":\"https:\/\/www.notibras.com\/site\/#organization\"},\"potentialAction\":[{\"@type\":\"SearchAction\",\"target\":{\"@type\":\"EntryPoint\",\"urlTemplate\":\"https:\/\/www.notibras.com\/site\/?s={search_term_string}\"},\"query-input\":{\"@type\":\"PropertyValueSpecification\",\"valueRequired\":true,\"valueName\":\"search_term_string\"}}],\"inLanguage\":\"pt-BR\"},{\"@type\":\"Organization\",\"@id\":\"https:\/\/www.notibras.com\/site\/#organization\",\"name\":\"Grupo Notibras de Comunica\u00e7\u00e3o\",\"url\":\"https:\/\/www.notibras.com\/site\/\",\"logo\":{\"@type\":\"ImageObject\",\"inLanguage\":\"pt-BR\",\"@id\":\"https:\/\/www.notibras.com\/site\/#\/schema\/logo\/image\/\",\"url\":\"https:\/\/www.notibras.com\/site\/wp-content\/uploads\/2023\/01\/notibras23.png\",\"contentUrl\":\"https:\/\/www.notibras.com\/site\/wp-content\/uploads\/2023\/01\/notibras23.png\",\"width\":350,\"height\":87,\"caption\":\"Grupo Notibras de Comunica\u00e7\u00e3o\"},\"image\":{\"@id\":\"https:\/\/www.notibras.com\/site\/#\/schema\/logo\/image\/\"},\"sameAs\":[\"https:\/\/www.facebook.com\/notibras\/\",\"https:\/\/x.com\/Notibras\",\"https:\/\/www.instagram.com\/notibras\/\"]},{\"@type\":\"Person\",\"@id\":\"https:\/\/www.notibras.com\/site\/#\/schema\/person\/36ab0979449956132d3e5b517ea76ac8\",\"name\":\"Reda\u00e7\u00e3o\",\"image\":{\"@type\":\"ImageObject\",\"inLanguage\":\"pt-BR\",\"@id\":\"https:\/\/secure.gravatar.com\/avatar\/e0a867bdedb85fd243eadf09663511f96fc81e0720a4a42581f334ad4303aa6b?s=96&d=mm&r=g\",\"url\":\"https:\/\/secure.gravatar.com\/avatar\/e0a867bdedb85fd243eadf09663511f96fc81e0720a4a42581f334ad4303aa6b?s=96&d=mm&r=g\",\"contentUrl\":\"https:\/\/secure.gravatar.com\/avatar\/e0a867bdedb85fd243eadf09663511f96fc81e0720a4a42581f334ad4303aa6b?s=96&d=mm&r=g\",\"caption\":\"Reda\u00e7\u00e3o\"}}]}<\/script>\n<!-- \/ Yoast SEO plugin. -->","yoast_head_json":{"title":"Empate com Vit\u00f3ria mant\u00e9m Botafogo na zona de rebaixamento - Notibras","robots":{"index":"index","follow":"follow","max-snippet":"max-snippet:-1","max-image-preview":"max-image-preview:large","max-video-preview":"max-video-preview:-1"},"canonical":"https:\/\/www.notibras.com\/site\/empate-com-vitoria-mantem-botafogo-na-zona-do-rebaixamento\/","og_locale":"pt_BR","og_type":"article","og_title":"Empate com Vit\u00f3ria mant\u00e9m Botafogo na zona de rebaixamento - Notibras","og_description":"O Botafogo n\u00e3o consegue deixar a zona de rebaixamento do Campeonato Brasileiro. Neste domingo, o Alvinegro voltou a apresentar as conhecidas falhas e cedeu o empate ao Vit\u00f3ria no segundo tempo. O resultado de 1 a 1 &#8211; gols de Emerson Sheik e Dinei -, em Maca\u00e9, manteve o Alvinegro na degola com apenas cinco [&hellip;]","og_url":"https:\/\/www.notibras.com\/site\/empate-com-vitoria-mantem-botafogo-na-zona-do-rebaixamento\/","og_site_name":"Notibras","article_publisher":"https:\/\/www.facebook.com\/notibras\/","article_published_time":"2014-05-25T23:58:28+00:00","article_modified_time":"2014-05-25T23:59:51+00:00","og_image":[{"width":620,"height":465,"url":"https:\/\/www.notibras.com\/site\/wp-content\/uploads\/2014\/05\/Jorge-Wagner-olhando-bola-botafogo-640x480-Vitor-Silva-Flickr-Botafogo.jpg","type":"image\/jpeg"}],"author":"Reda\u00e7\u00e3o","twitter_card":"summary_large_image","twitter_creator":"@Notibras","twitter_site":"@Notibras","twitter_misc":{"Escrito por":"Reda\u00e7\u00e3o","Est. tempo de leitura":"2 minutos"},"schema":{"@context":"https:\/\/schema.org","@graph":[{"@type":"Article","@id":"https:\/\/www.notibras.com\/site\/empate-com-vitoria-mantem-botafogo-na-zona-do-rebaixamento\/#article","isPartOf":{"@id":"https:\/\/www.notibras.com\/site\/empate-com-vitoria-mantem-botafogo-na-zona-do-rebaixamento\/"},"author":{"name":"Reda\u00e7\u00e3o","@id":"https:\/\/www.notibras.com\/site\/#\/schema\/person\/36ab0979449956132d3e5b517ea76ac8"},"headline":"Empate com Vit\u00f3ria mant\u00e9m Botafogo na zona de rebaixamento","datePublished":"2014-05-25T23:58:28+00:00","dateModified":"2014-05-25T23:59:51+00:00","mainEntityOfPage":{"@id":"https:\/\/www.notibras.com\/site\/empate-com-vitoria-mantem-botafogo-na-zona-do-rebaixamento\/"},"wordCount":477,"commentCount":0,"publisher":{"@id":"https:\/\/www.notibras.com\/site\/#organization"},"image":{"@id":"https:\/\/www.notibras.com\/site\/empate-com-vitoria-mantem-botafogo-na-zona-do-rebaixamento\/#primaryimage"},"thumbnailUrl":"https:\/\/www.notibras.com\/site\/wp-content\/uploads\/2014\/05\/Jorge-Wagner-olhando-bola-botafogo-640x480-Vitor-Silva-Flickr-Botafogo.jpg","articleSection":["Esportes","Futebol"],"inLanguage":"pt-BR","potentialAction":[{"@type":"CommentAction","name":"Comment","target":["https:\/\/www.notibras.com\/site\/empate-com-vitoria-mantem-botafogo-na-zona-do-rebaixamento\/#respond"]}]},{"@type":"WebPage","@id":"https:\/\/www.notibras.com\/site\/empate-com-vitoria-mantem-botafogo-na-zona-do-rebaixamento\/","url":"https:\/\/www.notibras.com\/site\/empate-com-vitoria-mantem-botafogo-na-zona-do-rebaixamento\/","name":"Empate com Vit\u00f3ria mant\u00e9m Botafogo na zona de rebaixamento - Notibras","isPartOf":{"@id":"https:\/\/www.notibras.com\/site\/#website"},"primaryImageOfPage":{"@id":"https:\/\/www.notibras.com\/site\/empate-com-vitoria-mantem-botafogo-na-zona-do-rebaixamento\/#primaryimage"},"image":{"@id":"https:\/\/www.notibras.com\/site\/empate-com-vitoria-mantem-botafogo-na-zona-do-rebaixamento\/#primaryimage"},"thumbnailUrl":"https:\/\/www.notibras.com\/site\/wp-content\/uploads\/2014\/05\/Jorge-Wagner-olhando-bola-botafogo-640x480-Vitor-Silva-Flickr-Botafogo.jpg","datePublished":"2014-05-25T23:58:28+00:00","dateModified":"2014-05-25T23:59:51+00:00","breadcrumb":{"@id":"https:\/\/www.notibras.com\/site\/empate-com-vitoria-mantem-botafogo-na-zona-do-rebaixamento\/#breadcrumb"},"inLanguage":"pt-BR","potentialAction":[{"@type":"ReadAction","target":["https:\/\/www.notibras.com\/site\/empate-com-vitoria-mantem-botafogo-na-zona-do-rebaixamento\/"]}]},{"@type":"ImageObject","inLanguage":"pt-BR","@id":"https:\/\/www.notibras.com\/site\/empate-com-vitoria-mantem-botafogo-na-zona-do-rebaixamento\/#primaryimage","url":"https:\/\/www.notibras.com\/site\/wp-content\/uploads\/2014\/05\/Jorge-Wagner-olhando-bola-botafogo-640x480-Vitor-Silva-Flickr-Botafogo.jpg","contentUrl":"https:\/\/www.notibras.com\/site\/wp-content\/uploads\/2014\/05\/Jorge-Wagner-olhando-bola-botafogo-640x480-Vitor-Silva-Flickr-Botafogo.jpg","width":620,"height":465},{"@type":"BreadcrumbList","@id":"https:\/\/www.notibras.com\/site\/empate-com-vitoria-mantem-botafogo-na-zona-do-rebaixamento\/#breadcrumb","itemListElement":[{"@type":"ListItem","position":1,"name":"In\u00edcio","item":"https:\/\/www.notibras.com\/site\/"},{"@type":"ListItem","position":2,"name":"Empate com Vit\u00f3ria mant\u00e9m Botafogo na zona de rebaixamento"}]},{"@type":"WebSite","@id":"https:\/\/www.notibras.com\/site\/#website","url":"https:\/\/www.notibras.com\/site\/","name":"Notibras","description":"Not\u00edcias de Bras\u00edlia, do Brasil e do Mundo","publisher":{"@id":"https:\/\/www.notibras.com\/site\/#organization"},"potentialAction":[{"@type":"SearchAction","target":{"@type":"EntryPoint","urlTemplate":"https:\/\/www.notibras.com\/site\/?s={search_term_string}"},"query-input":{"@type":"PropertyValueSpecification","valueRequired":true,"valueName":"search_term_string"}}],"inLanguage":"pt-BR"},{"@type":"Organization","@id":"https:\/\/www.notibras.com\/site\/#organization","name":"Grupo Notibras de Comunica\u00e7\u00e3o","url":"https:\/\/www.notibras.com\/site\/","logo":{"@type":"ImageObject","inLanguage":"pt-BR","@id":"https:\/\/www.notibras.com\/site\/#\/schema\/logo\/image\/","url":"https:\/\/www.notibras.com\/site\/wp-content\/uploads\/2023\/01\/notibras23.png","contentUrl":"https:\/\/www.notibras.com\/site\/wp-content\/uploads\/2023\/01\/notibras23.png","width":350,"height":87,"caption":"Grupo Notibras de Comunica\u00e7\u00e3o"},"image":{"@id":"https:\/\/www.notibras.com\/site\/#\/schema\/logo\/image\/"},"sameAs":["https:\/\/www.facebook.com\/notibras\/","https:\/\/x.com\/Notibras","https:\/\/www.instagram.com\/notibras\/"]},{"@type":"Person","@id":"https:\/\/www.notibras.com\/site\/#\/schema\/person\/36ab0979449956132d3e5b517ea76ac8","name":"Reda\u00e7\u00e3o","image":{"@type":"ImageObject","inLanguage":"pt-BR","@id":"https:\/\/secure.gravatar.com\/avatar\/e0a867bdedb85fd243eadf09663511f96fc81e0720a4a42581f334ad4303aa6b?s=96&d=mm&r=g","url":"https:\/\/secure.gravatar.com\/avatar\/e0a867bdedb85fd243eadf09663511f96fc81e0720a4a42581f334ad4303aa6b?s=96&d=mm&r=g","contentUrl":"https:\/\/secure.gravatar.com\/avatar\/e0a867bdedb85fd243eadf09663511f96fc81e0720a4a42581f334ad4303aa6b?s=96&d=mm&r=g","caption":"Reda\u00e7\u00e3o"}}]}},"amp_enabled":true,"_links":{"self":[{"href":"https:\/\/www.notibras.com\/site\/wp-json\/wp\/v2\/posts\/10894","targetHints":{"allow":["GET"]}}],"collection":[{"href":"https:\/\/www.notibras.com\/site\/wp-json\/wp\/v2\/posts"}],"about":[{"href":"https:\/\/www.notibras.com\/site\/wp-json\/wp\/v2\/types\/post"}],"author":[{"embeddable":true,"href":"https:\/\/www.notibras.com\/site\/wp-json\/wp\/v2\/users\/2"}],"replies":[{"embeddable":true,"href":"https:\/\/www.notibras.com\/site\/wp-json\/wp\/v2\/comments?post=10894"}],"version-history":[{"count":0,"href":"https:\/\/www.notibras.com\/site\/wp-json\/wp\/v2\/posts\/10894\/revisions"}],"wp:featuredmedia":[{"embeddable":true,"href":"https:\/\/www.notibras.com\/site\/wp-json\/wp\/v2\/media\/10895"}],"wp:attachment":[{"href":"https:\/\/www.notibras.com\/site\/wp-json\/wp\/v2\/media?parent=10894"}],"wp:term":[{"taxonomy":"category","embeddable":true,"href":"https:\/\/www.notibras.com\/site\/wp-json\/wp\/v2\/categories?post=10894"},{"taxonomy":"post_tag","embeddable":true,"href":"https:\/\/www.notibras.com\/site\/wp-json\/wp\/v2\/tags?post=10894"}],"curies":[{"name":"wp","href":"https:\/\/api.w.org\/{rel}","templated":true}]}}