{"id":10898,"date":"2014-05-25T23:19:08","date_gmt":"2014-05-26T02:19:08","guid":{"rendered":"http:\/\/www.notibras.com\/site\/?p=10898"},"modified":"2014-05-25T23:19:08","modified_gmt":"2014-05-26T02:19:08","slug":"vemos-a-nova-direita-em-acao-ou-a-repeticao-de-uma-farsa","status":"publish","type":"post","link":"https:\/\/www.notibras.com\/site\/vemos-a-nova-direita-em-acao-ou-a-repeticao-de-uma-farsa\/","title":{"rendered":"Vemos a nova direita em a\u00e7\u00e3o, ou a repeti\u00e7\u00e3o de uma farsa?"},"content":{"rendered":"<p>O Brasil vivencia um momento singular em sua recente hist\u00f3ria. Os diversos protestos desencadeados em Junho do ano passado e que persistem at\u00e9 o presente &#8211; de maneira n\u00e3o t\u00e3o intensa por\u00e9m compassada -, e a crescente cr\u00edtica ao atual governo desvelam a insatisfa\u00e7\u00e3o de relevante parcela da sociedade com o formato socioecon\u00f4mico e pol\u00edtico adquirido pelo pa\u00eds nesses \u00faltimos anos.<\/p>\n<p>Nesse contexto \u00e9 que emerge uma nova direita, que embora ainda n\u00e3o bem definida enquanto projeto, aponta para o que considera negativo para a vida do pa\u00eds nas pol\u00edticas atuais. Karl Marx, ao analisar a luta de classes na Fran\u00e7a na obra O 18 Brum\u00e1rio de Lu\u00eds Bonaparte, acrescenta \u00e0 reflex\u00e3o tomada de Hegel, que fatos e personagens importantes na hist\u00f3ria ocorrem duas vezes: a primeira como trag\u00e9dia e a segunda como farsa. Partindo de tal perspectiva, cumpre questionar: at\u00e9 que ponto a ainda n\u00e3o claramente definida direita pode repetir a trag\u00e9dia da primeira? De que direita estamos falando?<\/p>\n<p>A heran\u00e7a da Ditadura Militar brasileira acabou por formatar uma vis\u00e3o prosaica no imagin\u00e1rio popular do pa\u00eds de que a esquerda seria essencialmente comunista, de modo que tudo e todos que amea\u00e7avam a ordem social eram classificados como \u201cesquerda subversiva\u201d. Nessa esteira de esquerda estavam Jos\u00e9 Serra e Dilma Rousseff, Fernando Henrique Cardoso e Lula. Governo e oposi\u00e7\u00e3o no presente. A ironia demonstra per si o equ\u00edvoco da classifica\u00e7\u00e3o esquerda-direita do Regime Militar, pois, embora todos fossem opositores, a denomina\u00e7\u00e3o de comunistas poderia ser considerada, no m\u00ednimo, esdr\u00faxula.<\/p>\n<blockquote><p>Acabada a Ditadura, as posi\u00e7\u00f5es pol\u00edticas puderam configurar-se mais claras e as pol\u00edticas neoliberais que abarcaram o governo de Fernando Henrique Cardoso demonstraram o erro de se denominar como \u201ccomunistas\u201d simplesmente aqueles que iam contra a manuten\u00e7\u00e3o do regime militar. O neoliberalismo brasileiro, assim como nos demais pa\u00edses latino-americanos, deu provas do estrangulamento socioecon\u00f4mico atrav\u00e9s do aumento galopante das desigualdades sociais e as contradi\u00e7\u00f5es desse processo deram luz a governos que configuram um desenho geopol\u00edtico latino-americano em que o intervencionismo estatal ganha espa\u00e7o como elemento de harmoniza\u00e7\u00e3o socioecon\u00f4mica, o que, obviamente, n\u00e3o significa que sejam de \u201cesquerda\u201d ou \u201ccomunistas\u201d.<\/p><\/blockquote>\n<p>A partir da\u00ed, a direita parece ter sido identificada com aqueles que buscavam solu\u00e7\u00f5es neoliberais e a esquerda, caso do Partido dos Trabalhadores, seria a que defende o Estado interventor. Ser de esquerda significaria apoiar o projeto petista, mas e ser de direita? Significaria apoiar o projeto neoliberal ou a volta do Regime Militar? Os dois apresentam uma contradi\u00e7\u00e3o intr\u00ednseca: o primeiro advoga o estado m\u00ednimo, e o segundo o estado \u201cm\u00e1ximo\u201d, capaz de controlar todas as esferas do universo socioecon\u00f4mico e pol\u00edtico.<\/p>\n<p>A direita que desponta no presente parece se aglutinar em um dos polos acima apresentados. De um lado, aqueles que defendem a volta de um estado forte e centralizado, que v\u00ea com nostalgia o Regime Militar, garantidor da ordem e do progresso. Possuem a percep\u00e7\u00e3o de que \u201cnaquele tempo\u201d as coisas eram melhores, devido ao boom do milagre econ\u00f4mico e \u00e0s repress\u00f5es que n\u00e3o pareciam escandalizar \u00e0queles que n\u00e3o questionavam o Regime, dando a falsa ideia de paz e harmonia social. Essa direita fez-se conhecida com a tentativa do reprise da \u201cMarcha da Fam\u00edlia com Deus pela Liberdade\u201d, que, ao contr\u00e1rio de 1964 em que reuniu meio milh\u00e3o de pessoas, aglutinou cerca de 700 pessoas em mar\u00e7o deste ano em S\u00e3o Paulo, associando o PT com o comunismo e defendendo a volta do Regime Militar.<\/p>\n<p>A outra direita refuta a Ditadura Militar e defende o Estado m\u00ednimo e tem se organizado para criar partidos. S\u00e3o tr\u00eas as legendas em forma\u00e7\u00e3o: O Partido Federalista, os Libert\u00e1rios (L\u00edber) e o Partido Novo, defensores da redu\u00e7\u00e3o de impostos, das privatiza\u00e7\u00f5es e do fim do Estado que busca redistribuir renda. Em suma: s\u00e3o os novos neoliberais, ou os \u201cneo-neoliberais\u201d. Acreditam que o atual quadro pol\u00edtico tenha sido tomado pela esquerda2. Parecem se associar com ide\u00e1rios propalados por jornalistas e intelectuais como Reinaldo Azevedo e Rodrigo Constantino3, entre outros.<\/p>\n<p><em>O fen\u00f4meno nos leva \u00e0 reflex\u00e3o acerca da crise da representatividade contempor\u00e2nea, suas causas e consequ\u00eancias. Em primeiro lugar, o PT subiu ao poder em um contexto de insatisfa\u00e7\u00e3o popular, dados os efeitos colaterais das pol\u00edticas neoliberais e a aposta em uma nova governan\u00e7a. Durante os governos Lula (2003-2010), inseriram-se pol\u00edticas econ\u00f4micas populares com alto grau de repercuss\u00e3o eleitoral como a Bolsa Fam\u00edlia, ao mesmo tempo em que n\u00e3o se afrontou o grande capital, particularmente o financeiro, que alcan\u00e7ou maiores n\u00edveis de lucratividade. Pol\u00edticas, portanto, sociais-democratas. Emergiu o que se caracterizou como a \u201cnova classe C\u201d, marcando a absor\u00e7\u00e3o de uma ampla parcela da popula\u00e7\u00e3o ao mercado de consumo.<\/em><\/p>\n<p>O Brasil passara pela crise de 2008 isento de recess\u00e3o, gra\u00e7as sobretudo ao mercado interno. No entanto, tal pol\u00edtica atingiu um esgotamento. A infla\u00e7\u00e3o, a queda do crescimento e a percep\u00e7\u00e3o de que os servi\u00e7os p\u00fablicos configuram-se de p\u00e9ssima qualidade, alavancaram forte insatisfa\u00e7\u00e3o popular que atingiu a popularidade do atual governo e do PT. Em contrapartida ao esfor\u00e7o de tornar o Brasil mais relevante internacionalmente, sediando a Copa do Mundo e as Olimp\u00edadas e alocando gastos p\u00fablicos exorbitantes, essa onda de descontentamento se cristalizou nas manifesta\u00e7\u00f5es de Junho mencionadas no in\u00edcio do artigo. De l\u00e1 para c\u00e1, constata-se uma continuidade dessa insatisfa\u00e7\u00e3o atrav\u00e9s de um movimento in\u00e9dito de articula\u00e7\u00e3o nas redes sociais e na internet em que convergem express\u00f5es individuais e coletivas que possuem em comum a desconfian\u00e7a nas representa\u00e7\u00f5es pol\u00edticas apresentadas pelos atuais partidos. Um movimento que surge da base para o topo e almeja mudan\u00e7as, no entanto como escolher um caminho?<\/p>\n<p>\u00c9 nesse sentido que caminha a nova direita: busca-se em experi\u00eancias passadas par\u00e2metros para prospectivas futuras. Seja na heran\u00e7a militar ou no resgate do neoliberalismo. Ironias de uma sociedade que parece n\u00e3o conhecer seu passado de maneira coerente, mas que compra as ideologias vendidas como o\u00e1sis das resolu\u00e7\u00f5es das mazelas dos per\u00edodos anteriores de maneira acr\u00edtica, confundindo as trag\u00e9dias passadas com hero\u00edsmo e buscando ressuscitar a hist\u00f3ria com uma pitada de nostalgia.\u00a0 A Ignor\u00e2ncia parece ser a pior de todas as mazelas de uma sociedade, pois, na tentativa de buscar novos rumos busca-se em uma heran\u00e7a nefasta refer\u00eancias para o \u201cnovo\u201d. Bom seria se as institui\u00e7\u00f5es de ensino se aprofundassem no aprendizado hist\u00f3rico e conceitual de no\u00e7\u00f5es que invadem nosso cotidiano em forma de r\u00f3tulos como \u201ccapitalismo\u201d, \u201ccomunismo\u201d, \u201csocialdemocracia\u201d, \u201cesquerda\u201d, \u201cdireita\u201d, \u201cautoritarismo\u201d e afins. Talvez n\u00e3o ver\u00edamos cartazes na avenida Paulista denominando o governo petista de comunista, governo que, como j\u00e1 citado, viabilizou os maiores ganhos do capital financeiro na hist\u00f3ria do pa\u00eds.<\/p>\n<p>A \u201cesquerda fora de lugar\u201d, ou seja, o equ\u00edvoco em alocar o PT como um governo de esquerda sem o ser, acabou por gerar um clima generalizado de combate \u00e0 \u201cesquerda\u201d. Somada \u00e0 falta de partidos ou propostas de esquerda que fossem capazes de responder aos problemas do presente, parece ter se criado um v\u00e1cuo ideol\u00f3gico, ocupado agora pela obscura, mas crescente presen\u00e7a da nova direita. Nova direita ou a repeti\u00e7\u00e3o enquanto farsa? \u00c9 prov\u00e1vel que Marx ficasse com a segunda alternativa.<\/p>\n<p><strong>\u00a0Sara Toledo<\/strong><\/p>\n","protected":false},"excerpt":{"rendered":"<p>O Brasil vivencia um momento singular em sua recente hist\u00f3ria. Os diversos protestos desencadeados em Junho do ano passado e que persistem at\u00e9 o presente &#8211; de maneira n\u00e3o t\u00e3o intensa por\u00e9m compassada -, e a crescente cr\u00edtica ao atual governo desvelam a insatisfa\u00e7\u00e3o de relevante parcela da sociedade com o formato socioecon\u00f4mico e pol\u00edtico [&hellip;]<\/p>\n","protected":false},"author":2,"featured_media":10899,"comment_status":"open","ping_status":"closed","sticky":false,"template":"","format":"standard","meta":{"_acf_changed":false,"footnotes":""},"categories":[25],"tags":[],"class_list":["post-10898","post","type-post","status-publish","format-standard","has-post-thumbnail","hentry","category-opina-ai"],"acf":[],"yoast_head":"<!-- This site is optimized with the Yoast SEO plugin v27.5 - https:\/\/yoast.com\/product\/yoast-seo-wordpress\/ -->\n<title>Vemos a nova direita em a\u00e7\u00e3o, ou a repeti\u00e7\u00e3o de uma farsa? - Notibras<\/title>\n<meta name=\"robots\" content=\"index, follow, max-snippet:-1, max-image-preview:large, max-video-preview:-1\" \/>\n<link rel=\"canonical\" href=\"https:\/\/www.notibras.com\/site\/vemos-a-nova-direita-em-acao-ou-a-repeticao-de-uma-farsa\/\" \/>\n<meta property=\"og:locale\" content=\"pt_BR\" \/>\n<meta property=\"og:type\" content=\"article\" \/>\n<meta property=\"og:title\" content=\"Vemos a nova direita em a\u00e7\u00e3o, ou a repeti\u00e7\u00e3o de uma farsa? - Notibras\" \/>\n<meta property=\"og:description\" content=\"O Brasil vivencia um momento singular em sua recente hist\u00f3ria. Os diversos protestos desencadeados em Junho do ano passado e que persistem at\u00e9 o presente &#8211; de maneira n\u00e3o t\u00e3o intensa por\u00e9m compassada -, e a crescente cr\u00edtica ao atual governo desvelam a insatisfa\u00e7\u00e3o de relevante parcela da sociedade com o formato socioecon\u00f4mico e pol\u00edtico [&hellip;]\" \/>\n<meta property=\"og:url\" content=\"https:\/\/www.notibras.com\/site\/vemos-a-nova-direita-em-acao-ou-a-repeticao-de-uma-farsa\/\" \/>\n<meta property=\"og:site_name\" content=\"Notibras\" \/>\n<meta property=\"article:publisher\" content=\"https:\/\/www.facebook.com\/notibras\/\" \/>\n<meta property=\"article:published_time\" content=\"2014-05-26T02:19:08+00:00\" \/>\n<meta property=\"og:image\" content=\"https:\/\/www.notibras.com\/site\/wp-content\/uploads\/2014\/05\/op.jpg\" \/>\n\t<meta property=\"og:image:width\" content=\"800\" \/>\n\t<meta property=\"og:image:height\" content=\"600\" \/>\n\t<meta property=\"og:image:type\" content=\"image\/jpeg\" \/>\n<meta name=\"author\" content=\"Reda\u00e7\u00e3o\" \/>\n<meta name=\"twitter:card\" content=\"summary_large_image\" \/>\n<meta name=\"twitter:creator\" content=\"@Notibras\" \/>\n<meta name=\"twitter:site\" content=\"@Notibras\" \/>\n<meta name=\"twitter:label1\" content=\"Escrito por\" \/>\n\t<meta name=\"twitter:data1\" content=\"Reda\u00e7\u00e3o\" \/>\n\t<meta name=\"twitter:label2\" content=\"Est. tempo de leitura\" \/>\n\t<meta name=\"twitter:data2\" content=\"6 minutos\" \/>\n<script type=\"application\/ld+json\" class=\"yoast-schema-graph\">{\"@context\":\"https:\\\/\\\/schema.org\",\"@graph\":[{\"@type\":\"Article\",\"@id\":\"https:\\\/\\\/www.notibras.com\\\/site\\\/vemos-a-nova-direita-em-acao-ou-a-repeticao-de-uma-farsa\\\/#article\",\"isPartOf\":{\"@id\":\"https:\\\/\\\/www.notibras.com\\\/site\\\/vemos-a-nova-direita-em-acao-ou-a-repeticao-de-uma-farsa\\\/\"},\"author\":{\"name\":\"Reda\u00e7\u00e3o\",\"@id\":\"https:\\\/\\\/www.notibras.com\\\/site\\\/#\\\/schema\\\/person\\\/36ab0979449956132d3e5b517ea76ac8\"},\"headline\":\"Vemos a nova direita em a\u00e7\u00e3o, ou a repeti\u00e7\u00e3o de uma farsa?\",\"datePublished\":\"2014-05-26T02:19:08+00:00\",\"mainEntityOfPage\":{\"@id\":\"https:\\\/\\\/www.notibras.com\\\/site\\\/vemos-a-nova-direita-em-acao-ou-a-repeticao-de-uma-farsa\\\/\"},\"wordCount\":1306,\"commentCount\":0,\"publisher\":{\"@id\":\"https:\\\/\\\/www.notibras.com\\\/site\\\/#organization\"},\"image\":{\"@id\":\"https:\\\/\\\/www.notibras.com\\\/site\\\/vemos-a-nova-direita-em-acao-ou-a-repeticao-de-uma-farsa\\\/#primaryimage\"},\"thumbnailUrl\":\"https:\\\/\\\/www.notibras.com\\\/site\\\/wp-content\\\/uploads\\\/2014\\\/05\\\/op.jpg\",\"articleSection\":[\"Opina a\u00ed\"],\"inLanguage\":\"pt-BR\",\"potentialAction\":[{\"@type\":\"CommentAction\",\"name\":\"Comment\",\"target\":[\"https:\\\/\\\/www.notibras.com\\\/site\\\/vemos-a-nova-direita-em-acao-ou-a-repeticao-de-uma-farsa\\\/#respond\"]}]},{\"@type\":\"WebPage\",\"@id\":\"https:\\\/\\\/www.notibras.com\\\/site\\\/vemos-a-nova-direita-em-acao-ou-a-repeticao-de-uma-farsa\\\/\",\"url\":\"https:\\\/\\\/www.notibras.com\\\/site\\\/vemos-a-nova-direita-em-acao-ou-a-repeticao-de-uma-farsa\\\/\",\"name\":\"Vemos a nova direita em a\u00e7\u00e3o, ou a repeti\u00e7\u00e3o de uma farsa? - Notibras\",\"isPartOf\":{\"@id\":\"https:\\\/\\\/www.notibras.com\\\/site\\\/#website\"},\"primaryImageOfPage\":{\"@id\":\"https:\\\/\\\/www.notibras.com\\\/site\\\/vemos-a-nova-direita-em-acao-ou-a-repeticao-de-uma-farsa\\\/#primaryimage\"},\"image\":{\"@id\":\"https:\\\/\\\/www.notibras.com\\\/site\\\/vemos-a-nova-direita-em-acao-ou-a-repeticao-de-uma-farsa\\\/#primaryimage\"},\"thumbnailUrl\":\"https:\\\/\\\/www.notibras.com\\\/site\\\/wp-content\\\/uploads\\\/2014\\\/05\\\/op.jpg\",\"datePublished\":\"2014-05-26T02:19:08+00:00\",\"breadcrumb\":{\"@id\":\"https:\\\/\\\/www.notibras.com\\\/site\\\/vemos-a-nova-direita-em-acao-ou-a-repeticao-de-uma-farsa\\\/#breadcrumb\"},\"inLanguage\":\"pt-BR\",\"potentialAction\":[{\"@type\":\"ReadAction\",\"target\":[\"https:\\\/\\\/www.notibras.com\\\/site\\\/vemos-a-nova-direita-em-acao-ou-a-repeticao-de-uma-farsa\\\/\"]}]},{\"@type\":\"ImageObject\",\"inLanguage\":\"pt-BR\",\"@id\":\"https:\\\/\\\/www.notibras.com\\\/site\\\/vemos-a-nova-direita-em-acao-ou-a-repeticao-de-uma-farsa\\\/#primaryimage\",\"url\":\"https:\\\/\\\/www.notibras.com\\\/site\\\/wp-content\\\/uploads\\\/2014\\\/05\\\/op.jpg\",\"contentUrl\":\"https:\\\/\\\/www.notibras.com\\\/site\\\/wp-content\\\/uploads\\\/2014\\\/05\\\/op.jpg\",\"width\":800,\"height\":600},{\"@type\":\"BreadcrumbList\",\"@id\":\"https:\\\/\\\/www.notibras.com\\\/site\\\/vemos-a-nova-direita-em-acao-ou-a-repeticao-de-uma-farsa\\\/#breadcrumb\",\"itemListElement\":[{\"@type\":\"ListItem\",\"position\":1,\"name\":\"In\u00edcio\",\"item\":\"https:\\\/\\\/www.notibras.com\\\/site\\\/\"},{\"@type\":\"ListItem\",\"position\":2,\"name\":\"Vemos a nova direita em a\u00e7\u00e3o, ou a repeti\u00e7\u00e3o de uma farsa?\"}]},{\"@type\":\"WebSite\",\"@id\":\"https:\\\/\\\/www.notibras.com\\\/site\\\/#website\",\"url\":\"https:\\\/\\\/www.notibras.com\\\/site\\\/\",\"name\":\"Notibras\",\"description\":\"Not\u00edcias de Bras\u00edlia, do Brasil e do Mundo\",\"publisher\":{\"@id\":\"https:\\\/\\\/www.notibras.com\\\/site\\\/#organization\"},\"potentialAction\":[{\"@type\":\"SearchAction\",\"target\":{\"@type\":\"EntryPoint\",\"urlTemplate\":\"https:\\\/\\\/www.notibras.com\\\/site\\\/?s={search_term_string}\"},\"query-input\":{\"@type\":\"PropertyValueSpecification\",\"valueRequired\":true,\"valueName\":\"search_term_string\"}}],\"inLanguage\":\"pt-BR\"},{\"@type\":\"Organization\",\"@id\":\"https:\\\/\\\/www.notibras.com\\\/site\\\/#organization\",\"name\":\"Grupo Notibras de Comunica\u00e7\u00e3o\",\"url\":\"https:\\\/\\\/www.notibras.com\\\/site\\\/\",\"logo\":{\"@type\":\"ImageObject\",\"inLanguage\":\"pt-BR\",\"@id\":\"https:\\\/\\\/www.notibras.com\\\/site\\\/#\\\/schema\\\/logo\\\/image\\\/\",\"url\":\"https:\\\/\\\/www.notibras.com\\\/site\\\/wp-content\\\/uploads\\\/2023\\\/01\\\/notibras23.png\",\"contentUrl\":\"https:\\\/\\\/www.notibras.com\\\/site\\\/wp-content\\\/uploads\\\/2023\\\/01\\\/notibras23.png\",\"width\":350,\"height\":87,\"caption\":\"Grupo Notibras de Comunica\u00e7\u00e3o\"},\"image\":{\"@id\":\"https:\\\/\\\/www.notibras.com\\\/site\\\/#\\\/schema\\\/logo\\\/image\\\/\"},\"sameAs\":[\"https:\\\/\\\/www.facebook.com\\\/notibras\\\/\",\"https:\\\/\\\/x.com\\\/Notibras\",\"https:\\\/\\\/www.instagram.com\\\/notibras\\\/\"]},{\"@type\":\"Person\",\"@id\":\"https:\\\/\\\/www.notibras.com\\\/site\\\/#\\\/schema\\\/person\\\/36ab0979449956132d3e5b517ea76ac8\",\"name\":\"Reda\u00e7\u00e3o\",\"image\":{\"@type\":\"ImageObject\",\"inLanguage\":\"pt-BR\",\"@id\":\"https:\\\/\\\/secure.gravatar.com\\\/avatar\\\/e0a867bdedb85fd243eadf09663511f96fc81e0720a4a42581f334ad4303aa6b?s=96&d=mm&r=g\",\"url\":\"https:\\\/\\\/secure.gravatar.com\\\/avatar\\\/e0a867bdedb85fd243eadf09663511f96fc81e0720a4a42581f334ad4303aa6b?s=96&d=mm&r=g\",\"contentUrl\":\"https:\\\/\\\/secure.gravatar.com\\\/avatar\\\/e0a867bdedb85fd243eadf09663511f96fc81e0720a4a42581f334ad4303aa6b?s=96&d=mm&r=g\",\"caption\":\"Reda\u00e7\u00e3o\"}}]}<\/script>\n<!-- \/ Yoast SEO plugin. -->","yoast_head_json":{"title":"Vemos a nova direita em a\u00e7\u00e3o, ou a repeti\u00e7\u00e3o de uma farsa? - Notibras","robots":{"index":"index","follow":"follow","max-snippet":"max-snippet:-1","max-image-preview":"max-image-preview:large","max-video-preview":"max-video-preview:-1"},"canonical":"https:\/\/www.notibras.com\/site\/vemos-a-nova-direita-em-acao-ou-a-repeticao-de-uma-farsa\/","og_locale":"pt_BR","og_type":"article","og_title":"Vemos a nova direita em a\u00e7\u00e3o, ou a repeti\u00e7\u00e3o de uma farsa? - Notibras","og_description":"O Brasil vivencia um momento singular em sua recente hist\u00f3ria. Os diversos protestos desencadeados em Junho do ano passado e que persistem at\u00e9 o presente &#8211; de maneira n\u00e3o t\u00e3o intensa por\u00e9m compassada -, e a crescente cr\u00edtica ao atual governo desvelam a insatisfa\u00e7\u00e3o de relevante parcela da sociedade com o formato socioecon\u00f4mico e pol\u00edtico [&hellip;]","og_url":"https:\/\/www.notibras.com\/site\/vemos-a-nova-direita-em-acao-ou-a-repeticao-de-uma-farsa\/","og_site_name":"Notibras","article_publisher":"https:\/\/www.facebook.com\/notibras\/","article_published_time":"2014-05-26T02:19:08+00:00","og_image":[{"width":800,"height":600,"url":"https:\/\/www.notibras.com\/site\/wp-content\/uploads\/2014\/05\/op.jpg","type":"image\/jpeg"}],"author":"Reda\u00e7\u00e3o","twitter_card":"summary_large_image","twitter_creator":"@Notibras","twitter_site":"@Notibras","twitter_misc":{"Escrito por":"Reda\u00e7\u00e3o","Est. tempo de leitura":"6 minutos"},"schema":{"@context":"https:\/\/schema.org","@graph":[{"@type":"Article","@id":"https:\/\/www.notibras.com\/site\/vemos-a-nova-direita-em-acao-ou-a-repeticao-de-uma-farsa\/#article","isPartOf":{"@id":"https:\/\/www.notibras.com\/site\/vemos-a-nova-direita-em-acao-ou-a-repeticao-de-uma-farsa\/"},"author":{"name":"Reda\u00e7\u00e3o","@id":"https:\/\/www.notibras.com\/site\/#\/schema\/person\/36ab0979449956132d3e5b517ea76ac8"},"headline":"Vemos a nova direita em a\u00e7\u00e3o, ou a repeti\u00e7\u00e3o de uma farsa?","datePublished":"2014-05-26T02:19:08+00:00","mainEntityOfPage":{"@id":"https:\/\/www.notibras.com\/site\/vemos-a-nova-direita-em-acao-ou-a-repeticao-de-uma-farsa\/"},"wordCount":1306,"commentCount":0,"publisher":{"@id":"https:\/\/www.notibras.com\/site\/#organization"},"image":{"@id":"https:\/\/www.notibras.com\/site\/vemos-a-nova-direita-em-acao-ou-a-repeticao-de-uma-farsa\/#primaryimage"},"thumbnailUrl":"https:\/\/www.notibras.com\/site\/wp-content\/uploads\/2014\/05\/op.jpg","articleSection":["Opina a\u00ed"],"inLanguage":"pt-BR","potentialAction":[{"@type":"CommentAction","name":"Comment","target":["https:\/\/www.notibras.com\/site\/vemos-a-nova-direita-em-acao-ou-a-repeticao-de-uma-farsa\/#respond"]}]},{"@type":"WebPage","@id":"https:\/\/www.notibras.com\/site\/vemos-a-nova-direita-em-acao-ou-a-repeticao-de-uma-farsa\/","url":"https:\/\/www.notibras.com\/site\/vemos-a-nova-direita-em-acao-ou-a-repeticao-de-uma-farsa\/","name":"Vemos a nova direita em a\u00e7\u00e3o, ou a repeti\u00e7\u00e3o de uma farsa? - Notibras","isPartOf":{"@id":"https:\/\/www.notibras.com\/site\/#website"},"primaryImageOfPage":{"@id":"https:\/\/www.notibras.com\/site\/vemos-a-nova-direita-em-acao-ou-a-repeticao-de-uma-farsa\/#primaryimage"},"image":{"@id":"https:\/\/www.notibras.com\/site\/vemos-a-nova-direita-em-acao-ou-a-repeticao-de-uma-farsa\/#primaryimage"},"thumbnailUrl":"https:\/\/www.notibras.com\/site\/wp-content\/uploads\/2014\/05\/op.jpg","datePublished":"2014-05-26T02:19:08+00:00","breadcrumb":{"@id":"https:\/\/www.notibras.com\/site\/vemos-a-nova-direita-em-acao-ou-a-repeticao-de-uma-farsa\/#breadcrumb"},"inLanguage":"pt-BR","potentialAction":[{"@type":"ReadAction","target":["https:\/\/www.notibras.com\/site\/vemos-a-nova-direita-em-acao-ou-a-repeticao-de-uma-farsa\/"]}]},{"@type":"ImageObject","inLanguage":"pt-BR","@id":"https:\/\/www.notibras.com\/site\/vemos-a-nova-direita-em-acao-ou-a-repeticao-de-uma-farsa\/#primaryimage","url":"https:\/\/www.notibras.com\/site\/wp-content\/uploads\/2014\/05\/op.jpg","contentUrl":"https:\/\/www.notibras.com\/site\/wp-content\/uploads\/2014\/05\/op.jpg","width":800,"height":600},{"@type":"BreadcrumbList","@id":"https:\/\/www.notibras.com\/site\/vemos-a-nova-direita-em-acao-ou-a-repeticao-de-uma-farsa\/#breadcrumb","itemListElement":[{"@type":"ListItem","position":1,"name":"In\u00edcio","item":"https:\/\/www.notibras.com\/site\/"},{"@type":"ListItem","position":2,"name":"Vemos a nova direita em a\u00e7\u00e3o, ou a repeti\u00e7\u00e3o de uma farsa?"}]},{"@type":"WebSite","@id":"https:\/\/www.notibras.com\/site\/#website","url":"https:\/\/www.notibras.com\/site\/","name":"Notibras","description":"Not\u00edcias de Bras\u00edlia, do Brasil e do Mundo","publisher":{"@id":"https:\/\/www.notibras.com\/site\/#organization"},"potentialAction":[{"@type":"SearchAction","target":{"@type":"EntryPoint","urlTemplate":"https:\/\/www.notibras.com\/site\/?s={search_term_string}"},"query-input":{"@type":"PropertyValueSpecification","valueRequired":true,"valueName":"search_term_string"}}],"inLanguage":"pt-BR"},{"@type":"Organization","@id":"https:\/\/www.notibras.com\/site\/#organization","name":"Grupo Notibras de Comunica\u00e7\u00e3o","url":"https:\/\/www.notibras.com\/site\/","logo":{"@type":"ImageObject","inLanguage":"pt-BR","@id":"https:\/\/www.notibras.com\/site\/#\/schema\/logo\/image\/","url":"https:\/\/www.notibras.com\/site\/wp-content\/uploads\/2023\/01\/notibras23.png","contentUrl":"https:\/\/www.notibras.com\/site\/wp-content\/uploads\/2023\/01\/notibras23.png","width":350,"height":87,"caption":"Grupo Notibras de Comunica\u00e7\u00e3o"},"image":{"@id":"https:\/\/www.notibras.com\/site\/#\/schema\/logo\/image\/"},"sameAs":["https:\/\/www.facebook.com\/notibras\/","https:\/\/x.com\/Notibras","https:\/\/www.instagram.com\/notibras\/"]},{"@type":"Person","@id":"https:\/\/www.notibras.com\/site\/#\/schema\/person\/36ab0979449956132d3e5b517ea76ac8","name":"Reda\u00e7\u00e3o","image":{"@type":"ImageObject","inLanguage":"pt-BR","@id":"https:\/\/secure.gravatar.com\/avatar\/e0a867bdedb85fd243eadf09663511f96fc81e0720a4a42581f334ad4303aa6b?s=96&d=mm&r=g","url":"https:\/\/secure.gravatar.com\/avatar\/e0a867bdedb85fd243eadf09663511f96fc81e0720a4a42581f334ad4303aa6b?s=96&d=mm&r=g","contentUrl":"https:\/\/secure.gravatar.com\/avatar\/e0a867bdedb85fd243eadf09663511f96fc81e0720a4a42581f334ad4303aa6b?s=96&d=mm&r=g","caption":"Reda\u00e7\u00e3o"}}]}},"amp_enabled":true,"_links":{"self":[{"href":"https:\/\/www.notibras.com\/site\/wp-json\/wp\/v2\/posts\/10898","targetHints":{"allow":["GET"]}}],"collection":[{"href":"https:\/\/www.notibras.com\/site\/wp-json\/wp\/v2\/posts"}],"about":[{"href":"https:\/\/www.notibras.com\/site\/wp-json\/wp\/v2\/types\/post"}],"author":[{"embeddable":true,"href":"https:\/\/www.notibras.com\/site\/wp-json\/wp\/v2\/users\/2"}],"replies":[{"embeddable":true,"href":"https:\/\/www.notibras.com\/site\/wp-json\/wp\/v2\/comments?post=10898"}],"version-history":[{"count":0,"href":"https:\/\/www.notibras.com\/site\/wp-json\/wp\/v2\/posts\/10898\/revisions"}],"wp:featuredmedia":[{"embeddable":true,"href":"https:\/\/www.notibras.com\/site\/wp-json\/wp\/v2\/media\/10899"}],"wp:attachment":[{"href":"https:\/\/www.notibras.com\/site\/wp-json\/wp\/v2\/media?parent=10898"}],"wp:term":[{"taxonomy":"category","embeddable":true,"href":"https:\/\/www.notibras.com\/site\/wp-json\/wp\/v2\/categories?post=10898"},{"taxonomy":"post_tag","embeddable":true,"href":"https:\/\/www.notibras.com\/site\/wp-json\/wp\/v2\/tags?post=10898"}],"curies":[{"name":"wp","href":"https:\/\/api.w.org\/{rel}","templated":true}]}}