{"id":109010,"date":"2016-07-25T10:39:57","date_gmt":"2016-07-25T13:39:57","guid":{"rendered":"http:\/\/www.notibras.com\/site\/?p=109010"},"modified":"2016-07-30T13:13:49","modified_gmt":"2016-07-30T16:13:49","slug":"afinal-o-pt-encarnado-em-lula-e-o-pai-ou-o-padrasto-dos-pobres","status":"publish","type":"post","link":"https:\/\/www.notibras.com\/site\/afinal-o-pt-encarnado-em-lula-e-o-pai-ou-o-padrasto-dos-pobres\/","title":{"rendered":"Afinal, o PT encarnado em Lula, \u00e9 o pai ou o padrasto dos pobres mortais brasileiros?"},"content":{"rendered":"<p><strong>Celso Lungaretti<\/strong><\/p>\n<p>Um dos aspectos mais chocantes do per\u00edodo em que o Partido dos Trabalhadores imp\u00f4s sua hegemonia sobre a esquerda brasileira foi a passividade com a qual esta aceitou o entrela\u00e7amento de interesses com os mais predat\u00f3rios segmentos da burguesia e com os mais repulsivos inimigos da liberdade.<\/p>\n<p>Pr\u00e1ticas que, quando adotadas pelos advers\u00e1rios de direita, eram denunciadas como emblem\u00e1ticas de sua condi\u00e7\u00e3o de inimigos do povo, passaram a ser copiadas descaradamente pelos mandat\u00e1rios do PT e toleradas pela companheirada como um pre\u00e7o a ser pago pela governabilidade.<\/p>\n<p>Duas delas foram esmiu\u00e7adas pelos jornal\u00f5es paulistas neste final de semana. O Estado de S. Paulo, em editorial do s\u00e1bado (16), constatou que vultosos recursos p\u00fablicos foram generosamente doados pelos governos petistas n\u00e3o apenas para os companheiros empres\u00e1rios, mas tamb\u00e9m para os camaradas banqueiros:<\/p>\n<p>&#8220;Sabia-se que as centenas de bilh\u00f5es de reais que, entre 2009 e 2015, o Tesouro repassou ao Banco Nacional de Desenvolvimento Econ\u00f4mico e Social (BNDES) para financiar investimentos n\u00e3o estimularam o crescimento, mas beneficiaram muitas empresas escolhidas pelo governo do PT, da\u00ed o programa ter sido chamado de bolsa-empres\u00e1rio, uma ajuda financeira do poder p\u00fablico para grupos empresariais preferidos do Pal\u00e1cio do Planalto.<\/p>\n<p>O que pesquisas recentes demonstram \u00e9 que n\u00e3o foram apenas as empresas selecionadas pela administra\u00e7\u00e3o petista que ganharam com esse imenso desperd\u00edcio de dinheiro p\u00fablico. Mesmo dispondo de condi\u00e7\u00f5es bastante favor\u00e1veis para administrar os recursos do Tesouro (que assumiu os subs\u00eddios impl\u00edcitos nas opera\u00e7\u00f5es), o BNDES ficou com uma parcela reduzida dos resultados desses financiamentos. Os bancos comerciais que realizaram as opera\u00e7\u00f5es em seu nome se apropriaram de mais de 80% dos rendimentos. O programa transformou-se, tamb\u00e9m, numa esp\u00e9cie de bolsa-banqueiro.<\/p>\n<p>&#8230;o Tesouro emitiu t\u00edtulos de d\u00edvida p\u00fablica para transferir R$ 520 bilh\u00f5es ao BNDES. Esses recursos deveriam ser utilizados no financiamento de m\u00e1quinas e equipamentos, de modo a estimular a produ\u00e7\u00e3o e, assim, reativar a economia. O PSI [Programa de Sustenta\u00e7\u00e3o do Investimento] deveria durar um ano, mas foi sendo renovado seguidamente at\u00e9 o fim do ano passado, quando o governo petista resolveu enterr\u00e1-lo.<\/p>\n<p>Foi de grande valia para um grupo de empresas, mas, apesar de sua longa dura\u00e7\u00e3o, de sete anos, e, sobretudo, do montante que envolveu, n\u00e3o teve resultados expressivos para o Pa\u00eds. A economia n\u00e3o se recuperou e, desde meados de 2014, est\u00e1 em recess\u00e3o&#8230;<\/p>\n<p>&#8230;Levantamento feito pelo economista Jos\u00e9 Roberto Afonso, pesquisador do Instituto Brasileiro de Economia da Funda\u00e7\u00e3o Get\u00falio Vargas, mostra que os bancos comerciais (&#8230;) se apropriaram de mais de R$ 8 bilh\u00f5es dos R$ 10 bilh\u00f5es de spreads que as opera\u00e7\u00f5es geraram. O BNDES, assim, ficou com menos de R$ 2 bilh\u00f5es&#8221;.<\/p>\n<p>E, na Folha de S. Paulo dominical, ficamos sabendo que o malfadado projeto de transposi\u00e7\u00e3o do rio S\u00e3o Francisco, uma descarada maracutaia em benef\u00edcio do progressista agroneg\u00f3cio, continua detonando or\u00e7amentos e prazos:<\/p>\n<p>&#8220;S\u00e9rias d\u00favidas sobre a capacidade do rio S\u00e3o Francisco de gerar \u00e1gua suficiente para a bilion\u00e1ria obra da transposi\u00e7\u00e3o fizeram o governo lan\u00e7ar um novo programa de revitaliza\u00e7\u00e3o do rio.<\/p>\n<p>Batizado de Novo Chico, (&#8230;) o programa visa terminar obras de saneamento nas cidades na bacia do rio, desassorear o leito e recuperar mananciais, entre outras interven\u00e7\u00f5es. Est\u00e3o acertados gastos de, no m\u00ednimo, R$ 10 bilh\u00f5es at\u00e9 2026.<\/p>\n<p>Mas o valor vai aumentar porque o governo ainda trabalha no or\u00e7amento de algumas interven\u00e7\u00f5es, como dragagem, e tamb\u00e9m pedir\u00e1 aos Estados da regi\u00e3o que invistam mais recursos no projeto&#8230;<\/p>\n<p>&#8230;quase dez anos depois [do lan\u00e7amento do programa], o governo j\u00e1 gastou R$ 10 bilh\u00f5es na obra dos canais e R$ 2,2 bilh\u00f5es na revitaliza\u00e7\u00e3o, e nenhuma delas est\u00e1 pronta. Al\u00e9m disso, em ambas h\u00e1 suspeitas de desvio de recursos, corrup\u00e7\u00e3o e inefici\u00eancia. A constru\u00e7\u00e3o dos canais \u00e9 alvo da Lava Jato&#8221;.<\/p>\n<p>Admito, humildemente, que passei batido pela bolsa-empres\u00e1rio e pela bolsa-banqueiro no momento em que deveriam ter sido contundentemente denunciadas e combatidas. Mea maxima culpa.<\/p>\n<p>Mas, quanto \u00e0 bolsa-agroneg\u00f3cio, esta foi objeto de uma infinidade de artigos, principalmente durante a greve de fome do bispo Fl\u00e1vio Cappio, com a qual me solidarizei. Em dezembro de 2007, cobrei incisivamente uma postura mais digna e combativa por parte da esquerda:<\/p>\n<p>&#8220;Passamos a vida recriminando a sordidez da pol\u00edtica oficial e as negociatas que colocam recursos p\u00fablicos a servi\u00e7o de interesses privados. Como procedemos, no entanto, quando um bispo sexagen\u00e1rio ousa confrontar os abutres que saqueiam uma das regi\u00f5es mais miser\u00e1veis do Pa\u00eds e arrisca a vida em defesa do seu rebanho? O que estamos fazendo para apoiar esse altaneiro desafio \u00e0s pr\u00e1ticas viciadas e viciosas de nossa democracia? Pouco, quase nada&#8221;.<\/p>\n<p>E, em carta aberta a Lula, botei o dedo na ferida:<\/p>\n<p>&#8220;A relut\u00e2ncia extrema do seu governo em discutir a interliga\u00e7\u00e3o das \u00e1guas do rio S\u00e3o Francisco \u00e9 evid\u00eancia gritante de que tal projeto n\u00e3o sobreviveria a um debate franco. E refor\u00e7a as suspeitas de que haja interesses escusos envolvidos.<\/p>\n<p>Cidad\u00e3os de reconhecida compet\u00eancia e credibilidade apontam falhas de todo tipo: concep\u00e7\u00e3o equivocada, rela\u00e7\u00e3o custo\/benef\u00edcio muit\u00edssimo pior que a de projetos alternativos, danos ecol\u00f3gicos que podem se tornar catastr\u00f3ficos. Por que tanta insist\u00eancia, a ponto de tocar a obra com soldados, evocando os tempos sinistros da ditadura militar?&#8221;<\/p>\n<p>Hoje salta aos olhos que os opositores do fara\u00f4nico projeto sempre estiveram certos. E que as suspeitas por eles levantadas tinham tudo a ver, pois tal elefante branco, inicialmente or\u00e7ado em R$ 4,6 bilh\u00f5es, j\u00e1 consumiu R$ 12,2 bilh\u00f5es e agora somos informados de que vai exigir, pelo menos, outros R$ 10 bilh\u00f5es. Ou seja, o estouro se encaminha para a casa de 400% e nada nos garante que ficar\u00e1 por a\u00ed&#8230;<\/p>\n<p>Esta fase do amoralismo petista no poder ser\u00e1 lembrada pela verdadeira esquerda como motivo de terr\u00edvel vergonha e como anos totalmente perdidos para a revolu\u00e7\u00e3o brasileira.<\/p>\n","protected":false},"excerpt":{"rendered":"<p>Celso Lungaretti Um dos aspectos mais chocantes do per\u00edodo em que o Partido dos Trabalhadores imp\u00f4s sua hegemonia sobre a esquerda brasileira foi a passividade com a qual esta aceitou o entrela\u00e7amento de interesses com os mais predat\u00f3rios segmentos da burguesia e com os mais repulsivos inimigos da liberdade. Pr\u00e1ticas que, quando adotadas pelos advers\u00e1rios [&hellip;]<\/p>\n","protected":false},"author":2,"featured_media":109011,"comment_status":"open","ping_status":"closed","sticky":false,"template":"","format":"standard","meta":{"_acf_changed":false,"footnotes":""},"categories":[25],"tags":[],"class_list":["post-109010","post","type-post","status-publish","format-standard","has-post-thumbnail","hentry","category-opina-ai"],"acf":[],"yoast_head":"<!-- This site is optimized with the Yoast SEO plugin v27.5 - https:\/\/yoast.com\/product\/yoast-seo-wordpress\/ -->\n<title>Afinal, o PT encarnado em Lula, \u00e9 o pai ou o padrasto dos pobres mortais brasileiros? - Notibras<\/title>\n<meta name=\"robots\" content=\"index, follow, max-snippet:-1, max-image-preview:large, max-video-preview:-1\" \/>\n<link rel=\"canonical\" href=\"https:\/\/www.notibras.com\/site\/afinal-o-pt-encarnado-em-lula-e-o-pai-ou-o-padrasto-dos-pobres\/\" \/>\n<meta property=\"og:locale\" content=\"pt_BR\" \/>\n<meta property=\"og:type\" content=\"article\" \/>\n<meta property=\"og:title\" content=\"Afinal, o PT encarnado em Lula, \u00e9 o pai ou o padrasto dos pobres mortais brasileiros? - Notibras\" \/>\n<meta property=\"og:description\" content=\"Celso Lungaretti Um dos aspectos mais chocantes do per\u00edodo em que o Partido dos Trabalhadores imp\u00f4s sua hegemonia sobre a esquerda brasileira foi a passividade com a qual esta aceitou o entrela\u00e7amento de interesses com os mais predat\u00f3rios segmentos da burguesia e com os mais repulsivos inimigos da liberdade. Pr\u00e1ticas que, quando adotadas pelos advers\u00e1rios [&hellip;]\" \/>\n<meta property=\"og:url\" content=\"https:\/\/www.notibras.com\/site\/afinal-o-pt-encarnado-em-lula-e-o-pai-ou-o-padrasto-dos-pobres\/\" \/>\n<meta property=\"og:site_name\" content=\"Notibras\" \/>\n<meta property=\"article:publisher\" content=\"https:\/\/www.facebook.com\/notibras\/\" \/>\n<meta property=\"article:published_time\" content=\"2016-07-25T13:39:57+00:00\" \/>\n<meta property=\"article:modified_time\" content=\"2016-07-30T16:13:49+00:00\" \/>\n<meta property=\"og:image\" content=\"https:\/\/www.notibras.com\/site\/wp-content\/uploads\/2016\/07\/121007-Lulismo.jpg\" \/>\n\t<meta property=\"og:image:width\" content=\"988\" \/>\n\t<meta property=\"og:image:height\" content=\"657\" \/>\n\t<meta property=\"og:image:type\" content=\"image\/jpeg\" \/>\n<meta name=\"author\" content=\"Reda\u00e7\u00e3o\" \/>\n<meta name=\"twitter:card\" content=\"summary_large_image\" \/>\n<meta name=\"twitter:creator\" content=\"@Notibras\" \/>\n<meta name=\"twitter:site\" content=\"@Notibras\" \/>\n<meta name=\"twitter:label1\" content=\"Escrito por\" \/>\n\t<meta name=\"twitter:data1\" content=\"Reda\u00e7\u00e3o\" \/>\n\t<meta name=\"twitter:label2\" content=\"Est. tempo de leitura\" \/>\n\t<meta name=\"twitter:data2\" content=\"5 minutos\" \/>\n<script type=\"application\/ld+json\" class=\"yoast-schema-graph\">{\"@context\":\"https:\\\/\\\/schema.org\",\"@graph\":[{\"@type\":\"Article\",\"@id\":\"https:\\\/\\\/www.notibras.com\\\/site\\\/afinal-o-pt-encarnado-em-lula-e-o-pai-ou-o-padrasto-dos-pobres\\\/#article\",\"isPartOf\":{\"@id\":\"https:\\\/\\\/www.notibras.com\\\/site\\\/afinal-o-pt-encarnado-em-lula-e-o-pai-ou-o-padrasto-dos-pobres\\\/\"},\"author\":{\"name\":\"Reda\u00e7\u00e3o\",\"@id\":\"https:\\\/\\\/www.notibras.com\\\/site\\\/#\\\/schema\\\/person\\\/36ab0979449956132d3e5b517ea76ac8\"},\"headline\":\"Afinal, o PT encarnado em Lula, \u00e9 o pai ou o padrasto dos pobres mortais brasileiros?\",\"datePublished\":\"2016-07-25T13:39:57+00:00\",\"dateModified\":\"2016-07-30T16:13:49+00:00\",\"mainEntityOfPage\":{\"@id\":\"https:\\\/\\\/www.notibras.com\\\/site\\\/afinal-o-pt-encarnado-em-lula-e-o-pai-ou-o-padrasto-dos-pobres\\\/\"},\"wordCount\":1059,\"commentCount\":0,\"publisher\":{\"@id\":\"https:\\\/\\\/www.notibras.com\\\/site\\\/#organization\"},\"image\":{\"@id\":\"https:\\\/\\\/www.notibras.com\\\/site\\\/afinal-o-pt-encarnado-em-lula-e-o-pai-ou-o-padrasto-dos-pobres\\\/#primaryimage\"},\"thumbnailUrl\":\"https:\\\/\\\/www.notibras.com\\\/site\\\/wp-content\\\/uploads\\\/2016\\\/07\\\/121007-Lulismo.jpg\",\"articleSection\":[\"Opina a\u00ed\"],\"inLanguage\":\"pt-BR\",\"potentialAction\":[{\"@type\":\"CommentAction\",\"name\":\"Comment\",\"target\":[\"https:\\\/\\\/www.notibras.com\\\/site\\\/afinal-o-pt-encarnado-em-lula-e-o-pai-ou-o-padrasto-dos-pobres\\\/#respond\"]}]},{\"@type\":\"WebPage\",\"@id\":\"https:\\\/\\\/www.notibras.com\\\/site\\\/afinal-o-pt-encarnado-em-lula-e-o-pai-ou-o-padrasto-dos-pobres\\\/\",\"url\":\"https:\\\/\\\/www.notibras.com\\\/site\\\/afinal-o-pt-encarnado-em-lula-e-o-pai-ou-o-padrasto-dos-pobres\\\/\",\"name\":\"Afinal, o PT encarnado em Lula, \u00e9 o pai ou o padrasto dos pobres mortais brasileiros? - Notibras\",\"isPartOf\":{\"@id\":\"https:\\\/\\\/www.notibras.com\\\/site\\\/#website\"},\"primaryImageOfPage\":{\"@id\":\"https:\\\/\\\/www.notibras.com\\\/site\\\/afinal-o-pt-encarnado-em-lula-e-o-pai-ou-o-padrasto-dos-pobres\\\/#primaryimage\"},\"image\":{\"@id\":\"https:\\\/\\\/www.notibras.com\\\/site\\\/afinal-o-pt-encarnado-em-lula-e-o-pai-ou-o-padrasto-dos-pobres\\\/#primaryimage\"},\"thumbnailUrl\":\"https:\\\/\\\/www.notibras.com\\\/site\\\/wp-content\\\/uploads\\\/2016\\\/07\\\/121007-Lulismo.jpg\",\"datePublished\":\"2016-07-25T13:39:57+00:00\",\"dateModified\":\"2016-07-30T16:13:49+00:00\",\"breadcrumb\":{\"@id\":\"https:\\\/\\\/www.notibras.com\\\/site\\\/afinal-o-pt-encarnado-em-lula-e-o-pai-ou-o-padrasto-dos-pobres\\\/#breadcrumb\"},\"inLanguage\":\"pt-BR\",\"potentialAction\":[{\"@type\":\"ReadAction\",\"target\":[\"https:\\\/\\\/www.notibras.com\\\/site\\\/afinal-o-pt-encarnado-em-lula-e-o-pai-ou-o-padrasto-dos-pobres\\\/\"]}]},{\"@type\":\"ImageObject\",\"inLanguage\":\"pt-BR\",\"@id\":\"https:\\\/\\\/www.notibras.com\\\/site\\\/afinal-o-pt-encarnado-em-lula-e-o-pai-ou-o-padrasto-dos-pobres\\\/#primaryimage\",\"url\":\"https:\\\/\\\/www.notibras.com\\\/site\\\/wp-content\\\/uploads\\\/2016\\\/07\\\/121007-Lulismo.jpg\",\"contentUrl\":\"https:\\\/\\\/www.notibras.com\\\/site\\\/wp-content\\\/uploads\\\/2016\\\/07\\\/121007-Lulismo.jpg\",\"width\":988,\"height\":657},{\"@type\":\"BreadcrumbList\",\"@id\":\"https:\\\/\\\/www.notibras.com\\\/site\\\/afinal-o-pt-encarnado-em-lula-e-o-pai-ou-o-padrasto-dos-pobres\\\/#breadcrumb\",\"itemListElement\":[{\"@type\":\"ListItem\",\"position\":1,\"name\":\"In\u00edcio\",\"item\":\"https:\\\/\\\/www.notibras.com\\\/site\\\/\"},{\"@type\":\"ListItem\",\"position\":2,\"name\":\"Afinal, o PT encarnado em Lula, \u00e9 o pai ou o padrasto dos pobres mortais brasileiros?\"}]},{\"@type\":\"WebSite\",\"@id\":\"https:\\\/\\\/www.notibras.com\\\/site\\\/#website\",\"url\":\"https:\\\/\\\/www.notibras.com\\\/site\\\/\",\"name\":\"Notibras\",\"description\":\"Not\u00edcias de Bras\u00edlia, do Brasil e do Mundo\",\"publisher\":{\"@id\":\"https:\\\/\\\/www.notibras.com\\\/site\\\/#organization\"},\"potentialAction\":[{\"@type\":\"SearchAction\",\"target\":{\"@type\":\"EntryPoint\",\"urlTemplate\":\"https:\\\/\\\/www.notibras.com\\\/site\\\/?s={search_term_string}\"},\"query-input\":{\"@type\":\"PropertyValueSpecification\",\"valueRequired\":true,\"valueName\":\"search_term_string\"}}],\"inLanguage\":\"pt-BR\"},{\"@type\":\"Organization\",\"@id\":\"https:\\\/\\\/www.notibras.com\\\/site\\\/#organization\",\"name\":\"Grupo Notibras de Comunica\u00e7\u00e3o\",\"url\":\"https:\\\/\\\/www.notibras.com\\\/site\\\/\",\"logo\":{\"@type\":\"ImageObject\",\"inLanguage\":\"pt-BR\",\"@id\":\"https:\\\/\\\/www.notibras.com\\\/site\\\/#\\\/schema\\\/logo\\\/image\\\/\",\"url\":\"https:\\\/\\\/www.notibras.com\\\/site\\\/wp-content\\\/uploads\\\/2023\\\/01\\\/notibras23.png\",\"contentUrl\":\"https:\\\/\\\/www.notibras.com\\\/site\\\/wp-content\\\/uploads\\\/2023\\\/01\\\/notibras23.png\",\"width\":350,\"height\":87,\"caption\":\"Grupo Notibras de Comunica\u00e7\u00e3o\"},\"image\":{\"@id\":\"https:\\\/\\\/www.notibras.com\\\/site\\\/#\\\/schema\\\/logo\\\/image\\\/\"},\"sameAs\":[\"https:\\\/\\\/www.facebook.com\\\/notibras\\\/\",\"https:\\\/\\\/x.com\\\/Notibras\",\"https:\\\/\\\/www.instagram.com\\\/notibras\\\/\"]},{\"@type\":\"Person\",\"@id\":\"https:\\\/\\\/www.notibras.com\\\/site\\\/#\\\/schema\\\/person\\\/36ab0979449956132d3e5b517ea76ac8\",\"name\":\"Reda\u00e7\u00e3o\",\"image\":{\"@type\":\"ImageObject\",\"inLanguage\":\"pt-BR\",\"@id\":\"https:\\\/\\\/secure.gravatar.com\\\/avatar\\\/e0a867bdedb85fd243eadf09663511f96fc81e0720a4a42581f334ad4303aa6b?s=96&d=mm&r=g\",\"url\":\"https:\\\/\\\/secure.gravatar.com\\\/avatar\\\/e0a867bdedb85fd243eadf09663511f96fc81e0720a4a42581f334ad4303aa6b?s=96&d=mm&r=g\",\"contentUrl\":\"https:\\\/\\\/secure.gravatar.com\\\/avatar\\\/e0a867bdedb85fd243eadf09663511f96fc81e0720a4a42581f334ad4303aa6b?s=96&d=mm&r=g\",\"caption\":\"Reda\u00e7\u00e3o\"}}]}<\/script>\n<!-- \/ Yoast SEO plugin. -->","yoast_head_json":{"title":"Afinal, o PT encarnado em Lula, \u00e9 o pai ou o padrasto dos pobres mortais brasileiros? - Notibras","robots":{"index":"index","follow":"follow","max-snippet":"max-snippet:-1","max-image-preview":"max-image-preview:large","max-video-preview":"max-video-preview:-1"},"canonical":"https:\/\/www.notibras.com\/site\/afinal-o-pt-encarnado-em-lula-e-o-pai-ou-o-padrasto-dos-pobres\/","og_locale":"pt_BR","og_type":"article","og_title":"Afinal, o PT encarnado em Lula, \u00e9 o pai ou o padrasto dos pobres mortais brasileiros? - Notibras","og_description":"Celso Lungaretti Um dos aspectos mais chocantes do per\u00edodo em que o Partido dos Trabalhadores imp\u00f4s sua hegemonia sobre a esquerda brasileira foi a passividade com a qual esta aceitou o entrela\u00e7amento de interesses com os mais predat\u00f3rios segmentos da burguesia e com os mais repulsivos inimigos da liberdade. Pr\u00e1ticas que, quando adotadas pelos advers\u00e1rios [&hellip;]","og_url":"https:\/\/www.notibras.com\/site\/afinal-o-pt-encarnado-em-lula-e-o-pai-ou-o-padrasto-dos-pobres\/","og_site_name":"Notibras","article_publisher":"https:\/\/www.facebook.com\/notibras\/","article_published_time":"2016-07-25T13:39:57+00:00","article_modified_time":"2016-07-30T16:13:49+00:00","og_image":[{"width":988,"height":657,"url":"https:\/\/www.notibras.com\/site\/wp-content\/uploads\/2016\/07\/121007-Lulismo.jpg","type":"image\/jpeg"}],"author":"Reda\u00e7\u00e3o","twitter_card":"summary_large_image","twitter_creator":"@Notibras","twitter_site":"@Notibras","twitter_misc":{"Escrito por":"Reda\u00e7\u00e3o","Est. tempo de leitura":"5 minutos"},"schema":{"@context":"https:\/\/schema.org","@graph":[{"@type":"Article","@id":"https:\/\/www.notibras.com\/site\/afinal-o-pt-encarnado-em-lula-e-o-pai-ou-o-padrasto-dos-pobres\/#article","isPartOf":{"@id":"https:\/\/www.notibras.com\/site\/afinal-o-pt-encarnado-em-lula-e-o-pai-ou-o-padrasto-dos-pobres\/"},"author":{"name":"Reda\u00e7\u00e3o","@id":"https:\/\/www.notibras.com\/site\/#\/schema\/person\/36ab0979449956132d3e5b517ea76ac8"},"headline":"Afinal, o PT encarnado em Lula, \u00e9 o pai ou o padrasto dos pobres mortais brasileiros?","datePublished":"2016-07-25T13:39:57+00:00","dateModified":"2016-07-30T16:13:49+00:00","mainEntityOfPage":{"@id":"https:\/\/www.notibras.com\/site\/afinal-o-pt-encarnado-em-lula-e-o-pai-ou-o-padrasto-dos-pobres\/"},"wordCount":1059,"commentCount":0,"publisher":{"@id":"https:\/\/www.notibras.com\/site\/#organization"},"image":{"@id":"https:\/\/www.notibras.com\/site\/afinal-o-pt-encarnado-em-lula-e-o-pai-ou-o-padrasto-dos-pobres\/#primaryimage"},"thumbnailUrl":"https:\/\/www.notibras.com\/site\/wp-content\/uploads\/2016\/07\/121007-Lulismo.jpg","articleSection":["Opina a\u00ed"],"inLanguage":"pt-BR","potentialAction":[{"@type":"CommentAction","name":"Comment","target":["https:\/\/www.notibras.com\/site\/afinal-o-pt-encarnado-em-lula-e-o-pai-ou-o-padrasto-dos-pobres\/#respond"]}]},{"@type":"WebPage","@id":"https:\/\/www.notibras.com\/site\/afinal-o-pt-encarnado-em-lula-e-o-pai-ou-o-padrasto-dos-pobres\/","url":"https:\/\/www.notibras.com\/site\/afinal-o-pt-encarnado-em-lula-e-o-pai-ou-o-padrasto-dos-pobres\/","name":"Afinal, o PT encarnado em Lula, \u00e9 o pai ou o padrasto dos pobres mortais brasileiros? - Notibras","isPartOf":{"@id":"https:\/\/www.notibras.com\/site\/#website"},"primaryImageOfPage":{"@id":"https:\/\/www.notibras.com\/site\/afinal-o-pt-encarnado-em-lula-e-o-pai-ou-o-padrasto-dos-pobres\/#primaryimage"},"image":{"@id":"https:\/\/www.notibras.com\/site\/afinal-o-pt-encarnado-em-lula-e-o-pai-ou-o-padrasto-dos-pobres\/#primaryimage"},"thumbnailUrl":"https:\/\/www.notibras.com\/site\/wp-content\/uploads\/2016\/07\/121007-Lulismo.jpg","datePublished":"2016-07-25T13:39:57+00:00","dateModified":"2016-07-30T16:13:49+00:00","breadcrumb":{"@id":"https:\/\/www.notibras.com\/site\/afinal-o-pt-encarnado-em-lula-e-o-pai-ou-o-padrasto-dos-pobres\/#breadcrumb"},"inLanguage":"pt-BR","potentialAction":[{"@type":"ReadAction","target":["https:\/\/www.notibras.com\/site\/afinal-o-pt-encarnado-em-lula-e-o-pai-ou-o-padrasto-dos-pobres\/"]}]},{"@type":"ImageObject","inLanguage":"pt-BR","@id":"https:\/\/www.notibras.com\/site\/afinal-o-pt-encarnado-em-lula-e-o-pai-ou-o-padrasto-dos-pobres\/#primaryimage","url":"https:\/\/www.notibras.com\/site\/wp-content\/uploads\/2016\/07\/121007-Lulismo.jpg","contentUrl":"https:\/\/www.notibras.com\/site\/wp-content\/uploads\/2016\/07\/121007-Lulismo.jpg","width":988,"height":657},{"@type":"BreadcrumbList","@id":"https:\/\/www.notibras.com\/site\/afinal-o-pt-encarnado-em-lula-e-o-pai-ou-o-padrasto-dos-pobres\/#breadcrumb","itemListElement":[{"@type":"ListItem","position":1,"name":"In\u00edcio","item":"https:\/\/www.notibras.com\/site\/"},{"@type":"ListItem","position":2,"name":"Afinal, o PT encarnado em Lula, \u00e9 o pai ou o padrasto dos pobres mortais brasileiros?"}]},{"@type":"WebSite","@id":"https:\/\/www.notibras.com\/site\/#website","url":"https:\/\/www.notibras.com\/site\/","name":"Notibras","description":"Not\u00edcias de Bras\u00edlia, do Brasil e do Mundo","publisher":{"@id":"https:\/\/www.notibras.com\/site\/#organization"},"potentialAction":[{"@type":"SearchAction","target":{"@type":"EntryPoint","urlTemplate":"https:\/\/www.notibras.com\/site\/?s={search_term_string}"},"query-input":{"@type":"PropertyValueSpecification","valueRequired":true,"valueName":"search_term_string"}}],"inLanguage":"pt-BR"},{"@type":"Organization","@id":"https:\/\/www.notibras.com\/site\/#organization","name":"Grupo Notibras de Comunica\u00e7\u00e3o","url":"https:\/\/www.notibras.com\/site\/","logo":{"@type":"ImageObject","inLanguage":"pt-BR","@id":"https:\/\/www.notibras.com\/site\/#\/schema\/logo\/image\/","url":"https:\/\/www.notibras.com\/site\/wp-content\/uploads\/2023\/01\/notibras23.png","contentUrl":"https:\/\/www.notibras.com\/site\/wp-content\/uploads\/2023\/01\/notibras23.png","width":350,"height":87,"caption":"Grupo Notibras de Comunica\u00e7\u00e3o"},"image":{"@id":"https:\/\/www.notibras.com\/site\/#\/schema\/logo\/image\/"},"sameAs":["https:\/\/www.facebook.com\/notibras\/","https:\/\/x.com\/Notibras","https:\/\/www.instagram.com\/notibras\/"]},{"@type":"Person","@id":"https:\/\/www.notibras.com\/site\/#\/schema\/person\/36ab0979449956132d3e5b517ea76ac8","name":"Reda\u00e7\u00e3o","image":{"@type":"ImageObject","inLanguage":"pt-BR","@id":"https:\/\/secure.gravatar.com\/avatar\/e0a867bdedb85fd243eadf09663511f96fc81e0720a4a42581f334ad4303aa6b?s=96&d=mm&r=g","url":"https:\/\/secure.gravatar.com\/avatar\/e0a867bdedb85fd243eadf09663511f96fc81e0720a4a42581f334ad4303aa6b?s=96&d=mm&r=g","contentUrl":"https:\/\/secure.gravatar.com\/avatar\/e0a867bdedb85fd243eadf09663511f96fc81e0720a4a42581f334ad4303aa6b?s=96&d=mm&r=g","caption":"Reda\u00e7\u00e3o"}}]}},"amp_enabled":true,"_links":{"self":[{"href":"https:\/\/www.notibras.com\/site\/wp-json\/wp\/v2\/posts\/109010","targetHints":{"allow":["GET"]}}],"collection":[{"href":"https:\/\/www.notibras.com\/site\/wp-json\/wp\/v2\/posts"}],"about":[{"href":"https:\/\/www.notibras.com\/site\/wp-json\/wp\/v2\/types\/post"}],"author":[{"embeddable":true,"href":"https:\/\/www.notibras.com\/site\/wp-json\/wp\/v2\/users\/2"}],"replies":[{"embeddable":true,"href":"https:\/\/www.notibras.com\/site\/wp-json\/wp\/v2\/comments?post=109010"}],"version-history":[{"count":2,"href":"https:\/\/www.notibras.com\/site\/wp-json\/wp\/v2\/posts\/109010\/revisions"}],"predecessor-version":[{"id":109688,"href":"https:\/\/www.notibras.com\/site\/wp-json\/wp\/v2\/posts\/109010\/revisions\/109688"}],"wp:featuredmedia":[{"embeddable":true,"href":"https:\/\/www.notibras.com\/site\/wp-json\/wp\/v2\/media\/109011"}],"wp:attachment":[{"href":"https:\/\/www.notibras.com\/site\/wp-json\/wp\/v2\/media?parent=109010"}],"wp:term":[{"taxonomy":"category","embeddable":true,"href":"https:\/\/www.notibras.com\/site\/wp-json\/wp\/v2\/categories?post=109010"},{"taxonomy":"post_tag","embeddable":true,"href":"https:\/\/www.notibras.com\/site\/wp-json\/wp\/v2\/tags?post=109010"}],"curies":[{"name":"wp","href":"https:\/\/api.w.org\/{rel}","templated":true}]}}