{"id":109068,"date":"2016-07-25T19:25:16","date_gmt":"2016-07-25T22:25:16","guid":{"rendered":"http:\/\/www.notibras.com\/site\/?p=109068"},"modified":"2016-07-30T11:49:01","modified_gmt":"2016-07-30T14:49:01","slug":"primeira-selecao-a-chegar-a-brasilia-africa-do-sul-treina-no-campo-dos-bombeiros","status":"publish","type":"post","link":"https:\/\/www.notibras.com\/site\/primeira-selecao-a-chegar-a-brasilia-africa-do-sul-treina-no-campo-dos-bombeiros\/","title":{"rendered":"Primeira sele\u00e7\u00e3o a chegar a Bras\u00edlia, \u00c1frica do Sul treina no campo dos bombeiros"},"content":{"rendered":"<p><strong>Amanda Martimon<\/strong><\/p>\n<p>O Centro de Capacita\u00e7\u00e3o F\u00edsica do Corpo de Bombeiros do Distrito Federal recebeu o primeiro treino preparat\u00f3rio para as partidas de futebol da Olimp\u00edada em Bras\u00edlia. A \u00c1frica do Sul, que chegou no domingo (24), entrou em campo na tarde desta segunda-feira (25). Outros tr\u00eas espa\u00e7os esportivos da capital \u2014 Bezerr\u00e3o, Abadi\u00e3o e Cave \u2014 est\u00e3o dispon\u00edveis para a prepara\u00e7\u00e3o das sele\u00e7\u00f5es que v\u00eam \u00e0 cidade. O Est\u00e1dio Nacional de Bras\u00edlia Man\u00e9 Garrincha receber\u00e1 dez jogos de 4 de agosto, quando a Sele\u00e7\u00e3o Brasileira estreia contra os sul-africanos, at\u00e9 o dia 13 do mesmo m\u00eas.<\/p>\n<p>No primeiro dia de treinos na capital, a dele\u00e7\u00e3o estrangeira recebeu escolta policial, como previsto na matriz de responsabilidade do governo de Bras\u00edlia com o Comit\u00ea Rio 2016. Quatro batedores de moto, duas viaturas e um helic\u00f3ptero da Pol\u00edcia Militar do DF, al\u00e9m de uma ambul\u00e2ncia do Corpo de Bombeiros, fizeram o acompanhamento do \u00f4nibus da equipe do Setor de Hot\u00e9is de Turismo Norte ao centro de treinamento. O esquema de seguran\u00e7a faz parte da Opera\u00e7\u00e3o Olimp\u00edadas, iniciada no domingo (24).<\/p>\n<p><strong>Treino<\/strong> &#8211; Ainda com a equipe incompleta, a primeira parte do treino dos atletas sul-africanos foi de prepara\u00e7\u00e3o f\u00edsica e comandada pela preparadora Simon\u00e8 Conley. Quatro atletas receberam autoriza\u00e7\u00e3o para se apresentar depois a pedido dos clubes, entre eles o capit\u00e3o e um dos principais nomes da equipe Keagan Dolly. Todo o treino foi aberto para a imprensa, mas fechado ao p\u00fablico.<\/p>\n<p>Depois, em campo reduzido, o t\u00e9cnico Owen da Gama, comandou o treino t\u00e1tico e encerrou o dia com cobran\u00e7a de p\u00eanaltis. Em seguida, ele falou sobre a expectativa de enfrentar o Brasil logo na estreia: \u201cSabemos que o Brasil tem um grande time. Estamos trabalhando duro e observando para saber o que eles est\u00e3o fazendo. Ser\u00e1 um jogo muito interessante.\u201d Lembrado sobre a derrota brasileira para os sul-africanos na primeira fase da disputa do futebol ol\u00edmpico em Sydney-2000, Da Gama disse ser uma motiva\u00e7\u00e3o. \u201cIsso nos lembra de que tudo \u00e9 poss\u00edvel no futebol.\u201d<\/p>\n<p>O t\u00e9cnico ainda brincou sobre ter um informante na equipe. O atacante Tyroane Sandows, de 19 anos, est\u00e1 desde os 11 no Brasil e integra o time sub-20 do Gr\u00eamio. \u201cEu falei sobre o toque de bola r\u00e1pido. Temos de ficar atentos e fechar os espa\u00e7os\u201d, explicou o jogador.<\/p>\n<p><strong>Ag\u00eancia Bras\u00edlia<\/strong><\/p>\n","protected":false},"excerpt":{"rendered":"<p>Amanda Martimon O Centro de Capacita\u00e7\u00e3o F\u00edsica do Corpo de Bombeiros do Distrito Federal recebeu o primeiro treino preparat\u00f3rio para as partidas de futebol da Olimp\u00edada em Bras\u00edlia. A \u00c1frica do Sul, que chegou no domingo (24), entrou em campo na tarde desta segunda-feira (25). Outros tr\u00eas espa\u00e7os esportivos da capital \u2014 Bezerr\u00e3o, Abadi\u00e3o e [&hellip;]<\/p>\n","protected":false},"author":2,"featured_media":109069,"comment_status":"open","ping_status":"closed","sticky":false,"template":"","format":"standard","meta":{"_acf_changed":false,"footnotes":""},"categories":[66],"tags":[],"class_list":["post-109068","post","type-post","status-publish","format-standard","has-post-thumbnail","hentry","category-rio-2016"],"acf":[],"_links":{"self":[{"href":"https:\/\/www.notibras.com\/site\/wp-json\/wp\/v2\/posts\/109068","targetHints":{"allow":["GET"]}}],"collection":[{"href":"https:\/\/www.notibras.com\/site\/wp-json\/wp\/v2\/posts"}],"about":[{"href":"https:\/\/www.notibras.com\/site\/wp-json\/wp\/v2\/types\/post"}],"author":[{"embeddable":true,"href":"https:\/\/www.notibras.com\/site\/wp-json\/wp\/v2\/users\/2"}],"replies":[{"embeddable":true,"href":"https:\/\/www.notibras.com\/site\/wp-json\/wp\/v2\/comments?post=109068"}],"version-history":[{"count":1,"href":"https:\/\/www.notibras.com\/site\/wp-json\/wp\/v2\/posts\/109068\/revisions"}],"predecessor-version":[{"id":109070,"href":"https:\/\/www.notibras.com\/site\/wp-json\/wp\/v2\/posts\/109068\/revisions\/109070"}],"wp:featuredmedia":[{"embeddable":true,"href":"https:\/\/www.notibras.com\/site\/wp-json\/wp\/v2\/media\/109069"}],"wp:attachment":[{"href":"https:\/\/www.notibras.com\/site\/wp-json\/wp\/v2\/media?parent=109068"}],"wp:term":[{"taxonomy":"category","embeddable":true,"href":"https:\/\/www.notibras.com\/site\/wp-json\/wp\/v2\/categories?post=109068"},{"taxonomy":"post_tag","embeddable":true,"href":"https:\/\/www.notibras.com\/site\/wp-json\/wp\/v2\/tags?post=109068"}],"curies":[{"name":"wp","href":"https:\/\/api.w.org\/{rel}","templated":true}]}}