{"id":1093,"date":"2014-02-11T08:16:27","date_gmt":"2014-02-11T11:16:27","guid":{"rendered":"http:\/\/www.notibras.com\/site\/?p=1093"},"modified":"2014-02-11T08:16:54","modified_gmt":"2014-02-11T11:16:54","slug":"crise-na-pm-pode-provocar-queda-do-coronel-anderson-moura","status":"publish","type":"post","link":"https:\/\/www.notibras.com\/site\/crise-na-pm-pode-provocar-queda-do-coronel-anderson-moura\/","title":{"rendered":"Crise na PM pode provocar queda do coronel Moura"},"content":{"rendered":"<p>O comandante-geral da PMDF, coronel Anderson Moura, est\u00e1 sendo fritado pelo Pal\u00e1cio do Buriti. Empossado no cargo recentemente, ele deve deixar o comando como exig\u00eancia de uma parcela acentuada dos militares, insatisfeitos com sua gest\u00e3o. Mas, mesmo assim, ele nega que esteja de sa\u00edda.<\/p>\n<p>Em reuni\u00e3o com seus comandados, Moura afirmou que tem ouvido boatos de que deixaria o comando, em meio a protestos de policiais em favor de reajustes salariais. &#8220;Ouvi esse boato com muita tranquilidade, at\u00e9 porque n\u00e3o passa de um boato. O governador [Agnelo], a todo minuto, a todo o momento, refor\u00e7a a nossa perman\u00eancia para fazermos a negocia\u00e7\u00e3o e o di\u00e1logo para atender aos interesses da institui\u00e7\u00e3o&#8221;, disse Moura.<\/p>\n<p>O governador Agnelo Queiroz (PT) esteve na reuni\u00e3o com os comandantes-gerais para discutir a pauta de reivindica\u00e7\u00f5es das tropas. A principal demanda analisada foi o reajuste salarial de PMs e bombeiros. No entanto, nenhuma medida concreta foi anunciada. &#8220;Estamos conversando com os setores t\u00e9cnicos. O governador est\u00e1 empenhado e disse que est\u00e1 disposto a corrigir as distor\u00e7\u00f5es salariais provocadas em governos anteriores. Acredito que at\u00e9 o final da semana teremos uma resposta&#8221;, disse o comandante-geral da PM.<\/p>\n","protected":false},"excerpt":{"rendered":"<p>O comandante-geral da PMDF, coronel Anderson Moura, est\u00e1 sendo fritado pelo Pal\u00e1cio do Buriti. Empossado no cargo recentemente, ele deve deixar o comando como exig\u00eancia de uma parcela acentuada dos militares, insatisfeitos com sua gest\u00e3o. Mas, mesmo assim, ele nega que esteja de sa\u00edda. Em reuni\u00e3o com seus comandados, Moura afirmou que tem ouvido boatos [&hellip;]<\/p>\n","protected":false},"author":2,"featured_media":1094,"comment_status":"open","ping_status":"closed","sticky":false,"template":"","format":"standard","meta":{"_acf_changed":false,"footnotes":""},"categories":[1],"tags":[],"class_list":["post-1093","post","type-post","status-publish","format-standard","has-post-thumbnail","hentry","category-brasilia"],"acf":[],"yoast_head":"<!-- This site is optimized with the Yoast SEO plugin v27.2 - https:\/\/yoast.com\/product\/yoast-seo-wordpress\/ -->\n<title>Crise na PM pode provocar queda do coronel Moura - Notibras<\/title>\n<meta name=\"robots\" content=\"index, follow, max-snippet:-1, max-image-preview:large, max-video-preview:-1\" \/>\n<link rel=\"canonical\" href=\"https:\/\/www.notibras.com\/site\/crise-na-pm-pode-provocar-queda-do-coronel-anderson-moura\/\" \/>\n<meta property=\"og:locale\" content=\"pt_BR\" \/>\n<meta property=\"og:type\" content=\"article\" \/>\n<meta property=\"og:title\" content=\"Crise na PM pode provocar queda do coronel Moura - Notibras\" \/>\n<meta property=\"og:description\" content=\"O comandante-geral da PMDF, coronel Anderson Moura, est\u00e1 sendo fritado pelo Pal\u00e1cio do Buriti. Empossado no cargo recentemente, ele deve deixar o comando como exig\u00eancia de uma parcela acentuada dos militares, insatisfeitos com sua gest\u00e3o. Mas, mesmo assim, ele nega que esteja de sa\u00edda. Em reuni\u00e3o com seus comandados, Moura afirmou que tem ouvido boatos [&hellip;]\" \/>\n<meta property=\"og:url\" content=\"https:\/\/www.notibras.com\/site\/crise-na-pm-pode-provocar-queda-do-coronel-anderson-moura\/\" \/>\n<meta property=\"og:site_name\" content=\"Notibras\" \/>\n<meta property=\"article:publisher\" content=\"https:\/\/www.facebook.com\/notibras\/\" \/>\n<meta property=\"article:published_time\" content=\"2014-02-11T11:16:27+00:00\" \/>\n<meta property=\"article:modified_time\" content=\"2014-02-11T11:16:54+00:00\" \/>\n<meta property=\"og:image\" content=\"https:\/\/www.notibras.com\/site\/wp-content\/uploads\/2014\/02\/coronel-moura-346.jpg\" \/>\n\t<meta property=\"og:image:width\" content=\"346\" \/>\n\t<meta property=\"og:image:height\" content=\"260\" \/>\n\t<meta property=\"og:image:type\" content=\"image\/jpeg\" \/>\n<meta name=\"author\" content=\"Reda\u00e7\u00e3o\" \/>\n<meta name=\"twitter:card\" content=\"summary_large_image\" \/>\n<meta name=\"twitter:creator\" content=\"@Notibras\" \/>\n<meta name=\"twitter:site\" content=\"@Notibras\" \/>\n<meta name=\"twitter:label1\" content=\"Escrito por\" \/>\n\t<meta name=\"twitter:data1\" content=\"Reda\u00e7\u00e3o\" \/>\n\t<meta name=\"twitter:label2\" content=\"Est. tempo de leitura\" \/>\n\t<meta name=\"twitter:data2\" content=\"1 minuto\" \/>\n<script type=\"application\/ld+json\" class=\"yoast-schema-graph\">{\"@context\":\"https:\/\/schema.org\",\"@graph\":[{\"@type\":\"Article\",\"@id\":\"https:\/\/www.notibras.com\/site\/crise-na-pm-pode-provocar-queda-do-coronel-anderson-moura\/#article\",\"isPartOf\":{\"@id\":\"https:\/\/www.notibras.com\/site\/crise-na-pm-pode-provocar-queda-do-coronel-anderson-moura\/\"},\"author\":{\"name\":\"Reda\u00e7\u00e3o\",\"@id\":\"https:\/\/www.notibras.com\/site\/#\/schema\/person\/36ab0979449956132d3e5b517ea76ac8\"},\"headline\":\"Crise na PM pode provocar queda do coronel Moura\",\"datePublished\":\"2014-02-11T11:16:27+00:00\",\"dateModified\":\"2014-02-11T11:16:54+00:00\",\"mainEntityOfPage\":{\"@id\":\"https:\/\/www.notibras.com\/site\/crise-na-pm-pode-provocar-queda-do-coronel-anderson-moura\/\"},\"wordCount\":214,\"commentCount\":0,\"publisher\":{\"@id\":\"https:\/\/www.notibras.com\/site\/#organization\"},\"image\":{\"@id\":\"https:\/\/www.notibras.com\/site\/crise-na-pm-pode-provocar-queda-do-coronel-anderson-moura\/#primaryimage\"},\"thumbnailUrl\":\"https:\/\/www.notibras.com\/site\/wp-content\/uploads\/2014\/02\/coronel-moura-346.jpg\",\"articleSection\":[\"Bras\u00edlia\"],\"inLanguage\":\"pt-BR\",\"potentialAction\":[{\"@type\":\"CommentAction\",\"name\":\"Comment\",\"target\":[\"https:\/\/www.notibras.com\/site\/crise-na-pm-pode-provocar-queda-do-coronel-anderson-moura\/#respond\"]}]},{\"@type\":\"WebPage\",\"@id\":\"https:\/\/www.notibras.com\/site\/crise-na-pm-pode-provocar-queda-do-coronel-anderson-moura\/\",\"url\":\"https:\/\/www.notibras.com\/site\/crise-na-pm-pode-provocar-queda-do-coronel-anderson-moura\/\",\"name\":\"Crise na PM pode provocar queda do coronel Moura - Notibras\",\"isPartOf\":{\"@id\":\"https:\/\/www.notibras.com\/site\/#website\"},\"primaryImageOfPage\":{\"@id\":\"https:\/\/www.notibras.com\/site\/crise-na-pm-pode-provocar-queda-do-coronel-anderson-moura\/#primaryimage\"},\"image\":{\"@id\":\"https:\/\/www.notibras.com\/site\/crise-na-pm-pode-provocar-queda-do-coronel-anderson-moura\/#primaryimage\"},\"thumbnailUrl\":\"https:\/\/www.notibras.com\/site\/wp-content\/uploads\/2014\/02\/coronel-moura-346.jpg\",\"datePublished\":\"2014-02-11T11:16:27+00:00\",\"dateModified\":\"2014-02-11T11:16:54+00:00\",\"breadcrumb\":{\"@id\":\"https:\/\/www.notibras.com\/site\/crise-na-pm-pode-provocar-queda-do-coronel-anderson-moura\/#breadcrumb\"},\"inLanguage\":\"pt-BR\",\"potentialAction\":[{\"@type\":\"ReadAction\",\"target\":[\"https:\/\/www.notibras.com\/site\/crise-na-pm-pode-provocar-queda-do-coronel-anderson-moura\/\"]}]},{\"@type\":\"ImageObject\",\"inLanguage\":\"pt-BR\",\"@id\":\"https:\/\/www.notibras.com\/site\/crise-na-pm-pode-provocar-queda-do-coronel-anderson-moura\/#primaryimage\",\"url\":\"https:\/\/www.notibras.com\/site\/wp-content\/uploads\/2014\/02\/coronel-moura-346.jpg\",\"contentUrl\":\"https:\/\/www.notibras.com\/site\/wp-content\/uploads\/2014\/02\/coronel-moura-346.jpg\",\"width\":346,\"height\":260},{\"@type\":\"BreadcrumbList\",\"@id\":\"https:\/\/www.notibras.com\/site\/crise-na-pm-pode-provocar-queda-do-coronel-anderson-moura\/#breadcrumb\",\"itemListElement\":[{\"@type\":\"ListItem\",\"position\":1,\"name\":\"In\u00edcio\",\"item\":\"https:\/\/www.notibras.com\/site\/\"},{\"@type\":\"ListItem\",\"position\":2,\"name\":\"Crise na PM pode provocar queda do coronel Moura\"}]},{\"@type\":\"WebSite\",\"@id\":\"https:\/\/www.notibras.com\/site\/#website\",\"url\":\"https:\/\/www.notibras.com\/site\/\",\"name\":\"Notibras\",\"description\":\"Not\u00edcias de Bras\u00edlia, do Brasil e do Mundo\",\"publisher\":{\"@id\":\"https:\/\/www.notibras.com\/site\/#organization\"},\"potentialAction\":[{\"@type\":\"SearchAction\",\"target\":{\"@type\":\"EntryPoint\",\"urlTemplate\":\"https:\/\/www.notibras.com\/site\/?s={search_term_string}\"},\"query-input\":{\"@type\":\"PropertyValueSpecification\",\"valueRequired\":true,\"valueName\":\"search_term_string\"}}],\"inLanguage\":\"pt-BR\"},{\"@type\":\"Organization\",\"@id\":\"https:\/\/www.notibras.com\/site\/#organization\",\"name\":\"Grupo Notibras de Comunica\u00e7\u00e3o\",\"url\":\"https:\/\/www.notibras.com\/site\/\",\"logo\":{\"@type\":\"ImageObject\",\"inLanguage\":\"pt-BR\",\"@id\":\"https:\/\/www.notibras.com\/site\/#\/schema\/logo\/image\/\",\"url\":\"https:\/\/www.notibras.com\/site\/wp-content\/uploads\/2023\/01\/notibras23.png\",\"contentUrl\":\"https:\/\/www.notibras.com\/site\/wp-content\/uploads\/2023\/01\/notibras23.png\",\"width\":350,\"height\":87,\"caption\":\"Grupo Notibras de Comunica\u00e7\u00e3o\"},\"image\":{\"@id\":\"https:\/\/www.notibras.com\/site\/#\/schema\/logo\/image\/\"},\"sameAs\":[\"https:\/\/www.facebook.com\/notibras\/\",\"https:\/\/x.com\/Notibras\",\"https:\/\/www.instagram.com\/notibras\/\"]},{\"@type\":\"Person\",\"@id\":\"https:\/\/www.notibras.com\/site\/#\/schema\/person\/36ab0979449956132d3e5b517ea76ac8\",\"name\":\"Reda\u00e7\u00e3o\",\"image\":{\"@type\":\"ImageObject\",\"inLanguage\":\"pt-BR\",\"@id\":\"https:\/\/secure.gravatar.com\/avatar\/e0a867bdedb85fd243eadf09663511f96fc81e0720a4a42581f334ad4303aa6b?s=96&d=mm&r=g\",\"url\":\"https:\/\/secure.gravatar.com\/avatar\/e0a867bdedb85fd243eadf09663511f96fc81e0720a4a42581f334ad4303aa6b?s=96&d=mm&r=g\",\"contentUrl\":\"https:\/\/secure.gravatar.com\/avatar\/e0a867bdedb85fd243eadf09663511f96fc81e0720a4a42581f334ad4303aa6b?s=96&d=mm&r=g\",\"caption\":\"Reda\u00e7\u00e3o\"}}]}<\/script>\n<!-- \/ Yoast SEO plugin. -->","yoast_head_json":{"title":"Crise na PM pode provocar queda do coronel Moura - Notibras","robots":{"index":"index","follow":"follow","max-snippet":"max-snippet:-1","max-image-preview":"max-image-preview:large","max-video-preview":"max-video-preview:-1"},"canonical":"https:\/\/www.notibras.com\/site\/crise-na-pm-pode-provocar-queda-do-coronel-anderson-moura\/","og_locale":"pt_BR","og_type":"article","og_title":"Crise na PM pode provocar queda do coronel Moura - Notibras","og_description":"O comandante-geral da PMDF, coronel Anderson Moura, est\u00e1 sendo fritado pelo Pal\u00e1cio do Buriti. Empossado no cargo recentemente, ele deve deixar o comando como exig\u00eancia de uma parcela acentuada dos militares, insatisfeitos com sua gest\u00e3o. Mas, mesmo assim, ele nega que esteja de sa\u00edda. Em reuni\u00e3o com seus comandados, Moura afirmou que tem ouvido boatos [&hellip;]","og_url":"https:\/\/www.notibras.com\/site\/crise-na-pm-pode-provocar-queda-do-coronel-anderson-moura\/","og_site_name":"Notibras","article_publisher":"https:\/\/www.facebook.com\/notibras\/","article_published_time":"2014-02-11T11:16:27+00:00","article_modified_time":"2014-02-11T11:16:54+00:00","og_image":[{"width":346,"height":260,"url":"https:\/\/www.notibras.com\/site\/wp-content\/uploads\/2014\/02\/coronel-moura-346.jpg","type":"image\/jpeg"}],"author":"Reda\u00e7\u00e3o","twitter_card":"summary_large_image","twitter_creator":"@Notibras","twitter_site":"@Notibras","twitter_misc":{"Escrito por":"Reda\u00e7\u00e3o","Est. tempo de leitura":"1 minuto"},"schema":{"@context":"https:\/\/schema.org","@graph":[{"@type":"Article","@id":"https:\/\/www.notibras.com\/site\/crise-na-pm-pode-provocar-queda-do-coronel-anderson-moura\/#article","isPartOf":{"@id":"https:\/\/www.notibras.com\/site\/crise-na-pm-pode-provocar-queda-do-coronel-anderson-moura\/"},"author":{"name":"Reda\u00e7\u00e3o","@id":"https:\/\/www.notibras.com\/site\/#\/schema\/person\/36ab0979449956132d3e5b517ea76ac8"},"headline":"Crise na PM pode provocar queda do coronel Moura","datePublished":"2014-02-11T11:16:27+00:00","dateModified":"2014-02-11T11:16:54+00:00","mainEntityOfPage":{"@id":"https:\/\/www.notibras.com\/site\/crise-na-pm-pode-provocar-queda-do-coronel-anderson-moura\/"},"wordCount":214,"commentCount":0,"publisher":{"@id":"https:\/\/www.notibras.com\/site\/#organization"},"image":{"@id":"https:\/\/www.notibras.com\/site\/crise-na-pm-pode-provocar-queda-do-coronel-anderson-moura\/#primaryimage"},"thumbnailUrl":"https:\/\/www.notibras.com\/site\/wp-content\/uploads\/2014\/02\/coronel-moura-346.jpg","articleSection":["Bras\u00edlia"],"inLanguage":"pt-BR","potentialAction":[{"@type":"CommentAction","name":"Comment","target":["https:\/\/www.notibras.com\/site\/crise-na-pm-pode-provocar-queda-do-coronel-anderson-moura\/#respond"]}]},{"@type":"WebPage","@id":"https:\/\/www.notibras.com\/site\/crise-na-pm-pode-provocar-queda-do-coronel-anderson-moura\/","url":"https:\/\/www.notibras.com\/site\/crise-na-pm-pode-provocar-queda-do-coronel-anderson-moura\/","name":"Crise na PM pode provocar queda do coronel Moura - Notibras","isPartOf":{"@id":"https:\/\/www.notibras.com\/site\/#website"},"primaryImageOfPage":{"@id":"https:\/\/www.notibras.com\/site\/crise-na-pm-pode-provocar-queda-do-coronel-anderson-moura\/#primaryimage"},"image":{"@id":"https:\/\/www.notibras.com\/site\/crise-na-pm-pode-provocar-queda-do-coronel-anderson-moura\/#primaryimage"},"thumbnailUrl":"https:\/\/www.notibras.com\/site\/wp-content\/uploads\/2014\/02\/coronel-moura-346.jpg","datePublished":"2014-02-11T11:16:27+00:00","dateModified":"2014-02-11T11:16:54+00:00","breadcrumb":{"@id":"https:\/\/www.notibras.com\/site\/crise-na-pm-pode-provocar-queda-do-coronel-anderson-moura\/#breadcrumb"},"inLanguage":"pt-BR","potentialAction":[{"@type":"ReadAction","target":["https:\/\/www.notibras.com\/site\/crise-na-pm-pode-provocar-queda-do-coronel-anderson-moura\/"]}]},{"@type":"ImageObject","inLanguage":"pt-BR","@id":"https:\/\/www.notibras.com\/site\/crise-na-pm-pode-provocar-queda-do-coronel-anderson-moura\/#primaryimage","url":"https:\/\/www.notibras.com\/site\/wp-content\/uploads\/2014\/02\/coronel-moura-346.jpg","contentUrl":"https:\/\/www.notibras.com\/site\/wp-content\/uploads\/2014\/02\/coronel-moura-346.jpg","width":346,"height":260},{"@type":"BreadcrumbList","@id":"https:\/\/www.notibras.com\/site\/crise-na-pm-pode-provocar-queda-do-coronel-anderson-moura\/#breadcrumb","itemListElement":[{"@type":"ListItem","position":1,"name":"In\u00edcio","item":"https:\/\/www.notibras.com\/site\/"},{"@type":"ListItem","position":2,"name":"Crise na PM pode provocar queda do coronel Moura"}]},{"@type":"WebSite","@id":"https:\/\/www.notibras.com\/site\/#website","url":"https:\/\/www.notibras.com\/site\/","name":"Notibras","description":"Not\u00edcias de Bras\u00edlia, do Brasil e do Mundo","publisher":{"@id":"https:\/\/www.notibras.com\/site\/#organization"},"potentialAction":[{"@type":"SearchAction","target":{"@type":"EntryPoint","urlTemplate":"https:\/\/www.notibras.com\/site\/?s={search_term_string}"},"query-input":{"@type":"PropertyValueSpecification","valueRequired":true,"valueName":"search_term_string"}}],"inLanguage":"pt-BR"},{"@type":"Organization","@id":"https:\/\/www.notibras.com\/site\/#organization","name":"Grupo Notibras de Comunica\u00e7\u00e3o","url":"https:\/\/www.notibras.com\/site\/","logo":{"@type":"ImageObject","inLanguage":"pt-BR","@id":"https:\/\/www.notibras.com\/site\/#\/schema\/logo\/image\/","url":"https:\/\/www.notibras.com\/site\/wp-content\/uploads\/2023\/01\/notibras23.png","contentUrl":"https:\/\/www.notibras.com\/site\/wp-content\/uploads\/2023\/01\/notibras23.png","width":350,"height":87,"caption":"Grupo Notibras de Comunica\u00e7\u00e3o"},"image":{"@id":"https:\/\/www.notibras.com\/site\/#\/schema\/logo\/image\/"},"sameAs":["https:\/\/www.facebook.com\/notibras\/","https:\/\/x.com\/Notibras","https:\/\/www.instagram.com\/notibras\/"]},{"@type":"Person","@id":"https:\/\/www.notibras.com\/site\/#\/schema\/person\/36ab0979449956132d3e5b517ea76ac8","name":"Reda\u00e7\u00e3o","image":{"@type":"ImageObject","inLanguage":"pt-BR","@id":"https:\/\/secure.gravatar.com\/avatar\/e0a867bdedb85fd243eadf09663511f96fc81e0720a4a42581f334ad4303aa6b?s=96&d=mm&r=g","url":"https:\/\/secure.gravatar.com\/avatar\/e0a867bdedb85fd243eadf09663511f96fc81e0720a4a42581f334ad4303aa6b?s=96&d=mm&r=g","contentUrl":"https:\/\/secure.gravatar.com\/avatar\/e0a867bdedb85fd243eadf09663511f96fc81e0720a4a42581f334ad4303aa6b?s=96&d=mm&r=g","caption":"Reda\u00e7\u00e3o"}}]}},"amp_enabled":true,"_links":{"self":[{"href":"https:\/\/www.notibras.com\/site\/wp-json\/wp\/v2\/posts\/1093","targetHints":{"allow":["GET"]}}],"collection":[{"href":"https:\/\/www.notibras.com\/site\/wp-json\/wp\/v2\/posts"}],"about":[{"href":"https:\/\/www.notibras.com\/site\/wp-json\/wp\/v2\/types\/post"}],"author":[{"embeddable":true,"href":"https:\/\/www.notibras.com\/site\/wp-json\/wp\/v2\/users\/2"}],"replies":[{"embeddable":true,"href":"https:\/\/www.notibras.com\/site\/wp-json\/wp\/v2\/comments?post=1093"}],"version-history":[{"count":0,"href":"https:\/\/www.notibras.com\/site\/wp-json\/wp\/v2\/posts\/1093\/revisions"}],"wp:featuredmedia":[{"embeddable":true,"href":"https:\/\/www.notibras.com\/site\/wp-json\/wp\/v2\/media\/1094"}],"wp:attachment":[{"href":"https:\/\/www.notibras.com\/site\/wp-json\/wp\/v2\/media?parent=1093"}],"wp:term":[{"taxonomy":"category","embeddable":true,"href":"https:\/\/www.notibras.com\/site\/wp-json\/wp\/v2\/categories?post=1093"},{"taxonomy":"post_tag","embeddable":true,"href":"https:\/\/www.notibras.com\/site\/wp-json\/wp\/v2\/tags?post=1093"}],"curies":[{"name":"wp","href":"https:\/\/api.w.org\/{rel}","templated":true}]}}