{"id":109325,"date":"2016-07-28T14:47:56","date_gmt":"2016-07-28T17:47:56","guid":{"rendered":"http:\/\/www.notibras.com\/site\/?p=109325"},"modified":"2016-08-01T09:35:25","modified_gmt":"2016-08-01T12:35:25","slug":"faltando-oito-dias-para-os-jogos-do-rio-homem-e-preso-por-suspeita-de-terrorismo","status":"publish","type":"post","link":"https:\/\/www.notibras.com\/site\/faltando-oito-dias-para-os-jogos-do-rio-homem-e-preso-por-suspeita-de-terrorismo\/","title":{"rendered":"Faltando oito dias para os Jogos do Rio, homem \u00e9 preso por suspeita de terrorismo"},"content":{"rendered":"<p>A Pol\u00edcia Federal prendeu na tarde desta \u00faltima quarta-feira, em Nova Igua\u00e7u (RJ), Chaer Kalaoun, de 28 anos, um brasileiro descendente de libaneses, suspeito de liga\u00e7\u00e3o com terrorismo. O motivo: publica\u00e7\u00f5es feitas por ele em suas redes sociais consideradas suspeitas pelas autoridades.<\/p>\n<p>Segundo o advogado do suspeito levado para a Superintend\u00eancia da PF no centro do Rio, Kalaoun n\u00e3o tem qualquer liga\u00e7\u00e3o com grupos jihadistas.<\/p>\n<p>O homem preso \u00e9 Chaer Kalaoun, de 28 anos, um brasileiro descendente de libaneses. Ele foi detido devido a publica\u00e7\u00f5es em redes sociais consideradas suspeitas pelas autoridades, e foi levado para a Superintend\u00eancia da PF no centro do Rio, segundo o advogado Edison Ferreira.<\/p>\n<p>&#8220;A autoridade policial pediu a pris\u00e3o e a Justi\u00e7a Federal autorizou. Ele \u00e9 investigado em raz\u00e3o de postagens nas redes sociais e essas coisas, mas ele n\u00e3o tem nada a ver com Estado Isl\u00e2mico e terrorismo&#8221;, disse o advogado Edison Ferreira \u00e0 Reuters.<\/p>\n<p>Reportagens na internet afirmam que a pris\u00e3o foi determinada pela Justi\u00e7a Federal do Rio depois que investiga\u00e7\u00f5es da PF e da Ag\u00eancia Brasileira de Intelig\u00eancia (Abin) identificaram publica\u00e7\u00f5es de Chaer Kalaoun em que ele fazia apologia ao grupo militante Estado Isl\u00e2mico.<\/p>\n","protected":false},"excerpt":{"rendered":"<p>A Pol\u00edcia Federal prendeu na tarde desta \u00faltima quarta-feira, em Nova Igua\u00e7u (RJ), Chaer Kalaoun, de 28 anos, um brasileiro descendente de libaneses, suspeito de liga\u00e7\u00e3o com terrorismo. O motivo: publica\u00e7\u00f5es feitas por ele em suas redes sociais consideradas suspeitas pelas autoridades. Segundo o advogado do suspeito levado para a Superintend\u00eancia da PF no centro [&hellip;]<\/p>\n","protected":false},"author":1,"featured_media":109342,"comment_status":"open","ping_status":"closed","sticky":false,"template":"","format":"standard","meta":{"_acf_changed":false,"footnotes":""},"categories":[66],"tags":[],"class_list":["post-109325","post","type-post","status-publish","format-standard","has-post-thumbnail","hentry","category-rio-2016"],"acf":[],"_links":{"self":[{"href":"https:\/\/www.notibras.com\/site\/wp-json\/wp\/v2\/posts\/109325","targetHints":{"allow":["GET"]}}],"collection":[{"href":"https:\/\/www.notibras.com\/site\/wp-json\/wp\/v2\/posts"}],"about":[{"href":"https:\/\/www.notibras.com\/site\/wp-json\/wp\/v2\/types\/post"}],"author":[{"embeddable":true,"href":"https:\/\/www.notibras.com\/site\/wp-json\/wp\/v2\/users\/1"}],"replies":[{"embeddable":true,"href":"https:\/\/www.notibras.com\/site\/wp-json\/wp\/v2\/comments?post=109325"}],"version-history":[{"count":3,"href":"https:\/\/www.notibras.com\/site\/wp-json\/wp\/v2\/posts\/109325\/revisions"}],"predecessor-version":[{"id":110289,"href":"https:\/\/www.notibras.com\/site\/wp-json\/wp\/v2\/posts\/109325\/revisions\/110289"}],"wp:featuredmedia":[{"embeddable":true,"href":"https:\/\/www.notibras.com\/site\/wp-json\/wp\/v2\/media\/109342"}],"wp:attachment":[{"href":"https:\/\/www.notibras.com\/site\/wp-json\/wp\/v2\/media?parent=109325"}],"wp:term":[{"taxonomy":"category","embeddable":true,"href":"https:\/\/www.notibras.com\/site\/wp-json\/wp\/v2\/categories?post=109325"},{"taxonomy":"post_tag","embeddable":true,"href":"https:\/\/www.notibras.com\/site\/wp-json\/wp\/v2\/tags?post=109325"}],"curies":[{"name":"wp","href":"https:\/\/api.w.org\/{rel}","templated":true}]}}