{"id":109345,"date":"2016-07-28T15:09:01","date_gmt":"2016-07-28T18:09:01","guid":{"rendered":"http:\/\/www.notibras.com\/site\/?p=109345"},"modified":"2016-08-01T09:06:37","modified_gmt":"2016-08-01T12:06:37","slug":"bernardinho-descarta-favoritismo-do-volei-brasileiro-masculino-no-rio-2016","status":"publish","type":"post","link":"https:\/\/www.notibras.com\/site\/bernardinho-descarta-favoritismo-do-volei-brasileiro-masculino-no-rio-2016\/","title":{"rendered":"Bernardinho descarta favoritismo do v\u00f4lei brasileiro masculino no Rio 2016"},"content":{"rendered":"<p>Para o t\u00e9cnico da sele\u00e7\u00e3o masculina de v\u00f4lei, Fran\u00e7a \u00e9 a principal concorrente ao ouro. Segundo ele, \u00e9 bom ficar de olho no desempenho de Estados Unidos, It\u00e1lia, Pol\u00f4nia e R\u00fassia.<\/p>\n<p>\u201cS\u00e3o candidatos ou favoritos, juntos com o Brasil. Acho que a Olimp\u00edada tem seis favoritos, com uma pequena vantagem para a Fran\u00e7a, que \u00e9 uma equipe que vem dominando, embora na Liga Mundial tenha ficado atr\u00e1s\u201d, disse o treinador em entrevista.<\/p>\n<p>Em busca do tricampeonato ol\u00edmpico, a sele\u00e7\u00e3o brasileira masculina de v\u00f4lei estreia na competi\u00e7\u00e3o no dia 7 de agosto diante do M\u00e9xico, no Maracan\u00e3zinho. O grupo da sele\u00e7\u00e3o ainda conta com as presen\u00e7as de Fran\u00e7a, Estados Unidos, It\u00e1lia e Canad\u00e1.<\/p>\n","protected":false},"excerpt":{"rendered":"<p>Para o t\u00e9cnico da sele\u00e7\u00e3o masculina de v\u00f4lei, Fran\u00e7a \u00e9 a principal concorrente ao ouro. Segundo ele, \u00e9 bom ficar de olho no desempenho de Estados Unidos, It\u00e1lia, Pol\u00f4nia e R\u00fassia. \u201cS\u00e3o candidatos ou favoritos, juntos com o Brasil. Acho que a Olimp\u00edada tem seis favoritos, com uma pequena vantagem para a Fran\u00e7a, que \u00e9 [&hellip;]<\/p>\n","protected":false},"author":1,"featured_media":109347,"comment_status":"open","ping_status":"closed","sticky":false,"template":"","format":"standard","meta":{"_acf_changed":false,"footnotes":""},"categories":[66],"tags":[],"class_list":["post-109345","post","type-post","status-publish","format-standard","has-post-thumbnail","hentry","category-rio-2016"],"acf":[],"_links":{"self":[{"href":"https:\/\/www.notibras.com\/site\/wp-json\/wp\/v2\/posts\/109345","targetHints":{"allow":["GET"]}}],"collection":[{"href":"https:\/\/www.notibras.com\/site\/wp-json\/wp\/v2\/posts"}],"about":[{"href":"https:\/\/www.notibras.com\/site\/wp-json\/wp\/v2\/types\/post"}],"author":[{"embeddable":true,"href":"https:\/\/www.notibras.com\/site\/wp-json\/wp\/v2\/users\/1"}],"replies":[{"embeddable":true,"href":"https:\/\/www.notibras.com\/site\/wp-json\/wp\/v2\/comments?post=109345"}],"version-history":[{"count":3,"href":"https:\/\/www.notibras.com\/site\/wp-json\/wp\/v2\/posts\/109345\/revisions"}],"predecessor-version":[{"id":110283,"href":"https:\/\/www.notibras.com\/site\/wp-json\/wp\/v2\/posts\/109345\/revisions\/110283"}],"wp:featuredmedia":[{"embeddable":true,"href":"https:\/\/www.notibras.com\/site\/wp-json\/wp\/v2\/media\/109347"}],"wp:attachment":[{"href":"https:\/\/www.notibras.com\/site\/wp-json\/wp\/v2\/media?parent=109345"}],"wp:term":[{"taxonomy":"category","embeddable":true,"href":"https:\/\/www.notibras.com\/site\/wp-json\/wp\/v2\/categories?post=109345"},{"taxonomy":"post_tag","embeddable":true,"href":"https:\/\/www.notibras.com\/site\/wp-json\/wp\/v2\/tags?post=109345"}],"curies":[{"name":"wp","href":"https:\/\/api.w.org\/{rel}","templated":true}]}}