{"id":109351,"date":"2016-07-28T16:35:49","date_gmt":"2016-07-28T19:35:49","guid":{"rendered":"http:\/\/www.notibras.com\/site\/?p=109351"},"modified":"2016-08-01T09:35:50","modified_gmt":"2016-08-01T12:35:50","slug":"prefeitura-do-rio-de-janeiro-gasta-r-233-mi-para-concluir-obras-atrasadas","status":"publish","type":"post","link":"https:\/\/www.notibras.com\/site\/prefeitura-do-rio-de-janeiro-gasta-r-233-mi-para-concluir-obras-atrasadas\/","title":{"rendered":"Prefeitura do Rio de Janeiro gasta R$ 233 mi para concluir obras atrasadas"},"content":{"rendered":"<p>Segundo reportagem do jornal Folha de S. Paulo, publicada nesta quinta-feira, a prefeitura do Rio de Janeiro firmou uma s\u00e9rie de contratos sem licita\u00e7\u00e3o para arrematar obras atrasadas para a Olimp\u00edada Rio 2016. De acordo com a apura\u00e7\u00e3o, o valor somado dos neg\u00f3cios fechados sem concorr\u00eancia chega a 233 milh\u00f5es de reais.<\/p>\n<p>Em defesa, representantes de Eduardo Paes (PMDB) afirma que todas as contrata\u00e7\u00f5es respeitaram a lei de licita\u00e7\u00f5es, que permite exce\u00e7\u00f5es em casos de emerg\u00eancia.<\/p>\n<p>Em nota a Empresa Ol\u00edmpica Municipal afirmou que n\u00e3o foi realizada uma cota\u00e7\u00e3o no mercado por causa de imprevistos.<\/p>\n<p>\u201cPor causa da proximidade dos Jogos Ol\u00edmpicos e da impossibilidade de paralisar as obras para cumprimento de tempo de procedimento licitat\u00f3rio, a Riourbe (empresa municipal respons\u00e1vel pelas obras das arenas) optou pela contrata\u00e7\u00e3o emergencial, sem cota\u00e7\u00e3o no mercado\u201d, disse a institui\u00e7\u00e3o em nota.<\/p>\n<p>Ainda segundo a reportagem, em todas as obras atrasadas, o munic\u00edpio revogou o acordo com as construtoras vencedoras da licita\u00e7\u00e3o, mas como n\u00e3o cumpriram os prazos, a prefeitura contratou outras no lugar.<\/p>\n<p>Empresas contratadas sem concorr\u00eancia:<\/p>\n<p><strong>Contrutora Zadar<\/strong><br \/>\nObra: conclus\u00e3o do Centro de Hipismo<br \/>\nValor: R$ 66,1 milh\u00f5es<\/p>\n<p><strong>Volume Constru\u00e7\u00f5es e Participa\u00e7\u00f5es<\/strong><br \/>\nObra: conclus\u00e3o do Centro de T\u00eanis<br \/>\nValor: R$ 63,4 milh\u00f5es<\/p>\n<p><strong>Enget\u00e9cnica Servi\u00e7os e Constru\u00e7\u00f5es<\/strong><br \/>\nObra: conclus\u00e3o do Vel\u00f3dromo<br \/>\nValor: R$ 63,4 milh\u00f5es<\/p>\n<p><strong>Tensor Empreendimentos<\/strong><br \/>\nObra: conclus\u00e3o da Vila dos Tratadores do Centro de Hipismo<br \/>\nValor: R$ 28,1 milh\u00f5es<\/p>\n<p><strong>Fagga Promo\u00e7\u00f5es de Eventos<\/strong><br \/>\nObra: planejamento, montagem e desmontagem de arquibancadas do Centro de T\u00eanis<br \/>\nValor: R$ 7,8 milh\u00f5es<\/p>\n<p><strong>Jam Engenharia<\/strong><br \/>\nObra: fornecimento de energia para as Arenas Cariocas<br \/>\nValor: R$ 4,8 milh\u00f5es<\/p>\n<p><strong>Rocha Engenharia<\/strong><br \/>\nObra: constru\u00e7\u00e3o de 20 casas na Vila Aut\u00f3dromo<br \/>\nValor: R$ 3,3 milh\u00f5es<\/p>\n","protected":false},"excerpt":{"rendered":"<p>Segundo reportagem do jornal Folha de S. Paulo, publicada nesta quinta-feira, a prefeitura do Rio de Janeiro firmou uma s\u00e9rie de contratos sem licita\u00e7\u00e3o para arrematar obras atrasadas para a Olimp\u00edada Rio 2016. De acordo com a apura\u00e7\u00e3o, o valor somado dos neg\u00f3cios fechados sem concorr\u00eancia chega a 233 milh\u00f5es de reais. Em defesa, representantes [&hellip;]<\/p>\n","protected":false},"author":1,"featured_media":109363,"comment_status":"open","ping_status":"closed","sticky":false,"template":"","format":"standard","meta":{"_acf_changed":false,"footnotes":""},"categories":[66],"tags":[],"class_list":["post-109351","post","type-post","status-publish","format-standard","has-post-thumbnail","hentry","category-rio-2016"],"acf":[],"_links":{"self":[{"href":"https:\/\/www.notibras.com\/site\/wp-json\/wp\/v2\/posts\/109351","targetHints":{"allow":["GET"]}}],"collection":[{"href":"https:\/\/www.notibras.com\/site\/wp-json\/wp\/v2\/posts"}],"about":[{"href":"https:\/\/www.notibras.com\/site\/wp-json\/wp\/v2\/types\/post"}],"author":[{"embeddable":true,"href":"https:\/\/www.notibras.com\/site\/wp-json\/wp\/v2\/users\/1"}],"replies":[{"embeddable":true,"href":"https:\/\/www.notibras.com\/site\/wp-json\/wp\/v2\/comments?post=109351"}],"version-history":[{"count":5,"href":"https:\/\/www.notibras.com\/site\/wp-json\/wp\/v2\/posts\/109351\/revisions"}],"predecessor-version":[{"id":110290,"href":"https:\/\/www.notibras.com\/site\/wp-json\/wp\/v2\/posts\/109351\/revisions\/110290"}],"wp:featuredmedia":[{"embeddable":true,"href":"https:\/\/www.notibras.com\/site\/wp-json\/wp\/v2\/media\/109363"}],"wp:attachment":[{"href":"https:\/\/www.notibras.com\/site\/wp-json\/wp\/v2\/media?parent=109351"}],"wp:term":[{"taxonomy":"category","embeddable":true,"href":"https:\/\/www.notibras.com\/site\/wp-json\/wp\/v2\/categories?post=109351"},{"taxonomy":"post_tag","embeddable":true,"href":"https:\/\/www.notibras.com\/site\/wp-json\/wp\/v2\/tags?post=109351"}],"curies":[{"name":"wp","href":"https:\/\/api.w.org\/{rel}","templated":true}]}}