{"id":109367,"date":"2016-07-28T17:00:30","date_gmt":"2016-07-28T20:00:30","guid":{"rendered":"http:\/\/www.notibras.com\/site\/?p=109367"},"modified":"2016-08-01T09:34:25","modified_gmt":"2016-08-01T12:34:25","slug":"michelzinho-42-convidados-de-michel-temer-e-a-sogra-na-abertura-dos-jogos","status":"publish","type":"post","link":"https:\/\/www.notibras.com\/site\/michelzinho-42-convidados-de-michel-temer-e-a-sogra-na-abertura-dos-jogos\/","title":{"rendered":"Michelzinho, 42 convidados de Michel Temer e a sogra na abertura dos Jogos"},"content":{"rendered":"<p>Um batalh\u00e3o de convidados da Presid\u00eancia do Brasil marcar\u00e1 presen\u00e7a na cerim\u00f4nia de abertura dos Jogos, no dia cinco de agosto, no Maracan\u00e3. Ser\u00e3o ao todo 42 convidados. A lista ainda n\u00e3o foi definida, mas deve ser preenchida em sua maioria por ministros do governo.<\/p>\n<p>Al\u00e9m de parlamentares pr\u00f3ximos, o presidente interino Michel Temer tamb\u00e9m levar\u00e1 sua fam\u00edlia para a abertura. Na lista, a primeira-dama, Marcela Temer, seu filho, Michelzinho, e sua sogra, Norma Tedeschi.<\/p>\n<p>De acordo com a organiza\u00e7\u00e3o, apenas Marcela poder\u00e1 ficar na tribuna de honra.<\/p>\n<p>Embora contenha boa orat\u00f3ria, Temer se restringir\u00e1 a falar s\u00f3 uma frase na abertura do evento esportivo: &#8220;Declaro aberto os Jogos do Rio, celebrando a 31\u00aa Olimp\u00edada da era moderna&#8221;.<\/p>\n","protected":false},"excerpt":{"rendered":"<p>Um batalh\u00e3o de convidados da Presid\u00eancia do Brasil marcar\u00e1 presen\u00e7a na cerim\u00f4nia de abertura dos Jogos, no dia cinco de agosto, no Maracan\u00e3. Ser\u00e3o ao todo 42 convidados. A lista ainda n\u00e3o foi definida, mas deve ser preenchida em sua maioria por ministros do governo. Al\u00e9m de parlamentares pr\u00f3ximos, o presidente interino Michel Temer tamb\u00e9m [&hellip;]<\/p>\n","protected":false},"author":1,"featured_media":109371,"comment_status":"open","ping_status":"closed","sticky":false,"template":"","format":"standard","meta":{"_acf_changed":false,"footnotes":""},"categories":[66],"tags":[],"class_list":["post-109367","post","type-post","status-publish","format-standard","has-post-thumbnail","hentry","category-rio-2016"],"acf":[],"_links":{"self":[{"href":"https:\/\/www.notibras.com\/site\/wp-json\/wp\/v2\/posts\/109367","targetHints":{"allow":["GET"]}}],"collection":[{"href":"https:\/\/www.notibras.com\/site\/wp-json\/wp\/v2\/posts"}],"about":[{"href":"https:\/\/www.notibras.com\/site\/wp-json\/wp\/v2\/types\/post"}],"author":[{"embeddable":true,"href":"https:\/\/www.notibras.com\/site\/wp-json\/wp\/v2\/users\/1"}],"replies":[{"embeddable":true,"href":"https:\/\/www.notibras.com\/site\/wp-json\/wp\/v2\/comments?post=109367"}],"version-history":[{"count":4,"href":"https:\/\/www.notibras.com\/site\/wp-json\/wp\/v2\/posts\/109367\/revisions"}],"predecessor-version":[{"id":110288,"href":"https:\/\/www.notibras.com\/site\/wp-json\/wp\/v2\/posts\/109367\/revisions\/110288"}],"wp:featuredmedia":[{"embeddable":true,"href":"https:\/\/www.notibras.com\/site\/wp-json\/wp\/v2\/media\/109371"}],"wp:attachment":[{"href":"https:\/\/www.notibras.com\/site\/wp-json\/wp\/v2\/media?parent=109367"}],"wp:term":[{"taxonomy":"category","embeddable":true,"href":"https:\/\/www.notibras.com\/site\/wp-json\/wp\/v2\/categories?post=109367"},{"taxonomy":"post_tag","embeddable":true,"href":"https:\/\/www.notibras.com\/site\/wp-json\/wp\/v2\/tags?post=109367"}],"curies":[{"name":"wp","href":"https:\/\/api.w.org\/{rel}","templated":true}]}}