{"id":109375,"date":"2016-07-28T18:29:02","date_gmt":"2016-07-28T21:29:02","guid":{"rendered":"http:\/\/www.notibras.com\/site\/?p=109375"},"modified":"2016-08-01T09:36:22","modified_gmt":"2016-08-01T12:36:22","slug":"rede-de-prostituicao-atua-em-frente-ao-parque-olimpico-e-policia-entra-em-acao","status":"publish","type":"post","link":"https:\/\/www.notibras.com\/site\/rede-de-prostituicao-atua-em-frente-ao-parque-olimpico-e-policia-entra-em-acao\/","title":{"rendered":"Rede de prostitui\u00e7\u00e3o atua em frente ao Parque Ol\u00edmpico e pol\u00edcia entra em a\u00e7\u00e3o"},"content":{"rendered":"<p>A pol\u00edcia carioca deu in\u00edcio a uma opera\u00e7\u00e3o para capturar dois suspeitos, que seriam os respons\u00e1veis por uma rede de prostitui\u00e7\u00e3o envolvendo adolescentes em um condom\u00ednio residencial, nos arredores do Parque Ol\u00edmpico da Barra, na zona oeste do Rio.<\/p>\n<p>De acordo com a delegada respons\u00e1vel pela opera\u00e7\u00e3o, pelo menos seis meninas, entre 15 e 16 anos de idade, estariam envolvidas no esquema.<\/p>\n<p>\u201cAs adolescentes ficavam em um apartamento que era usado para os programas. Tinha muita rotatividade de meninas. Uma funcion\u00e1ria do local informou que elas s\u00f3 sa\u00edam acompanhadas dos criminosos para ir ao sal\u00e3o e academia e depois voltavam para o apartamento&#8221;, explica a delegada.<\/p>\n<p>Dois homens foram identificados como autores do esquema. Jonathan Alvez Mendes, 24, e M\u00e1rcio Garcia de Andrade, 33. Ambos est\u00e3o foragidos.<\/p>\n<p><img loading=\"lazy\" decoding=\"async\" class=\"alignnone size-full wp-image-70065\" src=\"http:\/\/www.notibras.com\/site\/wp-content\/uploads\/2015\/10\/estadao.png\" alt=\"estadao\" width=\"99\" height=\"16\" \/><\/p>\n","protected":false},"excerpt":{"rendered":"<p>A pol\u00edcia carioca deu in\u00edcio a uma opera\u00e7\u00e3o para capturar dois suspeitos, que seriam os respons\u00e1veis por uma rede de prostitui\u00e7\u00e3o envolvendo adolescentes em um condom\u00ednio residencial, nos arredores do Parque Ol\u00edmpico da Barra, na zona oeste do Rio. De acordo com a delegada respons\u00e1vel pela opera\u00e7\u00e3o, pelo menos seis meninas, entre 15 e 16 [&hellip;]<\/p>\n","protected":false},"author":1,"featured_media":109376,"comment_status":"open","ping_status":"closed","sticky":false,"template":"","format":"standard","meta":{"_acf_changed":false,"footnotes":""},"categories":[66],"tags":[],"class_list":["post-109375","post","type-post","status-publish","format-standard","has-post-thumbnail","hentry","category-rio-2016"],"acf":[],"_links":{"self":[{"href":"https:\/\/www.notibras.com\/site\/wp-json\/wp\/v2\/posts\/109375","targetHints":{"allow":["GET"]}}],"collection":[{"href":"https:\/\/www.notibras.com\/site\/wp-json\/wp\/v2\/posts"}],"about":[{"href":"https:\/\/www.notibras.com\/site\/wp-json\/wp\/v2\/types\/post"}],"author":[{"embeddable":true,"href":"https:\/\/www.notibras.com\/site\/wp-json\/wp\/v2\/users\/1"}],"replies":[{"embeddable":true,"href":"https:\/\/www.notibras.com\/site\/wp-json\/wp\/v2\/comments?post=109375"}],"version-history":[{"count":4,"href":"https:\/\/www.notibras.com\/site\/wp-json\/wp\/v2\/posts\/109375\/revisions"}],"predecessor-version":[{"id":110291,"href":"https:\/\/www.notibras.com\/site\/wp-json\/wp\/v2\/posts\/109375\/revisions\/110291"}],"wp:featuredmedia":[{"embeddable":true,"href":"https:\/\/www.notibras.com\/site\/wp-json\/wp\/v2\/media\/109376"}],"wp:attachment":[{"href":"https:\/\/www.notibras.com\/site\/wp-json\/wp\/v2\/media?parent=109375"}],"wp:term":[{"taxonomy":"category","embeddable":true,"href":"https:\/\/www.notibras.com\/site\/wp-json\/wp\/v2\/categories?post=109375"},{"taxonomy":"post_tag","embeddable":true,"href":"https:\/\/www.notibras.com\/site\/wp-json\/wp\/v2\/tags?post=109375"}],"curies":[{"name":"wp","href":"https:\/\/api.w.org\/{rel}","templated":true}]}}