{"id":109685,"date":"2016-07-30T13:13:00","date_gmt":"2016-07-30T16:13:00","guid":{"rendered":"http:\/\/www.notibras.com\/site\/?p=109685"},"modified":"2016-07-30T13:13:00","modified_gmt":"2016-07-30T16:13:00","slug":"ja-imaginou-as-vantagens-se-a-lei-rouanet-batesse-na-porta-de-uma-sala-de-aula","status":"publish","type":"post","link":"https:\/\/www.notibras.com\/site\/ja-imaginou-as-vantagens-se-a-lei-rouanet-batesse-na-porta-de-uma-sala-de-aula\/","title":{"rendered":"J\u00e1 imaginou as vantagens se a Lei Rouanet batesse na porta de uma sala de aula?"},"content":{"rendered":"<p><strong>Antonio Freitas<\/strong><br \/>\n<strong>Ana Tereza Spinola<\/strong><\/p>\n<p>O ano \u00e9 ol\u00edmpico, mas a educa\u00e7\u00e3o brasileira est\u00e1 longe de conquistar um lugar no p\u00f3dio. Um levantamento realizado pelo movimento Todos pela Educa\u00e7\u00e3o, com base no Censo Escolar de 2015, revelou que as escolas p\u00fablicas de todo o pa\u00eds ainda t\u00eam muito a evoluir.<\/p>\n<p>Os dados indicam que apenas 4,5% dessas escolas possuem todos os itens de infraestrutura previstos no Plano Nacional de Educa\u00e7\u00e3o. O baixo percentual de oferta de itens b\u00e1sicos \u2013como \u00e1gua, energia el\u00e9trica, rede de esgoto, al\u00e9m de espa\u00e7os para pr\u00e1ticas desportivas e para o acesso a bens culturais\u2013 \u00e9 um ponto que causa muita preocupa\u00e7\u00e3o.<\/p>\n<p>Com um ensino de baixa qualidade e uma infraestrutura falha desde os primeiros anos de forma\u00e7\u00e3o, a perspectiva de uma evolu\u00e7\u00e3o intelectual e cultural dos alunos segue uma perigosa curva descendente. Nesse contexto, releva-se a urg\u00eancia da implementa\u00e7\u00e3o de projetos e de PPPs (Parcerias P\u00fablico-Privadas) eficazes na \u00e1rea.<\/p>\n<p>As iniciativas entre o poder p\u00fablico e os entes privados, nas suas mais diversas formas, podem e devem ser utilizadas aproveitando-se das experi\u00eancias mundiais bem-sucedidas. Ou seja, pode-se suprir, por meio de outras fontes regulamentadas, tanto a escassez do dinheiro p\u00fablico que \u00e9 aplicado na \u00e1rea educacional como as respectivas inefici\u00eancias da m\u00e1quina p\u00fablica.<\/p>\n<p>Dentre as a\u00e7\u00f5es que ajudariam a educa\u00e7\u00e3o brasileira a trilhar um novo caminho est\u00e1 o projeto de possibilitar que empresas privadas possam deduzir parte do imposto de renda para investir em escolas p\u00fablicas. Nos moldes da Lei Rouanet, seria uma forma de captar e de direcionar recursos privados para pol\u00edticas de amplia\u00e7\u00e3o de investimentos e tamb\u00e9m para melhorias na qualidade das escolas p\u00fablicas do pa\u00eds. Todo o processo seria acompanhado pelo Minist\u00e9rio P\u00fablico Federal e pela Pol\u00edcia Federal.<\/p>\n<p>Sem desmerecer a causa, uma pergunta que merece reflex\u00e3o \u00e9: por que, aqui no Brasil, a Lei Rouanet, que \u00e9 voltada para a cultura, prevaleceu? A educa\u00e7\u00e3o tamb\u00e9m \u00e9 parte fundamental para a forma\u00e7\u00e3o de um indiv\u00edduo \u2013tanto no aspecto profissional como no pessoal\u2013, al\u00e9m de ser um dos pilares que sustentam o desenvolvimento de um pa\u00eds.<\/p>\n<p>Educa\u00e7\u00e3o e cultura s\u00e3o complementares, devem andar juntas e merecem uma aten\u00e7\u00e3o igualit\u00e1ria dos governantes, dos l\u00edderes empresariais e da sociedade como um todo. As \u00e1reas de esporte, cultura e social j\u00e1 disp\u00f5em de uma legisla\u00e7\u00e3o federal que fixa incentivos fiscais, mas o setor da educa\u00e7\u00e3o ainda sofre com a falta de leis espec\u00edficas.<\/p>\n<p>Nos Estados Unidos, as empresas podem abater do imposto de renda para investir em universidades. No Brasil, entretanto, essa iniciativa ainda est\u00e1 come\u00e7ando a ganhar corpo no Senado. J\u00e1 se encontra com o ministro Blairo Maggi e com os senadores Jos\u00e9 Medeiros (PSD-MT) e Wellington Fagundes (PR-MT) um anteprojeto de lei que prop\u00f5e a cria\u00e7\u00e3o de incentivos fiscais a pessoas f\u00edsicas e jur\u00eddicas que fa\u00e7am doa\u00e7\u00f5es \u00e0 \u00e1rea da educa\u00e7\u00e3o.<\/p>\n<p>Apelidada de &#8220;Lei Rouanet do Ensino&#8221;, ela visa captar e direcionar recursos privados a pol\u00edticas de amplia\u00e7\u00e3o dos investimentos e a melhorias nas redes de escolas p\u00fablicas e privadas. Al\u00e9m de promover e estimular a constru\u00e7\u00e3o e a amplia\u00e7\u00e3o de unidades escolares, a lei financiaria programas de atualiza\u00e7\u00e3o e aperfei\u00e7oamento dos profissionais e propiciaria a concess\u00e3o de bolsas de estudo, entre outros objetivos.<\/p>\n<p>Uma segunda a\u00e7\u00e3o seria as empresas auxiliarem escolas e universidades p\u00fablicas nos processos de gest\u00e3o e na melhoria de sua infraestrutura e de seus ativos fixos, por exemplo, financiando a constru\u00e7\u00e3o de salas de conviv\u00eancia, quadras esportivas, laborat\u00f3rios, bibliotecas, itens de higiene, ou, at\u00e9 mesmo, complementando o sal\u00e1rio de professores.<\/p>\n<p>A empresa ofereceria uma colabora\u00e7\u00e3o sem nenhuma contrapartida, apenas por saber o valor dessas benfeitorias \u2013desde as mais simples at\u00e9 as mais grandiosas\u2013 na melhora do n\u00edvel de ensino e da educa\u00e7\u00e3o como um todo. O retorno se dar\u00e1 de forma natural para essas companhias, visto que estar\u00e3o inseridas em um mercado com melhor n\u00edvel de alunos e de futuros profissionais mais competitivos e din\u00e2micos. Sem contar a diminui\u00e7\u00e3o da criminalidade, uma vez que a educa\u00e7\u00e3o impacta diretamente na redu\u00e7\u00e3o dos casos de viol\u00eancia.<\/p>\n<p>Bons exemplos &#8211; Outra forma de parceria\u2013j\u00e1 amplamente difundida em alguns pa\u00edses europeus e em Estados americanos\u2013 \u00e9 o modelo &#8220;Charter School&#8221;. Mediante o pagamento do setor p\u00fablico, firma-se um contrato para que entidades privadas forne\u00e7am servi\u00e7os educacionais. O projeto conta com metas e com avalia\u00e7\u00e3o de desempenho e, de um modo geral, pode-se notar melhoria na qualidade do ensino.<\/p>\n<p>Atualmente, h\u00e1 mais de 6 mil escolas com esse perfil nos Estados Unidos. Aqui no Brasil, o governo do Par\u00e1 est\u00e1 construindo 50 escolas de ensino m\u00e9dio para testar o modelo. O projeto conta com o apoio do Instituto do Banco Mundial, que tem atuado no Brasil em projetos de PPPs.<\/p>\n<p>\u00c9 preciso buscar inspira\u00e7\u00e3o em todos os modelos bem-sucedidos dessas diversas pr\u00e1ticas em outros pa\u00edses do mundo. Tamb\u00e9m nos Estados Unidos, as doa\u00e7\u00f5es de empresas, milion\u00e1rios e ex-alunos s\u00e3o parte fundamental do or\u00e7amento das universidades e est\u00e3o at\u00e9 mesmo na origem de muitas dessas institui\u00e7\u00f5es. Em 2011, o valor dos dez maiores fundos de universidades americanas, os &#8220;endowments&#8221;, ultrapassava US$ 140 bilh\u00f5es, segundo dados do Instituto de Ci\u00eancias da Educa\u00e7\u00e3o dos EUA.<\/p>\n<p>Mudan\u00e7a de paradigma &#8211; Tais recursos podem patrocinar projetos de pesquisa, constru\u00e7\u00e3o de salas ou pr\u00e9dios e bolsas para alunos. As universidades americanas est\u00e3o totalmente organizadas para receber esses recursos. J\u00e1 aqui no Brasil, essa pr\u00e1tica ainda esbarra: no receio de os recursos doados n\u00e3o serem bem utilizados; na burocracia; na falta de estrutura para as doa\u00e7\u00f5es.<\/p>\n<p>Al\u00e9m disso, a dificuldade das institui\u00e7\u00f5es de ensino em receber e usar dinheiro externo esbarra em posi\u00e7\u00f5es ideol\u00f3gicas e na falta de tradi\u00e7\u00e3o e de \u00e1reas dedicadas ao &#8220;fundraising&#8221; \u2013um conjunto de estrat\u00e9gias e de procedimentos que levam as pessoas a doarem recursos financeiros.<\/p>\n<p>Nas universidades americanas, longe de ser apenas uma ajuda, as doa\u00e7\u00f5es de empresas, de ex-alunos e de funda\u00e7\u00f5es constituem uma parcela extremamente relevante da receita. Por aqui, infelizmente, o &#8220;fundraising&#8221; ainda \u00e9 visto como uma esp\u00e9cie de esmola para resolver problemas pontuais de determinadas institui\u00e7\u00f5es e n\u00e3o como um instrumento de colabora\u00e7\u00e3o da sociedade em prol da educa\u00e7\u00e3o do pa\u00eds. Todas essas a\u00e7\u00f5es ajudariam a suprir parte da lacuna deixada pelos poderes p\u00fablicos.<\/p>\n<p>No entanto, para isso, os brasileiros precisam se conscientizar do importante papel que desempenham nesse processo. Vale ressaltar que a Constitui\u00e7\u00e3o menciona esse tema em seu art. 205: &#8220;a educa\u00e7\u00e3o, direito de todos e dever do Estado e da fam\u00edlia, ser\u00e1 promovida e incentivada com a colabora\u00e7\u00e3o da sociedade, visando ao pleno desenvolvimento da pessoa, seu preparo para o exerc\u00edcio da cidadania e sua qualifica\u00e7\u00e3o para o trabalho&#8221;.<\/p>\n<p>Ou seja, para o pa\u00eds evoluir nesse sentido, antes de tudo, ser\u00e1 preciso rever tal quest\u00e3o cultural. Os l\u00edderes empresariais e a sociedade brasileira, reconhecidamente, t\u00eam pouco compromisso com o futuro da na\u00e7\u00e3o. H\u00e1 uma percep\u00e7\u00e3o de que isso \u00e9 responsabilidade, unicamente, do Estado.<\/p>\n<p>Enfim, para que a educa\u00e7\u00e3o no Brasil seja realmente um direito assegurado e tenha qualidade competitiva, h\u00e1 a necessidade de uma completa mudan\u00e7a de paradigma. N\u00e3o se pode mais utilizar e pensar somente em solu\u00e7\u00f5es estanques e imut\u00e1veis. Deve-se analisar as mais diversas formas para se viabilizar um sistema de ensino de qualidade e para disponibilizar \u00e0 popula\u00e7\u00e3o essas parcerias e projetos t\u00e3o valiosos.<\/p>\n<p>\u00c9 preciso urgentemente promover amplos debates sobre esses temas, inclusive, a respeito das adapta\u00e7\u00f5es na legisla\u00e7\u00e3o. Esse \u00e9 o in\u00edcio de um processo transformador para a educa\u00e7\u00e3o do nosso pa\u00eds que tanto clama por um novo caminho.<\/p>\n","protected":false},"excerpt":{"rendered":"<p>Antonio Freitas Ana Tereza Spinola O ano \u00e9 ol\u00edmpico, mas a educa\u00e7\u00e3o brasileira est\u00e1 longe de conquistar um lugar no p\u00f3dio. Um levantamento realizado pelo movimento Todos pela Educa\u00e7\u00e3o, com base no Censo Escolar de 2015, revelou que as escolas p\u00fablicas de todo o pa\u00eds ainda t\u00eam muito a evoluir. Os dados indicam que apenas [&hellip;]<\/p>\n","protected":false},"author":2,"featured_media":109686,"comment_status":"open","ping_status":"closed","sticky":false,"template":"","format":"standard","meta":{"_acf_changed":false,"footnotes":""},"categories":[25],"tags":[],"class_list":["post-109685","post","type-post","status-publish","format-standard","has-post-thumbnail","hentry","category-opina-ai"],"acf":[],"yoast_head":"<!-- This site is optimized with the Yoast SEO plugin v27.5 - https:\/\/yoast.com\/product\/yoast-seo-wordpress\/ -->\n<title>J\u00e1 imaginou as vantagens se a Lei Rouanet batesse na porta de uma sala de aula? - Notibras<\/title>\n<meta name=\"robots\" content=\"index, follow, max-snippet:-1, max-image-preview:large, max-video-preview:-1\" \/>\n<link rel=\"canonical\" href=\"https:\/\/www.notibras.com\/site\/ja-imaginou-as-vantagens-se-a-lei-rouanet-batesse-na-porta-de-uma-sala-de-aula\/\" \/>\n<meta property=\"og:locale\" content=\"pt_BR\" \/>\n<meta property=\"og:type\" content=\"article\" \/>\n<meta property=\"og:title\" content=\"J\u00e1 imaginou as vantagens se a Lei Rouanet batesse na porta de uma sala de aula? - Notibras\" \/>\n<meta property=\"og:description\" content=\"Antonio Freitas Ana Tereza Spinola O ano \u00e9 ol\u00edmpico, mas a educa\u00e7\u00e3o brasileira est\u00e1 longe de conquistar um lugar no p\u00f3dio. Um levantamento realizado pelo movimento Todos pela Educa\u00e7\u00e3o, com base no Censo Escolar de 2015, revelou que as escolas p\u00fablicas de todo o pa\u00eds ainda t\u00eam muito a evoluir. Os dados indicam que apenas [&hellip;]\" \/>\n<meta property=\"og:url\" content=\"https:\/\/www.notibras.com\/site\/ja-imaginou-as-vantagens-se-a-lei-rouanet-batesse-na-porta-de-uma-sala-de-aula\/\" \/>\n<meta property=\"og:site_name\" content=\"Notibras\" \/>\n<meta property=\"article:publisher\" content=\"https:\/\/www.facebook.com\/notibras\/\" \/>\n<meta property=\"article:published_time\" content=\"2016-07-30T16:13:00+00:00\" \/>\n<meta property=\"og:image\" content=\"https:\/\/www.notibras.com\/site\/wp-content\/uploads\/2016\/07\/educacao_07_20140904_00257e.jpg\" \/>\n\t<meta property=\"og:image:width\" content=\"860\" \/>\n\t<meta property=\"og:image:height\" content=\"570\" \/>\n\t<meta property=\"og:image:type\" content=\"image\/jpeg\" \/>\n<meta name=\"author\" content=\"Reda\u00e7\u00e3o\" \/>\n<meta name=\"twitter:card\" content=\"summary_large_image\" \/>\n<meta name=\"twitter:creator\" content=\"@Notibras\" \/>\n<meta name=\"twitter:site\" content=\"@Notibras\" \/>\n<meta name=\"twitter:label1\" content=\"Escrito por\" \/>\n\t<meta name=\"twitter:data1\" content=\"Reda\u00e7\u00e3o\" \/>\n\t<meta name=\"twitter:label2\" content=\"Est. tempo de leitura\" \/>\n\t<meta name=\"twitter:data2\" content=\"7 minutos\" \/>\n<script type=\"application\/ld+json\" class=\"yoast-schema-graph\">{\"@context\":\"https:\\\/\\\/schema.org\",\"@graph\":[{\"@type\":\"Article\",\"@id\":\"https:\\\/\\\/www.notibras.com\\\/site\\\/ja-imaginou-as-vantagens-se-a-lei-rouanet-batesse-na-porta-de-uma-sala-de-aula\\\/#article\",\"isPartOf\":{\"@id\":\"https:\\\/\\\/www.notibras.com\\\/site\\\/ja-imaginou-as-vantagens-se-a-lei-rouanet-batesse-na-porta-de-uma-sala-de-aula\\\/\"},\"author\":{\"name\":\"Reda\u00e7\u00e3o\",\"@id\":\"https:\\\/\\\/www.notibras.com\\\/site\\\/#\\\/schema\\\/person\\\/36ab0979449956132d3e5b517ea76ac8\"},\"headline\":\"J\u00e1 imaginou as vantagens se a Lei Rouanet batesse na porta de uma sala de aula?\",\"datePublished\":\"2016-07-30T16:13:00+00:00\",\"mainEntityOfPage\":{\"@id\":\"https:\\\/\\\/www.notibras.com\\\/site\\\/ja-imaginou-as-vantagens-se-a-lei-rouanet-batesse-na-porta-de-uma-sala-de-aula\\\/\"},\"wordCount\":1381,\"commentCount\":0,\"publisher\":{\"@id\":\"https:\\\/\\\/www.notibras.com\\\/site\\\/#organization\"},\"image\":{\"@id\":\"https:\\\/\\\/www.notibras.com\\\/site\\\/ja-imaginou-as-vantagens-se-a-lei-rouanet-batesse-na-porta-de-uma-sala-de-aula\\\/#primaryimage\"},\"thumbnailUrl\":\"https:\\\/\\\/www.notibras.com\\\/site\\\/wp-content\\\/uploads\\\/2016\\\/07\\\/educacao_07_20140904_00257e.jpg\",\"articleSection\":[\"Opina a\u00ed\"],\"inLanguage\":\"pt-BR\",\"potentialAction\":[{\"@type\":\"CommentAction\",\"name\":\"Comment\",\"target\":[\"https:\\\/\\\/www.notibras.com\\\/site\\\/ja-imaginou-as-vantagens-se-a-lei-rouanet-batesse-na-porta-de-uma-sala-de-aula\\\/#respond\"]}]},{\"@type\":\"WebPage\",\"@id\":\"https:\\\/\\\/www.notibras.com\\\/site\\\/ja-imaginou-as-vantagens-se-a-lei-rouanet-batesse-na-porta-de-uma-sala-de-aula\\\/\",\"url\":\"https:\\\/\\\/www.notibras.com\\\/site\\\/ja-imaginou-as-vantagens-se-a-lei-rouanet-batesse-na-porta-de-uma-sala-de-aula\\\/\",\"name\":\"J\u00e1 imaginou as vantagens se a Lei Rouanet batesse na porta de uma sala de aula? - Notibras\",\"isPartOf\":{\"@id\":\"https:\\\/\\\/www.notibras.com\\\/site\\\/#website\"},\"primaryImageOfPage\":{\"@id\":\"https:\\\/\\\/www.notibras.com\\\/site\\\/ja-imaginou-as-vantagens-se-a-lei-rouanet-batesse-na-porta-de-uma-sala-de-aula\\\/#primaryimage\"},\"image\":{\"@id\":\"https:\\\/\\\/www.notibras.com\\\/site\\\/ja-imaginou-as-vantagens-se-a-lei-rouanet-batesse-na-porta-de-uma-sala-de-aula\\\/#primaryimage\"},\"thumbnailUrl\":\"https:\\\/\\\/www.notibras.com\\\/site\\\/wp-content\\\/uploads\\\/2016\\\/07\\\/educacao_07_20140904_00257e.jpg\",\"datePublished\":\"2016-07-30T16:13:00+00:00\",\"breadcrumb\":{\"@id\":\"https:\\\/\\\/www.notibras.com\\\/site\\\/ja-imaginou-as-vantagens-se-a-lei-rouanet-batesse-na-porta-de-uma-sala-de-aula\\\/#breadcrumb\"},\"inLanguage\":\"pt-BR\",\"potentialAction\":[{\"@type\":\"ReadAction\",\"target\":[\"https:\\\/\\\/www.notibras.com\\\/site\\\/ja-imaginou-as-vantagens-se-a-lei-rouanet-batesse-na-porta-de-uma-sala-de-aula\\\/\"]}]},{\"@type\":\"ImageObject\",\"inLanguage\":\"pt-BR\",\"@id\":\"https:\\\/\\\/www.notibras.com\\\/site\\\/ja-imaginou-as-vantagens-se-a-lei-rouanet-batesse-na-porta-de-uma-sala-de-aula\\\/#primaryimage\",\"url\":\"https:\\\/\\\/www.notibras.com\\\/site\\\/wp-content\\\/uploads\\\/2016\\\/07\\\/educacao_07_20140904_00257e.jpg\",\"contentUrl\":\"https:\\\/\\\/www.notibras.com\\\/site\\\/wp-content\\\/uploads\\\/2016\\\/07\\\/educacao_07_20140904_00257e.jpg\",\"width\":860,\"height\":570},{\"@type\":\"BreadcrumbList\",\"@id\":\"https:\\\/\\\/www.notibras.com\\\/site\\\/ja-imaginou-as-vantagens-se-a-lei-rouanet-batesse-na-porta-de-uma-sala-de-aula\\\/#breadcrumb\",\"itemListElement\":[{\"@type\":\"ListItem\",\"position\":1,\"name\":\"In\u00edcio\",\"item\":\"https:\\\/\\\/www.notibras.com\\\/site\\\/\"},{\"@type\":\"ListItem\",\"position\":2,\"name\":\"J\u00e1 imaginou as vantagens se a Lei Rouanet batesse na porta de uma sala de aula?\"}]},{\"@type\":\"WebSite\",\"@id\":\"https:\\\/\\\/www.notibras.com\\\/site\\\/#website\",\"url\":\"https:\\\/\\\/www.notibras.com\\\/site\\\/\",\"name\":\"Notibras\",\"description\":\"Not\u00edcias de Bras\u00edlia, do Brasil e do Mundo\",\"publisher\":{\"@id\":\"https:\\\/\\\/www.notibras.com\\\/site\\\/#organization\"},\"potentialAction\":[{\"@type\":\"SearchAction\",\"target\":{\"@type\":\"EntryPoint\",\"urlTemplate\":\"https:\\\/\\\/www.notibras.com\\\/site\\\/?s={search_term_string}\"},\"query-input\":{\"@type\":\"PropertyValueSpecification\",\"valueRequired\":true,\"valueName\":\"search_term_string\"}}],\"inLanguage\":\"pt-BR\"},{\"@type\":\"Organization\",\"@id\":\"https:\\\/\\\/www.notibras.com\\\/site\\\/#organization\",\"name\":\"Grupo Notibras de Comunica\u00e7\u00e3o\",\"url\":\"https:\\\/\\\/www.notibras.com\\\/site\\\/\",\"logo\":{\"@type\":\"ImageObject\",\"inLanguage\":\"pt-BR\",\"@id\":\"https:\\\/\\\/www.notibras.com\\\/site\\\/#\\\/schema\\\/logo\\\/image\\\/\",\"url\":\"https:\\\/\\\/www.notibras.com\\\/site\\\/wp-content\\\/uploads\\\/2023\\\/01\\\/notibras23.png\",\"contentUrl\":\"https:\\\/\\\/www.notibras.com\\\/site\\\/wp-content\\\/uploads\\\/2023\\\/01\\\/notibras23.png\",\"width\":350,\"height\":87,\"caption\":\"Grupo Notibras de Comunica\u00e7\u00e3o\"},\"image\":{\"@id\":\"https:\\\/\\\/www.notibras.com\\\/site\\\/#\\\/schema\\\/logo\\\/image\\\/\"},\"sameAs\":[\"https:\\\/\\\/www.facebook.com\\\/notibras\\\/\",\"https:\\\/\\\/x.com\\\/Notibras\",\"https:\\\/\\\/www.instagram.com\\\/notibras\\\/\"]},{\"@type\":\"Person\",\"@id\":\"https:\\\/\\\/www.notibras.com\\\/site\\\/#\\\/schema\\\/person\\\/36ab0979449956132d3e5b517ea76ac8\",\"name\":\"Reda\u00e7\u00e3o\",\"image\":{\"@type\":\"ImageObject\",\"inLanguage\":\"pt-BR\",\"@id\":\"https:\\\/\\\/secure.gravatar.com\\\/avatar\\\/e0a867bdedb85fd243eadf09663511f96fc81e0720a4a42581f334ad4303aa6b?s=96&d=mm&r=g\",\"url\":\"https:\\\/\\\/secure.gravatar.com\\\/avatar\\\/e0a867bdedb85fd243eadf09663511f96fc81e0720a4a42581f334ad4303aa6b?s=96&d=mm&r=g\",\"contentUrl\":\"https:\\\/\\\/secure.gravatar.com\\\/avatar\\\/e0a867bdedb85fd243eadf09663511f96fc81e0720a4a42581f334ad4303aa6b?s=96&d=mm&r=g\",\"caption\":\"Reda\u00e7\u00e3o\"}}]}<\/script>\n<!-- \/ Yoast SEO plugin. -->","yoast_head_json":{"title":"J\u00e1 imaginou as vantagens se a Lei Rouanet batesse na porta de uma sala de aula? - Notibras","robots":{"index":"index","follow":"follow","max-snippet":"max-snippet:-1","max-image-preview":"max-image-preview:large","max-video-preview":"max-video-preview:-1"},"canonical":"https:\/\/www.notibras.com\/site\/ja-imaginou-as-vantagens-se-a-lei-rouanet-batesse-na-porta-de-uma-sala-de-aula\/","og_locale":"pt_BR","og_type":"article","og_title":"J\u00e1 imaginou as vantagens se a Lei Rouanet batesse na porta de uma sala de aula? - Notibras","og_description":"Antonio Freitas Ana Tereza Spinola O ano \u00e9 ol\u00edmpico, mas a educa\u00e7\u00e3o brasileira est\u00e1 longe de conquistar um lugar no p\u00f3dio. Um levantamento realizado pelo movimento Todos pela Educa\u00e7\u00e3o, com base no Censo Escolar de 2015, revelou que as escolas p\u00fablicas de todo o pa\u00eds ainda t\u00eam muito a evoluir. Os dados indicam que apenas [&hellip;]","og_url":"https:\/\/www.notibras.com\/site\/ja-imaginou-as-vantagens-se-a-lei-rouanet-batesse-na-porta-de-uma-sala-de-aula\/","og_site_name":"Notibras","article_publisher":"https:\/\/www.facebook.com\/notibras\/","article_published_time":"2016-07-30T16:13:00+00:00","og_image":[{"width":860,"height":570,"url":"https:\/\/www.notibras.com\/site\/wp-content\/uploads\/2016\/07\/educacao_07_20140904_00257e.jpg","type":"image\/jpeg"}],"author":"Reda\u00e7\u00e3o","twitter_card":"summary_large_image","twitter_creator":"@Notibras","twitter_site":"@Notibras","twitter_misc":{"Escrito por":"Reda\u00e7\u00e3o","Est. tempo de leitura":"7 minutos"},"schema":{"@context":"https:\/\/schema.org","@graph":[{"@type":"Article","@id":"https:\/\/www.notibras.com\/site\/ja-imaginou-as-vantagens-se-a-lei-rouanet-batesse-na-porta-de-uma-sala-de-aula\/#article","isPartOf":{"@id":"https:\/\/www.notibras.com\/site\/ja-imaginou-as-vantagens-se-a-lei-rouanet-batesse-na-porta-de-uma-sala-de-aula\/"},"author":{"name":"Reda\u00e7\u00e3o","@id":"https:\/\/www.notibras.com\/site\/#\/schema\/person\/36ab0979449956132d3e5b517ea76ac8"},"headline":"J\u00e1 imaginou as vantagens se a Lei Rouanet batesse na porta de uma sala de aula?","datePublished":"2016-07-30T16:13:00+00:00","mainEntityOfPage":{"@id":"https:\/\/www.notibras.com\/site\/ja-imaginou-as-vantagens-se-a-lei-rouanet-batesse-na-porta-de-uma-sala-de-aula\/"},"wordCount":1381,"commentCount":0,"publisher":{"@id":"https:\/\/www.notibras.com\/site\/#organization"},"image":{"@id":"https:\/\/www.notibras.com\/site\/ja-imaginou-as-vantagens-se-a-lei-rouanet-batesse-na-porta-de-uma-sala-de-aula\/#primaryimage"},"thumbnailUrl":"https:\/\/www.notibras.com\/site\/wp-content\/uploads\/2016\/07\/educacao_07_20140904_00257e.jpg","articleSection":["Opina a\u00ed"],"inLanguage":"pt-BR","potentialAction":[{"@type":"CommentAction","name":"Comment","target":["https:\/\/www.notibras.com\/site\/ja-imaginou-as-vantagens-se-a-lei-rouanet-batesse-na-porta-de-uma-sala-de-aula\/#respond"]}]},{"@type":"WebPage","@id":"https:\/\/www.notibras.com\/site\/ja-imaginou-as-vantagens-se-a-lei-rouanet-batesse-na-porta-de-uma-sala-de-aula\/","url":"https:\/\/www.notibras.com\/site\/ja-imaginou-as-vantagens-se-a-lei-rouanet-batesse-na-porta-de-uma-sala-de-aula\/","name":"J\u00e1 imaginou as vantagens se a Lei Rouanet batesse na porta de uma sala de aula? - Notibras","isPartOf":{"@id":"https:\/\/www.notibras.com\/site\/#website"},"primaryImageOfPage":{"@id":"https:\/\/www.notibras.com\/site\/ja-imaginou-as-vantagens-se-a-lei-rouanet-batesse-na-porta-de-uma-sala-de-aula\/#primaryimage"},"image":{"@id":"https:\/\/www.notibras.com\/site\/ja-imaginou-as-vantagens-se-a-lei-rouanet-batesse-na-porta-de-uma-sala-de-aula\/#primaryimage"},"thumbnailUrl":"https:\/\/www.notibras.com\/site\/wp-content\/uploads\/2016\/07\/educacao_07_20140904_00257e.jpg","datePublished":"2016-07-30T16:13:00+00:00","breadcrumb":{"@id":"https:\/\/www.notibras.com\/site\/ja-imaginou-as-vantagens-se-a-lei-rouanet-batesse-na-porta-de-uma-sala-de-aula\/#breadcrumb"},"inLanguage":"pt-BR","potentialAction":[{"@type":"ReadAction","target":["https:\/\/www.notibras.com\/site\/ja-imaginou-as-vantagens-se-a-lei-rouanet-batesse-na-porta-de-uma-sala-de-aula\/"]}]},{"@type":"ImageObject","inLanguage":"pt-BR","@id":"https:\/\/www.notibras.com\/site\/ja-imaginou-as-vantagens-se-a-lei-rouanet-batesse-na-porta-de-uma-sala-de-aula\/#primaryimage","url":"https:\/\/www.notibras.com\/site\/wp-content\/uploads\/2016\/07\/educacao_07_20140904_00257e.jpg","contentUrl":"https:\/\/www.notibras.com\/site\/wp-content\/uploads\/2016\/07\/educacao_07_20140904_00257e.jpg","width":860,"height":570},{"@type":"BreadcrumbList","@id":"https:\/\/www.notibras.com\/site\/ja-imaginou-as-vantagens-se-a-lei-rouanet-batesse-na-porta-de-uma-sala-de-aula\/#breadcrumb","itemListElement":[{"@type":"ListItem","position":1,"name":"In\u00edcio","item":"https:\/\/www.notibras.com\/site\/"},{"@type":"ListItem","position":2,"name":"J\u00e1 imaginou as vantagens se a Lei Rouanet batesse na porta de uma sala de aula?"}]},{"@type":"WebSite","@id":"https:\/\/www.notibras.com\/site\/#website","url":"https:\/\/www.notibras.com\/site\/","name":"Notibras","description":"Not\u00edcias de Bras\u00edlia, do Brasil e do Mundo","publisher":{"@id":"https:\/\/www.notibras.com\/site\/#organization"},"potentialAction":[{"@type":"SearchAction","target":{"@type":"EntryPoint","urlTemplate":"https:\/\/www.notibras.com\/site\/?s={search_term_string}"},"query-input":{"@type":"PropertyValueSpecification","valueRequired":true,"valueName":"search_term_string"}}],"inLanguage":"pt-BR"},{"@type":"Organization","@id":"https:\/\/www.notibras.com\/site\/#organization","name":"Grupo Notibras de Comunica\u00e7\u00e3o","url":"https:\/\/www.notibras.com\/site\/","logo":{"@type":"ImageObject","inLanguage":"pt-BR","@id":"https:\/\/www.notibras.com\/site\/#\/schema\/logo\/image\/","url":"https:\/\/www.notibras.com\/site\/wp-content\/uploads\/2023\/01\/notibras23.png","contentUrl":"https:\/\/www.notibras.com\/site\/wp-content\/uploads\/2023\/01\/notibras23.png","width":350,"height":87,"caption":"Grupo Notibras de Comunica\u00e7\u00e3o"},"image":{"@id":"https:\/\/www.notibras.com\/site\/#\/schema\/logo\/image\/"},"sameAs":["https:\/\/www.facebook.com\/notibras\/","https:\/\/x.com\/Notibras","https:\/\/www.instagram.com\/notibras\/"]},{"@type":"Person","@id":"https:\/\/www.notibras.com\/site\/#\/schema\/person\/36ab0979449956132d3e5b517ea76ac8","name":"Reda\u00e7\u00e3o","image":{"@type":"ImageObject","inLanguage":"pt-BR","@id":"https:\/\/secure.gravatar.com\/avatar\/e0a867bdedb85fd243eadf09663511f96fc81e0720a4a42581f334ad4303aa6b?s=96&d=mm&r=g","url":"https:\/\/secure.gravatar.com\/avatar\/e0a867bdedb85fd243eadf09663511f96fc81e0720a4a42581f334ad4303aa6b?s=96&d=mm&r=g","contentUrl":"https:\/\/secure.gravatar.com\/avatar\/e0a867bdedb85fd243eadf09663511f96fc81e0720a4a42581f334ad4303aa6b?s=96&d=mm&r=g","caption":"Reda\u00e7\u00e3o"}}]}},"amp_enabled":true,"_links":{"self":[{"href":"https:\/\/www.notibras.com\/site\/wp-json\/wp\/v2\/posts\/109685","targetHints":{"allow":["GET"]}}],"collection":[{"href":"https:\/\/www.notibras.com\/site\/wp-json\/wp\/v2\/posts"}],"about":[{"href":"https:\/\/www.notibras.com\/site\/wp-json\/wp\/v2\/types\/post"}],"author":[{"embeddable":true,"href":"https:\/\/www.notibras.com\/site\/wp-json\/wp\/v2\/users\/2"}],"replies":[{"embeddable":true,"href":"https:\/\/www.notibras.com\/site\/wp-json\/wp\/v2\/comments?post=109685"}],"version-history":[{"count":1,"href":"https:\/\/www.notibras.com\/site\/wp-json\/wp\/v2\/posts\/109685\/revisions"}],"predecessor-version":[{"id":109687,"href":"https:\/\/www.notibras.com\/site\/wp-json\/wp\/v2\/posts\/109685\/revisions\/109687"}],"wp:featuredmedia":[{"embeddable":true,"href":"https:\/\/www.notibras.com\/site\/wp-json\/wp\/v2\/media\/109686"}],"wp:attachment":[{"href":"https:\/\/www.notibras.com\/site\/wp-json\/wp\/v2\/media?parent=109685"}],"wp:term":[{"taxonomy":"category","embeddable":true,"href":"https:\/\/www.notibras.com\/site\/wp-json\/wp\/v2\/categories?post=109685"},{"taxonomy":"post_tag","embeddable":true,"href":"https:\/\/www.notibras.com\/site\/wp-json\/wp\/v2\/tags?post=109685"}],"curies":[{"name":"wp","href":"https:\/\/api.w.org\/{rel}","templated":true}]}}