{"id":10994,"date":"2014-05-26T10:40:34","date_gmt":"2014-05-26T13:40:34","guid":{"rendered":"http:\/\/www.notibras.com\/site\/?p=10994"},"modified":"2014-05-26T11:45:05","modified_gmt":"2014-05-26T14:45:05","slug":"mercado-gera-expectativa-de-copom-fixar-celic-em-11-ate-dezembro","status":"publish","type":"post","link":"https:\/\/www.notibras.com\/site\/mercado-gera-expectativa-de-copom-fixar-celic-em-11-ate-dezembro\/","title":{"rendered":"Mercado gera expectativa da Celic em 11% at\u00e9 dezembro"},"content":{"rendered":"<p>As institui\u00e7\u00f5es financeiras consultadas pelo Banco Central (BC) n\u00e3o esperam por eleva\u00e7\u00e3o da taxa b\u00e1sica de juros, a Selic, na reuni\u00e3o do Comit\u00ea de Pol\u00edtica Monet\u00e1ria (Copom), marcada para esta ter\u00e7a (27) e quarta-feira 28. Essa expectativa faz parte da pesquisa semanal do BC sobre os principais indicadores econ\u00f4micos.<\/p>\n<p>Atualmente a Selic est\u00e1 em 11% ao ano, ap\u00f3s passar por nove altas seguidas. Apesar de n\u00e3o esperar por alta da taxa b\u00e1sica neste m\u00eas, as institui\u00e7\u00f5es financeiras acreditam que ao final de 2014, a Selic estar\u00e1 em 11,25% ao ano. Para o fim de 2015, a proje\u00e7\u00e3o caiu de 12,25% para 12% ao ano.<\/p>\n<p>A Selic \u00e9 usada como instrumento para influenciar a atividade econ\u00f4mica e, consequentemente, a infla\u00e7\u00e3o. Quando o Copom do Banco Central aumenta a Selic, o objetivo \u00e9 conter a demanda aquecida, e isso gera reflexos nos pre\u00e7os, porque os juros mais altos encarecem o cr\u00e9dito e estimulam a poupan\u00e7a.<\/p>\n<p>Cabe ao BC perseguir a meta de infla\u00e7\u00e3o, medida pelo \u00cdndice Nacional de Pre\u00e7os ao Consumidor Amplo (IPCA). A meta tem como centro 4,5% e limite superior em 6,5%. De acordo com a proje\u00e7\u00e3o das institui\u00e7\u00f5es financeiras o IPCA pode ficar muito pr\u00f3ximo do teto da meta, em 6,47%. Essa foi a segunda alta seguida na estimativa. Na semana passada, a previs\u00e3o era 6,43%. Para 2015, a proje\u00e7\u00e3o foi mantida em 6%.<\/p>\n<p>A pesquisa semanal do BC tamb\u00e9m traz a mediana das expectativas para a infla\u00e7\u00e3o medida \u00cdndice Geral de Pre\u00e7os \u2013 Disponibilidade Interna (IGP-DI), que passou de 6,87% para 6,83%, em 2014, e segue em 5,50%, em 2015. Para o \u00cdndice Geral de Pre\u00e7os &#8211; Mercado (IGP-M), a estimativa foi ajustada de 7,11% para 6,97%, este ano, e em 5,50%, em 2015.<\/p>\n<p>A estimativa da infla\u00e7\u00e3o medida pelo \u00cdndice de Pre\u00e7os ao Consumidor da Funda\u00e7\u00e3o Instituto de Pesquisas Econ\u00f4micas (IPC-Fipe) passou de 5,94% para 6,10%, este ano, e de 4,8% para 5%, em 2015.<\/p>\n<p>A estimativa para a expans\u00e3o do Produto Interno Bruto (PIB), soma de todos os bens e servi\u00e7os produzidos no pa\u00eds, foi ajustada de 1,62% para 1,63%, este ano, e de 2% para 1,96%, em 2015.<\/p>\n<p>A proje\u00e7\u00e3o para a cota\u00e7\u00e3o do d\u00f3lar permanece em R$ 2,45, em 2014, e em R$ 2,51, no pr\u00f3ximo ano.<\/p>\n<div class=\"node-info\"><strong>Kelly Oliveira, ABr<\/strong><strong><br \/>\n<\/strong><\/div>\n","protected":false},"excerpt":{"rendered":"<p>As institui\u00e7\u00f5es financeiras consultadas pelo Banco Central (BC) n\u00e3o esperam por eleva\u00e7\u00e3o da taxa b\u00e1sica de juros, a Selic, na reuni\u00e3o do Comit\u00ea de Pol\u00edtica Monet\u00e1ria (Copom), marcada para esta ter\u00e7a (27) e quarta-feira 28. Essa expectativa faz parte da pesquisa semanal do BC sobre os principais indicadores econ\u00f4micos. Atualmente a Selic est\u00e1 em 11% [&hellip;]<\/p>\n","protected":false},"author":2,"featured_media":10995,"comment_status":"open","ping_status":"closed","sticky":false,"template":"","format":"standard","meta":{"_acf_changed":false,"footnotes":""},"categories":[16],"tags":[],"class_list":["post-10994","post","type-post","status-publish","format-standard","has-post-thumbnail","hentry","category-brasil"],"acf":[],"yoast_head":"<!-- This site is optimized with the Yoast SEO plugin v27.2 - https:\/\/yoast.com\/product\/yoast-seo-wordpress\/ -->\n<title>Mercado gera expectativa da Celic em 11% at\u00e9 dezembro - Notibras<\/title>\n<meta name=\"robots\" content=\"index, follow, max-snippet:-1, max-image-preview:large, max-video-preview:-1\" \/>\n<link rel=\"canonical\" href=\"https:\/\/www.notibras.com\/site\/mercado-gera-expectativa-de-copom-fixar-celic-em-11-ate-dezembro\/\" \/>\n<meta property=\"og:locale\" content=\"pt_BR\" \/>\n<meta property=\"og:type\" content=\"article\" \/>\n<meta property=\"og:title\" content=\"Mercado gera expectativa da Celic em 11% at\u00e9 dezembro - Notibras\" \/>\n<meta property=\"og:description\" content=\"As institui\u00e7\u00f5es financeiras consultadas pelo Banco Central (BC) n\u00e3o esperam por eleva\u00e7\u00e3o da taxa b\u00e1sica de juros, a Selic, na reuni\u00e3o do Comit\u00ea de Pol\u00edtica Monet\u00e1ria (Copom), marcada para esta ter\u00e7a (27) e quarta-feira 28. Essa expectativa faz parte da pesquisa semanal do BC sobre os principais indicadores econ\u00f4micos. Atualmente a Selic est\u00e1 em 11% [&hellip;]\" \/>\n<meta property=\"og:url\" content=\"https:\/\/www.notibras.com\/site\/mercado-gera-expectativa-de-copom-fixar-celic-em-11-ate-dezembro\/\" \/>\n<meta property=\"og:site_name\" content=\"Notibras\" \/>\n<meta property=\"article:publisher\" content=\"https:\/\/www.facebook.com\/notibras\/\" \/>\n<meta property=\"article:published_time\" content=\"2014-05-26T13:40:34+00:00\" \/>\n<meta property=\"article:modified_time\" content=\"2014-05-26T14:45:05+00:00\" \/>\n<meta property=\"og:image\" content=\"https:\/\/www.notibras.com\/site\/wp-content\/uploads\/2014\/05\/28C44ED1-A338-4D8F-B701-4B1D0D39B1BD_juros.jpg\" \/>\n\t<meta property=\"og:image:width\" content=\"490\" \/>\n\t<meta property=\"og:image:height\" content=\"320\" \/>\n\t<meta property=\"og:image:type\" content=\"image\/jpeg\" \/>\n<meta name=\"author\" content=\"Reda\u00e7\u00e3o\" \/>\n<meta name=\"twitter:card\" content=\"summary_large_image\" \/>\n<meta name=\"twitter:creator\" content=\"@Notibras\" \/>\n<meta name=\"twitter:site\" content=\"@Notibras\" \/>\n<meta name=\"twitter:label1\" content=\"Escrito por\" \/>\n\t<meta name=\"twitter:data1\" content=\"Reda\u00e7\u00e3o\" \/>\n\t<meta name=\"twitter:label2\" content=\"Est. tempo de leitura\" \/>\n\t<meta name=\"twitter:data2\" content=\"2 minutos\" \/>\n<script type=\"application\/ld+json\" class=\"yoast-schema-graph\">{\"@context\":\"https:\/\/schema.org\",\"@graph\":[{\"@type\":\"Article\",\"@id\":\"https:\/\/www.notibras.com\/site\/mercado-gera-expectativa-de-copom-fixar-celic-em-11-ate-dezembro\/#article\",\"isPartOf\":{\"@id\":\"https:\/\/www.notibras.com\/site\/mercado-gera-expectativa-de-copom-fixar-celic-em-11-ate-dezembro\/\"},\"author\":{\"name\":\"Reda\u00e7\u00e3o\",\"@id\":\"https:\/\/www.notibras.com\/site\/#\/schema\/person\/36ab0979449956132d3e5b517ea76ac8\"},\"headline\":\"Mercado gera expectativa da Celic em 11% at\u00e9 dezembro\",\"datePublished\":\"2014-05-26T13:40:34+00:00\",\"dateModified\":\"2014-05-26T14:45:05+00:00\",\"mainEntityOfPage\":{\"@id\":\"https:\/\/www.notibras.com\/site\/mercado-gera-expectativa-de-copom-fixar-celic-em-11-ate-dezembro\/\"},\"wordCount\":387,\"commentCount\":0,\"publisher\":{\"@id\":\"https:\/\/www.notibras.com\/site\/#organization\"},\"image\":{\"@id\":\"https:\/\/www.notibras.com\/site\/mercado-gera-expectativa-de-copom-fixar-celic-em-11-ate-dezembro\/#primaryimage\"},\"thumbnailUrl\":\"https:\/\/www.notibras.com\/site\/wp-content\/uploads\/2014\/05\/28C44ED1-A338-4D8F-B701-4B1D0D39B1BD_juros.jpg\",\"articleSection\":[\"Brasil\"],\"inLanguage\":\"pt-BR\",\"potentialAction\":[{\"@type\":\"CommentAction\",\"name\":\"Comment\",\"target\":[\"https:\/\/www.notibras.com\/site\/mercado-gera-expectativa-de-copom-fixar-celic-em-11-ate-dezembro\/#respond\"]}]},{\"@type\":\"WebPage\",\"@id\":\"https:\/\/www.notibras.com\/site\/mercado-gera-expectativa-de-copom-fixar-celic-em-11-ate-dezembro\/\",\"url\":\"https:\/\/www.notibras.com\/site\/mercado-gera-expectativa-de-copom-fixar-celic-em-11-ate-dezembro\/\",\"name\":\"Mercado gera expectativa da Celic em 11% at\u00e9 dezembro - Notibras\",\"isPartOf\":{\"@id\":\"https:\/\/www.notibras.com\/site\/#website\"},\"primaryImageOfPage\":{\"@id\":\"https:\/\/www.notibras.com\/site\/mercado-gera-expectativa-de-copom-fixar-celic-em-11-ate-dezembro\/#primaryimage\"},\"image\":{\"@id\":\"https:\/\/www.notibras.com\/site\/mercado-gera-expectativa-de-copom-fixar-celic-em-11-ate-dezembro\/#primaryimage\"},\"thumbnailUrl\":\"https:\/\/www.notibras.com\/site\/wp-content\/uploads\/2014\/05\/28C44ED1-A338-4D8F-B701-4B1D0D39B1BD_juros.jpg\",\"datePublished\":\"2014-05-26T13:40:34+00:00\",\"dateModified\":\"2014-05-26T14:45:05+00:00\",\"breadcrumb\":{\"@id\":\"https:\/\/www.notibras.com\/site\/mercado-gera-expectativa-de-copom-fixar-celic-em-11-ate-dezembro\/#breadcrumb\"},\"inLanguage\":\"pt-BR\",\"potentialAction\":[{\"@type\":\"ReadAction\",\"target\":[\"https:\/\/www.notibras.com\/site\/mercado-gera-expectativa-de-copom-fixar-celic-em-11-ate-dezembro\/\"]}]},{\"@type\":\"ImageObject\",\"inLanguage\":\"pt-BR\",\"@id\":\"https:\/\/www.notibras.com\/site\/mercado-gera-expectativa-de-copom-fixar-celic-em-11-ate-dezembro\/#primaryimage\",\"url\":\"https:\/\/www.notibras.com\/site\/wp-content\/uploads\/2014\/05\/28C44ED1-A338-4D8F-B701-4B1D0D39B1BD_juros.jpg\",\"contentUrl\":\"https:\/\/www.notibras.com\/site\/wp-content\/uploads\/2014\/05\/28C44ED1-A338-4D8F-B701-4B1D0D39B1BD_juros.jpg\",\"width\":490,\"height\":320},{\"@type\":\"BreadcrumbList\",\"@id\":\"https:\/\/www.notibras.com\/site\/mercado-gera-expectativa-de-copom-fixar-celic-em-11-ate-dezembro\/#breadcrumb\",\"itemListElement\":[{\"@type\":\"ListItem\",\"position\":1,\"name\":\"In\u00edcio\",\"item\":\"https:\/\/www.notibras.com\/site\/\"},{\"@type\":\"ListItem\",\"position\":2,\"name\":\"Mercado gera expectativa da Celic em 11% at\u00e9 dezembro\"}]},{\"@type\":\"WebSite\",\"@id\":\"https:\/\/www.notibras.com\/site\/#website\",\"url\":\"https:\/\/www.notibras.com\/site\/\",\"name\":\"Notibras\",\"description\":\"Not\u00edcias de Bras\u00edlia, do Brasil e do Mundo\",\"publisher\":{\"@id\":\"https:\/\/www.notibras.com\/site\/#organization\"},\"potentialAction\":[{\"@type\":\"SearchAction\",\"target\":{\"@type\":\"EntryPoint\",\"urlTemplate\":\"https:\/\/www.notibras.com\/site\/?s={search_term_string}\"},\"query-input\":{\"@type\":\"PropertyValueSpecification\",\"valueRequired\":true,\"valueName\":\"search_term_string\"}}],\"inLanguage\":\"pt-BR\"},{\"@type\":\"Organization\",\"@id\":\"https:\/\/www.notibras.com\/site\/#organization\",\"name\":\"Grupo Notibras de Comunica\u00e7\u00e3o\",\"url\":\"https:\/\/www.notibras.com\/site\/\",\"logo\":{\"@type\":\"ImageObject\",\"inLanguage\":\"pt-BR\",\"@id\":\"https:\/\/www.notibras.com\/site\/#\/schema\/logo\/image\/\",\"url\":\"https:\/\/www.notibras.com\/site\/wp-content\/uploads\/2023\/01\/notibras23.png\",\"contentUrl\":\"https:\/\/www.notibras.com\/site\/wp-content\/uploads\/2023\/01\/notibras23.png\",\"width\":350,\"height\":87,\"caption\":\"Grupo Notibras de Comunica\u00e7\u00e3o\"},\"image\":{\"@id\":\"https:\/\/www.notibras.com\/site\/#\/schema\/logo\/image\/\"},\"sameAs\":[\"https:\/\/www.facebook.com\/notibras\/\",\"https:\/\/x.com\/Notibras\",\"https:\/\/www.instagram.com\/notibras\/\"]},{\"@type\":\"Person\",\"@id\":\"https:\/\/www.notibras.com\/site\/#\/schema\/person\/36ab0979449956132d3e5b517ea76ac8\",\"name\":\"Reda\u00e7\u00e3o\",\"image\":{\"@type\":\"ImageObject\",\"inLanguage\":\"pt-BR\",\"@id\":\"https:\/\/secure.gravatar.com\/avatar\/e0a867bdedb85fd243eadf09663511f96fc81e0720a4a42581f334ad4303aa6b?s=96&d=mm&r=g\",\"url\":\"https:\/\/secure.gravatar.com\/avatar\/e0a867bdedb85fd243eadf09663511f96fc81e0720a4a42581f334ad4303aa6b?s=96&d=mm&r=g\",\"contentUrl\":\"https:\/\/secure.gravatar.com\/avatar\/e0a867bdedb85fd243eadf09663511f96fc81e0720a4a42581f334ad4303aa6b?s=96&d=mm&r=g\",\"caption\":\"Reda\u00e7\u00e3o\"}}]}<\/script>\n<!-- \/ Yoast SEO plugin. -->","yoast_head_json":{"title":"Mercado gera expectativa da Celic em 11% at\u00e9 dezembro - Notibras","robots":{"index":"index","follow":"follow","max-snippet":"max-snippet:-1","max-image-preview":"max-image-preview:large","max-video-preview":"max-video-preview:-1"},"canonical":"https:\/\/www.notibras.com\/site\/mercado-gera-expectativa-de-copom-fixar-celic-em-11-ate-dezembro\/","og_locale":"pt_BR","og_type":"article","og_title":"Mercado gera expectativa da Celic em 11% at\u00e9 dezembro - Notibras","og_description":"As institui\u00e7\u00f5es financeiras consultadas pelo Banco Central (BC) n\u00e3o esperam por eleva\u00e7\u00e3o da taxa b\u00e1sica de juros, a Selic, na reuni\u00e3o do Comit\u00ea de Pol\u00edtica Monet\u00e1ria (Copom), marcada para esta ter\u00e7a (27) e quarta-feira 28. Essa expectativa faz parte da pesquisa semanal do BC sobre os principais indicadores econ\u00f4micos. Atualmente a Selic est\u00e1 em 11% [&hellip;]","og_url":"https:\/\/www.notibras.com\/site\/mercado-gera-expectativa-de-copom-fixar-celic-em-11-ate-dezembro\/","og_site_name":"Notibras","article_publisher":"https:\/\/www.facebook.com\/notibras\/","article_published_time":"2014-05-26T13:40:34+00:00","article_modified_time":"2014-05-26T14:45:05+00:00","og_image":[{"width":490,"height":320,"url":"https:\/\/www.notibras.com\/site\/wp-content\/uploads\/2014\/05\/28C44ED1-A338-4D8F-B701-4B1D0D39B1BD_juros.jpg","type":"image\/jpeg"}],"author":"Reda\u00e7\u00e3o","twitter_card":"summary_large_image","twitter_creator":"@Notibras","twitter_site":"@Notibras","twitter_misc":{"Escrito por":"Reda\u00e7\u00e3o","Est. tempo de leitura":"2 minutos"},"schema":{"@context":"https:\/\/schema.org","@graph":[{"@type":"Article","@id":"https:\/\/www.notibras.com\/site\/mercado-gera-expectativa-de-copom-fixar-celic-em-11-ate-dezembro\/#article","isPartOf":{"@id":"https:\/\/www.notibras.com\/site\/mercado-gera-expectativa-de-copom-fixar-celic-em-11-ate-dezembro\/"},"author":{"name":"Reda\u00e7\u00e3o","@id":"https:\/\/www.notibras.com\/site\/#\/schema\/person\/36ab0979449956132d3e5b517ea76ac8"},"headline":"Mercado gera expectativa da Celic em 11% at\u00e9 dezembro","datePublished":"2014-05-26T13:40:34+00:00","dateModified":"2014-05-26T14:45:05+00:00","mainEntityOfPage":{"@id":"https:\/\/www.notibras.com\/site\/mercado-gera-expectativa-de-copom-fixar-celic-em-11-ate-dezembro\/"},"wordCount":387,"commentCount":0,"publisher":{"@id":"https:\/\/www.notibras.com\/site\/#organization"},"image":{"@id":"https:\/\/www.notibras.com\/site\/mercado-gera-expectativa-de-copom-fixar-celic-em-11-ate-dezembro\/#primaryimage"},"thumbnailUrl":"https:\/\/www.notibras.com\/site\/wp-content\/uploads\/2014\/05\/28C44ED1-A338-4D8F-B701-4B1D0D39B1BD_juros.jpg","articleSection":["Brasil"],"inLanguage":"pt-BR","potentialAction":[{"@type":"CommentAction","name":"Comment","target":["https:\/\/www.notibras.com\/site\/mercado-gera-expectativa-de-copom-fixar-celic-em-11-ate-dezembro\/#respond"]}]},{"@type":"WebPage","@id":"https:\/\/www.notibras.com\/site\/mercado-gera-expectativa-de-copom-fixar-celic-em-11-ate-dezembro\/","url":"https:\/\/www.notibras.com\/site\/mercado-gera-expectativa-de-copom-fixar-celic-em-11-ate-dezembro\/","name":"Mercado gera expectativa da Celic em 11% at\u00e9 dezembro - Notibras","isPartOf":{"@id":"https:\/\/www.notibras.com\/site\/#website"},"primaryImageOfPage":{"@id":"https:\/\/www.notibras.com\/site\/mercado-gera-expectativa-de-copom-fixar-celic-em-11-ate-dezembro\/#primaryimage"},"image":{"@id":"https:\/\/www.notibras.com\/site\/mercado-gera-expectativa-de-copom-fixar-celic-em-11-ate-dezembro\/#primaryimage"},"thumbnailUrl":"https:\/\/www.notibras.com\/site\/wp-content\/uploads\/2014\/05\/28C44ED1-A338-4D8F-B701-4B1D0D39B1BD_juros.jpg","datePublished":"2014-05-26T13:40:34+00:00","dateModified":"2014-05-26T14:45:05+00:00","breadcrumb":{"@id":"https:\/\/www.notibras.com\/site\/mercado-gera-expectativa-de-copom-fixar-celic-em-11-ate-dezembro\/#breadcrumb"},"inLanguage":"pt-BR","potentialAction":[{"@type":"ReadAction","target":["https:\/\/www.notibras.com\/site\/mercado-gera-expectativa-de-copom-fixar-celic-em-11-ate-dezembro\/"]}]},{"@type":"ImageObject","inLanguage":"pt-BR","@id":"https:\/\/www.notibras.com\/site\/mercado-gera-expectativa-de-copom-fixar-celic-em-11-ate-dezembro\/#primaryimage","url":"https:\/\/www.notibras.com\/site\/wp-content\/uploads\/2014\/05\/28C44ED1-A338-4D8F-B701-4B1D0D39B1BD_juros.jpg","contentUrl":"https:\/\/www.notibras.com\/site\/wp-content\/uploads\/2014\/05\/28C44ED1-A338-4D8F-B701-4B1D0D39B1BD_juros.jpg","width":490,"height":320},{"@type":"BreadcrumbList","@id":"https:\/\/www.notibras.com\/site\/mercado-gera-expectativa-de-copom-fixar-celic-em-11-ate-dezembro\/#breadcrumb","itemListElement":[{"@type":"ListItem","position":1,"name":"In\u00edcio","item":"https:\/\/www.notibras.com\/site\/"},{"@type":"ListItem","position":2,"name":"Mercado gera expectativa da Celic em 11% at\u00e9 dezembro"}]},{"@type":"WebSite","@id":"https:\/\/www.notibras.com\/site\/#website","url":"https:\/\/www.notibras.com\/site\/","name":"Notibras","description":"Not\u00edcias de Bras\u00edlia, do Brasil e do Mundo","publisher":{"@id":"https:\/\/www.notibras.com\/site\/#organization"},"potentialAction":[{"@type":"SearchAction","target":{"@type":"EntryPoint","urlTemplate":"https:\/\/www.notibras.com\/site\/?s={search_term_string}"},"query-input":{"@type":"PropertyValueSpecification","valueRequired":true,"valueName":"search_term_string"}}],"inLanguage":"pt-BR"},{"@type":"Organization","@id":"https:\/\/www.notibras.com\/site\/#organization","name":"Grupo Notibras de Comunica\u00e7\u00e3o","url":"https:\/\/www.notibras.com\/site\/","logo":{"@type":"ImageObject","inLanguage":"pt-BR","@id":"https:\/\/www.notibras.com\/site\/#\/schema\/logo\/image\/","url":"https:\/\/www.notibras.com\/site\/wp-content\/uploads\/2023\/01\/notibras23.png","contentUrl":"https:\/\/www.notibras.com\/site\/wp-content\/uploads\/2023\/01\/notibras23.png","width":350,"height":87,"caption":"Grupo Notibras de Comunica\u00e7\u00e3o"},"image":{"@id":"https:\/\/www.notibras.com\/site\/#\/schema\/logo\/image\/"},"sameAs":["https:\/\/www.facebook.com\/notibras\/","https:\/\/x.com\/Notibras","https:\/\/www.instagram.com\/notibras\/"]},{"@type":"Person","@id":"https:\/\/www.notibras.com\/site\/#\/schema\/person\/36ab0979449956132d3e5b517ea76ac8","name":"Reda\u00e7\u00e3o","image":{"@type":"ImageObject","inLanguage":"pt-BR","@id":"https:\/\/secure.gravatar.com\/avatar\/e0a867bdedb85fd243eadf09663511f96fc81e0720a4a42581f334ad4303aa6b?s=96&d=mm&r=g","url":"https:\/\/secure.gravatar.com\/avatar\/e0a867bdedb85fd243eadf09663511f96fc81e0720a4a42581f334ad4303aa6b?s=96&d=mm&r=g","contentUrl":"https:\/\/secure.gravatar.com\/avatar\/e0a867bdedb85fd243eadf09663511f96fc81e0720a4a42581f334ad4303aa6b?s=96&d=mm&r=g","caption":"Reda\u00e7\u00e3o"}}]}},"amp_enabled":true,"_links":{"self":[{"href":"https:\/\/www.notibras.com\/site\/wp-json\/wp\/v2\/posts\/10994","targetHints":{"allow":["GET"]}}],"collection":[{"href":"https:\/\/www.notibras.com\/site\/wp-json\/wp\/v2\/posts"}],"about":[{"href":"https:\/\/www.notibras.com\/site\/wp-json\/wp\/v2\/types\/post"}],"author":[{"embeddable":true,"href":"https:\/\/www.notibras.com\/site\/wp-json\/wp\/v2\/users\/2"}],"replies":[{"embeddable":true,"href":"https:\/\/www.notibras.com\/site\/wp-json\/wp\/v2\/comments?post=10994"}],"version-history":[{"count":0,"href":"https:\/\/www.notibras.com\/site\/wp-json\/wp\/v2\/posts\/10994\/revisions"}],"wp:featuredmedia":[{"embeddable":true,"href":"https:\/\/www.notibras.com\/site\/wp-json\/wp\/v2\/media\/10995"}],"wp:attachment":[{"href":"https:\/\/www.notibras.com\/site\/wp-json\/wp\/v2\/media?parent=10994"}],"wp:term":[{"taxonomy":"category","embeddable":true,"href":"https:\/\/www.notibras.com\/site\/wp-json\/wp\/v2\/categories?post=10994"},{"taxonomy":"post_tag","embeddable":true,"href":"https:\/\/www.notibras.com\/site\/wp-json\/wp\/v2\/tags?post=10994"}],"curies":[{"name":"wp","href":"https:\/\/api.w.org\/{rel}","templated":true}]}}