{"id":110236,"date":"2016-07-31T21:58:53","date_gmt":"2016-08-01T00:58:53","guid":{"rendered":"http:\/\/www.notibras.com\/site\/?p=110236"},"modified":"2016-07-31T21:58:53","modified_gmt":"2016-08-01T00:58:53","slug":"ocupar-o-rio-com-as-forcas-armadas-nao-elimina-o-risco-de-um-ataque-terrorista","status":"publish","type":"post","link":"https:\/\/www.notibras.com\/site\/ocupar-o-rio-com-as-forcas-armadas-nao-elimina-o-risco-de-um-ataque-terrorista\/","title":{"rendered":"Ocupar o Rio com as For\u00e7as Armadas n\u00e3o elimina o risco de um ataque terrorista"},"content":{"rendered":"<p><strong>Marcelo Rech<\/strong><\/p>\n<p>Na semana passada, o pa\u00eds foi surpreendido com os resultados da Opera\u00e7\u00e3o Hashtag, deflagrada pela Pol\u00edcia Federal e que culminou com a pris\u00e3o preventiva de uma dezena de brasileiros supostamente vinculados \u00e0 organiza\u00e7\u00e3o terrorista conhecida como Estado Isl\u00e2mico.<\/p>\n<p>Ato cont\u00ednuo, as autoridades trataram de minimizar os efeitos negativos da not\u00edcia, reafirmado que o pa\u00eds n\u00e3o corre nenhum risco de sofrer um atentado terrorista. O ministro da Justi\u00e7a, Alexandre de Moraes, foi no m\u00ednimo contradit\u00f3rio ao explicar que o grupo fora detido &#8220;em atos preparat\u00f3rios&#8221;, mas que eram &#8220;amadores&#8221; e &#8220;desorganizados&#8221;.<\/p>\n<p>Presos preventivamente por 30 dias, os brasileiros estariam fora das ruas durante o per\u00edodo que antecede o in\u00edcio dos Jogos Ol\u00edmpicos do Rio de Janeiro. N\u00e3o ficou claro se ap\u00f3s o evento ser\u00e3o liberados. As investiga\u00e7\u00f5es correm em segredo de Justi\u00e7a.<\/p>\n<p>Vamos aos fatos: n\u00e3o existe terrorista amador, muito menos algu\u00e9m que \u00e9 apanhado em &#8220;atos preparat\u00f3rios&#8221;. Quem inicia a prepara\u00e7\u00e3o de algo \u00e9 porque j\u00e1 identificou o alvo, calculou as possibilidades de \u00eaxito, levantou intelig\u00eancia suficiente para saber como chegar e onde posicionar-se. Mais: n\u00e3o est\u00e1 em &#8220;atos preparat\u00f3rios&#8221; quem ainda n\u00e3o foi recrutado, treinado, ainda que minimamente, e conscientizado da miss\u00e3o a ser perpetrada.<\/p>\n<p>Para tanto, os membros n\u00e3o precisam necessariamente se conhecerem. Podem ser apenas 1, 2, 5 ou 10 e cada um atuar sem rela\u00e7\u00e3o direta ou indireta com o outro. Isso, longe de atenuar a import\u00e2ncia da descoberta, a agrava. O que se condicionou chamar de &#8220;lobo solit\u00e1rio&#8221; \u00e9 aquele que age por conta pr\u00f3pria, inclusive nos &#8220;atos preparat\u00f3rios&#8221;, financiando com os seus recursos a aquisi\u00e7\u00e3o dos insumos necess\u00e1rios para a excu\u00e7\u00e3o do atentado.<\/p>\n<p>Entendo que a mensagem transmitida pelas autoridades brasileiras a partir dessa opera\u00e7\u00e3o visa atingir dois p\u00fablicos distintos: as grandes pot\u00eancias que n\u00e3o confiam na capacidade do Brasil e de suas ag\u00eancias de intelig\u00eancia em prover a devida seguran\u00e7a \u2013a Opera\u00e7\u00e3o Hashtag seria uma forma de mostrar que o pa\u00eds \u00e9 capaz de atuar preventivamente\u2013; e aqueles que est\u00e3o mais preocupados com o impacto econ\u00f4mico dos Jogos \u2013afinal not\u00edcias como essa afugentam n\u00e3o apenas turistas como patrocinadores.<\/p>\n<p>Por fim, \u00e9 preciso entender que o terrorismo, mais que qualquer coisa, \u00e9 um fen\u00f4meno cujo teatro de opera\u00e7\u00e3o \u00e9 o mundo em toda a sua extens\u00e3o. Terrorismo n\u00e3o se combate: se previne e se neutraliza. E n\u00e3o \u00e9 com tanques de guerra ou avi\u00f5es de ca\u00e7a que se alcan\u00e7am os resultados objetivos, mas com intelig\u00eancia.<\/p>\n<p>O Estado precisa estar um passo \u00e0 frente daqueles que t\u00eam a inten\u00e7\u00e3o de atentar, o que somente \u00e9 poss\u00edvel com uma intelig\u00eancia robusta, algo que o Brasil n\u00e3o possui.<\/p>\n<p>O terrorista n\u00e3o improvisa, nunca. Ele sabe o que est\u00e1 fazendo e tem as suas raz\u00f5es, sejam elas compreendidas ou n\u00e3o. Algu\u00e9m que \u00e9 capaz de ir \u00e0s ruas com um colete de dinamite, pode at\u00e9 ser parado num check point, mas isso n\u00e3o evitar\u00e1 que se exploda. O terrorista precisa ter \u00eaxito uma \u00fanica vez, enquanto o Estado n\u00e3o pode falhar nem por um segundo. Essa \u00e9 uma das grandes diferen\u00e7as entre ambos.<\/p>\n<p>Inundar o Rio de Janeiro com as For\u00e7as Armadas n\u00e3o impedir\u00e1 que um ato terrorista aconte\u00e7a. As For\u00e7as Armadas s\u00e3o treinadas para lidar com ex\u00e9rcitos regulares, o que n\u00e3o \u00e9 o caso das organiza\u00e7\u00f5es terroristas, e, menos ainda, dos seus simpatizantes que abra\u00e7am uma causa sem exigir nada em troca.<\/p>\n<p>Tamb\u00e9m n\u00e3o ser\u00e1 apelando aos c\u00e9us e \u00e0 bondade de Deus que nos livraremos dessa chaga. Ser\u00e1 com trabalho, coordena\u00e7\u00e3o, coopera\u00e7\u00e3o e muita, mas muita intelig\u00eancia.<\/p>\n","protected":false},"excerpt":{"rendered":"<p>Marcelo Rech Na semana passada, o pa\u00eds foi surpreendido com os resultados da Opera\u00e7\u00e3o Hashtag, deflagrada pela Pol\u00edcia Federal e que culminou com a pris\u00e3o preventiva de uma dezena de brasileiros supostamente vinculados \u00e0 organiza\u00e7\u00e3o terrorista conhecida como Estado Isl\u00e2mico. Ato cont\u00ednuo, as autoridades trataram de minimizar os efeitos negativos da not\u00edcia, reafirmado que o [&hellip;]<\/p>\n","protected":false},"author":2,"featured_media":110237,"comment_status":"open","ping_status":"closed","sticky":false,"template":"","format":"standard","meta":{"_acf_changed":false,"footnotes":""},"categories":[25],"tags":[],"class_list":["post-110236","post","type-post","status-publish","format-standard","has-post-thumbnail","hentry","category-opina-ai"],"acf":[],"yoast_head":"<!-- This site is optimized with the Yoast SEO plugin v27.5 - https:\/\/yoast.com\/product\/yoast-seo-wordpress\/ -->\n<title>Ocupar o Rio com as For\u00e7as Armadas n\u00e3o elimina o risco de um ataque terrorista - Notibras<\/title>\n<meta name=\"robots\" content=\"index, follow, max-snippet:-1, max-image-preview:large, max-video-preview:-1\" \/>\n<link rel=\"canonical\" href=\"https:\/\/www.notibras.com\/site\/ocupar-o-rio-com-as-forcas-armadas-nao-elimina-o-risco-de-um-ataque-terrorista\/\" \/>\n<meta property=\"og:locale\" content=\"pt_BR\" \/>\n<meta property=\"og:type\" content=\"article\" \/>\n<meta property=\"og:title\" content=\"Ocupar o Rio com as For\u00e7as Armadas n\u00e3o elimina o risco de um ataque terrorista - Notibras\" \/>\n<meta property=\"og:description\" content=\"Marcelo Rech Na semana passada, o pa\u00eds foi surpreendido com os resultados da Opera\u00e7\u00e3o Hashtag, deflagrada pela Pol\u00edcia Federal e que culminou com a pris\u00e3o preventiva de uma dezena de brasileiros supostamente vinculados \u00e0 organiza\u00e7\u00e3o terrorista conhecida como Estado Isl\u00e2mico. Ato cont\u00ednuo, as autoridades trataram de minimizar os efeitos negativos da not\u00edcia, reafirmado que o [&hellip;]\" \/>\n<meta property=\"og:url\" content=\"https:\/\/www.notibras.com\/site\/ocupar-o-rio-com-as-forcas-armadas-nao-elimina-o-risco-de-um-ataque-terrorista\/\" \/>\n<meta property=\"og:site_name\" content=\"Notibras\" \/>\n<meta property=\"article:publisher\" content=\"https:\/\/www.facebook.com\/notibras\/\" \/>\n<meta property=\"article:published_time\" content=\"2016-08-01T00:58:53+00:00\" \/>\n<meta property=\"og:image\" content=\"https:\/\/www.notibras.com\/site\/wp-content\/uploads\/2016\/07\/19141943.jpg\" \/>\n\t<meta property=\"og:image:width\" content=\"640\" \/>\n\t<meta property=\"og:image:height\" content=\"426\" \/>\n\t<meta property=\"og:image:type\" content=\"image\/jpeg\" \/>\n<meta name=\"author\" content=\"Reda\u00e7\u00e3o\" \/>\n<meta name=\"twitter:card\" content=\"summary_large_image\" \/>\n<meta name=\"twitter:creator\" content=\"@Notibras\" \/>\n<meta name=\"twitter:site\" content=\"@Notibras\" \/>\n<meta name=\"twitter:label1\" content=\"Escrito por\" \/>\n\t<meta name=\"twitter:data1\" content=\"Reda\u00e7\u00e3o\" \/>\n\t<meta name=\"twitter:label2\" content=\"Est. tempo de leitura\" \/>\n\t<meta name=\"twitter:data2\" content=\"3 minutos\" \/>\n<script type=\"application\/ld+json\" class=\"yoast-schema-graph\">{\"@context\":\"https:\\\/\\\/schema.org\",\"@graph\":[{\"@type\":\"Article\",\"@id\":\"https:\\\/\\\/www.notibras.com\\\/site\\\/ocupar-o-rio-com-as-forcas-armadas-nao-elimina-o-risco-de-um-ataque-terrorista\\\/#article\",\"isPartOf\":{\"@id\":\"https:\\\/\\\/www.notibras.com\\\/site\\\/ocupar-o-rio-com-as-forcas-armadas-nao-elimina-o-risco-de-um-ataque-terrorista\\\/\"},\"author\":{\"name\":\"Reda\u00e7\u00e3o\",\"@id\":\"https:\\\/\\\/www.notibras.com\\\/site\\\/#\\\/schema\\\/person\\\/36ab0979449956132d3e5b517ea76ac8\"},\"headline\":\"Ocupar o Rio com as For\u00e7as Armadas n\u00e3o elimina o risco de um ataque terrorista\",\"datePublished\":\"2016-08-01T00:58:53+00:00\",\"mainEntityOfPage\":{\"@id\":\"https:\\\/\\\/www.notibras.com\\\/site\\\/ocupar-o-rio-com-as-forcas-armadas-nao-elimina-o-risco-de-um-ataque-terrorista\\\/\"},\"wordCount\":669,\"commentCount\":0,\"publisher\":{\"@id\":\"https:\\\/\\\/www.notibras.com\\\/site\\\/#organization\"},\"image\":{\"@id\":\"https:\\\/\\\/www.notibras.com\\\/site\\\/ocupar-o-rio-com-as-forcas-armadas-nao-elimina-o-risco-de-um-ataque-terrorista\\\/#primaryimage\"},\"thumbnailUrl\":\"https:\\\/\\\/www.notibras.com\\\/site\\\/wp-content\\\/uploads\\\/2016\\\/07\\\/19141943.jpg\",\"articleSection\":[\"Opina a\u00ed\"],\"inLanguage\":\"pt-BR\",\"potentialAction\":[{\"@type\":\"CommentAction\",\"name\":\"Comment\",\"target\":[\"https:\\\/\\\/www.notibras.com\\\/site\\\/ocupar-o-rio-com-as-forcas-armadas-nao-elimina-o-risco-de-um-ataque-terrorista\\\/#respond\"]}]},{\"@type\":\"WebPage\",\"@id\":\"https:\\\/\\\/www.notibras.com\\\/site\\\/ocupar-o-rio-com-as-forcas-armadas-nao-elimina-o-risco-de-um-ataque-terrorista\\\/\",\"url\":\"https:\\\/\\\/www.notibras.com\\\/site\\\/ocupar-o-rio-com-as-forcas-armadas-nao-elimina-o-risco-de-um-ataque-terrorista\\\/\",\"name\":\"Ocupar o Rio com as For\u00e7as Armadas n\u00e3o elimina o risco de um ataque terrorista - Notibras\",\"isPartOf\":{\"@id\":\"https:\\\/\\\/www.notibras.com\\\/site\\\/#website\"},\"primaryImageOfPage\":{\"@id\":\"https:\\\/\\\/www.notibras.com\\\/site\\\/ocupar-o-rio-com-as-forcas-armadas-nao-elimina-o-risco-de-um-ataque-terrorista\\\/#primaryimage\"},\"image\":{\"@id\":\"https:\\\/\\\/www.notibras.com\\\/site\\\/ocupar-o-rio-com-as-forcas-armadas-nao-elimina-o-risco-de-um-ataque-terrorista\\\/#primaryimage\"},\"thumbnailUrl\":\"https:\\\/\\\/www.notibras.com\\\/site\\\/wp-content\\\/uploads\\\/2016\\\/07\\\/19141943.jpg\",\"datePublished\":\"2016-08-01T00:58:53+00:00\",\"breadcrumb\":{\"@id\":\"https:\\\/\\\/www.notibras.com\\\/site\\\/ocupar-o-rio-com-as-forcas-armadas-nao-elimina-o-risco-de-um-ataque-terrorista\\\/#breadcrumb\"},\"inLanguage\":\"pt-BR\",\"potentialAction\":[{\"@type\":\"ReadAction\",\"target\":[\"https:\\\/\\\/www.notibras.com\\\/site\\\/ocupar-o-rio-com-as-forcas-armadas-nao-elimina-o-risco-de-um-ataque-terrorista\\\/\"]}]},{\"@type\":\"ImageObject\",\"inLanguage\":\"pt-BR\",\"@id\":\"https:\\\/\\\/www.notibras.com\\\/site\\\/ocupar-o-rio-com-as-forcas-armadas-nao-elimina-o-risco-de-um-ataque-terrorista\\\/#primaryimage\",\"url\":\"https:\\\/\\\/www.notibras.com\\\/site\\\/wp-content\\\/uploads\\\/2016\\\/07\\\/19141943.jpg\",\"contentUrl\":\"https:\\\/\\\/www.notibras.com\\\/site\\\/wp-content\\\/uploads\\\/2016\\\/07\\\/19141943.jpg\",\"width\":640,\"height\":426},{\"@type\":\"BreadcrumbList\",\"@id\":\"https:\\\/\\\/www.notibras.com\\\/site\\\/ocupar-o-rio-com-as-forcas-armadas-nao-elimina-o-risco-de-um-ataque-terrorista\\\/#breadcrumb\",\"itemListElement\":[{\"@type\":\"ListItem\",\"position\":1,\"name\":\"In\u00edcio\",\"item\":\"https:\\\/\\\/www.notibras.com\\\/site\\\/\"},{\"@type\":\"ListItem\",\"position\":2,\"name\":\"Ocupar o Rio com as For\u00e7as Armadas n\u00e3o elimina o risco de um ataque terrorista\"}]},{\"@type\":\"WebSite\",\"@id\":\"https:\\\/\\\/www.notibras.com\\\/site\\\/#website\",\"url\":\"https:\\\/\\\/www.notibras.com\\\/site\\\/\",\"name\":\"Notibras\",\"description\":\"Not\u00edcias de Bras\u00edlia, do Brasil e do Mundo\",\"publisher\":{\"@id\":\"https:\\\/\\\/www.notibras.com\\\/site\\\/#organization\"},\"potentialAction\":[{\"@type\":\"SearchAction\",\"target\":{\"@type\":\"EntryPoint\",\"urlTemplate\":\"https:\\\/\\\/www.notibras.com\\\/site\\\/?s={search_term_string}\"},\"query-input\":{\"@type\":\"PropertyValueSpecification\",\"valueRequired\":true,\"valueName\":\"search_term_string\"}}],\"inLanguage\":\"pt-BR\"},{\"@type\":\"Organization\",\"@id\":\"https:\\\/\\\/www.notibras.com\\\/site\\\/#organization\",\"name\":\"Grupo Notibras de Comunica\u00e7\u00e3o\",\"url\":\"https:\\\/\\\/www.notibras.com\\\/site\\\/\",\"logo\":{\"@type\":\"ImageObject\",\"inLanguage\":\"pt-BR\",\"@id\":\"https:\\\/\\\/www.notibras.com\\\/site\\\/#\\\/schema\\\/logo\\\/image\\\/\",\"url\":\"https:\\\/\\\/www.notibras.com\\\/site\\\/wp-content\\\/uploads\\\/2023\\\/01\\\/notibras23.png\",\"contentUrl\":\"https:\\\/\\\/www.notibras.com\\\/site\\\/wp-content\\\/uploads\\\/2023\\\/01\\\/notibras23.png\",\"width\":350,\"height\":87,\"caption\":\"Grupo Notibras de Comunica\u00e7\u00e3o\"},\"image\":{\"@id\":\"https:\\\/\\\/www.notibras.com\\\/site\\\/#\\\/schema\\\/logo\\\/image\\\/\"},\"sameAs\":[\"https:\\\/\\\/www.facebook.com\\\/notibras\\\/\",\"https:\\\/\\\/x.com\\\/Notibras\",\"https:\\\/\\\/www.instagram.com\\\/notibras\\\/\"]},{\"@type\":\"Person\",\"@id\":\"https:\\\/\\\/www.notibras.com\\\/site\\\/#\\\/schema\\\/person\\\/36ab0979449956132d3e5b517ea76ac8\",\"name\":\"Reda\u00e7\u00e3o\",\"image\":{\"@type\":\"ImageObject\",\"inLanguage\":\"pt-BR\",\"@id\":\"https:\\\/\\\/secure.gravatar.com\\\/avatar\\\/e0a867bdedb85fd243eadf09663511f96fc81e0720a4a42581f334ad4303aa6b?s=96&d=mm&r=g\",\"url\":\"https:\\\/\\\/secure.gravatar.com\\\/avatar\\\/e0a867bdedb85fd243eadf09663511f96fc81e0720a4a42581f334ad4303aa6b?s=96&d=mm&r=g\",\"contentUrl\":\"https:\\\/\\\/secure.gravatar.com\\\/avatar\\\/e0a867bdedb85fd243eadf09663511f96fc81e0720a4a42581f334ad4303aa6b?s=96&d=mm&r=g\",\"caption\":\"Reda\u00e7\u00e3o\"}}]}<\/script>\n<!-- \/ Yoast SEO plugin. -->","yoast_head_json":{"title":"Ocupar o Rio com as For\u00e7as Armadas n\u00e3o elimina o risco de um ataque terrorista - Notibras","robots":{"index":"index","follow":"follow","max-snippet":"max-snippet:-1","max-image-preview":"max-image-preview:large","max-video-preview":"max-video-preview:-1"},"canonical":"https:\/\/www.notibras.com\/site\/ocupar-o-rio-com-as-forcas-armadas-nao-elimina-o-risco-de-um-ataque-terrorista\/","og_locale":"pt_BR","og_type":"article","og_title":"Ocupar o Rio com as For\u00e7as Armadas n\u00e3o elimina o risco de um ataque terrorista - Notibras","og_description":"Marcelo Rech Na semana passada, o pa\u00eds foi surpreendido com os resultados da Opera\u00e7\u00e3o Hashtag, deflagrada pela Pol\u00edcia Federal e que culminou com a pris\u00e3o preventiva de uma dezena de brasileiros supostamente vinculados \u00e0 organiza\u00e7\u00e3o terrorista conhecida como Estado Isl\u00e2mico. Ato cont\u00ednuo, as autoridades trataram de minimizar os efeitos negativos da not\u00edcia, reafirmado que o [&hellip;]","og_url":"https:\/\/www.notibras.com\/site\/ocupar-o-rio-com-as-forcas-armadas-nao-elimina-o-risco-de-um-ataque-terrorista\/","og_site_name":"Notibras","article_publisher":"https:\/\/www.facebook.com\/notibras\/","article_published_time":"2016-08-01T00:58:53+00:00","og_image":[{"width":640,"height":426,"url":"https:\/\/www.notibras.com\/site\/wp-content\/uploads\/2016\/07\/19141943.jpg","type":"image\/jpeg"}],"author":"Reda\u00e7\u00e3o","twitter_card":"summary_large_image","twitter_creator":"@Notibras","twitter_site":"@Notibras","twitter_misc":{"Escrito por":"Reda\u00e7\u00e3o","Est. tempo de leitura":"3 minutos"},"schema":{"@context":"https:\/\/schema.org","@graph":[{"@type":"Article","@id":"https:\/\/www.notibras.com\/site\/ocupar-o-rio-com-as-forcas-armadas-nao-elimina-o-risco-de-um-ataque-terrorista\/#article","isPartOf":{"@id":"https:\/\/www.notibras.com\/site\/ocupar-o-rio-com-as-forcas-armadas-nao-elimina-o-risco-de-um-ataque-terrorista\/"},"author":{"name":"Reda\u00e7\u00e3o","@id":"https:\/\/www.notibras.com\/site\/#\/schema\/person\/36ab0979449956132d3e5b517ea76ac8"},"headline":"Ocupar o Rio com as For\u00e7as Armadas n\u00e3o elimina o risco de um ataque terrorista","datePublished":"2016-08-01T00:58:53+00:00","mainEntityOfPage":{"@id":"https:\/\/www.notibras.com\/site\/ocupar-o-rio-com-as-forcas-armadas-nao-elimina-o-risco-de-um-ataque-terrorista\/"},"wordCount":669,"commentCount":0,"publisher":{"@id":"https:\/\/www.notibras.com\/site\/#organization"},"image":{"@id":"https:\/\/www.notibras.com\/site\/ocupar-o-rio-com-as-forcas-armadas-nao-elimina-o-risco-de-um-ataque-terrorista\/#primaryimage"},"thumbnailUrl":"https:\/\/www.notibras.com\/site\/wp-content\/uploads\/2016\/07\/19141943.jpg","articleSection":["Opina a\u00ed"],"inLanguage":"pt-BR","potentialAction":[{"@type":"CommentAction","name":"Comment","target":["https:\/\/www.notibras.com\/site\/ocupar-o-rio-com-as-forcas-armadas-nao-elimina-o-risco-de-um-ataque-terrorista\/#respond"]}]},{"@type":"WebPage","@id":"https:\/\/www.notibras.com\/site\/ocupar-o-rio-com-as-forcas-armadas-nao-elimina-o-risco-de-um-ataque-terrorista\/","url":"https:\/\/www.notibras.com\/site\/ocupar-o-rio-com-as-forcas-armadas-nao-elimina-o-risco-de-um-ataque-terrorista\/","name":"Ocupar o Rio com as For\u00e7as Armadas n\u00e3o elimina o risco de um ataque terrorista - Notibras","isPartOf":{"@id":"https:\/\/www.notibras.com\/site\/#website"},"primaryImageOfPage":{"@id":"https:\/\/www.notibras.com\/site\/ocupar-o-rio-com-as-forcas-armadas-nao-elimina-o-risco-de-um-ataque-terrorista\/#primaryimage"},"image":{"@id":"https:\/\/www.notibras.com\/site\/ocupar-o-rio-com-as-forcas-armadas-nao-elimina-o-risco-de-um-ataque-terrorista\/#primaryimage"},"thumbnailUrl":"https:\/\/www.notibras.com\/site\/wp-content\/uploads\/2016\/07\/19141943.jpg","datePublished":"2016-08-01T00:58:53+00:00","breadcrumb":{"@id":"https:\/\/www.notibras.com\/site\/ocupar-o-rio-com-as-forcas-armadas-nao-elimina-o-risco-de-um-ataque-terrorista\/#breadcrumb"},"inLanguage":"pt-BR","potentialAction":[{"@type":"ReadAction","target":["https:\/\/www.notibras.com\/site\/ocupar-o-rio-com-as-forcas-armadas-nao-elimina-o-risco-de-um-ataque-terrorista\/"]}]},{"@type":"ImageObject","inLanguage":"pt-BR","@id":"https:\/\/www.notibras.com\/site\/ocupar-o-rio-com-as-forcas-armadas-nao-elimina-o-risco-de-um-ataque-terrorista\/#primaryimage","url":"https:\/\/www.notibras.com\/site\/wp-content\/uploads\/2016\/07\/19141943.jpg","contentUrl":"https:\/\/www.notibras.com\/site\/wp-content\/uploads\/2016\/07\/19141943.jpg","width":640,"height":426},{"@type":"BreadcrumbList","@id":"https:\/\/www.notibras.com\/site\/ocupar-o-rio-com-as-forcas-armadas-nao-elimina-o-risco-de-um-ataque-terrorista\/#breadcrumb","itemListElement":[{"@type":"ListItem","position":1,"name":"In\u00edcio","item":"https:\/\/www.notibras.com\/site\/"},{"@type":"ListItem","position":2,"name":"Ocupar o Rio com as For\u00e7as Armadas n\u00e3o elimina o risco de um ataque terrorista"}]},{"@type":"WebSite","@id":"https:\/\/www.notibras.com\/site\/#website","url":"https:\/\/www.notibras.com\/site\/","name":"Notibras","description":"Not\u00edcias de Bras\u00edlia, do Brasil e do Mundo","publisher":{"@id":"https:\/\/www.notibras.com\/site\/#organization"},"potentialAction":[{"@type":"SearchAction","target":{"@type":"EntryPoint","urlTemplate":"https:\/\/www.notibras.com\/site\/?s={search_term_string}"},"query-input":{"@type":"PropertyValueSpecification","valueRequired":true,"valueName":"search_term_string"}}],"inLanguage":"pt-BR"},{"@type":"Organization","@id":"https:\/\/www.notibras.com\/site\/#organization","name":"Grupo Notibras de Comunica\u00e7\u00e3o","url":"https:\/\/www.notibras.com\/site\/","logo":{"@type":"ImageObject","inLanguage":"pt-BR","@id":"https:\/\/www.notibras.com\/site\/#\/schema\/logo\/image\/","url":"https:\/\/www.notibras.com\/site\/wp-content\/uploads\/2023\/01\/notibras23.png","contentUrl":"https:\/\/www.notibras.com\/site\/wp-content\/uploads\/2023\/01\/notibras23.png","width":350,"height":87,"caption":"Grupo Notibras de Comunica\u00e7\u00e3o"},"image":{"@id":"https:\/\/www.notibras.com\/site\/#\/schema\/logo\/image\/"},"sameAs":["https:\/\/www.facebook.com\/notibras\/","https:\/\/x.com\/Notibras","https:\/\/www.instagram.com\/notibras\/"]},{"@type":"Person","@id":"https:\/\/www.notibras.com\/site\/#\/schema\/person\/36ab0979449956132d3e5b517ea76ac8","name":"Reda\u00e7\u00e3o","image":{"@type":"ImageObject","inLanguage":"pt-BR","@id":"https:\/\/secure.gravatar.com\/avatar\/e0a867bdedb85fd243eadf09663511f96fc81e0720a4a42581f334ad4303aa6b?s=96&d=mm&r=g","url":"https:\/\/secure.gravatar.com\/avatar\/e0a867bdedb85fd243eadf09663511f96fc81e0720a4a42581f334ad4303aa6b?s=96&d=mm&r=g","contentUrl":"https:\/\/secure.gravatar.com\/avatar\/e0a867bdedb85fd243eadf09663511f96fc81e0720a4a42581f334ad4303aa6b?s=96&d=mm&r=g","caption":"Reda\u00e7\u00e3o"}}]}},"amp_enabled":true,"_links":{"self":[{"href":"https:\/\/www.notibras.com\/site\/wp-json\/wp\/v2\/posts\/110236","targetHints":{"allow":["GET"]}}],"collection":[{"href":"https:\/\/www.notibras.com\/site\/wp-json\/wp\/v2\/posts"}],"about":[{"href":"https:\/\/www.notibras.com\/site\/wp-json\/wp\/v2\/types\/post"}],"author":[{"embeddable":true,"href":"https:\/\/www.notibras.com\/site\/wp-json\/wp\/v2\/users\/2"}],"replies":[{"embeddable":true,"href":"https:\/\/www.notibras.com\/site\/wp-json\/wp\/v2\/comments?post=110236"}],"version-history":[{"count":1,"href":"https:\/\/www.notibras.com\/site\/wp-json\/wp\/v2\/posts\/110236\/revisions"}],"predecessor-version":[{"id":110238,"href":"https:\/\/www.notibras.com\/site\/wp-json\/wp\/v2\/posts\/110236\/revisions\/110238"}],"wp:featuredmedia":[{"embeddable":true,"href":"https:\/\/www.notibras.com\/site\/wp-json\/wp\/v2\/media\/110237"}],"wp:attachment":[{"href":"https:\/\/www.notibras.com\/site\/wp-json\/wp\/v2\/media?parent=110236"}],"wp:term":[{"taxonomy":"category","embeddable":true,"href":"https:\/\/www.notibras.com\/site\/wp-json\/wp\/v2\/categories?post=110236"},{"taxonomy":"post_tag","embeddable":true,"href":"https:\/\/www.notibras.com\/site\/wp-json\/wp\/v2\/tags?post=110236"}],"curies":[{"name":"wp","href":"https:\/\/api.w.org\/{rel}","templated":true}]}}