{"id":110377,"date":"2016-08-01T20:21:04","date_gmt":"2016-08-01T23:21:04","guid":{"rendered":"http:\/\/www.notibras.com\/site\/?p=110377"},"modified":"2016-08-01T20:21:04","modified_gmt":"2016-08-01T23:21:04","slug":"candidatos-vao-enfrentar-eleitor-mais-exigente-mais-fortes-que-os-concorrentes","status":"publish","type":"post","link":"https:\/\/www.notibras.com\/site\/candidatos-vao-enfrentar-eleitor-mais-exigente-mais-fortes-que-os-concorrentes\/","title":{"rendered":"Candidatos v\u00e3o enfrentar eleitor mais exigente, mais fortes que os concorrentes"},"content":{"rendered":"<p><strong>Abram Szajman<\/strong><\/p>\n<p>S\u00e3o Paulo j\u00e1 foi um munic\u00edpio agr\u00edcola, como nos recorda a denomina\u00e7\u00e3o do viaduto do Ch\u00e1, na regi\u00e3o central. A industrializa\u00e7\u00e3o acelerada tornou-se sua marca no s\u00e9culo 20. Ao longo das \u00faltimas d\u00e9cadas, entretanto, o com\u00e9rcio de bens e servi\u00e7os consolidou-se como a principal atividade econ\u00f4mica da metr\u00f3pole.<\/p>\n<p>Segundo o IBGE (Instituto Brasileiro de Geografia e Estat\u00edstica), em 2013 o setor respondia por 70% do PIB paulistano, participa\u00e7\u00e3o que era de 62% em 1999. N\u00fameros da Fecomercio SP, de 2015, mostram que o com\u00e9rcio varejista local movimentou R$ 172 bilh\u00f5es, enquanto o setor de servi\u00e7os faturou R$ 256,5 bilh\u00f5es.<\/p>\n<p>O mais destacado polo comercial e de servi\u00e7os do Estado e do pa\u00eds tamb\u00e9m \u00e9 o principal empregador da capital paulista: em abril de 2016 respondia por cerca de 4,4 milh\u00f5es de empregados com carteira assinada, que representavam 84% de todos os empregos formais no \u00e2mbito municipal. O com\u00e9rcio de S\u00e3o Paulo atende n\u00e3o apenas \u00e0 sua popula\u00e7\u00e3o, mas tamb\u00e9m consumidores e empres\u00e1rios das mais diversas proced\u00eancias.<\/p>\n<p>Como consequ\u00eancia, no \u00e2mbito estadual, 57% dos trabalhadores do atacado de eletr\u00f4nicos e equipamentos est\u00e3o concentrados na capital, percentual que sobe para 71% no atacado de vestu\u00e1rio, tecidos e cal\u00e7ados, fazendo a fama da rua Santa Ifig\u00eania e das ruas 25 de mar\u00e7o e Jos\u00e9 Paulino, respectivamente.<\/p>\n<p>Em uma cidade t\u00e3o din\u00e2mica, mas ainda plena de desafios em \u00e1reas como mobilidade, habita\u00e7\u00e3o e seguran\u00e7a, o trabalho ganha um papel decisivo na qualidade de vida dos cidad\u00e3os. Segundo pesquisa da Fecomercio SP e da Rede Nossa S\u00e3o Paulo, realizada em dezembro de 2015, o emprego \u00e9 o terceiro fator mais importante para a qualidade de vida dos paulistanos, atr\u00e1s apenas de sa\u00fade e educa\u00e7\u00e3o.<\/p>\n<p>A crise econ\u00f4mica, por\u00e9m, afetou o poder de compra dos consumidores e o resultado das empresas, levando \u00e0 queda das vendas e do emprego no setor de com\u00e9rcio e servi\u00e7os. Em doze meses at\u00e9 abril, na compara\u00e7\u00e3o com os doze meses imediatamente anteriores, o faturamento do varejo paulistano registrou queda de 4,1%. No setor de servi\u00e7os o recuo foi de 3,8%. Mais de 95 mil postos de trabalho foram eliminados em um ano, sendo 10 mil no com\u00e9rcio atacadista, 21 mil no varejo e 64 mil nos servi\u00e7os.<\/p>\n<p>Com o recuo das receitas das empresas, cai a arrecada\u00e7\u00e3o municipal de impostos. O aumento do desemprego, somado \u00e0 eleva\u00e7\u00e3o do custo de vida \u2013que subiu mais de 10% em um ano \u2013, leva ao crescimento da inadimpl\u00eancia. Em junho, de acordo com pesquisa da Fecomercio SP, 17,6% das fam\u00edlias paulistanas estavam com alguma conta em atraso e 7,2% diziam n\u00e3o ter condi\u00e7\u00f5es de pagar todas as contas no m\u00eas seguinte, o que tamb\u00e9m tem impacto na arrecada\u00e7\u00e3o municipal, uma vez que indica maior dificuldade na manuten\u00e7\u00e3o do IPTU em dia, por exemplo.<\/p>\n<p>Ao mesmo tempo, por causa do or\u00e7amento apertado, as fam\u00edlias passam a demandar mais servi\u00e7os p\u00fablicos nas \u00e1reas de lazer, cultura, transporte, sa\u00fade e educa\u00e7\u00e3o. Equilibrar uma receita menor e a maior demanda por servi\u00e7os p\u00fablicos ser\u00e1 um dos principais desafios da pr\u00f3xima administra\u00e7\u00e3o municipal.<\/p>\n<p>A retra\u00e7\u00e3o da atividade econ\u00f4mica, os juros altos, o aumento do custo de vida e do desemprego acentuam ainda mais o problema da desigualdade social na cidade. A criminalidade, por sua vez, tende a crescer caso o cen\u00e1rio econ\u00f4mico n\u00e3o se recupere.<\/p>\n<p>Apesar da melhoria da confian\u00e7a captada pelos indicadores nos \u00faltimos meses, os candidatos ter\u00e3o de lidar com consumidores e empres\u00e1rios mais cr\u00edticos nas pr\u00f3ximas elei\u00e7\u00f5es, que n\u00e3o ser\u00e3o convencidos facilmente por qualquer proposta.<\/p>\n<p>Embora as quedas das vendas, do emprego e da confian\u00e7a sejam reflexos principalmente da crise macroecon\u00f4mica, medidas podem ser adotadas em \u00e2mbito municipal para alavancar a voca\u00e7\u00e3o din\u00e2mica de S\u00e3o Paulo, como a redu\u00e7\u00e3o da burocracia, o aumento da efici\u00eancia da m\u00e1quina administrativa e a racionaliza\u00e7\u00e3o dos tributos.<\/p>\n<p>Parcerias podem e devem ser estabelecidas com o setor privado nas \u00e1reas de lazer, cultura, forma\u00e7\u00e3o profissional e infraestrutura, e em temas como melhoria das cal\u00e7adas, estacionamentos pr\u00f3ximos a esta\u00e7\u00f5es de trem e metr\u00f4 e enterramento de fios e cabos el\u00e9tricos.<\/p>\n<p>Com o intuito de contribuir para o debate das propostas em um contexto de queda da arrecada\u00e7\u00e3o e aumento da demanda por servi\u00e7os p\u00fablicos, a Fecomercio SP disponibilizou uma plataforma digital com os principais indicadores da economia paulistana, que ser\u00e3o atualizados mensalmente. Conhecer todos os dados dos problemas \u00e9 o primeiro passo para resolv\u00ea-los.<\/p>\n","protected":false},"excerpt":{"rendered":"<p>Abram Szajman S\u00e3o Paulo j\u00e1 foi um munic\u00edpio agr\u00edcola, como nos recorda a denomina\u00e7\u00e3o do viaduto do Ch\u00e1, na regi\u00e3o central. A industrializa\u00e7\u00e3o acelerada tornou-se sua marca no s\u00e9culo 20. Ao longo das \u00faltimas d\u00e9cadas, entretanto, o com\u00e9rcio de bens e servi\u00e7os consolidou-se como a principal atividade econ\u00f4mica da metr\u00f3pole. Segundo o IBGE (Instituto Brasileiro [&hellip;]<\/p>\n","protected":false},"author":2,"featured_media":110378,"comment_status":"open","ping_status":"closed","sticky":false,"template":"","format":"standard","meta":{"_acf_changed":false,"footnotes":""},"categories":[25],"tags":[],"class_list":["post-110377","post","type-post","status-publish","format-standard","has-post-thumbnail","hentry","category-opina-ai"],"acf":[],"yoast_head":"<!-- This site is optimized with the Yoast SEO plugin v27.5 - https:\/\/yoast.com\/product\/yoast-seo-wordpress\/ -->\n<title>Candidatos v\u00e3o enfrentar eleitor mais exigente, mais fortes que os concorrentes - Notibras<\/title>\n<meta name=\"robots\" content=\"index, follow, max-snippet:-1, max-image-preview:large, max-video-preview:-1\" \/>\n<link rel=\"canonical\" href=\"https:\/\/www.notibras.com\/site\/candidatos-vao-enfrentar-eleitor-mais-exigente-mais-fortes-que-os-concorrentes\/\" \/>\n<meta property=\"og:locale\" content=\"pt_BR\" \/>\n<meta property=\"og:type\" content=\"article\" \/>\n<meta property=\"og:title\" content=\"Candidatos v\u00e3o enfrentar eleitor mais exigente, mais fortes que os concorrentes - Notibras\" \/>\n<meta property=\"og:description\" content=\"Abram Szajman S\u00e3o Paulo j\u00e1 foi um munic\u00edpio agr\u00edcola, como nos recorda a denomina\u00e7\u00e3o do viaduto do Ch\u00e1, na regi\u00e3o central. A industrializa\u00e7\u00e3o acelerada tornou-se sua marca no s\u00e9culo 20. Ao longo das \u00faltimas d\u00e9cadas, entretanto, o com\u00e9rcio de bens e servi\u00e7os consolidou-se como a principal atividade econ\u00f4mica da metr\u00f3pole. Segundo o IBGE (Instituto Brasileiro [&hellip;]\" \/>\n<meta property=\"og:url\" content=\"https:\/\/www.notibras.com\/site\/candidatos-vao-enfrentar-eleitor-mais-exigente-mais-fortes-que-os-concorrentes\/\" \/>\n<meta property=\"og:site_name\" content=\"Notibras\" \/>\n<meta property=\"article:publisher\" content=\"https:\/\/www.facebook.com\/notibras\/\" \/>\n<meta property=\"article:published_time\" content=\"2016-08-01T23:21:04+00:00\" \/>\n<meta property=\"og:image\" content=\"https:\/\/www.notibras.com\/site\/wp-content\/uploads\/2016\/08\/278-tse-aprova-calendario-eleitoral-das-eleicoes-2016-g.jpg\" \/>\n\t<meta property=\"og:image:width\" content=\"600\" \/>\n\t<meta property=\"og:image:height\" content=\"376\" \/>\n\t<meta property=\"og:image:type\" content=\"image\/jpeg\" \/>\n<meta name=\"author\" content=\"Reda\u00e7\u00e3o\" \/>\n<meta name=\"twitter:card\" content=\"summary_large_image\" \/>\n<meta name=\"twitter:creator\" content=\"@Notibras\" \/>\n<meta name=\"twitter:site\" content=\"@Notibras\" \/>\n<meta name=\"twitter:label1\" content=\"Escrito por\" \/>\n\t<meta name=\"twitter:data1\" content=\"Reda\u00e7\u00e3o\" \/>\n\t<meta name=\"twitter:label2\" content=\"Est. tempo de leitura\" \/>\n\t<meta name=\"twitter:data2\" content=\"4 minutos\" \/>\n<script type=\"application\/ld+json\" class=\"yoast-schema-graph\">{\"@context\":\"https:\\\/\\\/schema.org\",\"@graph\":[{\"@type\":\"Article\",\"@id\":\"https:\\\/\\\/www.notibras.com\\\/site\\\/candidatos-vao-enfrentar-eleitor-mais-exigente-mais-fortes-que-os-concorrentes\\\/#article\",\"isPartOf\":{\"@id\":\"https:\\\/\\\/www.notibras.com\\\/site\\\/candidatos-vao-enfrentar-eleitor-mais-exigente-mais-fortes-que-os-concorrentes\\\/\"},\"author\":{\"name\":\"Reda\u00e7\u00e3o\",\"@id\":\"https:\\\/\\\/www.notibras.com\\\/site\\\/#\\\/schema\\\/person\\\/36ab0979449956132d3e5b517ea76ac8\"},\"headline\":\"Candidatos v\u00e3o enfrentar eleitor mais exigente, mais fortes que os concorrentes\",\"datePublished\":\"2016-08-01T23:21:04+00:00\",\"mainEntityOfPage\":{\"@id\":\"https:\\\/\\\/www.notibras.com\\\/site\\\/candidatos-vao-enfrentar-eleitor-mais-exigente-mais-fortes-que-os-concorrentes\\\/\"},\"wordCount\":812,\"commentCount\":0,\"publisher\":{\"@id\":\"https:\\\/\\\/www.notibras.com\\\/site\\\/#organization\"},\"image\":{\"@id\":\"https:\\\/\\\/www.notibras.com\\\/site\\\/candidatos-vao-enfrentar-eleitor-mais-exigente-mais-fortes-que-os-concorrentes\\\/#primaryimage\"},\"thumbnailUrl\":\"https:\\\/\\\/www.notibras.com\\\/site\\\/wp-content\\\/uploads\\\/2016\\\/08\\\/278-tse-aprova-calendario-eleitoral-das-eleicoes-2016-g.jpg\",\"articleSection\":[\"Opina a\u00ed\"],\"inLanguage\":\"pt-BR\",\"potentialAction\":[{\"@type\":\"CommentAction\",\"name\":\"Comment\",\"target\":[\"https:\\\/\\\/www.notibras.com\\\/site\\\/candidatos-vao-enfrentar-eleitor-mais-exigente-mais-fortes-que-os-concorrentes\\\/#respond\"]}]},{\"@type\":\"WebPage\",\"@id\":\"https:\\\/\\\/www.notibras.com\\\/site\\\/candidatos-vao-enfrentar-eleitor-mais-exigente-mais-fortes-que-os-concorrentes\\\/\",\"url\":\"https:\\\/\\\/www.notibras.com\\\/site\\\/candidatos-vao-enfrentar-eleitor-mais-exigente-mais-fortes-que-os-concorrentes\\\/\",\"name\":\"Candidatos v\u00e3o enfrentar eleitor mais exigente, mais fortes que os concorrentes - Notibras\",\"isPartOf\":{\"@id\":\"https:\\\/\\\/www.notibras.com\\\/site\\\/#website\"},\"primaryImageOfPage\":{\"@id\":\"https:\\\/\\\/www.notibras.com\\\/site\\\/candidatos-vao-enfrentar-eleitor-mais-exigente-mais-fortes-que-os-concorrentes\\\/#primaryimage\"},\"image\":{\"@id\":\"https:\\\/\\\/www.notibras.com\\\/site\\\/candidatos-vao-enfrentar-eleitor-mais-exigente-mais-fortes-que-os-concorrentes\\\/#primaryimage\"},\"thumbnailUrl\":\"https:\\\/\\\/www.notibras.com\\\/site\\\/wp-content\\\/uploads\\\/2016\\\/08\\\/278-tse-aprova-calendario-eleitoral-das-eleicoes-2016-g.jpg\",\"datePublished\":\"2016-08-01T23:21:04+00:00\",\"breadcrumb\":{\"@id\":\"https:\\\/\\\/www.notibras.com\\\/site\\\/candidatos-vao-enfrentar-eleitor-mais-exigente-mais-fortes-que-os-concorrentes\\\/#breadcrumb\"},\"inLanguage\":\"pt-BR\",\"potentialAction\":[{\"@type\":\"ReadAction\",\"target\":[\"https:\\\/\\\/www.notibras.com\\\/site\\\/candidatos-vao-enfrentar-eleitor-mais-exigente-mais-fortes-que-os-concorrentes\\\/\"]}]},{\"@type\":\"ImageObject\",\"inLanguage\":\"pt-BR\",\"@id\":\"https:\\\/\\\/www.notibras.com\\\/site\\\/candidatos-vao-enfrentar-eleitor-mais-exigente-mais-fortes-que-os-concorrentes\\\/#primaryimage\",\"url\":\"https:\\\/\\\/www.notibras.com\\\/site\\\/wp-content\\\/uploads\\\/2016\\\/08\\\/278-tse-aprova-calendario-eleitoral-das-eleicoes-2016-g.jpg\",\"contentUrl\":\"https:\\\/\\\/www.notibras.com\\\/site\\\/wp-content\\\/uploads\\\/2016\\\/08\\\/278-tse-aprova-calendario-eleitoral-das-eleicoes-2016-g.jpg\",\"width\":600,\"height\":376},{\"@type\":\"BreadcrumbList\",\"@id\":\"https:\\\/\\\/www.notibras.com\\\/site\\\/candidatos-vao-enfrentar-eleitor-mais-exigente-mais-fortes-que-os-concorrentes\\\/#breadcrumb\",\"itemListElement\":[{\"@type\":\"ListItem\",\"position\":1,\"name\":\"In\u00edcio\",\"item\":\"https:\\\/\\\/www.notibras.com\\\/site\\\/\"},{\"@type\":\"ListItem\",\"position\":2,\"name\":\"Candidatos v\u00e3o enfrentar eleitor mais exigente, mais fortes que os concorrentes\"}]},{\"@type\":\"WebSite\",\"@id\":\"https:\\\/\\\/www.notibras.com\\\/site\\\/#website\",\"url\":\"https:\\\/\\\/www.notibras.com\\\/site\\\/\",\"name\":\"Notibras\",\"description\":\"Not\u00edcias de Bras\u00edlia, do Brasil e do Mundo\",\"publisher\":{\"@id\":\"https:\\\/\\\/www.notibras.com\\\/site\\\/#organization\"},\"potentialAction\":[{\"@type\":\"SearchAction\",\"target\":{\"@type\":\"EntryPoint\",\"urlTemplate\":\"https:\\\/\\\/www.notibras.com\\\/site\\\/?s={search_term_string}\"},\"query-input\":{\"@type\":\"PropertyValueSpecification\",\"valueRequired\":true,\"valueName\":\"search_term_string\"}}],\"inLanguage\":\"pt-BR\"},{\"@type\":\"Organization\",\"@id\":\"https:\\\/\\\/www.notibras.com\\\/site\\\/#organization\",\"name\":\"Grupo Notibras de Comunica\u00e7\u00e3o\",\"url\":\"https:\\\/\\\/www.notibras.com\\\/site\\\/\",\"logo\":{\"@type\":\"ImageObject\",\"inLanguage\":\"pt-BR\",\"@id\":\"https:\\\/\\\/www.notibras.com\\\/site\\\/#\\\/schema\\\/logo\\\/image\\\/\",\"url\":\"https:\\\/\\\/www.notibras.com\\\/site\\\/wp-content\\\/uploads\\\/2023\\\/01\\\/notibras23.png\",\"contentUrl\":\"https:\\\/\\\/www.notibras.com\\\/site\\\/wp-content\\\/uploads\\\/2023\\\/01\\\/notibras23.png\",\"width\":350,\"height\":87,\"caption\":\"Grupo Notibras de Comunica\u00e7\u00e3o\"},\"image\":{\"@id\":\"https:\\\/\\\/www.notibras.com\\\/site\\\/#\\\/schema\\\/logo\\\/image\\\/\"},\"sameAs\":[\"https:\\\/\\\/www.facebook.com\\\/notibras\\\/\",\"https:\\\/\\\/x.com\\\/Notibras\",\"https:\\\/\\\/www.instagram.com\\\/notibras\\\/\"]},{\"@type\":\"Person\",\"@id\":\"https:\\\/\\\/www.notibras.com\\\/site\\\/#\\\/schema\\\/person\\\/36ab0979449956132d3e5b517ea76ac8\",\"name\":\"Reda\u00e7\u00e3o\",\"image\":{\"@type\":\"ImageObject\",\"inLanguage\":\"pt-BR\",\"@id\":\"https:\\\/\\\/secure.gravatar.com\\\/avatar\\\/e0a867bdedb85fd243eadf09663511f96fc81e0720a4a42581f334ad4303aa6b?s=96&d=mm&r=g\",\"url\":\"https:\\\/\\\/secure.gravatar.com\\\/avatar\\\/e0a867bdedb85fd243eadf09663511f96fc81e0720a4a42581f334ad4303aa6b?s=96&d=mm&r=g\",\"contentUrl\":\"https:\\\/\\\/secure.gravatar.com\\\/avatar\\\/e0a867bdedb85fd243eadf09663511f96fc81e0720a4a42581f334ad4303aa6b?s=96&d=mm&r=g\",\"caption\":\"Reda\u00e7\u00e3o\"}}]}<\/script>\n<!-- \/ Yoast SEO plugin. -->","yoast_head_json":{"title":"Candidatos v\u00e3o enfrentar eleitor mais exigente, mais fortes que os concorrentes - Notibras","robots":{"index":"index","follow":"follow","max-snippet":"max-snippet:-1","max-image-preview":"max-image-preview:large","max-video-preview":"max-video-preview:-1"},"canonical":"https:\/\/www.notibras.com\/site\/candidatos-vao-enfrentar-eleitor-mais-exigente-mais-fortes-que-os-concorrentes\/","og_locale":"pt_BR","og_type":"article","og_title":"Candidatos v\u00e3o enfrentar eleitor mais exigente, mais fortes que os concorrentes - Notibras","og_description":"Abram Szajman S\u00e3o Paulo j\u00e1 foi um munic\u00edpio agr\u00edcola, como nos recorda a denomina\u00e7\u00e3o do viaduto do Ch\u00e1, na regi\u00e3o central. A industrializa\u00e7\u00e3o acelerada tornou-se sua marca no s\u00e9culo 20. Ao longo das \u00faltimas d\u00e9cadas, entretanto, o com\u00e9rcio de bens e servi\u00e7os consolidou-se como a principal atividade econ\u00f4mica da metr\u00f3pole. Segundo o IBGE (Instituto Brasileiro [&hellip;]","og_url":"https:\/\/www.notibras.com\/site\/candidatos-vao-enfrentar-eleitor-mais-exigente-mais-fortes-que-os-concorrentes\/","og_site_name":"Notibras","article_publisher":"https:\/\/www.facebook.com\/notibras\/","article_published_time":"2016-08-01T23:21:04+00:00","og_image":[{"width":600,"height":376,"url":"https:\/\/www.notibras.com\/site\/wp-content\/uploads\/2016\/08\/278-tse-aprova-calendario-eleitoral-das-eleicoes-2016-g.jpg","type":"image\/jpeg"}],"author":"Reda\u00e7\u00e3o","twitter_card":"summary_large_image","twitter_creator":"@Notibras","twitter_site":"@Notibras","twitter_misc":{"Escrito por":"Reda\u00e7\u00e3o","Est. tempo de leitura":"4 minutos"},"schema":{"@context":"https:\/\/schema.org","@graph":[{"@type":"Article","@id":"https:\/\/www.notibras.com\/site\/candidatos-vao-enfrentar-eleitor-mais-exigente-mais-fortes-que-os-concorrentes\/#article","isPartOf":{"@id":"https:\/\/www.notibras.com\/site\/candidatos-vao-enfrentar-eleitor-mais-exigente-mais-fortes-que-os-concorrentes\/"},"author":{"name":"Reda\u00e7\u00e3o","@id":"https:\/\/www.notibras.com\/site\/#\/schema\/person\/36ab0979449956132d3e5b517ea76ac8"},"headline":"Candidatos v\u00e3o enfrentar eleitor mais exigente, mais fortes que os concorrentes","datePublished":"2016-08-01T23:21:04+00:00","mainEntityOfPage":{"@id":"https:\/\/www.notibras.com\/site\/candidatos-vao-enfrentar-eleitor-mais-exigente-mais-fortes-que-os-concorrentes\/"},"wordCount":812,"commentCount":0,"publisher":{"@id":"https:\/\/www.notibras.com\/site\/#organization"},"image":{"@id":"https:\/\/www.notibras.com\/site\/candidatos-vao-enfrentar-eleitor-mais-exigente-mais-fortes-que-os-concorrentes\/#primaryimage"},"thumbnailUrl":"https:\/\/www.notibras.com\/site\/wp-content\/uploads\/2016\/08\/278-tse-aprova-calendario-eleitoral-das-eleicoes-2016-g.jpg","articleSection":["Opina a\u00ed"],"inLanguage":"pt-BR","potentialAction":[{"@type":"CommentAction","name":"Comment","target":["https:\/\/www.notibras.com\/site\/candidatos-vao-enfrentar-eleitor-mais-exigente-mais-fortes-que-os-concorrentes\/#respond"]}]},{"@type":"WebPage","@id":"https:\/\/www.notibras.com\/site\/candidatos-vao-enfrentar-eleitor-mais-exigente-mais-fortes-que-os-concorrentes\/","url":"https:\/\/www.notibras.com\/site\/candidatos-vao-enfrentar-eleitor-mais-exigente-mais-fortes-que-os-concorrentes\/","name":"Candidatos v\u00e3o enfrentar eleitor mais exigente, mais fortes que os concorrentes - Notibras","isPartOf":{"@id":"https:\/\/www.notibras.com\/site\/#website"},"primaryImageOfPage":{"@id":"https:\/\/www.notibras.com\/site\/candidatos-vao-enfrentar-eleitor-mais-exigente-mais-fortes-que-os-concorrentes\/#primaryimage"},"image":{"@id":"https:\/\/www.notibras.com\/site\/candidatos-vao-enfrentar-eleitor-mais-exigente-mais-fortes-que-os-concorrentes\/#primaryimage"},"thumbnailUrl":"https:\/\/www.notibras.com\/site\/wp-content\/uploads\/2016\/08\/278-tse-aprova-calendario-eleitoral-das-eleicoes-2016-g.jpg","datePublished":"2016-08-01T23:21:04+00:00","breadcrumb":{"@id":"https:\/\/www.notibras.com\/site\/candidatos-vao-enfrentar-eleitor-mais-exigente-mais-fortes-que-os-concorrentes\/#breadcrumb"},"inLanguage":"pt-BR","potentialAction":[{"@type":"ReadAction","target":["https:\/\/www.notibras.com\/site\/candidatos-vao-enfrentar-eleitor-mais-exigente-mais-fortes-que-os-concorrentes\/"]}]},{"@type":"ImageObject","inLanguage":"pt-BR","@id":"https:\/\/www.notibras.com\/site\/candidatos-vao-enfrentar-eleitor-mais-exigente-mais-fortes-que-os-concorrentes\/#primaryimage","url":"https:\/\/www.notibras.com\/site\/wp-content\/uploads\/2016\/08\/278-tse-aprova-calendario-eleitoral-das-eleicoes-2016-g.jpg","contentUrl":"https:\/\/www.notibras.com\/site\/wp-content\/uploads\/2016\/08\/278-tse-aprova-calendario-eleitoral-das-eleicoes-2016-g.jpg","width":600,"height":376},{"@type":"BreadcrumbList","@id":"https:\/\/www.notibras.com\/site\/candidatos-vao-enfrentar-eleitor-mais-exigente-mais-fortes-que-os-concorrentes\/#breadcrumb","itemListElement":[{"@type":"ListItem","position":1,"name":"In\u00edcio","item":"https:\/\/www.notibras.com\/site\/"},{"@type":"ListItem","position":2,"name":"Candidatos v\u00e3o enfrentar eleitor mais exigente, mais fortes que os concorrentes"}]},{"@type":"WebSite","@id":"https:\/\/www.notibras.com\/site\/#website","url":"https:\/\/www.notibras.com\/site\/","name":"Notibras","description":"Not\u00edcias de Bras\u00edlia, do Brasil e do Mundo","publisher":{"@id":"https:\/\/www.notibras.com\/site\/#organization"},"potentialAction":[{"@type":"SearchAction","target":{"@type":"EntryPoint","urlTemplate":"https:\/\/www.notibras.com\/site\/?s={search_term_string}"},"query-input":{"@type":"PropertyValueSpecification","valueRequired":true,"valueName":"search_term_string"}}],"inLanguage":"pt-BR"},{"@type":"Organization","@id":"https:\/\/www.notibras.com\/site\/#organization","name":"Grupo Notibras de Comunica\u00e7\u00e3o","url":"https:\/\/www.notibras.com\/site\/","logo":{"@type":"ImageObject","inLanguage":"pt-BR","@id":"https:\/\/www.notibras.com\/site\/#\/schema\/logo\/image\/","url":"https:\/\/www.notibras.com\/site\/wp-content\/uploads\/2023\/01\/notibras23.png","contentUrl":"https:\/\/www.notibras.com\/site\/wp-content\/uploads\/2023\/01\/notibras23.png","width":350,"height":87,"caption":"Grupo Notibras de Comunica\u00e7\u00e3o"},"image":{"@id":"https:\/\/www.notibras.com\/site\/#\/schema\/logo\/image\/"},"sameAs":["https:\/\/www.facebook.com\/notibras\/","https:\/\/x.com\/Notibras","https:\/\/www.instagram.com\/notibras\/"]},{"@type":"Person","@id":"https:\/\/www.notibras.com\/site\/#\/schema\/person\/36ab0979449956132d3e5b517ea76ac8","name":"Reda\u00e7\u00e3o","image":{"@type":"ImageObject","inLanguage":"pt-BR","@id":"https:\/\/secure.gravatar.com\/avatar\/e0a867bdedb85fd243eadf09663511f96fc81e0720a4a42581f334ad4303aa6b?s=96&d=mm&r=g","url":"https:\/\/secure.gravatar.com\/avatar\/e0a867bdedb85fd243eadf09663511f96fc81e0720a4a42581f334ad4303aa6b?s=96&d=mm&r=g","contentUrl":"https:\/\/secure.gravatar.com\/avatar\/e0a867bdedb85fd243eadf09663511f96fc81e0720a4a42581f334ad4303aa6b?s=96&d=mm&r=g","caption":"Reda\u00e7\u00e3o"}}]}},"amp_enabled":true,"_links":{"self":[{"href":"https:\/\/www.notibras.com\/site\/wp-json\/wp\/v2\/posts\/110377","targetHints":{"allow":["GET"]}}],"collection":[{"href":"https:\/\/www.notibras.com\/site\/wp-json\/wp\/v2\/posts"}],"about":[{"href":"https:\/\/www.notibras.com\/site\/wp-json\/wp\/v2\/types\/post"}],"author":[{"embeddable":true,"href":"https:\/\/www.notibras.com\/site\/wp-json\/wp\/v2\/users\/2"}],"replies":[{"embeddable":true,"href":"https:\/\/www.notibras.com\/site\/wp-json\/wp\/v2\/comments?post=110377"}],"version-history":[{"count":1,"href":"https:\/\/www.notibras.com\/site\/wp-json\/wp\/v2\/posts\/110377\/revisions"}],"predecessor-version":[{"id":110379,"href":"https:\/\/www.notibras.com\/site\/wp-json\/wp\/v2\/posts\/110377\/revisions\/110379"}],"wp:featuredmedia":[{"embeddable":true,"href":"https:\/\/www.notibras.com\/site\/wp-json\/wp\/v2\/media\/110378"}],"wp:attachment":[{"href":"https:\/\/www.notibras.com\/site\/wp-json\/wp\/v2\/media?parent=110377"}],"wp:term":[{"taxonomy":"category","embeddable":true,"href":"https:\/\/www.notibras.com\/site\/wp-json\/wp\/v2\/categories?post=110377"},{"taxonomy":"post_tag","embeddable":true,"href":"https:\/\/www.notibras.com\/site\/wp-json\/wp\/v2\/tags?post=110377"}],"curies":[{"name":"wp","href":"https:\/\/api.w.org\/{rel}","templated":true}]}}