{"id":110531,"date":"2016-08-03T05:23:47","date_gmt":"2016-08-03T08:23:47","guid":{"rendered":"http:\/\/www.notibras.com\/site\/?p=110531"},"modified":"2016-08-03T05:23:47","modified_gmt":"2016-08-03T08:23:47","slug":"moradores-de-favelas-se-sentem-acuados-e-temem-que-legado-da-rio-16-enterre-upps","status":"publish","type":"post","link":"https:\/\/www.notibras.com\/site\/moradores-de-favelas-se-sentem-acuados-e-temem-que-legado-da-rio-16-enterre-upps\/","title":{"rendered":"Moradores de favelas se sentem acuados e temem que legado da Rio-16 enterre UPPs"},"content":{"rendered":"<p><strong>M\u00e1rcio Grij\u00f3 Vilarouca<\/strong><\/p>\n<p>H\u00e1 algum tempo, apresentei os dados de uma pesquisa, realizada por uma parceria entre a FGV e a UFMG, cujo objetivo era retratar a opini\u00e3o dos moradores de 20 favelas cariocas sobre as UPPs (Unidades de Pol\u00edcia Pacificadora). Com certa surpresa, me deparei com a insist\u00eancia de pessoas \u2013al\u00e9m dos pr\u00f3prios jornalistas\u2013 que me escreviam com a seguinte indaga\u00e7\u00e3o: afinal, qual \u00e9 a sua posi\u00e7\u00e3o sobre as UPPs? Tentarei explicitar a minha posi\u00e7\u00e3o justificando-a a partir do que foi vocalizado pelos moradores.<\/p>\n<p>Iniciamos a pesquisa com um question\u00e1rio de m\u00faltipla escolha no qual, entre outras coisas, ped\u00edamos aos moradores para avaliarem as UPPs e a provis\u00e3o de servi\u00e7os p\u00fablicos na favela. Tendo algumas varia\u00e7\u00f5es entre cada local estudado, em m\u00e9dia, a nota conferida pelos moradores para esses dois itens foi baixa \u2013em torno de 5,3.<\/p>\n<p>Ao mesmo tempo, quando indagamos se tal pol\u00edtica de seguran\u00e7a iria continuar, ou n\u00e3o, depois da Olimp\u00edada \u2013dado os rumores sobre sua descontinuidade\u2013, cerca de metade dos moradores afirmou acreditar que a UPP iria acabar.<\/p>\n<p>Em outra etapa da pesquisa, em que realizamos entrevistas, essa mesma parcela de moradores revelava a percep\u00e7\u00e3o de que a pol\u00edtica fora desenhada para atender a um p\u00fablico externo: aos residentes dos bairros do entorno e aos turistas que viriam aos eventos esportivos. Ademais, reiteravam com temor a impress\u00e3o de que, passada a Rio-2016, tudo voltaria a ser como antes \u2013com a aus\u00eancia do Estado, resultando em um cen\u00e1rio de guerra e de arbitrariedades constantes.<\/p>\n<p>Quando olham para seu passado recente, os moradores se queixam da recorrente descontinuidade das pol\u00edticas p\u00fablicas direcionadas \u00e0s favelas. O diagn\u00f3stico negativo \u2013que afeta diretamente seus direitos de cidadania\u2013 implica em um v\u00e1cuo de poder que ora \u00e9 preenchido pela guerra entre traficantes, ora \u00e9 por milicianos, e, de forma err\u00e1tica, tamb\u00e9m por incurs\u00f5es policiais espor\u00e1dicas e violentas. Por sua vez, um dos principais efeitos das UPPs foi justamente a atenua\u00e7\u00e3o do poder paralelo e a inequ\u00edvoca redu\u00e7\u00e3o dos tiroteios e mortes, fato constantemente valorizado pelos moradores.<\/p>\n<p>N\u00e3o obstante, a retomada do territ\u00f3rio foi acompanhada pela promessa de melhora na provis\u00e3o de servi\u00e7os p\u00fablicos, sendo inicialmente vendida aos moradores atrav\u00e9s da marca &#8220;UPP Social&#8221;. Isso gerou um paradoxo no julgamento da efetividade das UPPs, j\u00e1 que a melhora restrita aos indicadores de seguran\u00e7a implicou em moradores interpretando a entrada do Estado como incompleta, afirmando correntemente ou que a UPP era uma maquiagem ou que era uma pol\u00edtica de fachada. Nesse caso, a avalia\u00e7\u00e3o da pol\u00edtica de seguran\u00e7a foi contaminada pela insuficiente entrada de servi\u00e7os p\u00fablicos.<\/p>\n<p>Por\u00e9m, o problema n\u00e3o se resume a isso. Em v\u00e1rias ocasi\u00f5es, h\u00e1 relatos de moradores que buscam as sedes das UPPs ou os policiais comunit\u00e1rios para tratarem de temas como atendimento de sa\u00fade, direito do consumidor ou corte do fornecimento de \u00e1gua. Em outras, os comandantes da UPP organizam reuni\u00f5es nas favelas, cujos moradores participam como atores secund\u00e1rios.<\/p>\n<p>Somado \u00e0 atua\u00e7\u00e3o descentralizada dos comandantes em cada uma das favelas, o t\u00edpico equ\u00edvoco da implementa\u00e7\u00e3o burocr\u00e1tica de pol\u00edticas p\u00fablicas \u2013de n\u00e3o integrar os moradores de forma aut\u00f4noma e participativa na gest\u00e3o de uma pol\u00edcia que se diz de proximidade\u2013 induz \u00e0 reprodu\u00e7\u00e3o do padr\u00e3o anterior de sociabilidade, o que equivale a dizer que a pol\u00edcia \u00e9 o novo dono do territ\u00f3rio. Dito de outra forma, independentemente da queixa, o morador busca a pol\u00edcia, visto que representa a \u00fanica forma institucional pela qual o Estado se faz presente na favela.<\/p>\n<p>Outro problema que afeta a avalia\u00e7\u00e3o das UPPs \u00e9 mais simples, embora n\u00e3o menos relevante. A percep\u00e7\u00e3o de que a UPP vai acabar ap\u00f3s a Olimp\u00edada mais o medo de uma retalia\u00e7\u00e3o futura dos traficantes geram um comportamento de antecipa\u00e7\u00e3o por parte dos moradores, acarretando um distanciamento e recha\u00e7o aos policiais, assim frustrando a l\u00f3gica de proximidade na qual as experi\u00eancias bem-sucedidas de policiamento comunit\u00e1rio se constroem. Exemplo disso s\u00e3o os relatos policiais de que alguns moradores cospem no ch\u00e3o quando passa a ronda ou que se recusam a retribuir cumprimentos.<\/p>\n<p>Na pesquisa de opini\u00e3o, tal comportamento se manifesta de maneira clara: o n\u00edvel de confian\u00e7a nos policiais comunit\u00e1rios despenca quando o morador acredita que a UPP vai acabar. Ou seja, aquele que implementa a pol\u00edtica p\u00fablica na ponta \u2013isto \u00e9, o policial\u2013, \u00e9 afetado pela desconfian\u00e7a dirigida aos pol\u00edticos em geral. E isso n\u00e3o se restringe apenas a eles, por exemplo, o n\u00edvel de (des)confian\u00e7a em policiais das UPPs \u00e9 equivalente ao depositado em associa\u00e7\u00f5es de moradores, em ONGs e em \u00f3rg\u00e3os do Judici\u00e1rio.<\/p>\n<p>Pesando todos esses fatores, quando perguntamos aos que residem em favelas se eles acham que a UPP deve acabar ou continuar ap\u00f3s a Rio-2016, uma maioria gritante deles \u2013superando com folga os dois ter\u00e7os\u2013 reafirmam a necessidade da continuidade.<\/p>\n<p>\u00c9 importante reiterar que os resultados de nossa pesquisa desautorizam o mito de que os moradores apoiam os traficantes. Mesmo quando se queixam da forma como \u00e9 realizada a revista policial, a maioria dos moradores se pronuncia favoravelmente a elas. Dentre as v\u00e1rias evid\u00eancias disso, h\u00e1 a exig\u00eancia de que os policiais sejam mais atuantes atrav\u00e9s de rondas e na repress\u00e3o aos traficantes, muitas vezes com a expectativa de que a pol\u00edcia erradique totalmente a presen\u00e7a de armas e de drogas na favela. E vai mais al\u00e9m: os moradores elogiam o fato de seus filhos n\u00e3o conviverem de forma expl\u00edcita com o modelo de traficante que ostenta poder e armamento pesado.<\/p>\n<p>\u00c9 muito claro que a atual conjuntura e os diversos epis\u00f3dios de viol\u00eancia em \u00e1reas de UPPs t\u00eam feito que a antes considerada &#8220;experi\u00eancia modelo&#8221; passe a ser contestada. Independentemente disso, sustento que, se n\u00f3s defendemos que o direito \u00e0 cidadania em toda a sua extens\u00e3o n\u00e3o seja apenas uma prerrogativa dos moradores do &#8220;asfalto&#8221;, a preocupa\u00e7\u00e3o com a soberania estatal na favela \u00e9 leg\u00edtima e indispens\u00e1vel.<\/p>\n<p>De qualquer forma, se o progn\u00f3stico de um dos entrevistados estiver correto \u2013de que ap\u00f3s a Olimp\u00edada &#8220;o Rio de Janeiro vai virar uma guerra&#8221;\u2013, se tornar\u00e1 obsoleta a dicotomia da cidade partida, j\u00e1 que ser\u00e1 produzida a evid\u00eancia inequ\u00edvoca de que a pol\u00edtica de seguran\u00e7a n\u00e3o foi sustentada com vistas ao interesse dos que moram em favelas ou dos seus concidad\u00e3os, mas que, simplesmente, tiveram serventia aos turistas e aos interesses comerciais e imobili\u00e1rios cobertos pelos grandes eventos.<\/p>\n","protected":false},"excerpt":{"rendered":"<p>M\u00e1rcio Grij\u00f3 Vilarouca H\u00e1 algum tempo, apresentei os dados de uma pesquisa, realizada por uma parceria entre a FGV e a UFMG, cujo objetivo era retratar a opini\u00e3o dos moradores de 20 favelas cariocas sobre as UPPs (Unidades de Pol\u00edcia Pacificadora). Com certa surpresa, me deparei com a insist\u00eancia de pessoas \u2013al\u00e9m dos pr\u00f3prios jornalistas\u2013 [&hellip;]<\/p>\n","protected":false},"author":2,"featured_media":110532,"comment_status":"open","ping_status":"closed","sticky":false,"template":"","format":"standard","meta":{"_acf_changed":false,"footnotes":""},"categories":[25],"tags":[],"class_list":["post-110531","post","type-post","status-publish","format-standard","has-post-thumbnail","hentry","category-opina-ai"],"acf":[],"yoast_head":"<!-- This site is optimized with the Yoast SEO plugin v27.5 - https:\/\/yoast.com\/product\/yoast-seo-wordpress\/ -->\n<title>Moradores de favelas se sentem acuados e temem que legado da Rio-16 enterre UPPs - Notibras<\/title>\n<meta name=\"robots\" content=\"index, follow, max-snippet:-1, max-image-preview:large, max-video-preview:-1\" \/>\n<link rel=\"canonical\" href=\"https:\/\/www.notibras.com\/site\/moradores-de-favelas-se-sentem-acuados-e-temem-que-legado-da-rio-16-enterre-upps\/\" \/>\n<meta property=\"og:locale\" content=\"pt_BR\" \/>\n<meta property=\"og:type\" content=\"article\" \/>\n<meta property=\"og:title\" content=\"Moradores de favelas se sentem acuados e temem que legado da Rio-16 enterre UPPs - Notibras\" \/>\n<meta property=\"og:description\" content=\"M\u00e1rcio Grij\u00f3 Vilarouca H\u00e1 algum tempo, apresentei os dados de uma pesquisa, realizada por uma parceria entre a FGV e a UFMG, cujo objetivo era retratar a opini\u00e3o dos moradores de 20 favelas cariocas sobre as UPPs (Unidades de Pol\u00edcia Pacificadora). Com certa surpresa, me deparei com a insist\u00eancia de pessoas \u2013al\u00e9m dos pr\u00f3prios jornalistas\u2013 [&hellip;]\" \/>\n<meta property=\"og:url\" content=\"https:\/\/www.notibras.com\/site\/moradores-de-favelas-se-sentem-acuados-e-temem-que-legado-da-rio-16-enterre-upps\/\" \/>\n<meta property=\"og:site_name\" content=\"Notibras\" \/>\n<meta property=\"article:publisher\" content=\"https:\/\/www.facebook.com\/notibras\/\" \/>\n<meta property=\"article:published_time\" content=\"2016-08-03T08:23:47+00:00\" \/>\n<meta property=\"og:image\" content=\"https:\/\/www.notibras.com\/site\/wp-content\/uploads\/2016\/08\/140923034104.jpg\" \/>\n\t<meta property=\"og:image:width\" content=\"2464\" \/>\n\t<meta property=\"og:image:height\" content=\"1648\" \/>\n\t<meta property=\"og:image:type\" content=\"image\/jpeg\" \/>\n<meta name=\"author\" content=\"Reda\u00e7\u00e3o\" \/>\n<meta name=\"twitter:card\" content=\"summary_large_image\" \/>\n<meta name=\"twitter:creator\" content=\"@Notibras\" \/>\n<meta name=\"twitter:site\" content=\"@Notibras\" \/>\n<meta name=\"twitter:label1\" content=\"Escrito por\" \/>\n\t<meta name=\"twitter:data1\" content=\"Reda\u00e7\u00e3o\" \/>\n\t<meta name=\"twitter:label2\" content=\"Est. tempo de leitura\" \/>\n\t<meta name=\"twitter:data2\" content=\"6 minutos\" \/>\n<script type=\"application\/ld+json\" class=\"yoast-schema-graph\">{\"@context\":\"https:\\\/\\\/schema.org\",\"@graph\":[{\"@type\":\"Article\",\"@id\":\"https:\\\/\\\/www.notibras.com\\\/site\\\/moradores-de-favelas-se-sentem-acuados-e-temem-que-legado-da-rio-16-enterre-upps\\\/#article\",\"isPartOf\":{\"@id\":\"https:\\\/\\\/www.notibras.com\\\/site\\\/moradores-de-favelas-se-sentem-acuados-e-temem-que-legado-da-rio-16-enterre-upps\\\/\"},\"author\":{\"name\":\"Reda\u00e7\u00e3o\",\"@id\":\"https:\\\/\\\/www.notibras.com\\\/site\\\/#\\\/schema\\\/person\\\/36ab0979449956132d3e5b517ea76ac8\"},\"headline\":\"Moradores de favelas se sentem acuados e temem que legado da Rio-16 enterre UPPs\",\"datePublished\":\"2016-08-03T08:23:47+00:00\",\"mainEntityOfPage\":{\"@id\":\"https:\\\/\\\/www.notibras.com\\\/site\\\/moradores-de-favelas-se-sentem-acuados-e-temem-que-legado-da-rio-16-enterre-upps\\\/\"},\"wordCount\":1174,\"commentCount\":0,\"publisher\":{\"@id\":\"https:\\\/\\\/www.notibras.com\\\/site\\\/#organization\"},\"image\":{\"@id\":\"https:\\\/\\\/www.notibras.com\\\/site\\\/moradores-de-favelas-se-sentem-acuados-e-temem-que-legado-da-rio-16-enterre-upps\\\/#primaryimage\"},\"thumbnailUrl\":\"https:\\\/\\\/www.notibras.com\\\/site\\\/wp-content\\\/uploads\\\/2016\\\/08\\\/140923034104.jpg\",\"articleSection\":[\"Opina a\u00ed\"],\"inLanguage\":\"pt-BR\",\"potentialAction\":[{\"@type\":\"CommentAction\",\"name\":\"Comment\",\"target\":[\"https:\\\/\\\/www.notibras.com\\\/site\\\/moradores-de-favelas-se-sentem-acuados-e-temem-que-legado-da-rio-16-enterre-upps\\\/#respond\"]}]},{\"@type\":\"WebPage\",\"@id\":\"https:\\\/\\\/www.notibras.com\\\/site\\\/moradores-de-favelas-se-sentem-acuados-e-temem-que-legado-da-rio-16-enterre-upps\\\/\",\"url\":\"https:\\\/\\\/www.notibras.com\\\/site\\\/moradores-de-favelas-se-sentem-acuados-e-temem-que-legado-da-rio-16-enterre-upps\\\/\",\"name\":\"Moradores de favelas se sentem acuados e temem que legado da Rio-16 enterre UPPs - Notibras\",\"isPartOf\":{\"@id\":\"https:\\\/\\\/www.notibras.com\\\/site\\\/#website\"},\"primaryImageOfPage\":{\"@id\":\"https:\\\/\\\/www.notibras.com\\\/site\\\/moradores-de-favelas-se-sentem-acuados-e-temem-que-legado-da-rio-16-enterre-upps\\\/#primaryimage\"},\"image\":{\"@id\":\"https:\\\/\\\/www.notibras.com\\\/site\\\/moradores-de-favelas-se-sentem-acuados-e-temem-que-legado-da-rio-16-enterre-upps\\\/#primaryimage\"},\"thumbnailUrl\":\"https:\\\/\\\/www.notibras.com\\\/site\\\/wp-content\\\/uploads\\\/2016\\\/08\\\/140923034104.jpg\",\"datePublished\":\"2016-08-03T08:23:47+00:00\",\"breadcrumb\":{\"@id\":\"https:\\\/\\\/www.notibras.com\\\/site\\\/moradores-de-favelas-se-sentem-acuados-e-temem-que-legado-da-rio-16-enterre-upps\\\/#breadcrumb\"},\"inLanguage\":\"pt-BR\",\"potentialAction\":[{\"@type\":\"ReadAction\",\"target\":[\"https:\\\/\\\/www.notibras.com\\\/site\\\/moradores-de-favelas-se-sentem-acuados-e-temem-que-legado-da-rio-16-enterre-upps\\\/\"]}]},{\"@type\":\"ImageObject\",\"inLanguage\":\"pt-BR\",\"@id\":\"https:\\\/\\\/www.notibras.com\\\/site\\\/moradores-de-favelas-se-sentem-acuados-e-temem-que-legado-da-rio-16-enterre-upps\\\/#primaryimage\",\"url\":\"https:\\\/\\\/www.notibras.com\\\/site\\\/wp-content\\\/uploads\\\/2016\\\/08\\\/140923034104.jpg\",\"contentUrl\":\"https:\\\/\\\/www.notibras.com\\\/site\\\/wp-content\\\/uploads\\\/2016\\\/08\\\/140923034104.jpg\",\"width\":2464,\"height\":1648},{\"@type\":\"BreadcrumbList\",\"@id\":\"https:\\\/\\\/www.notibras.com\\\/site\\\/moradores-de-favelas-se-sentem-acuados-e-temem-que-legado-da-rio-16-enterre-upps\\\/#breadcrumb\",\"itemListElement\":[{\"@type\":\"ListItem\",\"position\":1,\"name\":\"In\u00edcio\",\"item\":\"https:\\\/\\\/www.notibras.com\\\/site\\\/\"},{\"@type\":\"ListItem\",\"position\":2,\"name\":\"Moradores de favelas se sentem acuados e temem que legado da Rio-16 enterre UPPs\"}]},{\"@type\":\"WebSite\",\"@id\":\"https:\\\/\\\/www.notibras.com\\\/site\\\/#website\",\"url\":\"https:\\\/\\\/www.notibras.com\\\/site\\\/\",\"name\":\"Notibras\",\"description\":\"Not\u00edcias de Bras\u00edlia, do Brasil e do Mundo\",\"publisher\":{\"@id\":\"https:\\\/\\\/www.notibras.com\\\/site\\\/#organization\"},\"potentialAction\":[{\"@type\":\"SearchAction\",\"target\":{\"@type\":\"EntryPoint\",\"urlTemplate\":\"https:\\\/\\\/www.notibras.com\\\/site\\\/?s={search_term_string}\"},\"query-input\":{\"@type\":\"PropertyValueSpecification\",\"valueRequired\":true,\"valueName\":\"search_term_string\"}}],\"inLanguage\":\"pt-BR\"},{\"@type\":\"Organization\",\"@id\":\"https:\\\/\\\/www.notibras.com\\\/site\\\/#organization\",\"name\":\"Grupo Notibras de Comunica\u00e7\u00e3o\",\"url\":\"https:\\\/\\\/www.notibras.com\\\/site\\\/\",\"logo\":{\"@type\":\"ImageObject\",\"inLanguage\":\"pt-BR\",\"@id\":\"https:\\\/\\\/www.notibras.com\\\/site\\\/#\\\/schema\\\/logo\\\/image\\\/\",\"url\":\"https:\\\/\\\/www.notibras.com\\\/site\\\/wp-content\\\/uploads\\\/2023\\\/01\\\/notibras23.png\",\"contentUrl\":\"https:\\\/\\\/www.notibras.com\\\/site\\\/wp-content\\\/uploads\\\/2023\\\/01\\\/notibras23.png\",\"width\":350,\"height\":87,\"caption\":\"Grupo Notibras de Comunica\u00e7\u00e3o\"},\"image\":{\"@id\":\"https:\\\/\\\/www.notibras.com\\\/site\\\/#\\\/schema\\\/logo\\\/image\\\/\"},\"sameAs\":[\"https:\\\/\\\/www.facebook.com\\\/notibras\\\/\",\"https:\\\/\\\/x.com\\\/Notibras\",\"https:\\\/\\\/www.instagram.com\\\/notibras\\\/\"]},{\"@type\":\"Person\",\"@id\":\"https:\\\/\\\/www.notibras.com\\\/site\\\/#\\\/schema\\\/person\\\/36ab0979449956132d3e5b517ea76ac8\",\"name\":\"Reda\u00e7\u00e3o\",\"image\":{\"@type\":\"ImageObject\",\"inLanguage\":\"pt-BR\",\"@id\":\"https:\\\/\\\/secure.gravatar.com\\\/avatar\\\/e0a867bdedb85fd243eadf09663511f96fc81e0720a4a42581f334ad4303aa6b?s=96&d=mm&r=g\",\"url\":\"https:\\\/\\\/secure.gravatar.com\\\/avatar\\\/e0a867bdedb85fd243eadf09663511f96fc81e0720a4a42581f334ad4303aa6b?s=96&d=mm&r=g\",\"contentUrl\":\"https:\\\/\\\/secure.gravatar.com\\\/avatar\\\/e0a867bdedb85fd243eadf09663511f96fc81e0720a4a42581f334ad4303aa6b?s=96&d=mm&r=g\",\"caption\":\"Reda\u00e7\u00e3o\"}}]}<\/script>\n<!-- \/ Yoast SEO plugin. -->","yoast_head_json":{"title":"Moradores de favelas se sentem acuados e temem que legado da Rio-16 enterre UPPs - Notibras","robots":{"index":"index","follow":"follow","max-snippet":"max-snippet:-1","max-image-preview":"max-image-preview:large","max-video-preview":"max-video-preview:-1"},"canonical":"https:\/\/www.notibras.com\/site\/moradores-de-favelas-se-sentem-acuados-e-temem-que-legado-da-rio-16-enterre-upps\/","og_locale":"pt_BR","og_type":"article","og_title":"Moradores de favelas se sentem acuados e temem que legado da Rio-16 enterre UPPs - Notibras","og_description":"M\u00e1rcio Grij\u00f3 Vilarouca H\u00e1 algum tempo, apresentei os dados de uma pesquisa, realizada por uma parceria entre a FGV e a UFMG, cujo objetivo era retratar a opini\u00e3o dos moradores de 20 favelas cariocas sobre as UPPs (Unidades de Pol\u00edcia Pacificadora). Com certa surpresa, me deparei com a insist\u00eancia de pessoas \u2013al\u00e9m dos pr\u00f3prios jornalistas\u2013 [&hellip;]","og_url":"https:\/\/www.notibras.com\/site\/moradores-de-favelas-se-sentem-acuados-e-temem-que-legado-da-rio-16-enterre-upps\/","og_site_name":"Notibras","article_publisher":"https:\/\/www.facebook.com\/notibras\/","article_published_time":"2016-08-03T08:23:47+00:00","og_image":[{"width":2464,"height":1648,"url":"https:\/\/www.notibras.com\/site\/wp-content\/uploads\/2016\/08\/140923034104.jpg","type":"image\/jpeg"}],"author":"Reda\u00e7\u00e3o","twitter_card":"summary_large_image","twitter_creator":"@Notibras","twitter_site":"@Notibras","twitter_misc":{"Escrito por":"Reda\u00e7\u00e3o","Est. tempo de leitura":"6 minutos"},"schema":{"@context":"https:\/\/schema.org","@graph":[{"@type":"Article","@id":"https:\/\/www.notibras.com\/site\/moradores-de-favelas-se-sentem-acuados-e-temem-que-legado-da-rio-16-enterre-upps\/#article","isPartOf":{"@id":"https:\/\/www.notibras.com\/site\/moradores-de-favelas-se-sentem-acuados-e-temem-que-legado-da-rio-16-enterre-upps\/"},"author":{"name":"Reda\u00e7\u00e3o","@id":"https:\/\/www.notibras.com\/site\/#\/schema\/person\/36ab0979449956132d3e5b517ea76ac8"},"headline":"Moradores de favelas se sentem acuados e temem que legado da Rio-16 enterre UPPs","datePublished":"2016-08-03T08:23:47+00:00","mainEntityOfPage":{"@id":"https:\/\/www.notibras.com\/site\/moradores-de-favelas-se-sentem-acuados-e-temem-que-legado-da-rio-16-enterre-upps\/"},"wordCount":1174,"commentCount":0,"publisher":{"@id":"https:\/\/www.notibras.com\/site\/#organization"},"image":{"@id":"https:\/\/www.notibras.com\/site\/moradores-de-favelas-se-sentem-acuados-e-temem-que-legado-da-rio-16-enterre-upps\/#primaryimage"},"thumbnailUrl":"https:\/\/www.notibras.com\/site\/wp-content\/uploads\/2016\/08\/140923034104.jpg","articleSection":["Opina a\u00ed"],"inLanguage":"pt-BR","potentialAction":[{"@type":"CommentAction","name":"Comment","target":["https:\/\/www.notibras.com\/site\/moradores-de-favelas-se-sentem-acuados-e-temem-que-legado-da-rio-16-enterre-upps\/#respond"]}]},{"@type":"WebPage","@id":"https:\/\/www.notibras.com\/site\/moradores-de-favelas-se-sentem-acuados-e-temem-que-legado-da-rio-16-enterre-upps\/","url":"https:\/\/www.notibras.com\/site\/moradores-de-favelas-se-sentem-acuados-e-temem-que-legado-da-rio-16-enterre-upps\/","name":"Moradores de favelas se sentem acuados e temem que legado da Rio-16 enterre UPPs - Notibras","isPartOf":{"@id":"https:\/\/www.notibras.com\/site\/#website"},"primaryImageOfPage":{"@id":"https:\/\/www.notibras.com\/site\/moradores-de-favelas-se-sentem-acuados-e-temem-que-legado-da-rio-16-enterre-upps\/#primaryimage"},"image":{"@id":"https:\/\/www.notibras.com\/site\/moradores-de-favelas-se-sentem-acuados-e-temem-que-legado-da-rio-16-enterre-upps\/#primaryimage"},"thumbnailUrl":"https:\/\/www.notibras.com\/site\/wp-content\/uploads\/2016\/08\/140923034104.jpg","datePublished":"2016-08-03T08:23:47+00:00","breadcrumb":{"@id":"https:\/\/www.notibras.com\/site\/moradores-de-favelas-se-sentem-acuados-e-temem-que-legado-da-rio-16-enterre-upps\/#breadcrumb"},"inLanguage":"pt-BR","potentialAction":[{"@type":"ReadAction","target":["https:\/\/www.notibras.com\/site\/moradores-de-favelas-se-sentem-acuados-e-temem-que-legado-da-rio-16-enterre-upps\/"]}]},{"@type":"ImageObject","inLanguage":"pt-BR","@id":"https:\/\/www.notibras.com\/site\/moradores-de-favelas-se-sentem-acuados-e-temem-que-legado-da-rio-16-enterre-upps\/#primaryimage","url":"https:\/\/www.notibras.com\/site\/wp-content\/uploads\/2016\/08\/140923034104.jpg","contentUrl":"https:\/\/www.notibras.com\/site\/wp-content\/uploads\/2016\/08\/140923034104.jpg","width":2464,"height":1648},{"@type":"BreadcrumbList","@id":"https:\/\/www.notibras.com\/site\/moradores-de-favelas-se-sentem-acuados-e-temem-que-legado-da-rio-16-enterre-upps\/#breadcrumb","itemListElement":[{"@type":"ListItem","position":1,"name":"In\u00edcio","item":"https:\/\/www.notibras.com\/site\/"},{"@type":"ListItem","position":2,"name":"Moradores de favelas se sentem acuados e temem que legado da Rio-16 enterre UPPs"}]},{"@type":"WebSite","@id":"https:\/\/www.notibras.com\/site\/#website","url":"https:\/\/www.notibras.com\/site\/","name":"Notibras","description":"Not\u00edcias de Bras\u00edlia, do Brasil e do Mundo","publisher":{"@id":"https:\/\/www.notibras.com\/site\/#organization"},"potentialAction":[{"@type":"SearchAction","target":{"@type":"EntryPoint","urlTemplate":"https:\/\/www.notibras.com\/site\/?s={search_term_string}"},"query-input":{"@type":"PropertyValueSpecification","valueRequired":true,"valueName":"search_term_string"}}],"inLanguage":"pt-BR"},{"@type":"Organization","@id":"https:\/\/www.notibras.com\/site\/#organization","name":"Grupo Notibras de Comunica\u00e7\u00e3o","url":"https:\/\/www.notibras.com\/site\/","logo":{"@type":"ImageObject","inLanguage":"pt-BR","@id":"https:\/\/www.notibras.com\/site\/#\/schema\/logo\/image\/","url":"https:\/\/www.notibras.com\/site\/wp-content\/uploads\/2023\/01\/notibras23.png","contentUrl":"https:\/\/www.notibras.com\/site\/wp-content\/uploads\/2023\/01\/notibras23.png","width":350,"height":87,"caption":"Grupo Notibras de Comunica\u00e7\u00e3o"},"image":{"@id":"https:\/\/www.notibras.com\/site\/#\/schema\/logo\/image\/"},"sameAs":["https:\/\/www.facebook.com\/notibras\/","https:\/\/x.com\/Notibras","https:\/\/www.instagram.com\/notibras\/"]},{"@type":"Person","@id":"https:\/\/www.notibras.com\/site\/#\/schema\/person\/36ab0979449956132d3e5b517ea76ac8","name":"Reda\u00e7\u00e3o","image":{"@type":"ImageObject","inLanguage":"pt-BR","@id":"https:\/\/secure.gravatar.com\/avatar\/e0a867bdedb85fd243eadf09663511f96fc81e0720a4a42581f334ad4303aa6b?s=96&d=mm&r=g","url":"https:\/\/secure.gravatar.com\/avatar\/e0a867bdedb85fd243eadf09663511f96fc81e0720a4a42581f334ad4303aa6b?s=96&d=mm&r=g","contentUrl":"https:\/\/secure.gravatar.com\/avatar\/e0a867bdedb85fd243eadf09663511f96fc81e0720a4a42581f334ad4303aa6b?s=96&d=mm&r=g","caption":"Reda\u00e7\u00e3o"}}]}},"amp_enabled":true,"_links":{"self":[{"href":"https:\/\/www.notibras.com\/site\/wp-json\/wp\/v2\/posts\/110531","targetHints":{"allow":["GET"]}}],"collection":[{"href":"https:\/\/www.notibras.com\/site\/wp-json\/wp\/v2\/posts"}],"about":[{"href":"https:\/\/www.notibras.com\/site\/wp-json\/wp\/v2\/types\/post"}],"author":[{"embeddable":true,"href":"https:\/\/www.notibras.com\/site\/wp-json\/wp\/v2\/users\/2"}],"replies":[{"embeddable":true,"href":"https:\/\/www.notibras.com\/site\/wp-json\/wp\/v2\/comments?post=110531"}],"version-history":[{"count":1,"href":"https:\/\/www.notibras.com\/site\/wp-json\/wp\/v2\/posts\/110531\/revisions"}],"predecessor-version":[{"id":110533,"href":"https:\/\/www.notibras.com\/site\/wp-json\/wp\/v2\/posts\/110531\/revisions\/110533"}],"wp:featuredmedia":[{"embeddable":true,"href":"https:\/\/www.notibras.com\/site\/wp-json\/wp\/v2\/media\/110532"}],"wp:attachment":[{"href":"https:\/\/www.notibras.com\/site\/wp-json\/wp\/v2\/media?parent=110531"}],"wp:term":[{"taxonomy":"category","embeddable":true,"href":"https:\/\/www.notibras.com\/site\/wp-json\/wp\/v2\/categories?post=110531"},{"taxonomy":"post_tag","embeddable":true,"href":"https:\/\/www.notibras.com\/site\/wp-json\/wp\/v2\/tags?post=110531"}],"curies":[{"name":"wp","href":"https:\/\/api.w.org\/{rel}","templated":true}]}}