{"id":11070,"date":"2014-05-26T21:55:46","date_gmt":"2014-05-27T00:55:46","guid":{"rendered":"http:\/\/www.notibras.com\/site\/?p=11070"},"modified":"2014-05-26T21:56:42","modified_gmt":"2014-05-27T00:56:42","slug":"facilidade-da-internet-e-desinformacao-vao-tornar-debates-rasos","status":"publish","type":"post","link":"https:\/\/www.notibras.com\/site\/facilidade-da-internet-e-desinformacao-vao-tornar-debates-rasos\/","title":{"rendered":"Facilidade da Internet e falta de informa\u00e7\u00e3o tornar\u00e3o debates rasos"},"content":{"rendered":"<p>O deputado federal Osmar Terra, do PMDB ga\u00facho, escreveu artigo no qual exp\u00f5e seus argumentos contra a libera\u00e7\u00e3o das drogas, afirmando que esse n\u00e3o deve ser o caminho para a diminui\u00e7\u00e3o da viol\u00eancia.<\/p>\n<p>No artigo, o deputado exp\u00f5e a sua experi\u00eancia como m\u00e9dico e secret\u00e1rio da sa\u00fade de seu Estado no tratamento de dependentes qu\u00edmicos, evidenciando como seria fracassada a tentativa de libera\u00e7\u00e3o das drogas no combate \u00e0 viol\u00eancia, trazendo algumas refer\u00eancias de estudos recentes. Mais que depressa uma enxurrada de coment\u00e1rios foram gerados, sendo em sua ampla maioria contra o posicionamento do deputado.<\/p>\n<p>Um dos fatores em comum nos coment\u00e1rios foi a afirma\u00e7\u00e3o de que o deputado era ignorante ao n\u00e3o buscar orienta\u00e7\u00e3o sobre dados favor\u00e1veis a libera\u00e7\u00e3o das drogas, outros menos educados apenas achincalhavam o artigo por ser publicado por um deputado e, necessariamente, ser digno de desprezo apenas por esse motivo.<\/p>\n<p>O que impressiona, por\u00e9m, \u00e9 a dificuldade entre os leitores do artigo de argumentar com o m\u00ednimo de razoabilidade, pois estes recorrem a frases de efeito e n\u00e3o apresentam base l\u00f3gica na argumenta\u00e7\u00e3o.<\/p>\n<p>Esse cen\u00e1rio \u00e9 fruto do n\u00edvel intelectual da maioria da popula\u00e7\u00e3o e de um problema profundo enfrentado pelo Brasil, uma vez que aqueles que realmente buscam o conhecimento e tentam tornar-se menos ignorantes s\u00e3o tratados com indiferen\u00e7a e desprezo, enquanto os que fazem o contr\u00e1rio s\u00e3o enaltecidos e incentivados a continuar ignorantes.<\/p>\n<p>Neste ponto a internet tem uma import\u00e2ncia consider\u00e1vel, pois, ao mesmo tempo que amplia os horizontes do conhecimento, amplia tamb\u00e9m a falta de conhecimento.<\/p>\n<p>Num debate l\u00f3gico, aqueles que n\u00e3o concordam com determinada afirma\u00e7\u00e3o devem trazer argumentos sustent\u00e1veis que favore\u00e7am o contradit\u00f3rio. Por\u00e9m, pela facilidade que a internet oferece, a maioria se contenta apenas com algumas poucas refer\u00eancias de fontes altamente sugestion\u00e1veis \u00e0s mais diversas causas, causando assim uma falsa sensa\u00e7\u00e3o de que todos est\u00e3o com a verdade, sendo que o que realmente acontece \u00e9 a falta de interesse no aprofundamento do debate.<\/p>\n<p>Podemos elogiar o site UOL por trazer uma opini\u00e3o contr\u00e1ria a esse assunto t\u00e3o controverso que \u00e9 a libera\u00e7\u00e3o das drogas, antes representado por outro deputado, Jean Wyllys, do PSOL-RJ, que exp\u00f4s seus argumentos a favor. Esse deve ser o papel da imprensa em ter a imparcialidade para que exista o contradit\u00f3rio, ainda que acredite em determinadas causas.<\/p>\n<p>Para o leitor comum, por\u00e9m, \u00e9 necess\u00e1rio um pouco mais de determina\u00e7\u00e3o, para que, com o debate colocado, busque por si o conhecimento e an\u00e1lise cr\u00edtica, sem esbarrar nas facilidades e futilidades que a internet oferece. Basta analisar a evolu\u00e7\u00e3o da humanidade para vermos que, quanto mais conhecimento, mas desenvolvida se torna uma na\u00e7\u00e3o. Esperemos que o Brasil aprenda essa li\u00e7\u00e3o.<\/p>\n<p><strong>Marcos dos Santos Farias <\/strong><\/p>\n","protected":false},"excerpt":{"rendered":"<p>O deputado federal Osmar Terra, do PMDB ga\u00facho, escreveu artigo no qual exp\u00f5e seus argumentos contra a libera\u00e7\u00e3o das drogas, afirmando que esse n\u00e3o deve ser o caminho para a diminui\u00e7\u00e3o da viol\u00eancia. No artigo, o deputado exp\u00f5e a sua experi\u00eancia como m\u00e9dico e secret\u00e1rio da sa\u00fade de seu Estado no tratamento de dependentes qu\u00edmicos, [&hellip;]<\/p>\n","protected":false},"author":2,"featured_media":11071,"comment_status":"open","ping_status":"closed","sticky":false,"template":"","format":"standard","meta":{"_acf_changed":false,"footnotes":""},"categories":[25],"tags":[],"class_list":["post-11070","post","type-post","status-publish","format-standard","has-post-thumbnail","hentry","category-opina-ai"],"acf":[],"yoast_head":"<!-- This site is optimized with the Yoast SEO plugin v27.5 - https:\/\/yoast.com\/product\/yoast-seo-wordpress\/ -->\n<title>Facilidade da Internet e falta de informa\u00e7\u00e3o tornar\u00e3o debates rasos - Notibras<\/title>\n<meta name=\"robots\" content=\"index, follow, max-snippet:-1, max-image-preview:large, max-video-preview:-1\" \/>\n<link rel=\"canonical\" href=\"https:\/\/www.notibras.com\/site\/facilidade-da-internet-e-desinformacao-vao-tornar-debates-rasos\/\" \/>\n<meta property=\"og:locale\" content=\"pt_BR\" \/>\n<meta property=\"og:type\" content=\"article\" \/>\n<meta property=\"og:title\" content=\"Facilidade da Internet e falta de informa\u00e7\u00e3o tornar\u00e3o debates rasos - Notibras\" \/>\n<meta property=\"og:description\" content=\"O deputado federal Osmar Terra, do PMDB ga\u00facho, escreveu artigo no qual exp\u00f5e seus argumentos contra a libera\u00e7\u00e3o das drogas, afirmando que esse n\u00e3o deve ser o caminho para a diminui\u00e7\u00e3o da viol\u00eancia. No artigo, o deputado exp\u00f5e a sua experi\u00eancia como m\u00e9dico e secret\u00e1rio da sa\u00fade de seu Estado no tratamento de dependentes qu\u00edmicos, [&hellip;]\" \/>\n<meta property=\"og:url\" content=\"https:\/\/www.notibras.com\/site\/facilidade-da-internet-e-desinformacao-vao-tornar-debates-rasos\/\" \/>\n<meta property=\"og:site_name\" content=\"Notibras\" \/>\n<meta property=\"article:publisher\" content=\"https:\/\/www.facebook.com\/notibras\/\" \/>\n<meta property=\"article:published_time\" content=\"2014-05-27T00:55:46+00:00\" \/>\n<meta property=\"article:modified_time\" content=\"2014-05-27T00:56:42+00:00\" \/>\n<meta property=\"og:image\" content=\"https:\/\/www.notibras.com\/site\/wp-content\/uploads\/2014\/05\/Internet.jpg\" \/>\n\t<meta property=\"og:image:width\" content=\"600\" \/>\n\t<meta property=\"og:image:height\" content=\"347\" \/>\n\t<meta property=\"og:image:type\" content=\"image\/jpeg\" \/>\n<meta name=\"author\" content=\"Reda\u00e7\u00e3o\" \/>\n<meta name=\"twitter:card\" content=\"summary_large_image\" \/>\n<meta name=\"twitter:creator\" content=\"@Notibras\" \/>\n<meta name=\"twitter:site\" content=\"@Notibras\" \/>\n<meta name=\"twitter:label1\" content=\"Escrito por\" \/>\n\t<meta name=\"twitter:data1\" content=\"Reda\u00e7\u00e3o\" \/>\n\t<meta name=\"twitter:label2\" content=\"Est. tempo de leitura\" \/>\n\t<meta name=\"twitter:data2\" content=\"3 minutos\" \/>\n<script type=\"application\/ld+json\" class=\"yoast-schema-graph\">{\"@context\":\"https:\\\/\\\/schema.org\",\"@graph\":[{\"@type\":\"Article\",\"@id\":\"https:\\\/\\\/www.notibras.com\\\/site\\\/facilidade-da-internet-e-desinformacao-vao-tornar-debates-rasos\\\/#article\",\"isPartOf\":{\"@id\":\"https:\\\/\\\/www.notibras.com\\\/site\\\/facilidade-da-internet-e-desinformacao-vao-tornar-debates-rasos\\\/\"},\"author\":{\"name\":\"Reda\u00e7\u00e3o\",\"@id\":\"https:\\\/\\\/www.notibras.com\\\/site\\\/#\\\/schema\\\/person\\\/36ab0979449956132d3e5b517ea76ac8\"},\"headline\":\"Facilidade da Internet e falta de informa\u00e7\u00e3o tornar\u00e3o debates rasos\",\"datePublished\":\"2014-05-27T00:55:46+00:00\",\"dateModified\":\"2014-05-27T00:56:42+00:00\",\"mainEntityOfPage\":{\"@id\":\"https:\\\/\\\/www.notibras.com\\\/site\\\/facilidade-da-internet-e-desinformacao-vao-tornar-debates-rasos\\\/\"},\"wordCount\":513,\"commentCount\":0,\"publisher\":{\"@id\":\"https:\\\/\\\/www.notibras.com\\\/site\\\/#organization\"},\"image\":{\"@id\":\"https:\\\/\\\/www.notibras.com\\\/site\\\/facilidade-da-internet-e-desinformacao-vao-tornar-debates-rasos\\\/#primaryimage\"},\"thumbnailUrl\":\"https:\\\/\\\/www.notibras.com\\\/site\\\/wp-content\\\/uploads\\\/2014\\\/05\\\/Internet.jpg\",\"articleSection\":[\"Opina a\u00ed\"],\"inLanguage\":\"pt-BR\",\"potentialAction\":[{\"@type\":\"CommentAction\",\"name\":\"Comment\",\"target\":[\"https:\\\/\\\/www.notibras.com\\\/site\\\/facilidade-da-internet-e-desinformacao-vao-tornar-debates-rasos\\\/#respond\"]}]},{\"@type\":\"WebPage\",\"@id\":\"https:\\\/\\\/www.notibras.com\\\/site\\\/facilidade-da-internet-e-desinformacao-vao-tornar-debates-rasos\\\/\",\"url\":\"https:\\\/\\\/www.notibras.com\\\/site\\\/facilidade-da-internet-e-desinformacao-vao-tornar-debates-rasos\\\/\",\"name\":\"Facilidade da Internet e falta de informa\u00e7\u00e3o tornar\u00e3o debates rasos - Notibras\",\"isPartOf\":{\"@id\":\"https:\\\/\\\/www.notibras.com\\\/site\\\/#website\"},\"primaryImageOfPage\":{\"@id\":\"https:\\\/\\\/www.notibras.com\\\/site\\\/facilidade-da-internet-e-desinformacao-vao-tornar-debates-rasos\\\/#primaryimage\"},\"image\":{\"@id\":\"https:\\\/\\\/www.notibras.com\\\/site\\\/facilidade-da-internet-e-desinformacao-vao-tornar-debates-rasos\\\/#primaryimage\"},\"thumbnailUrl\":\"https:\\\/\\\/www.notibras.com\\\/site\\\/wp-content\\\/uploads\\\/2014\\\/05\\\/Internet.jpg\",\"datePublished\":\"2014-05-27T00:55:46+00:00\",\"dateModified\":\"2014-05-27T00:56:42+00:00\",\"breadcrumb\":{\"@id\":\"https:\\\/\\\/www.notibras.com\\\/site\\\/facilidade-da-internet-e-desinformacao-vao-tornar-debates-rasos\\\/#breadcrumb\"},\"inLanguage\":\"pt-BR\",\"potentialAction\":[{\"@type\":\"ReadAction\",\"target\":[\"https:\\\/\\\/www.notibras.com\\\/site\\\/facilidade-da-internet-e-desinformacao-vao-tornar-debates-rasos\\\/\"]}]},{\"@type\":\"ImageObject\",\"inLanguage\":\"pt-BR\",\"@id\":\"https:\\\/\\\/www.notibras.com\\\/site\\\/facilidade-da-internet-e-desinformacao-vao-tornar-debates-rasos\\\/#primaryimage\",\"url\":\"https:\\\/\\\/www.notibras.com\\\/site\\\/wp-content\\\/uploads\\\/2014\\\/05\\\/Internet.jpg\",\"contentUrl\":\"https:\\\/\\\/www.notibras.com\\\/site\\\/wp-content\\\/uploads\\\/2014\\\/05\\\/Internet.jpg\",\"width\":600,\"height\":347},{\"@type\":\"BreadcrumbList\",\"@id\":\"https:\\\/\\\/www.notibras.com\\\/site\\\/facilidade-da-internet-e-desinformacao-vao-tornar-debates-rasos\\\/#breadcrumb\",\"itemListElement\":[{\"@type\":\"ListItem\",\"position\":1,\"name\":\"In\u00edcio\",\"item\":\"https:\\\/\\\/www.notibras.com\\\/site\\\/\"},{\"@type\":\"ListItem\",\"position\":2,\"name\":\"Facilidade da Internet e falta de informa\u00e7\u00e3o tornar\u00e3o debates rasos\"}]},{\"@type\":\"WebSite\",\"@id\":\"https:\\\/\\\/www.notibras.com\\\/site\\\/#website\",\"url\":\"https:\\\/\\\/www.notibras.com\\\/site\\\/\",\"name\":\"Notibras\",\"description\":\"Not\u00edcias de Bras\u00edlia, do Brasil e do Mundo\",\"publisher\":{\"@id\":\"https:\\\/\\\/www.notibras.com\\\/site\\\/#organization\"},\"potentialAction\":[{\"@type\":\"SearchAction\",\"target\":{\"@type\":\"EntryPoint\",\"urlTemplate\":\"https:\\\/\\\/www.notibras.com\\\/site\\\/?s={search_term_string}\"},\"query-input\":{\"@type\":\"PropertyValueSpecification\",\"valueRequired\":true,\"valueName\":\"search_term_string\"}}],\"inLanguage\":\"pt-BR\"},{\"@type\":\"Organization\",\"@id\":\"https:\\\/\\\/www.notibras.com\\\/site\\\/#organization\",\"name\":\"Grupo Notibras de Comunica\u00e7\u00e3o\",\"url\":\"https:\\\/\\\/www.notibras.com\\\/site\\\/\",\"logo\":{\"@type\":\"ImageObject\",\"inLanguage\":\"pt-BR\",\"@id\":\"https:\\\/\\\/www.notibras.com\\\/site\\\/#\\\/schema\\\/logo\\\/image\\\/\",\"url\":\"https:\\\/\\\/www.notibras.com\\\/site\\\/wp-content\\\/uploads\\\/2023\\\/01\\\/notibras23.png\",\"contentUrl\":\"https:\\\/\\\/www.notibras.com\\\/site\\\/wp-content\\\/uploads\\\/2023\\\/01\\\/notibras23.png\",\"width\":350,\"height\":87,\"caption\":\"Grupo Notibras de Comunica\u00e7\u00e3o\"},\"image\":{\"@id\":\"https:\\\/\\\/www.notibras.com\\\/site\\\/#\\\/schema\\\/logo\\\/image\\\/\"},\"sameAs\":[\"https:\\\/\\\/www.facebook.com\\\/notibras\\\/\",\"https:\\\/\\\/x.com\\\/Notibras\",\"https:\\\/\\\/www.instagram.com\\\/notibras\\\/\"]},{\"@type\":\"Person\",\"@id\":\"https:\\\/\\\/www.notibras.com\\\/site\\\/#\\\/schema\\\/person\\\/36ab0979449956132d3e5b517ea76ac8\",\"name\":\"Reda\u00e7\u00e3o\",\"image\":{\"@type\":\"ImageObject\",\"inLanguage\":\"pt-BR\",\"@id\":\"https:\\\/\\\/secure.gravatar.com\\\/avatar\\\/e0a867bdedb85fd243eadf09663511f96fc81e0720a4a42581f334ad4303aa6b?s=96&d=mm&r=g\",\"url\":\"https:\\\/\\\/secure.gravatar.com\\\/avatar\\\/e0a867bdedb85fd243eadf09663511f96fc81e0720a4a42581f334ad4303aa6b?s=96&d=mm&r=g\",\"contentUrl\":\"https:\\\/\\\/secure.gravatar.com\\\/avatar\\\/e0a867bdedb85fd243eadf09663511f96fc81e0720a4a42581f334ad4303aa6b?s=96&d=mm&r=g\",\"caption\":\"Reda\u00e7\u00e3o\"}}]}<\/script>\n<!-- \/ Yoast SEO plugin. -->","yoast_head_json":{"title":"Facilidade da Internet e falta de informa\u00e7\u00e3o tornar\u00e3o debates rasos - Notibras","robots":{"index":"index","follow":"follow","max-snippet":"max-snippet:-1","max-image-preview":"max-image-preview:large","max-video-preview":"max-video-preview:-1"},"canonical":"https:\/\/www.notibras.com\/site\/facilidade-da-internet-e-desinformacao-vao-tornar-debates-rasos\/","og_locale":"pt_BR","og_type":"article","og_title":"Facilidade da Internet e falta de informa\u00e7\u00e3o tornar\u00e3o debates rasos - Notibras","og_description":"O deputado federal Osmar Terra, do PMDB ga\u00facho, escreveu artigo no qual exp\u00f5e seus argumentos contra a libera\u00e7\u00e3o das drogas, afirmando que esse n\u00e3o deve ser o caminho para a diminui\u00e7\u00e3o da viol\u00eancia. No artigo, o deputado exp\u00f5e a sua experi\u00eancia como m\u00e9dico e secret\u00e1rio da sa\u00fade de seu Estado no tratamento de dependentes qu\u00edmicos, [&hellip;]","og_url":"https:\/\/www.notibras.com\/site\/facilidade-da-internet-e-desinformacao-vao-tornar-debates-rasos\/","og_site_name":"Notibras","article_publisher":"https:\/\/www.facebook.com\/notibras\/","article_published_time":"2014-05-27T00:55:46+00:00","article_modified_time":"2014-05-27T00:56:42+00:00","og_image":[{"width":600,"height":347,"url":"https:\/\/www.notibras.com\/site\/wp-content\/uploads\/2014\/05\/Internet.jpg","type":"image\/jpeg"}],"author":"Reda\u00e7\u00e3o","twitter_card":"summary_large_image","twitter_creator":"@Notibras","twitter_site":"@Notibras","twitter_misc":{"Escrito por":"Reda\u00e7\u00e3o","Est. tempo de leitura":"3 minutos"},"schema":{"@context":"https:\/\/schema.org","@graph":[{"@type":"Article","@id":"https:\/\/www.notibras.com\/site\/facilidade-da-internet-e-desinformacao-vao-tornar-debates-rasos\/#article","isPartOf":{"@id":"https:\/\/www.notibras.com\/site\/facilidade-da-internet-e-desinformacao-vao-tornar-debates-rasos\/"},"author":{"name":"Reda\u00e7\u00e3o","@id":"https:\/\/www.notibras.com\/site\/#\/schema\/person\/36ab0979449956132d3e5b517ea76ac8"},"headline":"Facilidade da Internet e falta de informa\u00e7\u00e3o tornar\u00e3o debates rasos","datePublished":"2014-05-27T00:55:46+00:00","dateModified":"2014-05-27T00:56:42+00:00","mainEntityOfPage":{"@id":"https:\/\/www.notibras.com\/site\/facilidade-da-internet-e-desinformacao-vao-tornar-debates-rasos\/"},"wordCount":513,"commentCount":0,"publisher":{"@id":"https:\/\/www.notibras.com\/site\/#organization"},"image":{"@id":"https:\/\/www.notibras.com\/site\/facilidade-da-internet-e-desinformacao-vao-tornar-debates-rasos\/#primaryimage"},"thumbnailUrl":"https:\/\/www.notibras.com\/site\/wp-content\/uploads\/2014\/05\/Internet.jpg","articleSection":["Opina a\u00ed"],"inLanguage":"pt-BR","potentialAction":[{"@type":"CommentAction","name":"Comment","target":["https:\/\/www.notibras.com\/site\/facilidade-da-internet-e-desinformacao-vao-tornar-debates-rasos\/#respond"]}]},{"@type":"WebPage","@id":"https:\/\/www.notibras.com\/site\/facilidade-da-internet-e-desinformacao-vao-tornar-debates-rasos\/","url":"https:\/\/www.notibras.com\/site\/facilidade-da-internet-e-desinformacao-vao-tornar-debates-rasos\/","name":"Facilidade da Internet e falta de informa\u00e7\u00e3o tornar\u00e3o debates rasos - Notibras","isPartOf":{"@id":"https:\/\/www.notibras.com\/site\/#website"},"primaryImageOfPage":{"@id":"https:\/\/www.notibras.com\/site\/facilidade-da-internet-e-desinformacao-vao-tornar-debates-rasos\/#primaryimage"},"image":{"@id":"https:\/\/www.notibras.com\/site\/facilidade-da-internet-e-desinformacao-vao-tornar-debates-rasos\/#primaryimage"},"thumbnailUrl":"https:\/\/www.notibras.com\/site\/wp-content\/uploads\/2014\/05\/Internet.jpg","datePublished":"2014-05-27T00:55:46+00:00","dateModified":"2014-05-27T00:56:42+00:00","breadcrumb":{"@id":"https:\/\/www.notibras.com\/site\/facilidade-da-internet-e-desinformacao-vao-tornar-debates-rasos\/#breadcrumb"},"inLanguage":"pt-BR","potentialAction":[{"@type":"ReadAction","target":["https:\/\/www.notibras.com\/site\/facilidade-da-internet-e-desinformacao-vao-tornar-debates-rasos\/"]}]},{"@type":"ImageObject","inLanguage":"pt-BR","@id":"https:\/\/www.notibras.com\/site\/facilidade-da-internet-e-desinformacao-vao-tornar-debates-rasos\/#primaryimage","url":"https:\/\/www.notibras.com\/site\/wp-content\/uploads\/2014\/05\/Internet.jpg","contentUrl":"https:\/\/www.notibras.com\/site\/wp-content\/uploads\/2014\/05\/Internet.jpg","width":600,"height":347},{"@type":"BreadcrumbList","@id":"https:\/\/www.notibras.com\/site\/facilidade-da-internet-e-desinformacao-vao-tornar-debates-rasos\/#breadcrumb","itemListElement":[{"@type":"ListItem","position":1,"name":"In\u00edcio","item":"https:\/\/www.notibras.com\/site\/"},{"@type":"ListItem","position":2,"name":"Facilidade da Internet e falta de informa\u00e7\u00e3o tornar\u00e3o debates rasos"}]},{"@type":"WebSite","@id":"https:\/\/www.notibras.com\/site\/#website","url":"https:\/\/www.notibras.com\/site\/","name":"Notibras","description":"Not\u00edcias de Bras\u00edlia, do Brasil e do Mundo","publisher":{"@id":"https:\/\/www.notibras.com\/site\/#organization"},"potentialAction":[{"@type":"SearchAction","target":{"@type":"EntryPoint","urlTemplate":"https:\/\/www.notibras.com\/site\/?s={search_term_string}"},"query-input":{"@type":"PropertyValueSpecification","valueRequired":true,"valueName":"search_term_string"}}],"inLanguage":"pt-BR"},{"@type":"Organization","@id":"https:\/\/www.notibras.com\/site\/#organization","name":"Grupo Notibras de Comunica\u00e7\u00e3o","url":"https:\/\/www.notibras.com\/site\/","logo":{"@type":"ImageObject","inLanguage":"pt-BR","@id":"https:\/\/www.notibras.com\/site\/#\/schema\/logo\/image\/","url":"https:\/\/www.notibras.com\/site\/wp-content\/uploads\/2023\/01\/notibras23.png","contentUrl":"https:\/\/www.notibras.com\/site\/wp-content\/uploads\/2023\/01\/notibras23.png","width":350,"height":87,"caption":"Grupo Notibras de Comunica\u00e7\u00e3o"},"image":{"@id":"https:\/\/www.notibras.com\/site\/#\/schema\/logo\/image\/"},"sameAs":["https:\/\/www.facebook.com\/notibras\/","https:\/\/x.com\/Notibras","https:\/\/www.instagram.com\/notibras\/"]},{"@type":"Person","@id":"https:\/\/www.notibras.com\/site\/#\/schema\/person\/36ab0979449956132d3e5b517ea76ac8","name":"Reda\u00e7\u00e3o","image":{"@type":"ImageObject","inLanguage":"pt-BR","@id":"https:\/\/secure.gravatar.com\/avatar\/e0a867bdedb85fd243eadf09663511f96fc81e0720a4a42581f334ad4303aa6b?s=96&d=mm&r=g","url":"https:\/\/secure.gravatar.com\/avatar\/e0a867bdedb85fd243eadf09663511f96fc81e0720a4a42581f334ad4303aa6b?s=96&d=mm&r=g","contentUrl":"https:\/\/secure.gravatar.com\/avatar\/e0a867bdedb85fd243eadf09663511f96fc81e0720a4a42581f334ad4303aa6b?s=96&d=mm&r=g","caption":"Reda\u00e7\u00e3o"}}]}},"amp_enabled":true,"_links":{"self":[{"href":"https:\/\/www.notibras.com\/site\/wp-json\/wp\/v2\/posts\/11070","targetHints":{"allow":["GET"]}}],"collection":[{"href":"https:\/\/www.notibras.com\/site\/wp-json\/wp\/v2\/posts"}],"about":[{"href":"https:\/\/www.notibras.com\/site\/wp-json\/wp\/v2\/types\/post"}],"author":[{"embeddable":true,"href":"https:\/\/www.notibras.com\/site\/wp-json\/wp\/v2\/users\/2"}],"replies":[{"embeddable":true,"href":"https:\/\/www.notibras.com\/site\/wp-json\/wp\/v2\/comments?post=11070"}],"version-history":[{"count":0,"href":"https:\/\/www.notibras.com\/site\/wp-json\/wp\/v2\/posts\/11070\/revisions"}],"wp:featuredmedia":[{"embeddable":true,"href":"https:\/\/www.notibras.com\/site\/wp-json\/wp\/v2\/media\/11071"}],"wp:attachment":[{"href":"https:\/\/www.notibras.com\/site\/wp-json\/wp\/v2\/media?parent=11070"}],"wp:term":[{"taxonomy":"category","embeddable":true,"href":"https:\/\/www.notibras.com\/site\/wp-json\/wp\/v2\/categories?post=11070"},{"taxonomy":"post_tag","embeddable":true,"href":"https:\/\/www.notibras.com\/site\/wp-json\/wp\/v2\/tags?post=11070"}],"curies":[{"name":"wp","href":"https:\/\/api.w.org\/{rel}","templated":true}]}}