{"id":110763,"date":"2016-08-05T03:47:45","date_gmt":"2016-08-05T06:47:45","guid":{"rendered":"http:\/\/www.notibras.com\/site\/?p=110763"},"modified":"2016-08-05T03:47:45","modified_gmt":"2016-08-05T06:47:45","slug":"que-tal-encher-a-sala-de-aula-para-reciclar-quem-leva-zero-na-prova-de-redacao","status":"publish","type":"post","link":"https:\/\/www.notibras.com\/site\/que-tal-encher-a-sala-de-aula-para-reciclar-quem-leva-zero-na-prova-de-redacao\/","title":{"rendered":"Que tal encher a sala de aula para reciclar quem leva zero na prova de reda\u00e7\u00e3o?"},"content":{"rendered":"<p><strong>Antonio Carbonari Netto<\/strong><\/p>\n<p>Estou encaminhando proposta no \u00e2mbito do CNE (Conselho Nacional de Educa\u00e7\u00e3o) para que as institui\u00e7\u00f5es p\u00fablicas de ensino superior que adotam o sistema de cotas ministrem um semestre, em todos os cursos, destinado ao resgate de conhecimentos b\u00e1sicos mal assimilados no ensino m\u00e9dio.<\/p>\n<p>A ideia \u00e9 de que a medida tenha car\u00e1ter de sugest\u00e3o para as universidades federais, que t\u00eam autonomia garantida pela Constitui\u00e7\u00e3o, e for\u00e7a de norma para as que n\u00e3o s\u00e3o aut\u00f4nomas. Objetivo \u00e9 possibilitar que os alunos admitidos pelo sistema de cotas, advindos de escolas p\u00fablicas da educa\u00e7\u00e3o b\u00e1sica, tenham melhor condi\u00e7\u00e3o de aprendizado. Ou seja, trata-se de avan\u00e7o importante para, de fato, democratizar oportunidades.<\/p>\n<p>A pertin\u00eancia da medida \u00e9 atestada pelo \u00faltimo Enem, no qual 53 mil alunos zeraram na reda\u00e7\u00e3o, observando-se, ainda, queda da nota em 3 das 4 \u00e1reas do conhecimento. As universidades herdam o problema da m\u00e1 qualidade da escola p\u00fablica, em contraste com o melhor n\u00edvel das particulares, nos ciclos da educa\u00e7\u00e3o b\u00e1sica, gerando uma distor\u00e7\u00e3o. Majoritariamente, os que podem pagar col\u00e9gios privados ingressam nas institui\u00e7\u00f5es p\u00fablicas de ensino superior; os remanescentes das redes p\u00fablicas v\u00e3o para as particulares, normalmente tendo de trabalhar de dia para custear as anuidades, estudando \u00e0 noite. Nas institui\u00e7\u00f5es federais, as cotas est\u00e3o corrigindo a distor\u00e7\u00e3o, mas n\u00e3o eliminam a defasagem no aprendizado, que ser\u00e1 mitigada com a proposta que estou defendendo.<\/p>\n<p>A medida \u00e9 comprovadamente eficaz, pois j\u00e1 foi devidamente testada e aprovada. Minha experi\u00eancia e de outros educadores de institui\u00e7\u00f5es particulares foram de forte \u00eaxito nesses casos. Juntamente com outras inova\u00e7\u00f5es, para fazer frente \u00e0s diferen\u00e7as de oportunidade, a ideia \u00e9 ministrar ensino superior de qualidade, com foco preciso na forma\u00e7\u00e3o de profissionais e pessoas capazes de desempenhar m\u00faltiplas ocupa\u00e7\u00f5es no mercado de trabalho.<br \/>\nOu seja, ter faculdade realmente transformadora das vidas dos estudantes, inclusive ministrando conte\u00fado, no per\u00edodo inicial, que contribui para o resgate do conhecimento b\u00e1sico perdido ou mal assimilado no ensino m\u00e9dio. Isso funcionou muito bem em institui\u00e7\u00f5es que dirigi, que tinham, ainda, o diferencial de cobrarem anuidades menores. A rigor, \u00e9 o mesmo racioc\u00ednio das cotas, mas elevado a uma dimens\u00e3o imensa, jamais alcan\u00e7ada anteriormente no Brasil e em pa\u00edses com perfil socioecon\u00f4mico semelhante ao nosso.<\/p>\n<p>Trata-se de oferecer aos alunos das escolas p\u00fablicas da educa\u00e7\u00e3o b\u00e1sica a oportunidade de acesso a ensino superior de excel\u00eancia, capaz de promover sua ascens\u00e3o econ\u00f4mica e a melhoria do padr\u00e3o da vida de suas fam\u00edlias.<\/p>\n<p>Universidade privada boa com pre\u00e7o acess\u00edvel \u00e9 cada vez mais pertinente e necess\u00e1ria no Brasil. Agora, transpondo isso para as federais, queremos universidade p\u00fablica boa, oferecendo aos alunos remanescentes das escolas p\u00fablicas as mesmas oportunidades de conhecimento dos que adv\u00eam das particulares.<\/p>\n<p>Esse modelo \u00e9 parte da resposta \u00f3bvia a um problema muito s\u00e9rio, antigo e at\u00e9 ent\u00e3o insol\u00favel da educa\u00e7\u00e3o brasileira: o acesso de grande contingente de alunos, antes com poucas oportunidades, a um n\u00edvel de ensino superior capaz de mudar seu futuro. \u00c9 importante que todas as institui\u00e7\u00f5es universit\u00e1rias, particulares ou p\u00fablicas, fa\u00e7am uma profunda reflex\u00e3o sobre o tema.<\/p>\n<p>Cabe, finalmente, um alerta: n\u00e3o basta que as universidades dediquem-se a resgatar o conhecimento perdido nas etapas anteriores. \u00c9 decisivo e urgente que tenhamos educa\u00e7\u00e3o b\u00e1sica de qualidade nas escolas p\u00fablicas. Essa \u00e9 uma responsabilidade que n\u00e3o pode mais ser postergada, exigindo, al\u00e9m da Uni\u00e3o, a mobiliza\u00e7\u00e3o dos governos estaduais e municipais, constitucionalmente respons\u00e1veis pela educa\u00e7\u00e3o infantil, o ensino fundamental e o m\u00e9dio.<\/p>\n","protected":false},"excerpt":{"rendered":"<p>Antonio Carbonari Netto Estou encaminhando proposta no \u00e2mbito do CNE (Conselho Nacional de Educa\u00e7\u00e3o) para que as institui\u00e7\u00f5es p\u00fablicas de ensino superior que adotam o sistema de cotas ministrem um semestre, em todos os cursos, destinado ao resgate de conhecimentos b\u00e1sicos mal assimilados no ensino m\u00e9dio. A ideia \u00e9 de que a medida tenha car\u00e1ter [&hellip;]<\/p>\n","protected":false},"author":2,"featured_media":110764,"comment_status":"open","ping_status":"closed","sticky":false,"template":"","format":"standard","meta":{"_acf_changed":false,"footnotes":""},"categories":[25],"tags":[],"class_list":["post-110763","post","type-post","status-publish","format-standard","has-post-thumbnail","hentry","category-opina-ai"],"acf":[],"yoast_head":"<!-- This site is optimized with the Yoast SEO plugin v27.5 - https:\/\/yoast.com\/product\/yoast-seo-wordpress\/ -->\n<title>Que tal encher a sala de aula para reciclar quem leva zero na prova de reda\u00e7\u00e3o? - Notibras<\/title>\n<meta name=\"robots\" content=\"index, follow, max-snippet:-1, max-image-preview:large, max-video-preview:-1\" \/>\n<link rel=\"canonical\" href=\"https:\/\/www.notibras.com\/site\/que-tal-encher-a-sala-de-aula-para-reciclar-quem-leva-zero-na-prova-de-redacao\/\" \/>\n<meta property=\"og:locale\" content=\"pt_BR\" \/>\n<meta property=\"og:type\" content=\"article\" \/>\n<meta property=\"og:title\" content=\"Que tal encher a sala de aula para reciclar quem leva zero na prova de reda\u00e7\u00e3o? - Notibras\" \/>\n<meta property=\"og:description\" content=\"Antonio Carbonari Netto Estou encaminhando proposta no \u00e2mbito do CNE (Conselho Nacional de Educa\u00e7\u00e3o) para que as institui\u00e7\u00f5es p\u00fablicas de ensino superior que adotam o sistema de cotas ministrem um semestre, em todos os cursos, destinado ao resgate de conhecimentos b\u00e1sicos mal assimilados no ensino m\u00e9dio. A ideia \u00e9 de que a medida tenha car\u00e1ter [&hellip;]\" \/>\n<meta property=\"og:url\" content=\"https:\/\/www.notibras.com\/site\/que-tal-encher-a-sala-de-aula-para-reciclar-quem-leva-zero-na-prova-de-redacao\/\" \/>\n<meta property=\"og:site_name\" content=\"Notibras\" \/>\n<meta property=\"article:publisher\" content=\"https:\/\/www.facebook.com\/notibras\/\" \/>\n<meta property=\"article:published_time\" content=\"2016-08-05T06:47:45+00:00\" \/>\n<meta property=\"og:image\" content=\"https:\/\/www.notibras.com\/site\/wp-content\/uploads\/2016\/08\/Sala_de_aula_CB_Unicamp.jpg\" \/>\n\t<meta property=\"og:image:width\" content=\"1600\" \/>\n\t<meta property=\"og:image:height\" content=\"1200\" \/>\n\t<meta property=\"og:image:type\" content=\"image\/jpeg\" \/>\n<meta name=\"author\" content=\"Reda\u00e7\u00e3o\" \/>\n<meta name=\"twitter:card\" content=\"summary_large_image\" \/>\n<meta name=\"twitter:creator\" content=\"@Notibras\" \/>\n<meta name=\"twitter:site\" content=\"@Notibras\" \/>\n<meta name=\"twitter:label1\" content=\"Escrito por\" \/>\n\t<meta name=\"twitter:data1\" content=\"Reda\u00e7\u00e3o\" \/>\n\t<meta name=\"twitter:label2\" content=\"Est. tempo de leitura\" \/>\n\t<meta name=\"twitter:data2\" content=\"3 minutos\" \/>\n<script type=\"application\/ld+json\" class=\"yoast-schema-graph\">{\"@context\":\"https:\\\/\\\/schema.org\",\"@graph\":[{\"@type\":\"Article\",\"@id\":\"https:\\\/\\\/www.notibras.com\\\/site\\\/que-tal-encher-a-sala-de-aula-para-reciclar-quem-leva-zero-na-prova-de-redacao\\\/#article\",\"isPartOf\":{\"@id\":\"https:\\\/\\\/www.notibras.com\\\/site\\\/que-tal-encher-a-sala-de-aula-para-reciclar-quem-leva-zero-na-prova-de-redacao\\\/\"},\"author\":{\"name\":\"Reda\u00e7\u00e3o\",\"@id\":\"https:\\\/\\\/www.notibras.com\\\/site\\\/#\\\/schema\\\/person\\\/36ab0979449956132d3e5b517ea76ac8\"},\"headline\":\"Que tal encher a sala de aula para reciclar quem leva zero na prova de reda\u00e7\u00e3o?\",\"datePublished\":\"2016-08-05T06:47:45+00:00\",\"mainEntityOfPage\":{\"@id\":\"https:\\\/\\\/www.notibras.com\\\/site\\\/que-tal-encher-a-sala-de-aula-para-reciclar-quem-leva-zero-na-prova-de-redacao\\\/\"},\"wordCount\":656,\"commentCount\":0,\"publisher\":{\"@id\":\"https:\\\/\\\/www.notibras.com\\\/site\\\/#organization\"},\"image\":{\"@id\":\"https:\\\/\\\/www.notibras.com\\\/site\\\/que-tal-encher-a-sala-de-aula-para-reciclar-quem-leva-zero-na-prova-de-redacao\\\/#primaryimage\"},\"thumbnailUrl\":\"https:\\\/\\\/www.notibras.com\\\/site\\\/wp-content\\\/uploads\\\/2016\\\/08\\\/Sala_de_aula_CB_Unicamp.jpg\",\"articleSection\":[\"Opina a\u00ed\"],\"inLanguage\":\"pt-BR\",\"potentialAction\":[{\"@type\":\"CommentAction\",\"name\":\"Comment\",\"target\":[\"https:\\\/\\\/www.notibras.com\\\/site\\\/que-tal-encher-a-sala-de-aula-para-reciclar-quem-leva-zero-na-prova-de-redacao\\\/#respond\"]}]},{\"@type\":\"WebPage\",\"@id\":\"https:\\\/\\\/www.notibras.com\\\/site\\\/que-tal-encher-a-sala-de-aula-para-reciclar-quem-leva-zero-na-prova-de-redacao\\\/\",\"url\":\"https:\\\/\\\/www.notibras.com\\\/site\\\/que-tal-encher-a-sala-de-aula-para-reciclar-quem-leva-zero-na-prova-de-redacao\\\/\",\"name\":\"Que tal encher a sala de aula para reciclar quem leva zero na prova de reda\u00e7\u00e3o? - Notibras\",\"isPartOf\":{\"@id\":\"https:\\\/\\\/www.notibras.com\\\/site\\\/#website\"},\"primaryImageOfPage\":{\"@id\":\"https:\\\/\\\/www.notibras.com\\\/site\\\/que-tal-encher-a-sala-de-aula-para-reciclar-quem-leva-zero-na-prova-de-redacao\\\/#primaryimage\"},\"image\":{\"@id\":\"https:\\\/\\\/www.notibras.com\\\/site\\\/que-tal-encher-a-sala-de-aula-para-reciclar-quem-leva-zero-na-prova-de-redacao\\\/#primaryimage\"},\"thumbnailUrl\":\"https:\\\/\\\/www.notibras.com\\\/site\\\/wp-content\\\/uploads\\\/2016\\\/08\\\/Sala_de_aula_CB_Unicamp.jpg\",\"datePublished\":\"2016-08-05T06:47:45+00:00\",\"breadcrumb\":{\"@id\":\"https:\\\/\\\/www.notibras.com\\\/site\\\/que-tal-encher-a-sala-de-aula-para-reciclar-quem-leva-zero-na-prova-de-redacao\\\/#breadcrumb\"},\"inLanguage\":\"pt-BR\",\"potentialAction\":[{\"@type\":\"ReadAction\",\"target\":[\"https:\\\/\\\/www.notibras.com\\\/site\\\/que-tal-encher-a-sala-de-aula-para-reciclar-quem-leva-zero-na-prova-de-redacao\\\/\"]}]},{\"@type\":\"ImageObject\",\"inLanguage\":\"pt-BR\",\"@id\":\"https:\\\/\\\/www.notibras.com\\\/site\\\/que-tal-encher-a-sala-de-aula-para-reciclar-quem-leva-zero-na-prova-de-redacao\\\/#primaryimage\",\"url\":\"https:\\\/\\\/www.notibras.com\\\/site\\\/wp-content\\\/uploads\\\/2016\\\/08\\\/Sala_de_aula_CB_Unicamp.jpg\",\"contentUrl\":\"https:\\\/\\\/www.notibras.com\\\/site\\\/wp-content\\\/uploads\\\/2016\\\/08\\\/Sala_de_aula_CB_Unicamp.jpg\",\"width\":1600,\"height\":1200},{\"@type\":\"BreadcrumbList\",\"@id\":\"https:\\\/\\\/www.notibras.com\\\/site\\\/que-tal-encher-a-sala-de-aula-para-reciclar-quem-leva-zero-na-prova-de-redacao\\\/#breadcrumb\",\"itemListElement\":[{\"@type\":\"ListItem\",\"position\":1,\"name\":\"In\u00edcio\",\"item\":\"https:\\\/\\\/www.notibras.com\\\/site\\\/\"},{\"@type\":\"ListItem\",\"position\":2,\"name\":\"Que tal encher a sala de aula para reciclar quem leva zero na prova de reda\u00e7\u00e3o?\"}]},{\"@type\":\"WebSite\",\"@id\":\"https:\\\/\\\/www.notibras.com\\\/site\\\/#website\",\"url\":\"https:\\\/\\\/www.notibras.com\\\/site\\\/\",\"name\":\"Notibras\",\"description\":\"Not\u00edcias de Bras\u00edlia, do Brasil e do Mundo\",\"publisher\":{\"@id\":\"https:\\\/\\\/www.notibras.com\\\/site\\\/#organization\"},\"potentialAction\":[{\"@type\":\"SearchAction\",\"target\":{\"@type\":\"EntryPoint\",\"urlTemplate\":\"https:\\\/\\\/www.notibras.com\\\/site\\\/?s={search_term_string}\"},\"query-input\":{\"@type\":\"PropertyValueSpecification\",\"valueRequired\":true,\"valueName\":\"search_term_string\"}}],\"inLanguage\":\"pt-BR\"},{\"@type\":\"Organization\",\"@id\":\"https:\\\/\\\/www.notibras.com\\\/site\\\/#organization\",\"name\":\"Grupo Notibras de Comunica\u00e7\u00e3o\",\"url\":\"https:\\\/\\\/www.notibras.com\\\/site\\\/\",\"logo\":{\"@type\":\"ImageObject\",\"inLanguage\":\"pt-BR\",\"@id\":\"https:\\\/\\\/www.notibras.com\\\/site\\\/#\\\/schema\\\/logo\\\/image\\\/\",\"url\":\"https:\\\/\\\/www.notibras.com\\\/site\\\/wp-content\\\/uploads\\\/2023\\\/01\\\/notibras23.png\",\"contentUrl\":\"https:\\\/\\\/www.notibras.com\\\/site\\\/wp-content\\\/uploads\\\/2023\\\/01\\\/notibras23.png\",\"width\":350,\"height\":87,\"caption\":\"Grupo Notibras de Comunica\u00e7\u00e3o\"},\"image\":{\"@id\":\"https:\\\/\\\/www.notibras.com\\\/site\\\/#\\\/schema\\\/logo\\\/image\\\/\"},\"sameAs\":[\"https:\\\/\\\/www.facebook.com\\\/notibras\\\/\",\"https:\\\/\\\/x.com\\\/Notibras\",\"https:\\\/\\\/www.instagram.com\\\/notibras\\\/\"]},{\"@type\":\"Person\",\"@id\":\"https:\\\/\\\/www.notibras.com\\\/site\\\/#\\\/schema\\\/person\\\/36ab0979449956132d3e5b517ea76ac8\",\"name\":\"Reda\u00e7\u00e3o\",\"image\":{\"@type\":\"ImageObject\",\"inLanguage\":\"pt-BR\",\"@id\":\"https:\\\/\\\/secure.gravatar.com\\\/avatar\\\/e0a867bdedb85fd243eadf09663511f96fc81e0720a4a42581f334ad4303aa6b?s=96&d=mm&r=g\",\"url\":\"https:\\\/\\\/secure.gravatar.com\\\/avatar\\\/e0a867bdedb85fd243eadf09663511f96fc81e0720a4a42581f334ad4303aa6b?s=96&d=mm&r=g\",\"contentUrl\":\"https:\\\/\\\/secure.gravatar.com\\\/avatar\\\/e0a867bdedb85fd243eadf09663511f96fc81e0720a4a42581f334ad4303aa6b?s=96&d=mm&r=g\",\"caption\":\"Reda\u00e7\u00e3o\"}}]}<\/script>\n<!-- \/ Yoast SEO plugin. -->","yoast_head_json":{"title":"Que tal encher a sala de aula para reciclar quem leva zero na prova de reda\u00e7\u00e3o? - Notibras","robots":{"index":"index","follow":"follow","max-snippet":"max-snippet:-1","max-image-preview":"max-image-preview:large","max-video-preview":"max-video-preview:-1"},"canonical":"https:\/\/www.notibras.com\/site\/que-tal-encher-a-sala-de-aula-para-reciclar-quem-leva-zero-na-prova-de-redacao\/","og_locale":"pt_BR","og_type":"article","og_title":"Que tal encher a sala de aula para reciclar quem leva zero na prova de reda\u00e7\u00e3o? - Notibras","og_description":"Antonio Carbonari Netto Estou encaminhando proposta no \u00e2mbito do CNE (Conselho Nacional de Educa\u00e7\u00e3o) para que as institui\u00e7\u00f5es p\u00fablicas de ensino superior que adotam o sistema de cotas ministrem um semestre, em todos os cursos, destinado ao resgate de conhecimentos b\u00e1sicos mal assimilados no ensino m\u00e9dio. A ideia \u00e9 de que a medida tenha car\u00e1ter [&hellip;]","og_url":"https:\/\/www.notibras.com\/site\/que-tal-encher-a-sala-de-aula-para-reciclar-quem-leva-zero-na-prova-de-redacao\/","og_site_name":"Notibras","article_publisher":"https:\/\/www.facebook.com\/notibras\/","article_published_time":"2016-08-05T06:47:45+00:00","og_image":[{"width":1600,"height":1200,"url":"https:\/\/www.notibras.com\/site\/wp-content\/uploads\/2016\/08\/Sala_de_aula_CB_Unicamp.jpg","type":"image\/jpeg"}],"author":"Reda\u00e7\u00e3o","twitter_card":"summary_large_image","twitter_creator":"@Notibras","twitter_site":"@Notibras","twitter_misc":{"Escrito por":"Reda\u00e7\u00e3o","Est. tempo de leitura":"3 minutos"},"schema":{"@context":"https:\/\/schema.org","@graph":[{"@type":"Article","@id":"https:\/\/www.notibras.com\/site\/que-tal-encher-a-sala-de-aula-para-reciclar-quem-leva-zero-na-prova-de-redacao\/#article","isPartOf":{"@id":"https:\/\/www.notibras.com\/site\/que-tal-encher-a-sala-de-aula-para-reciclar-quem-leva-zero-na-prova-de-redacao\/"},"author":{"name":"Reda\u00e7\u00e3o","@id":"https:\/\/www.notibras.com\/site\/#\/schema\/person\/36ab0979449956132d3e5b517ea76ac8"},"headline":"Que tal encher a sala de aula para reciclar quem leva zero na prova de reda\u00e7\u00e3o?","datePublished":"2016-08-05T06:47:45+00:00","mainEntityOfPage":{"@id":"https:\/\/www.notibras.com\/site\/que-tal-encher-a-sala-de-aula-para-reciclar-quem-leva-zero-na-prova-de-redacao\/"},"wordCount":656,"commentCount":0,"publisher":{"@id":"https:\/\/www.notibras.com\/site\/#organization"},"image":{"@id":"https:\/\/www.notibras.com\/site\/que-tal-encher-a-sala-de-aula-para-reciclar-quem-leva-zero-na-prova-de-redacao\/#primaryimage"},"thumbnailUrl":"https:\/\/www.notibras.com\/site\/wp-content\/uploads\/2016\/08\/Sala_de_aula_CB_Unicamp.jpg","articleSection":["Opina a\u00ed"],"inLanguage":"pt-BR","potentialAction":[{"@type":"CommentAction","name":"Comment","target":["https:\/\/www.notibras.com\/site\/que-tal-encher-a-sala-de-aula-para-reciclar-quem-leva-zero-na-prova-de-redacao\/#respond"]}]},{"@type":"WebPage","@id":"https:\/\/www.notibras.com\/site\/que-tal-encher-a-sala-de-aula-para-reciclar-quem-leva-zero-na-prova-de-redacao\/","url":"https:\/\/www.notibras.com\/site\/que-tal-encher-a-sala-de-aula-para-reciclar-quem-leva-zero-na-prova-de-redacao\/","name":"Que tal encher a sala de aula para reciclar quem leva zero na prova de reda\u00e7\u00e3o? - Notibras","isPartOf":{"@id":"https:\/\/www.notibras.com\/site\/#website"},"primaryImageOfPage":{"@id":"https:\/\/www.notibras.com\/site\/que-tal-encher-a-sala-de-aula-para-reciclar-quem-leva-zero-na-prova-de-redacao\/#primaryimage"},"image":{"@id":"https:\/\/www.notibras.com\/site\/que-tal-encher-a-sala-de-aula-para-reciclar-quem-leva-zero-na-prova-de-redacao\/#primaryimage"},"thumbnailUrl":"https:\/\/www.notibras.com\/site\/wp-content\/uploads\/2016\/08\/Sala_de_aula_CB_Unicamp.jpg","datePublished":"2016-08-05T06:47:45+00:00","breadcrumb":{"@id":"https:\/\/www.notibras.com\/site\/que-tal-encher-a-sala-de-aula-para-reciclar-quem-leva-zero-na-prova-de-redacao\/#breadcrumb"},"inLanguage":"pt-BR","potentialAction":[{"@type":"ReadAction","target":["https:\/\/www.notibras.com\/site\/que-tal-encher-a-sala-de-aula-para-reciclar-quem-leva-zero-na-prova-de-redacao\/"]}]},{"@type":"ImageObject","inLanguage":"pt-BR","@id":"https:\/\/www.notibras.com\/site\/que-tal-encher-a-sala-de-aula-para-reciclar-quem-leva-zero-na-prova-de-redacao\/#primaryimage","url":"https:\/\/www.notibras.com\/site\/wp-content\/uploads\/2016\/08\/Sala_de_aula_CB_Unicamp.jpg","contentUrl":"https:\/\/www.notibras.com\/site\/wp-content\/uploads\/2016\/08\/Sala_de_aula_CB_Unicamp.jpg","width":1600,"height":1200},{"@type":"BreadcrumbList","@id":"https:\/\/www.notibras.com\/site\/que-tal-encher-a-sala-de-aula-para-reciclar-quem-leva-zero-na-prova-de-redacao\/#breadcrumb","itemListElement":[{"@type":"ListItem","position":1,"name":"In\u00edcio","item":"https:\/\/www.notibras.com\/site\/"},{"@type":"ListItem","position":2,"name":"Que tal encher a sala de aula para reciclar quem leva zero na prova de reda\u00e7\u00e3o?"}]},{"@type":"WebSite","@id":"https:\/\/www.notibras.com\/site\/#website","url":"https:\/\/www.notibras.com\/site\/","name":"Notibras","description":"Not\u00edcias de Bras\u00edlia, do Brasil e do Mundo","publisher":{"@id":"https:\/\/www.notibras.com\/site\/#organization"},"potentialAction":[{"@type":"SearchAction","target":{"@type":"EntryPoint","urlTemplate":"https:\/\/www.notibras.com\/site\/?s={search_term_string}"},"query-input":{"@type":"PropertyValueSpecification","valueRequired":true,"valueName":"search_term_string"}}],"inLanguage":"pt-BR"},{"@type":"Organization","@id":"https:\/\/www.notibras.com\/site\/#organization","name":"Grupo Notibras de Comunica\u00e7\u00e3o","url":"https:\/\/www.notibras.com\/site\/","logo":{"@type":"ImageObject","inLanguage":"pt-BR","@id":"https:\/\/www.notibras.com\/site\/#\/schema\/logo\/image\/","url":"https:\/\/www.notibras.com\/site\/wp-content\/uploads\/2023\/01\/notibras23.png","contentUrl":"https:\/\/www.notibras.com\/site\/wp-content\/uploads\/2023\/01\/notibras23.png","width":350,"height":87,"caption":"Grupo Notibras de Comunica\u00e7\u00e3o"},"image":{"@id":"https:\/\/www.notibras.com\/site\/#\/schema\/logo\/image\/"},"sameAs":["https:\/\/www.facebook.com\/notibras\/","https:\/\/x.com\/Notibras","https:\/\/www.instagram.com\/notibras\/"]},{"@type":"Person","@id":"https:\/\/www.notibras.com\/site\/#\/schema\/person\/36ab0979449956132d3e5b517ea76ac8","name":"Reda\u00e7\u00e3o","image":{"@type":"ImageObject","inLanguage":"pt-BR","@id":"https:\/\/secure.gravatar.com\/avatar\/e0a867bdedb85fd243eadf09663511f96fc81e0720a4a42581f334ad4303aa6b?s=96&d=mm&r=g","url":"https:\/\/secure.gravatar.com\/avatar\/e0a867bdedb85fd243eadf09663511f96fc81e0720a4a42581f334ad4303aa6b?s=96&d=mm&r=g","contentUrl":"https:\/\/secure.gravatar.com\/avatar\/e0a867bdedb85fd243eadf09663511f96fc81e0720a4a42581f334ad4303aa6b?s=96&d=mm&r=g","caption":"Reda\u00e7\u00e3o"}}]}},"amp_enabled":true,"_links":{"self":[{"href":"https:\/\/www.notibras.com\/site\/wp-json\/wp\/v2\/posts\/110763","targetHints":{"allow":["GET"]}}],"collection":[{"href":"https:\/\/www.notibras.com\/site\/wp-json\/wp\/v2\/posts"}],"about":[{"href":"https:\/\/www.notibras.com\/site\/wp-json\/wp\/v2\/types\/post"}],"author":[{"embeddable":true,"href":"https:\/\/www.notibras.com\/site\/wp-json\/wp\/v2\/users\/2"}],"replies":[{"embeddable":true,"href":"https:\/\/www.notibras.com\/site\/wp-json\/wp\/v2\/comments?post=110763"}],"version-history":[{"count":1,"href":"https:\/\/www.notibras.com\/site\/wp-json\/wp\/v2\/posts\/110763\/revisions"}],"predecessor-version":[{"id":110765,"href":"https:\/\/www.notibras.com\/site\/wp-json\/wp\/v2\/posts\/110763\/revisions\/110765"}],"wp:featuredmedia":[{"embeddable":true,"href":"https:\/\/www.notibras.com\/site\/wp-json\/wp\/v2\/media\/110764"}],"wp:attachment":[{"href":"https:\/\/www.notibras.com\/site\/wp-json\/wp\/v2\/media?parent=110763"}],"wp:term":[{"taxonomy":"category","embeddable":true,"href":"https:\/\/www.notibras.com\/site\/wp-json\/wp\/v2\/categories?post=110763"},{"taxonomy":"post_tag","embeddable":true,"href":"https:\/\/www.notibras.com\/site\/wp-json\/wp\/v2\/tags?post=110763"}],"curies":[{"name":"wp","href":"https:\/\/api.w.org\/{rel}","templated":true}]}}