{"id":1110,"date":"2014-02-11T09:00:15","date_gmt":"2014-02-11T12:00:15","guid":{"rendered":"http:\/\/www.notibras.com\/site\/?p=1110"},"modified":"2014-02-11T09:20:22","modified_gmt":"2014-02-11T12:20:22","slug":"governador-inspeciona-nova-frota-de-onibus-bayeux-e-santa-rita","status":"publish","type":"post","link":"https:\/\/www.notibras.com\/site\/governador-inspeciona-nova-frota-de-onibus-bayeux-e-santa-rita\/","title":{"rendered":"Governador inspeciona nova frota de \u00f4nibus de Bayeux e Santa Rita"},"content":{"rendered":"<p style=\"text-align: left;\">O governador Ricardo Coutinho, acompanhado de diretores do Departamento de Estradas de Rodagem (DER), inspecionou a nova frota dos \u00f4nibus intermunicipais de Bayeux e Santa Rita, na manh\u00e3 desta segunda-feira (10), que estava exposta na Pra\u00e7a 6 de Junho, em Bayeux.<\/p>\n<p style=\"text-align: left;\" align=\"JUSTIFY\">\u201cIsto representa mais seguran\u00e7a e maior mobilidade e o que n\u00f3s precisamos \u00e9 melhoria no servi\u00e7o prestado e temos conversado, pactuado com empres\u00e1rios e trabalhadores do setor para melhorar a qualidade do transporte coletivo na regi\u00e3o metropolitana\u201d destacou o governador. As frotas a cada seis meses pelo DER.<\/p>\n<p style=\"text-align: left;\" align=\"JUSTIFY\">Ricardo Coutinho enfatizou que a frota de Santa Rita, de 31 \u00f4nibus, a partir de agora tem idade m\u00e9dia de 5,5 anos e no m\u00eas de mar\u00e7o essa m\u00e9dia cair\u00e1 para quatro anos. Hoje, 60% desses \u00f4nibus t\u00eam acessibilidade. A renova\u00e7\u00e3o \u00e9 de 10 ve\u00edculos, sendo cinco com ano de fabrica\u00e7\u00e3o de 2010 e 2011 e outros cinco que chegar\u00e3o em mar\u00e7o com fabrica\u00e7\u00e3o 2014, reduzindo a idade m\u00e9dia para quatro anos. A antiga Via\u00e7\u00e3o Santa Rita, agora chama-se SIM \u2013 Sistema Integrado Metropolitano.<\/p>\n<p style=\"text-align: left;\" align=\"JUSTIFY\">Com rela\u00e7\u00e3o \u00e0 frota de Bayeux, de 35 ve\u00edculos, a idade m\u00e9dia \u00fatil dos \u00f4nibus caiu de 18 anos para oito anos, com a aquisi\u00e7\u00e3o de 15 ve\u00edculos e at\u00e9 junho mais cinco \u00f4nibus ser\u00e3o comprados. A m\u00e9dia diminuir\u00e1 para seis anos. A empresa Metro, foi criada a partir da fus\u00e3o da empresa Wilson com a Almeida.<\/p>\n<p style=\"text-align: left;\" align=\"JUSTIFY\">\u201c\u00c9 um salto importante, um esfor\u00e7o significativo e o Governo do Estado quer melhorar cada vez mais a qualidade dessa frota\u201d, ressaltou Ricardo, acrescentando que o Estado tamb\u00e9m vem realizando obras que contribuem com a mobilidade urbana, como o bin\u00e1rio de Bayeux e o contorno de Jacum\u00e3. Ele lembrou que quando era prefeito de Jo\u00e3o Pessoa a m\u00e9dia da frota era de 3,5 anos, a menor do Nordeste.<\/p>\n<p style=\"text-align: left;\" align=\"JUSTIFY\">O prefeito de Bayeux, Expedito Pereira, avaliou que a iniciativa do Governo do Estado proporcionou ganhos para a popula\u00e7\u00e3o usu\u00e1ria e para as empresas. \u201cA popula\u00e7\u00e3o precisava de uma frota de transporte coletivo mais nova, a Prefeitura est\u00e1 colaborando com as vias de acesso e com a a\u00e7\u00e3o do Governo por meio do DER as empresas ter\u00e3o novo impulso\u201d, ressaltou.<\/p>\n<p style=\"text-align: left;\" align=\"JUSTIFY\">Adalberon Wilson, empres\u00e1rio da Metro, que emprega hoje 156 pessoas, declarou que o governador Ricardo Coutinho tem uma excelente vis\u00e3o no setor de transporte p\u00fablico. \u201cRicardo cuida muito bem de mobilidade urbana para o povo, tem uma aten\u00e7\u00e3o especial e confiamos que ele vai ajudar a reestruturar o sistema de transporte p\u00fablico\u201d, observou.<\/p>\n<p style=\"text-align: left;\" align=\"JUSTIFY\">O superintendente do Departamento de Estradas de Rodagem (DER), Carlos Pereira, disse que o Governo do Estado d\u00e1 um passo importante no processo de reestrutura\u00e7\u00e3o do sistema de transporte de passageiro da regi\u00e3o metropolitana como um todo. \u201cAs empresas est\u00e3o renovando suas frotas e isto \u00e9 essencial para o bem estar dos usu\u00e1rios, que ter\u00e3o mais seguran\u00e7a e mais conforto\u201d, declarou.<\/p>\n","protected":false},"excerpt":{"rendered":"<p>O governador Ricardo Coutinho, acompanhado de diretores do Departamento de Estradas de Rodagem (DER), inspecionou a nova frota dos \u00f4nibus intermunicipais de Bayeux e Santa Rita, na manh\u00e3 desta segunda-feira (10), que estava exposta na Pra\u00e7a 6 de Junho, em Bayeux. \u201cIsto representa mais seguran\u00e7a e maior mobilidade e o que n\u00f3s precisamos \u00e9 melhoria [&hellip;]<\/p>\n","protected":false},"author":2,"featured_media":1113,"comment_status":"open","ping_status":"closed","sticky":false,"template":"","format":"standard","meta":{"_acf_changed":false,"footnotes":""},"categories":[1],"tags":[],"class_list":["post-1110","post","type-post","status-publish","format-standard","has-post-thumbnail","hentry","category-brasilia"],"acf":[],"yoast_head":"<!-- This site is optimized with the Yoast SEO plugin v27.2 - https:\/\/yoast.com\/product\/yoast-seo-wordpress\/ -->\n<title>Governador inspeciona nova frota de \u00f4nibus de Bayeux e Santa Rita - Notibras<\/title>\n<meta name=\"robots\" content=\"index, follow, max-snippet:-1, max-image-preview:large, max-video-preview:-1\" \/>\n<link rel=\"canonical\" href=\"https:\/\/www.notibras.com\/site\/governador-inspeciona-nova-frota-de-onibus-bayeux-e-santa-rita\/\" \/>\n<meta property=\"og:locale\" content=\"pt_BR\" \/>\n<meta property=\"og:type\" content=\"article\" \/>\n<meta property=\"og:title\" content=\"Governador inspeciona nova frota de \u00f4nibus de Bayeux e Santa Rita - Notibras\" \/>\n<meta property=\"og:description\" content=\"O governador Ricardo Coutinho, acompanhado de diretores do Departamento de Estradas de Rodagem (DER), inspecionou a nova frota dos \u00f4nibus intermunicipais de Bayeux e Santa Rita, na manh\u00e3 desta segunda-feira (10), que estava exposta na Pra\u00e7a 6 de Junho, em Bayeux. \u201cIsto representa mais seguran\u00e7a e maior mobilidade e o que n\u00f3s precisamos \u00e9 melhoria [&hellip;]\" \/>\n<meta property=\"og:url\" content=\"https:\/\/www.notibras.com\/site\/governador-inspeciona-nova-frota-de-onibus-bayeux-e-santa-rita\/\" \/>\n<meta property=\"og:site_name\" content=\"Notibras\" \/>\n<meta property=\"article:publisher\" content=\"https:\/\/www.facebook.com\/notibras\/\" \/>\n<meta property=\"article:published_time\" content=\"2014-02-11T12:00:15+00:00\" \/>\n<meta property=\"article:modified_time\" content=\"2014-02-11T12:20:22+00:00\" \/>\n<meta property=\"og:image\" content=\"https:\/\/www.notibras.com\/site\/wp-content\/uploads\/2014\/02\/pb17.jpg\" \/>\n\t<meta property=\"og:image:width\" content=\"270\" \/>\n\t<meta property=\"og:image:height\" content=\"179\" \/>\n\t<meta property=\"og:image:type\" content=\"image\/jpeg\" \/>\n<meta name=\"author\" content=\"Reda\u00e7\u00e3o\" \/>\n<meta name=\"twitter:card\" content=\"summary_large_image\" \/>\n<meta name=\"twitter:creator\" content=\"@Notibras\" \/>\n<meta name=\"twitter:site\" content=\"@Notibras\" \/>\n<meta name=\"twitter:label1\" content=\"Escrito por\" \/>\n\t<meta name=\"twitter:data1\" content=\"Reda\u00e7\u00e3o\" \/>\n\t<meta name=\"twitter:label2\" content=\"Est. tempo de leitura\" \/>\n\t<meta name=\"twitter:data2\" content=\"3 minutos\" \/>\n<script type=\"application\/ld+json\" class=\"yoast-schema-graph\">{\"@context\":\"https:\/\/schema.org\",\"@graph\":[{\"@type\":\"Article\",\"@id\":\"https:\/\/www.notibras.com\/site\/governador-inspeciona-nova-frota-de-onibus-bayeux-e-santa-rita\/#article\",\"isPartOf\":{\"@id\":\"https:\/\/www.notibras.com\/site\/governador-inspeciona-nova-frota-de-onibus-bayeux-e-santa-rita\/\"},\"author\":{\"name\":\"Reda\u00e7\u00e3o\",\"@id\":\"https:\/\/www.notibras.com\/site\/#\/schema\/person\/36ab0979449956132d3e5b517ea76ac8\"},\"headline\":\"Governador inspeciona nova frota de \u00f4nibus de Bayeux e Santa Rita\",\"datePublished\":\"2014-02-11T12:00:15+00:00\",\"dateModified\":\"2014-02-11T12:20:22+00:00\",\"mainEntityOfPage\":{\"@id\":\"https:\/\/www.notibras.com\/site\/governador-inspeciona-nova-frota-de-onibus-bayeux-e-santa-rita\/\"},\"wordCount\":511,\"commentCount\":0,\"publisher\":{\"@id\":\"https:\/\/www.notibras.com\/site\/#organization\"},\"image\":{\"@id\":\"https:\/\/www.notibras.com\/site\/governador-inspeciona-nova-frota-de-onibus-bayeux-e-santa-rita\/#primaryimage\"},\"thumbnailUrl\":\"https:\/\/www.notibras.com\/site\/wp-content\/uploads\/2014\/02\/pb17.jpg\",\"articleSection\":[\"Bras\u00edlia\"],\"inLanguage\":\"pt-BR\",\"potentialAction\":[{\"@type\":\"CommentAction\",\"name\":\"Comment\",\"target\":[\"https:\/\/www.notibras.com\/site\/governador-inspeciona-nova-frota-de-onibus-bayeux-e-santa-rita\/#respond\"]}]},{\"@type\":\"WebPage\",\"@id\":\"https:\/\/www.notibras.com\/site\/governador-inspeciona-nova-frota-de-onibus-bayeux-e-santa-rita\/\",\"url\":\"https:\/\/www.notibras.com\/site\/governador-inspeciona-nova-frota-de-onibus-bayeux-e-santa-rita\/\",\"name\":\"Governador inspeciona nova frota de \u00f4nibus de Bayeux e Santa Rita - Notibras\",\"isPartOf\":{\"@id\":\"https:\/\/www.notibras.com\/site\/#website\"},\"primaryImageOfPage\":{\"@id\":\"https:\/\/www.notibras.com\/site\/governador-inspeciona-nova-frota-de-onibus-bayeux-e-santa-rita\/#primaryimage\"},\"image\":{\"@id\":\"https:\/\/www.notibras.com\/site\/governador-inspeciona-nova-frota-de-onibus-bayeux-e-santa-rita\/#primaryimage\"},\"thumbnailUrl\":\"https:\/\/www.notibras.com\/site\/wp-content\/uploads\/2014\/02\/pb17.jpg\",\"datePublished\":\"2014-02-11T12:00:15+00:00\",\"dateModified\":\"2014-02-11T12:20:22+00:00\",\"breadcrumb\":{\"@id\":\"https:\/\/www.notibras.com\/site\/governador-inspeciona-nova-frota-de-onibus-bayeux-e-santa-rita\/#breadcrumb\"},\"inLanguage\":\"pt-BR\",\"potentialAction\":[{\"@type\":\"ReadAction\",\"target\":[\"https:\/\/www.notibras.com\/site\/governador-inspeciona-nova-frota-de-onibus-bayeux-e-santa-rita\/\"]}]},{\"@type\":\"ImageObject\",\"inLanguage\":\"pt-BR\",\"@id\":\"https:\/\/www.notibras.com\/site\/governador-inspeciona-nova-frota-de-onibus-bayeux-e-santa-rita\/#primaryimage\",\"url\":\"https:\/\/www.notibras.com\/site\/wp-content\/uploads\/2014\/02\/pb17.jpg\",\"contentUrl\":\"https:\/\/www.notibras.com\/site\/wp-content\/uploads\/2014\/02\/pb17.jpg\",\"width\":270,\"height\":179},{\"@type\":\"BreadcrumbList\",\"@id\":\"https:\/\/www.notibras.com\/site\/governador-inspeciona-nova-frota-de-onibus-bayeux-e-santa-rita\/#breadcrumb\",\"itemListElement\":[{\"@type\":\"ListItem\",\"position\":1,\"name\":\"In\u00edcio\",\"item\":\"https:\/\/www.notibras.com\/site\/\"},{\"@type\":\"ListItem\",\"position\":2,\"name\":\"Governador inspeciona nova frota de \u00f4nibus de Bayeux e Santa Rita\"}]},{\"@type\":\"WebSite\",\"@id\":\"https:\/\/www.notibras.com\/site\/#website\",\"url\":\"https:\/\/www.notibras.com\/site\/\",\"name\":\"Notibras\",\"description\":\"Not\u00edcias de Bras\u00edlia, do Brasil e do Mundo\",\"publisher\":{\"@id\":\"https:\/\/www.notibras.com\/site\/#organization\"},\"potentialAction\":[{\"@type\":\"SearchAction\",\"target\":{\"@type\":\"EntryPoint\",\"urlTemplate\":\"https:\/\/www.notibras.com\/site\/?s={search_term_string}\"},\"query-input\":{\"@type\":\"PropertyValueSpecification\",\"valueRequired\":true,\"valueName\":\"search_term_string\"}}],\"inLanguage\":\"pt-BR\"},{\"@type\":\"Organization\",\"@id\":\"https:\/\/www.notibras.com\/site\/#organization\",\"name\":\"Grupo Notibras de Comunica\u00e7\u00e3o\",\"url\":\"https:\/\/www.notibras.com\/site\/\",\"logo\":{\"@type\":\"ImageObject\",\"inLanguage\":\"pt-BR\",\"@id\":\"https:\/\/www.notibras.com\/site\/#\/schema\/logo\/image\/\",\"url\":\"https:\/\/www.notibras.com\/site\/wp-content\/uploads\/2023\/01\/notibras23.png\",\"contentUrl\":\"https:\/\/www.notibras.com\/site\/wp-content\/uploads\/2023\/01\/notibras23.png\",\"width\":350,\"height\":87,\"caption\":\"Grupo Notibras de Comunica\u00e7\u00e3o\"},\"image\":{\"@id\":\"https:\/\/www.notibras.com\/site\/#\/schema\/logo\/image\/\"},\"sameAs\":[\"https:\/\/www.facebook.com\/notibras\/\",\"https:\/\/x.com\/Notibras\",\"https:\/\/www.instagram.com\/notibras\/\"]},{\"@type\":\"Person\",\"@id\":\"https:\/\/www.notibras.com\/site\/#\/schema\/person\/36ab0979449956132d3e5b517ea76ac8\",\"name\":\"Reda\u00e7\u00e3o\",\"image\":{\"@type\":\"ImageObject\",\"inLanguage\":\"pt-BR\",\"@id\":\"https:\/\/secure.gravatar.com\/avatar\/e0a867bdedb85fd243eadf09663511f96fc81e0720a4a42581f334ad4303aa6b?s=96&d=mm&r=g\",\"url\":\"https:\/\/secure.gravatar.com\/avatar\/e0a867bdedb85fd243eadf09663511f96fc81e0720a4a42581f334ad4303aa6b?s=96&d=mm&r=g\",\"contentUrl\":\"https:\/\/secure.gravatar.com\/avatar\/e0a867bdedb85fd243eadf09663511f96fc81e0720a4a42581f334ad4303aa6b?s=96&d=mm&r=g\",\"caption\":\"Reda\u00e7\u00e3o\"}}]}<\/script>\n<!-- \/ Yoast SEO plugin. -->","yoast_head_json":{"title":"Governador inspeciona nova frota de \u00f4nibus de Bayeux e Santa Rita - Notibras","robots":{"index":"index","follow":"follow","max-snippet":"max-snippet:-1","max-image-preview":"max-image-preview:large","max-video-preview":"max-video-preview:-1"},"canonical":"https:\/\/www.notibras.com\/site\/governador-inspeciona-nova-frota-de-onibus-bayeux-e-santa-rita\/","og_locale":"pt_BR","og_type":"article","og_title":"Governador inspeciona nova frota de \u00f4nibus de Bayeux e Santa Rita - Notibras","og_description":"O governador Ricardo Coutinho, acompanhado de diretores do Departamento de Estradas de Rodagem (DER), inspecionou a nova frota dos \u00f4nibus intermunicipais de Bayeux e Santa Rita, na manh\u00e3 desta segunda-feira (10), que estava exposta na Pra\u00e7a 6 de Junho, em Bayeux. \u201cIsto representa mais seguran\u00e7a e maior mobilidade e o que n\u00f3s precisamos \u00e9 melhoria [&hellip;]","og_url":"https:\/\/www.notibras.com\/site\/governador-inspeciona-nova-frota-de-onibus-bayeux-e-santa-rita\/","og_site_name":"Notibras","article_publisher":"https:\/\/www.facebook.com\/notibras\/","article_published_time":"2014-02-11T12:00:15+00:00","article_modified_time":"2014-02-11T12:20:22+00:00","og_image":[{"width":270,"height":179,"url":"https:\/\/www.notibras.com\/site\/wp-content\/uploads\/2014\/02\/pb17.jpg","type":"image\/jpeg"}],"author":"Reda\u00e7\u00e3o","twitter_card":"summary_large_image","twitter_creator":"@Notibras","twitter_site":"@Notibras","twitter_misc":{"Escrito por":"Reda\u00e7\u00e3o","Est. tempo de leitura":"3 minutos"},"schema":{"@context":"https:\/\/schema.org","@graph":[{"@type":"Article","@id":"https:\/\/www.notibras.com\/site\/governador-inspeciona-nova-frota-de-onibus-bayeux-e-santa-rita\/#article","isPartOf":{"@id":"https:\/\/www.notibras.com\/site\/governador-inspeciona-nova-frota-de-onibus-bayeux-e-santa-rita\/"},"author":{"name":"Reda\u00e7\u00e3o","@id":"https:\/\/www.notibras.com\/site\/#\/schema\/person\/36ab0979449956132d3e5b517ea76ac8"},"headline":"Governador inspeciona nova frota de \u00f4nibus de Bayeux e Santa Rita","datePublished":"2014-02-11T12:00:15+00:00","dateModified":"2014-02-11T12:20:22+00:00","mainEntityOfPage":{"@id":"https:\/\/www.notibras.com\/site\/governador-inspeciona-nova-frota-de-onibus-bayeux-e-santa-rita\/"},"wordCount":511,"commentCount":0,"publisher":{"@id":"https:\/\/www.notibras.com\/site\/#organization"},"image":{"@id":"https:\/\/www.notibras.com\/site\/governador-inspeciona-nova-frota-de-onibus-bayeux-e-santa-rita\/#primaryimage"},"thumbnailUrl":"https:\/\/www.notibras.com\/site\/wp-content\/uploads\/2014\/02\/pb17.jpg","articleSection":["Bras\u00edlia"],"inLanguage":"pt-BR","potentialAction":[{"@type":"CommentAction","name":"Comment","target":["https:\/\/www.notibras.com\/site\/governador-inspeciona-nova-frota-de-onibus-bayeux-e-santa-rita\/#respond"]}]},{"@type":"WebPage","@id":"https:\/\/www.notibras.com\/site\/governador-inspeciona-nova-frota-de-onibus-bayeux-e-santa-rita\/","url":"https:\/\/www.notibras.com\/site\/governador-inspeciona-nova-frota-de-onibus-bayeux-e-santa-rita\/","name":"Governador inspeciona nova frota de \u00f4nibus de Bayeux e Santa Rita - Notibras","isPartOf":{"@id":"https:\/\/www.notibras.com\/site\/#website"},"primaryImageOfPage":{"@id":"https:\/\/www.notibras.com\/site\/governador-inspeciona-nova-frota-de-onibus-bayeux-e-santa-rita\/#primaryimage"},"image":{"@id":"https:\/\/www.notibras.com\/site\/governador-inspeciona-nova-frota-de-onibus-bayeux-e-santa-rita\/#primaryimage"},"thumbnailUrl":"https:\/\/www.notibras.com\/site\/wp-content\/uploads\/2014\/02\/pb17.jpg","datePublished":"2014-02-11T12:00:15+00:00","dateModified":"2014-02-11T12:20:22+00:00","breadcrumb":{"@id":"https:\/\/www.notibras.com\/site\/governador-inspeciona-nova-frota-de-onibus-bayeux-e-santa-rita\/#breadcrumb"},"inLanguage":"pt-BR","potentialAction":[{"@type":"ReadAction","target":["https:\/\/www.notibras.com\/site\/governador-inspeciona-nova-frota-de-onibus-bayeux-e-santa-rita\/"]}]},{"@type":"ImageObject","inLanguage":"pt-BR","@id":"https:\/\/www.notibras.com\/site\/governador-inspeciona-nova-frota-de-onibus-bayeux-e-santa-rita\/#primaryimage","url":"https:\/\/www.notibras.com\/site\/wp-content\/uploads\/2014\/02\/pb17.jpg","contentUrl":"https:\/\/www.notibras.com\/site\/wp-content\/uploads\/2014\/02\/pb17.jpg","width":270,"height":179},{"@type":"BreadcrumbList","@id":"https:\/\/www.notibras.com\/site\/governador-inspeciona-nova-frota-de-onibus-bayeux-e-santa-rita\/#breadcrumb","itemListElement":[{"@type":"ListItem","position":1,"name":"In\u00edcio","item":"https:\/\/www.notibras.com\/site\/"},{"@type":"ListItem","position":2,"name":"Governador inspeciona nova frota de \u00f4nibus de Bayeux e Santa Rita"}]},{"@type":"WebSite","@id":"https:\/\/www.notibras.com\/site\/#website","url":"https:\/\/www.notibras.com\/site\/","name":"Notibras","description":"Not\u00edcias de Bras\u00edlia, do Brasil e do Mundo","publisher":{"@id":"https:\/\/www.notibras.com\/site\/#organization"},"potentialAction":[{"@type":"SearchAction","target":{"@type":"EntryPoint","urlTemplate":"https:\/\/www.notibras.com\/site\/?s={search_term_string}"},"query-input":{"@type":"PropertyValueSpecification","valueRequired":true,"valueName":"search_term_string"}}],"inLanguage":"pt-BR"},{"@type":"Organization","@id":"https:\/\/www.notibras.com\/site\/#organization","name":"Grupo Notibras de Comunica\u00e7\u00e3o","url":"https:\/\/www.notibras.com\/site\/","logo":{"@type":"ImageObject","inLanguage":"pt-BR","@id":"https:\/\/www.notibras.com\/site\/#\/schema\/logo\/image\/","url":"https:\/\/www.notibras.com\/site\/wp-content\/uploads\/2023\/01\/notibras23.png","contentUrl":"https:\/\/www.notibras.com\/site\/wp-content\/uploads\/2023\/01\/notibras23.png","width":350,"height":87,"caption":"Grupo Notibras de Comunica\u00e7\u00e3o"},"image":{"@id":"https:\/\/www.notibras.com\/site\/#\/schema\/logo\/image\/"},"sameAs":["https:\/\/www.facebook.com\/notibras\/","https:\/\/x.com\/Notibras","https:\/\/www.instagram.com\/notibras\/"]},{"@type":"Person","@id":"https:\/\/www.notibras.com\/site\/#\/schema\/person\/36ab0979449956132d3e5b517ea76ac8","name":"Reda\u00e7\u00e3o","image":{"@type":"ImageObject","inLanguage":"pt-BR","@id":"https:\/\/secure.gravatar.com\/avatar\/e0a867bdedb85fd243eadf09663511f96fc81e0720a4a42581f334ad4303aa6b?s=96&d=mm&r=g","url":"https:\/\/secure.gravatar.com\/avatar\/e0a867bdedb85fd243eadf09663511f96fc81e0720a4a42581f334ad4303aa6b?s=96&d=mm&r=g","contentUrl":"https:\/\/secure.gravatar.com\/avatar\/e0a867bdedb85fd243eadf09663511f96fc81e0720a4a42581f334ad4303aa6b?s=96&d=mm&r=g","caption":"Reda\u00e7\u00e3o"}}]}},"amp_enabled":true,"_links":{"self":[{"href":"https:\/\/www.notibras.com\/site\/wp-json\/wp\/v2\/posts\/1110","targetHints":{"allow":["GET"]}}],"collection":[{"href":"https:\/\/www.notibras.com\/site\/wp-json\/wp\/v2\/posts"}],"about":[{"href":"https:\/\/www.notibras.com\/site\/wp-json\/wp\/v2\/types\/post"}],"author":[{"embeddable":true,"href":"https:\/\/www.notibras.com\/site\/wp-json\/wp\/v2\/users\/2"}],"replies":[{"embeddable":true,"href":"https:\/\/www.notibras.com\/site\/wp-json\/wp\/v2\/comments?post=1110"}],"version-history":[{"count":0,"href":"https:\/\/www.notibras.com\/site\/wp-json\/wp\/v2\/posts\/1110\/revisions"}],"wp:featuredmedia":[{"embeddable":true,"href":"https:\/\/www.notibras.com\/site\/wp-json\/wp\/v2\/media\/1113"}],"wp:attachment":[{"href":"https:\/\/www.notibras.com\/site\/wp-json\/wp\/v2\/media?parent=1110"}],"wp:term":[{"taxonomy":"category","embeddable":true,"href":"https:\/\/www.notibras.com\/site\/wp-json\/wp\/v2\/categories?post=1110"},{"taxonomy":"post_tag","embeddable":true,"href":"https:\/\/www.notibras.com\/site\/wp-json\/wp\/v2\/tags?post=1110"}],"curies":[{"name":"wp","href":"https:\/\/api.w.org\/{rel}","templated":true}]}}