{"id":11106,"date":"2014-05-27T05:54:29","date_gmt":"2014-05-27T08:54:29","guid":{"rendered":"http:\/\/www.notibras.com\/site\/?p=11106"},"modified":"2014-05-27T05:54:29","modified_gmt":"2014-05-27T08:54:29","slug":"zico-ironiza-ney-franco-que-insiste-com-paulinho-e-negueba","status":"publish","type":"post","link":"https:\/\/www.notibras.com\/site\/zico-ironiza-ney-franco-que-insiste-com-paulinho-e-negueba\/","title":{"rendered":"Zico ironiza Ney Franco que insiste com Paulinho e Negueba"},"content":{"rendered":"<p>Zico n\u00e3o tem medo de falar o que pensa e mais uma vez analisou de maneira negativa o trabalho que est\u00e1 sendo feito no Flamengo. O \u00eddolo foi cr\u00edtico com o novo esquema rubro-negro, dizendo achar inaceit\u00e1vel um ataque com Paulinho e Negueba.<\/p>\n<p class=\"text\">&#8220;Ver treinador colocar Negueba e Paulinho no ataque \u00e9 complicado, \u00e9 brincadeira. Precisa ter pelo menos uns quatro ou cinco atacantes. Hernane e Alecsandro est\u00e3o machucados, mas n\u00e3o tem ningu\u00e9m na base? Ningu\u00e9m no juvenil? Eles n\u00e3o s\u00e3o jogadores para decidir nada&#8221;, alfinetou.<\/p>\n<p class=\"text\">Segundo Zico, .Paulinho &#8220;\u00e9 um grande profissional complemento, faz gols e vem jogando bem, mas n\u00e3o \u00e9 fun\u00e7\u00e3o dele decidir. Nunca vi esse Arthur jogar. Ele \u00e9 centroavante de of\u00edcio? Ent\u00e3o voc\u00ea acaba desprestigiando o cara. Ele vai pensar: &#8216;eu sou o \u00fanico de of\u00edcio e fico no banco? O que eu vim fazer aqui?'&#8221;,\u00a0afirmou Zico, criticando Negueba, Paulinho e Ney Franco de uma vez s\u00f3.<\/p>\n<p class=\"text\">No entanto, o ex-jogador poupou o camisa 26 do fardo de ser o vil\u00e3o do empate sem gols com o Santos, no \u00faltimo domingo.<\/p>\n<p class=\"text\">&#8220;N\u00e3o o colocaria como vil\u00e3o, mas l\u00f3gico que foi uma chance das poucas que aconteceram, at\u00e9 porque foi dif\u00edcil de tirar melhores momentos desse jogo. N\u00e3o vi o jogo, estava viajando, mas foi dif\u00edcil de tirar algo de bom. O Flamengo j\u00e1 vinha de um empate com gol no \u00faltimo minuto, contra o Bahia, em que n\u00e3o jogou bem&#8221;, finalizou.<\/p>\n","protected":false},"excerpt":{"rendered":"<p>Zico n\u00e3o tem medo de falar o que pensa e mais uma vez analisou de maneira negativa o trabalho que est\u00e1 sendo feito no Flamengo. O \u00eddolo foi cr\u00edtico com o novo esquema rubro-negro, dizendo achar inaceit\u00e1vel um ataque com Paulinho e Negueba. &#8220;Ver treinador colocar Negueba e Paulinho no ataque \u00e9 complicado, \u00e9 brincadeira. [&hellip;]<\/p>\n","protected":false},"author":2,"featured_media":11107,"comment_status":"open","ping_status":"closed","sticky":false,"template":"","format":"standard","meta":{"_acf_changed":false,"footnotes":""},"categories":[19,29],"tags":[],"class_list":["post-11106","post","type-post","status-publish","format-standard","has-post-thumbnail","hentry","category-esportes","category-futebol"],"acf":[],"yoast_head":"<!-- This site is optimized with the Yoast SEO plugin v27.2 - https:\/\/yoast.com\/product\/yoast-seo-wordpress\/ -->\n<title>Zico ironiza Ney Franco que insiste com Paulinho e Negueba - Notibras<\/title>\n<meta name=\"robots\" content=\"index, follow, max-snippet:-1, max-image-preview:large, max-video-preview:-1\" \/>\n<link rel=\"canonical\" href=\"https:\/\/www.notibras.com\/site\/zico-ironiza-ney-franco-que-insiste-com-paulinho-e-negueba\/\" \/>\n<meta property=\"og:locale\" content=\"pt_BR\" \/>\n<meta property=\"og:type\" content=\"article\" \/>\n<meta property=\"og:title\" content=\"Zico ironiza Ney Franco que insiste com Paulinho e Negueba - Notibras\" \/>\n<meta property=\"og:description\" content=\"Zico n\u00e3o tem medo de falar o que pensa e mais uma vez analisou de maneira negativa o trabalho que est\u00e1 sendo feito no Flamengo. O \u00eddolo foi cr\u00edtico com o novo esquema rubro-negro, dizendo achar inaceit\u00e1vel um ataque com Paulinho e Negueba. &#8220;Ver treinador colocar Negueba e Paulinho no ataque \u00e9 complicado, \u00e9 brincadeira. [&hellip;]\" \/>\n<meta property=\"og:url\" content=\"https:\/\/www.notibras.com\/site\/zico-ironiza-ney-franco-que-insiste-com-paulinho-e-negueba\/\" \/>\n<meta property=\"og:site_name\" content=\"Notibras\" \/>\n<meta property=\"article:publisher\" content=\"https:\/\/www.facebook.com\/notibras\/\" \/>\n<meta property=\"article:published_time\" content=\"2014-05-27T08:54:29+00:00\" \/>\n<meta property=\"og:image\" content=\"https:\/\/www.notibras.com\/site\/wp-content\/uploads\/2014\/05\/url.jpeg\" \/>\n\t<meta property=\"og:image:width\" content=\"620\" \/>\n\t<meta property=\"og:image:height\" content=\"390\" \/>\n\t<meta property=\"og:image:type\" content=\"image\/jpeg\" \/>\n<meta name=\"author\" content=\"Reda\u00e7\u00e3o\" \/>\n<meta name=\"twitter:card\" content=\"summary_large_image\" \/>\n<meta name=\"twitter:creator\" content=\"@Notibras\" \/>\n<meta name=\"twitter:site\" content=\"@Notibras\" \/>\n<meta name=\"twitter:label1\" content=\"Escrito por\" \/>\n\t<meta name=\"twitter:data1\" content=\"Reda\u00e7\u00e3o\" \/>\n\t<meta name=\"twitter:label2\" content=\"Est. tempo de leitura\" \/>\n\t<meta name=\"twitter:data2\" content=\"1 minuto\" \/>\n<script type=\"application\/ld+json\" class=\"yoast-schema-graph\">{\"@context\":\"https:\/\/schema.org\",\"@graph\":[{\"@type\":\"Article\",\"@id\":\"https:\/\/www.notibras.com\/site\/zico-ironiza-ney-franco-que-insiste-com-paulinho-e-negueba\/#article\",\"isPartOf\":{\"@id\":\"https:\/\/www.notibras.com\/site\/zico-ironiza-ney-franco-que-insiste-com-paulinho-e-negueba\/\"},\"author\":{\"name\":\"Reda\u00e7\u00e3o\",\"@id\":\"https:\/\/www.notibras.com\/site\/#\/schema\/person\/36ab0979449956132d3e5b517ea76ac8\"},\"headline\":\"Zico ironiza Ney Franco que insiste com Paulinho e Negueba\",\"datePublished\":\"2014-05-27T08:54:29+00:00\",\"mainEntityOfPage\":{\"@id\":\"https:\/\/www.notibras.com\/site\/zico-ironiza-ney-franco-que-insiste-com-paulinho-e-negueba\/\"},\"wordCount\":264,\"commentCount\":0,\"publisher\":{\"@id\":\"https:\/\/www.notibras.com\/site\/#organization\"},\"image\":{\"@id\":\"https:\/\/www.notibras.com\/site\/zico-ironiza-ney-franco-que-insiste-com-paulinho-e-negueba\/#primaryimage\"},\"thumbnailUrl\":\"https:\/\/www.notibras.com\/site\/wp-content\/uploads\/2014\/05\/url.jpeg\",\"articleSection\":[\"Esportes\",\"Futebol\"],\"inLanguage\":\"pt-BR\",\"potentialAction\":[{\"@type\":\"CommentAction\",\"name\":\"Comment\",\"target\":[\"https:\/\/www.notibras.com\/site\/zico-ironiza-ney-franco-que-insiste-com-paulinho-e-negueba\/#respond\"]}]},{\"@type\":\"WebPage\",\"@id\":\"https:\/\/www.notibras.com\/site\/zico-ironiza-ney-franco-que-insiste-com-paulinho-e-negueba\/\",\"url\":\"https:\/\/www.notibras.com\/site\/zico-ironiza-ney-franco-que-insiste-com-paulinho-e-negueba\/\",\"name\":\"Zico ironiza Ney Franco que insiste com Paulinho e Negueba - Notibras\",\"isPartOf\":{\"@id\":\"https:\/\/www.notibras.com\/site\/#website\"},\"primaryImageOfPage\":{\"@id\":\"https:\/\/www.notibras.com\/site\/zico-ironiza-ney-franco-que-insiste-com-paulinho-e-negueba\/#primaryimage\"},\"image\":{\"@id\":\"https:\/\/www.notibras.com\/site\/zico-ironiza-ney-franco-que-insiste-com-paulinho-e-negueba\/#primaryimage\"},\"thumbnailUrl\":\"https:\/\/www.notibras.com\/site\/wp-content\/uploads\/2014\/05\/url.jpeg\",\"datePublished\":\"2014-05-27T08:54:29+00:00\",\"breadcrumb\":{\"@id\":\"https:\/\/www.notibras.com\/site\/zico-ironiza-ney-franco-que-insiste-com-paulinho-e-negueba\/#breadcrumb\"},\"inLanguage\":\"pt-BR\",\"potentialAction\":[{\"@type\":\"ReadAction\",\"target\":[\"https:\/\/www.notibras.com\/site\/zico-ironiza-ney-franco-que-insiste-com-paulinho-e-negueba\/\"]}]},{\"@type\":\"ImageObject\",\"inLanguage\":\"pt-BR\",\"@id\":\"https:\/\/www.notibras.com\/site\/zico-ironiza-ney-franco-que-insiste-com-paulinho-e-negueba\/#primaryimage\",\"url\":\"https:\/\/www.notibras.com\/site\/wp-content\/uploads\/2014\/05\/url.jpeg\",\"contentUrl\":\"https:\/\/www.notibras.com\/site\/wp-content\/uploads\/2014\/05\/url.jpeg\",\"width\":620,\"height\":390},{\"@type\":\"BreadcrumbList\",\"@id\":\"https:\/\/www.notibras.com\/site\/zico-ironiza-ney-franco-que-insiste-com-paulinho-e-negueba\/#breadcrumb\",\"itemListElement\":[{\"@type\":\"ListItem\",\"position\":1,\"name\":\"In\u00edcio\",\"item\":\"https:\/\/www.notibras.com\/site\/\"},{\"@type\":\"ListItem\",\"position\":2,\"name\":\"Zico ironiza Ney Franco que insiste com Paulinho e Negueba\"}]},{\"@type\":\"WebSite\",\"@id\":\"https:\/\/www.notibras.com\/site\/#website\",\"url\":\"https:\/\/www.notibras.com\/site\/\",\"name\":\"Notibras\",\"description\":\"Not\u00edcias de Bras\u00edlia, do Brasil e do Mundo\",\"publisher\":{\"@id\":\"https:\/\/www.notibras.com\/site\/#organization\"},\"potentialAction\":[{\"@type\":\"SearchAction\",\"target\":{\"@type\":\"EntryPoint\",\"urlTemplate\":\"https:\/\/www.notibras.com\/site\/?s={search_term_string}\"},\"query-input\":{\"@type\":\"PropertyValueSpecification\",\"valueRequired\":true,\"valueName\":\"search_term_string\"}}],\"inLanguage\":\"pt-BR\"},{\"@type\":\"Organization\",\"@id\":\"https:\/\/www.notibras.com\/site\/#organization\",\"name\":\"Grupo Notibras de Comunica\u00e7\u00e3o\",\"url\":\"https:\/\/www.notibras.com\/site\/\",\"logo\":{\"@type\":\"ImageObject\",\"inLanguage\":\"pt-BR\",\"@id\":\"https:\/\/www.notibras.com\/site\/#\/schema\/logo\/image\/\",\"url\":\"https:\/\/www.notibras.com\/site\/wp-content\/uploads\/2023\/01\/notibras23.png\",\"contentUrl\":\"https:\/\/www.notibras.com\/site\/wp-content\/uploads\/2023\/01\/notibras23.png\",\"width\":350,\"height\":87,\"caption\":\"Grupo Notibras de Comunica\u00e7\u00e3o\"},\"image\":{\"@id\":\"https:\/\/www.notibras.com\/site\/#\/schema\/logo\/image\/\"},\"sameAs\":[\"https:\/\/www.facebook.com\/notibras\/\",\"https:\/\/x.com\/Notibras\",\"https:\/\/www.instagram.com\/notibras\/\"]},{\"@type\":\"Person\",\"@id\":\"https:\/\/www.notibras.com\/site\/#\/schema\/person\/36ab0979449956132d3e5b517ea76ac8\",\"name\":\"Reda\u00e7\u00e3o\",\"image\":{\"@type\":\"ImageObject\",\"inLanguage\":\"pt-BR\",\"@id\":\"https:\/\/secure.gravatar.com\/avatar\/e0a867bdedb85fd243eadf09663511f96fc81e0720a4a42581f334ad4303aa6b?s=96&d=mm&r=g\",\"url\":\"https:\/\/secure.gravatar.com\/avatar\/e0a867bdedb85fd243eadf09663511f96fc81e0720a4a42581f334ad4303aa6b?s=96&d=mm&r=g\",\"contentUrl\":\"https:\/\/secure.gravatar.com\/avatar\/e0a867bdedb85fd243eadf09663511f96fc81e0720a4a42581f334ad4303aa6b?s=96&d=mm&r=g\",\"caption\":\"Reda\u00e7\u00e3o\"}}]}<\/script>\n<!-- \/ Yoast SEO plugin. -->","yoast_head_json":{"title":"Zico ironiza Ney Franco que insiste com Paulinho e Negueba - Notibras","robots":{"index":"index","follow":"follow","max-snippet":"max-snippet:-1","max-image-preview":"max-image-preview:large","max-video-preview":"max-video-preview:-1"},"canonical":"https:\/\/www.notibras.com\/site\/zico-ironiza-ney-franco-que-insiste-com-paulinho-e-negueba\/","og_locale":"pt_BR","og_type":"article","og_title":"Zico ironiza Ney Franco que insiste com Paulinho e Negueba - Notibras","og_description":"Zico n\u00e3o tem medo de falar o que pensa e mais uma vez analisou de maneira negativa o trabalho que est\u00e1 sendo feito no Flamengo. O \u00eddolo foi cr\u00edtico com o novo esquema rubro-negro, dizendo achar inaceit\u00e1vel um ataque com Paulinho e Negueba. &#8220;Ver treinador colocar Negueba e Paulinho no ataque \u00e9 complicado, \u00e9 brincadeira. [&hellip;]","og_url":"https:\/\/www.notibras.com\/site\/zico-ironiza-ney-franco-que-insiste-com-paulinho-e-negueba\/","og_site_name":"Notibras","article_publisher":"https:\/\/www.facebook.com\/notibras\/","article_published_time":"2014-05-27T08:54:29+00:00","og_image":[{"width":620,"height":390,"url":"https:\/\/www.notibras.com\/site\/wp-content\/uploads\/2014\/05\/url.jpeg","type":"image\/jpeg"}],"author":"Reda\u00e7\u00e3o","twitter_card":"summary_large_image","twitter_creator":"@Notibras","twitter_site":"@Notibras","twitter_misc":{"Escrito por":"Reda\u00e7\u00e3o","Est. tempo de leitura":"1 minuto"},"schema":{"@context":"https:\/\/schema.org","@graph":[{"@type":"Article","@id":"https:\/\/www.notibras.com\/site\/zico-ironiza-ney-franco-que-insiste-com-paulinho-e-negueba\/#article","isPartOf":{"@id":"https:\/\/www.notibras.com\/site\/zico-ironiza-ney-franco-que-insiste-com-paulinho-e-negueba\/"},"author":{"name":"Reda\u00e7\u00e3o","@id":"https:\/\/www.notibras.com\/site\/#\/schema\/person\/36ab0979449956132d3e5b517ea76ac8"},"headline":"Zico ironiza Ney Franco que insiste com Paulinho e Negueba","datePublished":"2014-05-27T08:54:29+00:00","mainEntityOfPage":{"@id":"https:\/\/www.notibras.com\/site\/zico-ironiza-ney-franco-que-insiste-com-paulinho-e-negueba\/"},"wordCount":264,"commentCount":0,"publisher":{"@id":"https:\/\/www.notibras.com\/site\/#organization"},"image":{"@id":"https:\/\/www.notibras.com\/site\/zico-ironiza-ney-franco-que-insiste-com-paulinho-e-negueba\/#primaryimage"},"thumbnailUrl":"https:\/\/www.notibras.com\/site\/wp-content\/uploads\/2014\/05\/url.jpeg","articleSection":["Esportes","Futebol"],"inLanguage":"pt-BR","potentialAction":[{"@type":"CommentAction","name":"Comment","target":["https:\/\/www.notibras.com\/site\/zico-ironiza-ney-franco-que-insiste-com-paulinho-e-negueba\/#respond"]}]},{"@type":"WebPage","@id":"https:\/\/www.notibras.com\/site\/zico-ironiza-ney-franco-que-insiste-com-paulinho-e-negueba\/","url":"https:\/\/www.notibras.com\/site\/zico-ironiza-ney-franco-que-insiste-com-paulinho-e-negueba\/","name":"Zico ironiza Ney Franco que insiste com Paulinho e Negueba - Notibras","isPartOf":{"@id":"https:\/\/www.notibras.com\/site\/#website"},"primaryImageOfPage":{"@id":"https:\/\/www.notibras.com\/site\/zico-ironiza-ney-franco-que-insiste-com-paulinho-e-negueba\/#primaryimage"},"image":{"@id":"https:\/\/www.notibras.com\/site\/zico-ironiza-ney-franco-que-insiste-com-paulinho-e-negueba\/#primaryimage"},"thumbnailUrl":"https:\/\/www.notibras.com\/site\/wp-content\/uploads\/2014\/05\/url.jpeg","datePublished":"2014-05-27T08:54:29+00:00","breadcrumb":{"@id":"https:\/\/www.notibras.com\/site\/zico-ironiza-ney-franco-que-insiste-com-paulinho-e-negueba\/#breadcrumb"},"inLanguage":"pt-BR","potentialAction":[{"@type":"ReadAction","target":["https:\/\/www.notibras.com\/site\/zico-ironiza-ney-franco-que-insiste-com-paulinho-e-negueba\/"]}]},{"@type":"ImageObject","inLanguage":"pt-BR","@id":"https:\/\/www.notibras.com\/site\/zico-ironiza-ney-franco-que-insiste-com-paulinho-e-negueba\/#primaryimage","url":"https:\/\/www.notibras.com\/site\/wp-content\/uploads\/2014\/05\/url.jpeg","contentUrl":"https:\/\/www.notibras.com\/site\/wp-content\/uploads\/2014\/05\/url.jpeg","width":620,"height":390},{"@type":"BreadcrumbList","@id":"https:\/\/www.notibras.com\/site\/zico-ironiza-ney-franco-que-insiste-com-paulinho-e-negueba\/#breadcrumb","itemListElement":[{"@type":"ListItem","position":1,"name":"In\u00edcio","item":"https:\/\/www.notibras.com\/site\/"},{"@type":"ListItem","position":2,"name":"Zico ironiza Ney Franco que insiste com Paulinho e Negueba"}]},{"@type":"WebSite","@id":"https:\/\/www.notibras.com\/site\/#website","url":"https:\/\/www.notibras.com\/site\/","name":"Notibras","description":"Not\u00edcias de Bras\u00edlia, do Brasil e do Mundo","publisher":{"@id":"https:\/\/www.notibras.com\/site\/#organization"},"potentialAction":[{"@type":"SearchAction","target":{"@type":"EntryPoint","urlTemplate":"https:\/\/www.notibras.com\/site\/?s={search_term_string}"},"query-input":{"@type":"PropertyValueSpecification","valueRequired":true,"valueName":"search_term_string"}}],"inLanguage":"pt-BR"},{"@type":"Organization","@id":"https:\/\/www.notibras.com\/site\/#organization","name":"Grupo Notibras de Comunica\u00e7\u00e3o","url":"https:\/\/www.notibras.com\/site\/","logo":{"@type":"ImageObject","inLanguage":"pt-BR","@id":"https:\/\/www.notibras.com\/site\/#\/schema\/logo\/image\/","url":"https:\/\/www.notibras.com\/site\/wp-content\/uploads\/2023\/01\/notibras23.png","contentUrl":"https:\/\/www.notibras.com\/site\/wp-content\/uploads\/2023\/01\/notibras23.png","width":350,"height":87,"caption":"Grupo Notibras de Comunica\u00e7\u00e3o"},"image":{"@id":"https:\/\/www.notibras.com\/site\/#\/schema\/logo\/image\/"},"sameAs":["https:\/\/www.facebook.com\/notibras\/","https:\/\/x.com\/Notibras","https:\/\/www.instagram.com\/notibras\/"]},{"@type":"Person","@id":"https:\/\/www.notibras.com\/site\/#\/schema\/person\/36ab0979449956132d3e5b517ea76ac8","name":"Reda\u00e7\u00e3o","image":{"@type":"ImageObject","inLanguage":"pt-BR","@id":"https:\/\/secure.gravatar.com\/avatar\/e0a867bdedb85fd243eadf09663511f96fc81e0720a4a42581f334ad4303aa6b?s=96&d=mm&r=g","url":"https:\/\/secure.gravatar.com\/avatar\/e0a867bdedb85fd243eadf09663511f96fc81e0720a4a42581f334ad4303aa6b?s=96&d=mm&r=g","contentUrl":"https:\/\/secure.gravatar.com\/avatar\/e0a867bdedb85fd243eadf09663511f96fc81e0720a4a42581f334ad4303aa6b?s=96&d=mm&r=g","caption":"Reda\u00e7\u00e3o"}}]}},"amp_enabled":true,"_links":{"self":[{"href":"https:\/\/www.notibras.com\/site\/wp-json\/wp\/v2\/posts\/11106","targetHints":{"allow":["GET"]}}],"collection":[{"href":"https:\/\/www.notibras.com\/site\/wp-json\/wp\/v2\/posts"}],"about":[{"href":"https:\/\/www.notibras.com\/site\/wp-json\/wp\/v2\/types\/post"}],"author":[{"embeddable":true,"href":"https:\/\/www.notibras.com\/site\/wp-json\/wp\/v2\/users\/2"}],"replies":[{"embeddable":true,"href":"https:\/\/www.notibras.com\/site\/wp-json\/wp\/v2\/comments?post=11106"}],"version-history":[{"count":0,"href":"https:\/\/www.notibras.com\/site\/wp-json\/wp\/v2\/posts\/11106\/revisions"}],"wp:featuredmedia":[{"embeddable":true,"href":"https:\/\/www.notibras.com\/site\/wp-json\/wp\/v2\/media\/11107"}],"wp:attachment":[{"href":"https:\/\/www.notibras.com\/site\/wp-json\/wp\/v2\/media?parent=11106"}],"wp:term":[{"taxonomy":"category","embeddable":true,"href":"https:\/\/www.notibras.com\/site\/wp-json\/wp\/v2\/categories?post=11106"},{"taxonomy":"post_tag","embeddable":true,"href":"https:\/\/www.notibras.com\/site\/wp-json\/wp\/v2\/tags?post=11106"}],"curies":[{"name":"wp","href":"https:\/\/api.w.org\/{rel}","templated":true}]}}