{"id":11112,"date":"2014-05-27T04:03:43","date_gmt":"2014-05-27T07:03:43","guid":{"rendered":"http:\/\/www.notibras.com\/site\/?p=11112"},"modified":"2014-05-27T06:05:55","modified_gmt":"2014-05-27T09:05:55","slug":"kalil-confirma-saida-de-fernandinho-do-atletico-mineiro","status":"publish","type":"post","link":"https:\/\/www.notibras.com\/site\/kalil-confirma-saida-de-fernandinho-do-atletico-mineiro\/","title":{"rendered":"Kalil confirma sa\u00edda de Fernandinho do Atl\u00e9tico Mineiro"},"content":{"rendered":"<p>residente do Atl\u00e9tico-MG, Alexandre Kalil, anunciou, por meio do Twitter, que o atacante Fernandinho realmente n\u00e3o continuar\u00e1 no time. <a href=\"http:\/\/esportes.terra.com.br\/atletico-mg\/fernandinho-foge-de-setimo-jogo-e-deve-deixar-atletico-mg,8cbfbe3e7af26410VgnCLD200000b0bf46d0RCRD.html\" target=\"_blank\">O <\/a>contrato foi suspenso e a equipe mineira n\u00e3o se esfor\u00e7ar\u00e1 mais para manter ele.<\/p>\n<p class=\"text\">&#8220;Resolvi. Fernandinho, siga sua vida. Tchau e b\u00ean\u00e7\u00e3o&#8221;, sentenciou o mandat\u00e1rio do Atl\u00e9tico-MG na rede social.<\/p>\n<p class=\"text\">O atacante tinha contrato com o Atl\u00e9tico-MG at\u00e9 julho e, com a renova\u00e7\u00e3o emperrada, preferiu n\u00e3o atuar contra o Crici\u00fama &#8211; o duelo seria o\u00a0s\u00e9timo jogo dele no Campeonato Brasileiro e impediria uma transfer\u00eancia para outra equipe da S\u00e9rie A. O contrato foi imediatamente suspenso no Atl\u00e9tico-MG por causa da atitude.<\/p>\n<p class=\"text\">Fernandinho chegou a Belo Horizonte no segundo semestre de 2013\u00a0para substituir o jovem Bernard, que foi vendido ao Shakhtar Donetsk, da Ucr\u00e2nia.<\/p>\n<p class=\"text\">No Brasileiro do ano passado, o jogador viveu bons momentos. Neste ano, foi muito criticado com partidas ruins\u00a0e nos \u00faltimos tempos a torcida atleticana questionou se era realmente importante renovar o contrato.<\/p>\n<p class=\"text\">\n","protected":false},"excerpt":{"rendered":"<p>residente do Atl\u00e9tico-MG, Alexandre Kalil, anunciou, por meio do Twitter, que o atacante Fernandinho realmente n\u00e3o continuar\u00e1 no time. O contrato foi suspenso e a equipe mineira n\u00e3o se esfor\u00e7ar\u00e1 mais para manter ele. &#8220;Resolvi. Fernandinho, siga sua vida. Tchau e b\u00ean\u00e7\u00e3o&#8221;, sentenciou o mandat\u00e1rio do Atl\u00e9tico-MG na rede social. O atacante tinha contrato com [&hellip;]<\/p>\n","protected":false},"author":2,"featured_media":11113,"comment_status":"open","ping_status":"closed","sticky":false,"template":"","format":"standard","meta":{"_acf_changed":false,"footnotes":""},"categories":[19,29],"tags":[],"class_list":["post-11112","post","type-post","status-publish","format-standard","has-post-thumbnail","hentry","category-esportes","category-futebol"],"acf":[],"yoast_head":"<!-- This site is optimized with the Yoast SEO plugin v27.2 - https:\/\/yoast.com\/product\/yoast-seo-wordpress\/ -->\n<title>Kalil confirma sa\u00edda de Fernandinho do Atl\u00e9tico Mineiro - Notibras<\/title>\n<meta name=\"robots\" content=\"index, follow, max-snippet:-1, max-image-preview:large, max-video-preview:-1\" \/>\n<link rel=\"canonical\" href=\"https:\/\/www.notibras.com\/site\/kalil-confirma-saida-de-fernandinho-do-atletico-mineiro\/\" \/>\n<meta property=\"og:locale\" content=\"pt_BR\" \/>\n<meta property=\"og:type\" content=\"article\" \/>\n<meta property=\"og:title\" content=\"Kalil confirma sa\u00edda de Fernandinho do Atl\u00e9tico Mineiro - Notibras\" \/>\n<meta property=\"og:description\" content=\"residente do Atl\u00e9tico-MG, Alexandre Kalil, anunciou, por meio do Twitter, que o atacante Fernandinho realmente n\u00e3o continuar\u00e1 no time. O contrato foi suspenso e a equipe mineira n\u00e3o se esfor\u00e7ar\u00e1 mais para manter ele. &#8220;Resolvi. Fernandinho, siga sua vida. Tchau e b\u00ean\u00e7\u00e3o&#8221;, sentenciou o mandat\u00e1rio do Atl\u00e9tico-MG na rede social. O atacante tinha contrato com [&hellip;]\" \/>\n<meta property=\"og:url\" content=\"https:\/\/www.notibras.com\/site\/kalil-confirma-saida-de-fernandinho-do-atletico-mineiro\/\" \/>\n<meta property=\"og:site_name\" content=\"Notibras\" \/>\n<meta property=\"article:publisher\" content=\"https:\/\/www.facebook.com\/notibras\/\" \/>\n<meta property=\"article:published_time\" content=\"2014-05-27T07:03:43+00:00\" \/>\n<meta property=\"article:modified_time\" content=\"2014-05-27T09:05:55+00:00\" \/>\n<meta property=\"og:image\" content=\"https:\/\/www.notibras.com\/site\/wp-content\/uploads\/2014\/05\/fernandinhoapontaefe.jpg\" \/>\n\t<meta property=\"og:image:width\" content=\"460\" \/>\n\t<meta property=\"og:image:height\" content=\"340\" \/>\n\t<meta property=\"og:image:type\" content=\"image\/jpeg\" \/>\n<meta name=\"author\" content=\"Reda\u00e7\u00e3o\" \/>\n<meta name=\"twitter:card\" content=\"summary_large_image\" \/>\n<meta name=\"twitter:creator\" content=\"@Notibras\" \/>\n<meta name=\"twitter:site\" content=\"@Notibras\" \/>\n<meta name=\"twitter:label1\" content=\"Escrito por\" \/>\n\t<meta name=\"twitter:data1\" content=\"Reda\u00e7\u00e3o\" \/>\n\t<meta name=\"twitter:label2\" content=\"Est. tempo de leitura\" \/>\n\t<meta name=\"twitter:data2\" content=\"1 minuto\" \/>\n<script type=\"application\/ld+json\" class=\"yoast-schema-graph\">{\"@context\":\"https:\/\/schema.org\",\"@graph\":[{\"@type\":\"Article\",\"@id\":\"https:\/\/www.notibras.com\/site\/kalil-confirma-saida-de-fernandinho-do-atletico-mineiro\/#article\",\"isPartOf\":{\"@id\":\"https:\/\/www.notibras.com\/site\/kalil-confirma-saida-de-fernandinho-do-atletico-mineiro\/\"},\"author\":{\"name\":\"Reda\u00e7\u00e3o\",\"@id\":\"https:\/\/www.notibras.com\/site\/#\/schema\/person\/36ab0979449956132d3e5b517ea76ac8\"},\"headline\":\"Kalil confirma sa\u00edda de Fernandinho do Atl\u00e9tico Mineiro\",\"datePublished\":\"2014-05-27T07:03:43+00:00\",\"dateModified\":\"2014-05-27T09:05:55+00:00\",\"mainEntityOfPage\":{\"@id\":\"https:\/\/www.notibras.com\/site\/kalil-confirma-saida-de-fernandinho-do-atletico-mineiro\/\"},\"wordCount\":184,\"commentCount\":0,\"publisher\":{\"@id\":\"https:\/\/www.notibras.com\/site\/#organization\"},\"image\":{\"@id\":\"https:\/\/www.notibras.com\/site\/kalil-confirma-saida-de-fernandinho-do-atletico-mineiro\/#primaryimage\"},\"thumbnailUrl\":\"https:\/\/www.notibras.com\/site\/wp-content\/uploads\/2014\/05\/fernandinhoapontaefe.jpg\",\"articleSection\":[\"Esportes\",\"Futebol\"],\"inLanguage\":\"pt-BR\",\"potentialAction\":[{\"@type\":\"CommentAction\",\"name\":\"Comment\",\"target\":[\"https:\/\/www.notibras.com\/site\/kalil-confirma-saida-de-fernandinho-do-atletico-mineiro\/#respond\"]}]},{\"@type\":\"WebPage\",\"@id\":\"https:\/\/www.notibras.com\/site\/kalil-confirma-saida-de-fernandinho-do-atletico-mineiro\/\",\"url\":\"https:\/\/www.notibras.com\/site\/kalil-confirma-saida-de-fernandinho-do-atletico-mineiro\/\",\"name\":\"Kalil confirma sa\u00edda de Fernandinho do Atl\u00e9tico Mineiro - Notibras\",\"isPartOf\":{\"@id\":\"https:\/\/www.notibras.com\/site\/#website\"},\"primaryImageOfPage\":{\"@id\":\"https:\/\/www.notibras.com\/site\/kalil-confirma-saida-de-fernandinho-do-atletico-mineiro\/#primaryimage\"},\"image\":{\"@id\":\"https:\/\/www.notibras.com\/site\/kalil-confirma-saida-de-fernandinho-do-atletico-mineiro\/#primaryimage\"},\"thumbnailUrl\":\"https:\/\/www.notibras.com\/site\/wp-content\/uploads\/2014\/05\/fernandinhoapontaefe.jpg\",\"datePublished\":\"2014-05-27T07:03:43+00:00\",\"dateModified\":\"2014-05-27T09:05:55+00:00\",\"breadcrumb\":{\"@id\":\"https:\/\/www.notibras.com\/site\/kalil-confirma-saida-de-fernandinho-do-atletico-mineiro\/#breadcrumb\"},\"inLanguage\":\"pt-BR\",\"potentialAction\":[{\"@type\":\"ReadAction\",\"target\":[\"https:\/\/www.notibras.com\/site\/kalil-confirma-saida-de-fernandinho-do-atletico-mineiro\/\"]}]},{\"@type\":\"ImageObject\",\"inLanguage\":\"pt-BR\",\"@id\":\"https:\/\/www.notibras.com\/site\/kalil-confirma-saida-de-fernandinho-do-atletico-mineiro\/#primaryimage\",\"url\":\"https:\/\/www.notibras.com\/site\/wp-content\/uploads\/2014\/05\/fernandinhoapontaefe.jpg\",\"contentUrl\":\"https:\/\/www.notibras.com\/site\/wp-content\/uploads\/2014\/05\/fernandinhoapontaefe.jpg\",\"width\":460,\"height\":340},{\"@type\":\"BreadcrumbList\",\"@id\":\"https:\/\/www.notibras.com\/site\/kalil-confirma-saida-de-fernandinho-do-atletico-mineiro\/#breadcrumb\",\"itemListElement\":[{\"@type\":\"ListItem\",\"position\":1,\"name\":\"In\u00edcio\",\"item\":\"https:\/\/www.notibras.com\/site\/\"},{\"@type\":\"ListItem\",\"position\":2,\"name\":\"Kalil confirma sa\u00edda de Fernandinho do Atl\u00e9tico Mineiro\"}]},{\"@type\":\"WebSite\",\"@id\":\"https:\/\/www.notibras.com\/site\/#website\",\"url\":\"https:\/\/www.notibras.com\/site\/\",\"name\":\"Notibras\",\"description\":\"Not\u00edcias de Bras\u00edlia, do Brasil e do Mundo\",\"publisher\":{\"@id\":\"https:\/\/www.notibras.com\/site\/#organization\"},\"potentialAction\":[{\"@type\":\"SearchAction\",\"target\":{\"@type\":\"EntryPoint\",\"urlTemplate\":\"https:\/\/www.notibras.com\/site\/?s={search_term_string}\"},\"query-input\":{\"@type\":\"PropertyValueSpecification\",\"valueRequired\":true,\"valueName\":\"search_term_string\"}}],\"inLanguage\":\"pt-BR\"},{\"@type\":\"Organization\",\"@id\":\"https:\/\/www.notibras.com\/site\/#organization\",\"name\":\"Grupo Notibras de Comunica\u00e7\u00e3o\",\"url\":\"https:\/\/www.notibras.com\/site\/\",\"logo\":{\"@type\":\"ImageObject\",\"inLanguage\":\"pt-BR\",\"@id\":\"https:\/\/www.notibras.com\/site\/#\/schema\/logo\/image\/\",\"url\":\"https:\/\/www.notibras.com\/site\/wp-content\/uploads\/2023\/01\/notibras23.png\",\"contentUrl\":\"https:\/\/www.notibras.com\/site\/wp-content\/uploads\/2023\/01\/notibras23.png\",\"width\":350,\"height\":87,\"caption\":\"Grupo Notibras de Comunica\u00e7\u00e3o\"},\"image\":{\"@id\":\"https:\/\/www.notibras.com\/site\/#\/schema\/logo\/image\/\"},\"sameAs\":[\"https:\/\/www.facebook.com\/notibras\/\",\"https:\/\/x.com\/Notibras\",\"https:\/\/www.instagram.com\/notibras\/\"]},{\"@type\":\"Person\",\"@id\":\"https:\/\/www.notibras.com\/site\/#\/schema\/person\/36ab0979449956132d3e5b517ea76ac8\",\"name\":\"Reda\u00e7\u00e3o\",\"image\":{\"@type\":\"ImageObject\",\"inLanguage\":\"pt-BR\",\"@id\":\"https:\/\/secure.gravatar.com\/avatar\/e0a867bdedb85fd243eadf09663511f96fc81e0720a4a42581f334ad4303aa6b?s=96&d=mm&r=g\",\"url\":\"https:\/\/secure.gravatar.com\/avatar\/e0a867bdedb85fd243eadf09663511f96fc81e0720a4a42581f334ad4303aa6b?s=96&d=mm&r=g\",\"contentUrl\":\"https:\/\/secure.gravatar.com\/avatar\/e0a867bdedb85fd243eadf09663511f96fc81e0720a4a42581f334ad4303aa6b?s=96&d=mm&r=g\",\"caption\":\"Reda\u00e7\u00e3o\"}}]}<\/script>\n<!-- \/ Yoast SEO plugin. -->","yoast_head_json":{"title":"Kalil confirma sa\u00edda de Fernandinho do Atl\u00e9tico Mineiro - Notibras","robots":{"index":"index","follow":"follow","max-snippet":"max-snippet:-1","max-image-preview":"max-image-preview:large","max-video-preview":"max-video-preview:-1"},"canonical":"https:\/\/www.notibras.com\/site\/kalil-confirma-saida-de-fernandinho-do-atletico-mineiro\/","og_locale":"pt_BR","og_type":"article","og_title":"Kalil confirma sa\u00edda de Fernandinho do Atl\u00e9tico Mineiro - Notibras","og_description":"residente do Atl\u00e9tico-MG, Alexandre Kalil, anunciou, por meio do Twitter, que o atacante Fernandinho realmente n\u00e3o continuar\u00e1 no time. O contrato foi suspenso e a equipe mineira n\u00e3o se esfor\u00e7ar\u00e1 mais para manter ele. &#8220;Resolvi. Fernandinho, siga sua vida. Tchau e b\u00ean\u00e7\u00e3o&#8221;, sentenciou o mandat\u00e1rio do Atl\u00e9tico-MG na rede social. O atacante tinha contrato com [&hellip;]","og_url":"https:\/\/www.notibras.com\/site\/kalil-confirma-saida-de-fernandinho-do-atletico-mineiro\/","og_site_name":"Notibras","article_publisher":"https:\/\/www.facebook.com\/notibras\/","article_published_time":"2014-05-27T07:03:43+00:00","article_modified_time":"2014-05-27T09:05:55+00:00","og_image":[{"width":460,"height":340,"url":"https:\/\/www.notibras.com\/site\/wp-content\/uploads\/2014\/05\/fernandinhoapontaefe.jpg","type":"image\/jpeg"}],"author":"Reda\u00e7\u00e3o","twitter_card":"summary_large_image","twitter_creator":"@Notibras","twitter_site":"@Notibras","twitter_misc":{"Escrito por":"Reda\u00e7\u00e3o","Est. tempo de leitura":"1 minuto"},"schema":{"@context":"https:\/\/schema.org","@graph":[{"@type":"Article","@id":"https:\/\/www.notibras.com\/site\/kalil-confirma-saida-de-fernandinho-do-atletico-mineiro\/#article","isPartOf":{"@id":"https:\/\/www.notibras.com\/site\/kalil-confirma-saida-de-fernandinho-do-atletico-mineiro\/"},"author":{"name":"Reda\u00e7\u00e3o","@id":"https:\/\/www.notibras.com\/site\/#\/schema\/person\/36ab0979449956132d3e5b517ea76ac8"},"headline":"Kalil confirma sa\u00edda de Fernandinho do Atl\u00e9tico Mineiro","datePublished":"2014-05-27T07:03:43+00:00","dateModified":"2014-05-27T09:05:55+00:00","mainEntityOfPage":{"@id":"https:\/\/www.notibras.com\/site\/kalil-confirma-saida-de-fernandinho-do-atletico-mineiro\/"},"wordCount":184,"commentCount":0,"publisher":{"@id":"https:\/\/www.notibras.com\/site\/#organization"},"image":{"@id":"https:\/\/www.notibras.com\/site\/kalil-confirma-saida-de-fernandinho-do-atletico-mineiro\/#primaryimage"},"thumbnailUrl":"https:\/\/www.notibras.com\/site\/wp-content\/uploads\/2014\/05\/fernandinhoapontaefe.jpg","articleSection":["Esportes","Futebol"],"inLanguage":"pt-BR","potentialAction":[{"@type":"CommentAction","name":"Comment","target":["https:\/\/www.notibras.com\/site\/kalil-confirma-saida-de-fernandinho-do-atletico-mineiro\/#respond"]}]},{"@type":"WebPage","@id":"https:\/\/www.notibras.com\/site\/kalil-confirma-saida-de-fernandinho-do-atletico-mineiro\/","url":"https:\/\/www.notibras.com\/site\/kalil-confirma-saida-de-fernandinho-do-atletico-mineiro\/","name":"Kalil confirma sa\u00edda de Fernandinho do Atl\u00e9tico Mineiro - Notibras","isPartOf":{"@id":"https:\/\/www.notibras.com\/site\/#website"},"primaryImageOfPage":{"@id":"https:\/\/www.notibras.com\/site\/kalil-confirma-saida-de-fernandinho-do-atletico-mineiro\/#primaryimage"},"image":{"@id":"https:\/\/www.notibras.com\/site\/kalil-confirma-saida-de-fernandinho-do-atletico-mineiro\/#primaryimage"},"thumbnailUrl":"https:\/\/www.notibras.com\/site\/wp-content\/uploads\/2014\/05\/fernandinhoapontaefe.jpg","datePublished":"2014-05-27T07:03:43+00:00","dateModified":"2014-05-27T09:05:55+00:00","breadcrumb":{"@id":"https:\/\/www.notibras.com\/site\/kalil-confirma-saida-de-fernandinho-do-atletico-mineiro\/#breadcrumb"},"inLanguage":"pt-BR","potentialAction":[{"@type":"ReadAction","target":["https:\/\/www.notibras.com\/site\/kalil-confirma-saida-de-fernandinho-do-atletico-mineiro\/"]}]},{"@type":"ImageObject","inLanguage":"pt-BR","@id":"https:\/\/www.notibras.com\/site\/kalil-confirma-saida-de-fernandinho-do-atletico-mineiro\/#primaryimage","url":"https:\/\/www.notibras.com\/site\/wp-content\/uploads\/2014\/05\/fernandinhoapontaefe.jpg","contentUrl":"https:\/\/www.notibras.com\/site\/wp-content\/uploads\/2014\/05\/fernandinhoapontaefe.jpg","width":460,"height":340},{"@type":"BreadcrumbList","@id":"https:\/\/www.notibras.com\/site\/kalil-confirma-saida-de-fernandinho-do-atletico-mineiro\/#breadcrumb","itemListElement":[{"@type":"ListItem","position":1,"name":"In\u00edcio","item":"https:\/\/www.notibras.com\/site\/"},{"@type":"ListItem","position":2,"name":"Kalil confirma sa\u00edda de Fernandinho do Atl\u00e9tico Mineiro"}]},{"@type":"WebSite","@id":"https:\/\/www.notibras.com\/site\/#website","url":"https:\/\/www.notibras.com\/site\/","name":"Notibras","description":"Not\u00edcias de Bras\u00edlia, do Brasil e do Mundo","publisher":{"@id":"https:\/\/www.notibras.com\/site\/#organization"},"potentialAction":[{"@type":"SearchAction","target":{"@type":"EntryPoint","urlTemplate":"https:\/\/www.notibras.com\/site\/?s={search_term_string}"},"query-input":{"@type":"PropertyValueSpecification","valueRequired":true,"valueName":"search_term_string"}}],"inLanguage":"pt-BR"},{"@type":"Organization","@id":"https:\/\/www.notibras.com\/site\/#organization","name":"Grupo Notibras de Comunica\u00e7\u00e3o","url":"https:\/\/www.notibras.com\/site\/","logo":{"@type":"ImageObject","inLanguage":"pt-BR","@id":"https:\/\/www.notibras.com\/site\/#\/schema\/logo\/image\/","url":"https:\/\/www.notibras.com\/site\/wp-content\/uploads\/2023\/01\/notibras23.png","contentUrl":"https:\/\/www.notibras.com\/site\/wp-content\/uploads\/2023\/01\/notibras23.png","width":350,"height":87,"caption":"Grupo Notibras de Comunica\u00e7\u00e3o"},"image":{"@id":"https:\/\/www.notibras.com\/site\/#\/schema\/logo\/image\/"},"sameAs":["https:\/\/www.facebook.com\/notibras\/","https:\/\/x.com\/Notibras","https:\/\/www.instagram.com\/notibras\/"]},{"@type":"Person","@id":"https:\/\/www.notibras.com\/site\/#\/schema\/person\/36ab0979449956132d3e5b517ea76ac8","name":"Reda\u00e7\u00e3o","image":{"@type":"ImageObject","inLanguage":"pt-BR","@id":"https:\/\/secure.gravatar.com\/avatar\/e0a867bdedb85fd243eadf09663511f96fc81e0720a4a42581f334ad4303aa6b?s=96&d=mm&r=g","url":"https:\/\/secure.gravatar.com\/avatar\/e0a867bdedb85fd243eadf09663511f96fc81e0720a4a42581f334ad4303aa6b?s=96&d=mm&r=g","contentUrl":"https:\/\/secure.gravatar.com\/avatar\/e0a867bdedb85fd243eadf09663511f96fc81e0720a4a42581f334ad4303aa6b?s=96&d=mm&r=g","caption":"Reda\u00e7\u00e3o"}}]}},"amp_enabled":true,"_links":{"self":[{"href":"https:\/\/www.notibras.com\/site\/wp-json\/wp\/v2\/posts\/11112","targetHints":{"allow":["GET"]}}],"collection":[{"href":"https:\/\/www.notibras.com\/site\/wp-json\/wp\/v2\/posts"}],"about":[{"href":"https:\/\/www.notibras.com\/site\/wp-json\/wp\/v2\/types\/post"}],"author":[{"embeddable":true,"href":"https:\/\/www.notibras.com\/site\/wp-json\/wp\/v2\/users\/2"}],"replies":[{"embeddable":true,"href":"https:\/\/www.notibras.com\/site\/wp-json\/wp\/v2\/comments?post=11112"}],"version-history":[{"count":0,"href":"https:\/\/www.notibras.com\/site\/wp-json\/wp\/v2\/posts\/11112\/revisions"}],"wp:featuredmedia":[{"embeddable":true,"href":"https:\/\/www.notibras.com\/site\/wp-json\/wp\/v2\/media\/11113"}],"wp:attachment":[{"href":"https:\/\/www.notibras.com\/site\/wp-json\/wp\/v2\/media?parent=11112"}],"wp:term":[{"taxonomy":"category","embeddable":true,"href":"https:\/\/www.notibras.com\/site\/wp-json\/wp\/v2\/categories?post=11112"},{"taxonomy":"post_tag","embeddable":true,"href":"https:\/\/www.notibras.com\/site\/wp-json\/wp\/v2\/tags?post=11112"}],"curies":[{"name":"wp","href":"https:\/\/api.w.org\/{rel}","templated":true}]}}