{"id":111130,"date":"2016-08-08T00:43:46","date_gmt":"2016-08-08T03:43:46","guid":{"rendered":"http:\/\/www.notibras.com\/site\/?p=111130"},"modified":"2016-08-08T00:43:46","modified_gmt":"2016-08-08T03:43:46","slug":"barriga-fora-de-padrao-de-ana-paula-na-transmissao-de-abertura-das-olimpiadas","status":"publish","type":"post","link":"https:\/\/www.notibras.com\/site\/barriga-fora-de-padrao-de-ana-paula-na-transmissao-de-abertura-das-olimpiadas\/","title":{"rendered":"Barriga fora de padr\u00e3o de Ana Paula na transmiss\u00e3o de abertura das Olimp\u00edadas"},"content":{"rendered":"<p><strong>M\u00e1rio Augusto Jakobskind<\/strong><\/p>\n<p>A festa de abertura dos Jogos Ol\u00edmpicos no Maracan\u00e3 teve seus m\u00e9ritos, n\u00e3o resta d\u00favida, sobretudo ao se apresentar o ritmo musical brasileiro. Mas quem acompanhou o evento pela cobertura televisiva p\u00f4de observar algumas mancadas que dep\u00f5em contra o jornalismo.<\/p>\n<p>Neste caso, vale a institui\u00e7\u00e3o do trof\u00e9u barriga, que destaca a maior mancada acontecida, que desta vez ficou por conta da TV Bandeirantes.<\/p>\n<p>A jornalista Ana Paula Padr\u00e3o ( foto) comentou v\u00e1rias vezes que \u2018o governo ditatorial da Cor\u00e9ia do Norte tinha proibido os integrantes de sua delega\u00e7\u00e3o a deixarem os quartos onde estavam na Vila Ol\u00edmpica e proibidos de participarem da festa\u2019. Ela destacou que isso era um exemplo t\u00edpico de um \u2018governo comunista, que se utilizava de seus atletas para fazer propaganda diante do povo quando retornarem ao pa\u00eds de origem\u2019.<\/p>\n<p>Toda essa baboseira teve ainda maior relev\u00e2ncia depois da apresenta\u00e7\u00e3o da delega\u00e7\u00e3o da Cor\u00e9ia do Sul. No furor anticomunista cl\u00e1ssico ao estilo Guerra Fria, Ana Paula Padr\u00e3o ignorou solenemente o fato de a Cor\u00e9ia do Norte ser denominada Rep\u00fablica Popular Democr\u00e1tica da Cor\u00e9ia e apresentada na festa dessa forma.<\/p>\n<p>Pior ainda ocorreu quando a Rep\u00fablica Popular Democr\u00e1tica come\u00e7ou a desfilar. A\u00ed Padr\u00e3o conseguiu se superar. Ignorando o que tinha repetido pelo menos tr\u00eas vezes ela teve a coragem de apenas afirmar \u2019finalmente a Cor\u00e9ia do Norte se apresenta\u2019.<\/p>\n<p>A mesma Ana Paula Padr\u00e3o tentou ainda minimizar a vaia sofrida, e j\u00e1 esperada, pelo golpista que usurpa a Presid\u00eancia da Rep\u00fablica, Michel Temer, e afirmou taxativamente que a \u2018vaia foi muito curta\u2019.<\/p>\n<p>Temer estava realmente fora de circuito na cerim\u00f4nia, acompanhado de alguns golpistas que comp\u00f5em o seu minist\u00e9rio, entre eles, nada mais nada menos que Jos\u00e9 Serra, ocupante do Minist\u00e9rio do Exterior, onde j\u00e1 est\u00e1 provocando muitos estragos em sua subservi\u00eancia aos interesses do capital internacional, particularmente estadunidense.<\/p>\n<p>Outro fato jornal\u00edstico que merece destaque e deu bem a ideia como anda a popularidade do golpista Michel Temer. Um rep\u00f3rter da TV Globo falava do lado de fora do Maracan\u00e3 quando foi surpreendido por um dos espectadores que sa\u00eda da festa e colocou bem vis\u00edvel o cartaz com os dizeres \u2018Fora Temer\u2019. O flash acabou logo, para voltar pouco depois quando eram apresentados juntos brasileiros e argentinos e um coro gritava \u2018Fora Temer\u2019. O flash acabou logo e desta vez a TV Globo preferiu n\u00e3o arriscar mais externas da sa\u00edda do Maracan\u00e3.<\/p>\n<p>Em suma, por mais que quisesse esconder o clima antigolpista, a Rede Globo n\u00e3o conseguiu evitar as demonstra\u00e7\u00f5es de rep\u00fadio ao golpe parlamentar em andamento mesmo durante os Jogos Ol\u00edmpicos.<\/p>\n<p>No mais, vale uma observa\u00e7\u00e3o. N\u00e3o deu para entender o motivo pelo qual os respons\u00e1veis pelo espet\u00e1culo de abertura omitiram os italianos na forma\u00e7\u00e3o do Brasil, j\u00e1 que a imigra\u00e7\u00e3o desse povo teve grande influ\u00eancia por aqui.<\/p>\n","protected":false},"excerpt":{"rendered":"<p>M\u00e1rio Augusto Jakobskind A festa de abertura dos Jogos Ol\u00edmpicos no Maracan\u00e3 teve seus m\u00e9ritos, n\u00e3o resta d\u00favida, sobretudo ao se apresentar o ritmo musical brasileiro. Mas quem acompanhou o evento pela cobertura televisiva p\u00f4de observar algumas mancadas que dep\u00f5em contra o jornalismo. Neste caso, vale a institui\u00e7\u00e3o do trof\u00e9u barriga, que destaca a maior [&hellip;]<\/p>\n","protected":false},"author":2,"featured_media":111131,"comment_status":"open","ping_status":"closed","sticky":false,"template":"","format":"standard","meta":{"_acf_changed":false,"footnotes":""},"categories":[25],"tags":[],"class_list":["post-111130","post","type-post","status-publish","format-standard","has-post-thumbnail","hentry","category-opina-ai"],"acf":[],"yoast_head":"<!-- This site is optimized with the Yoast SEO plugin v27.5 - https:\/\/yoast.com\/product\/yoast-seo-wordpress\/ -->\n<title>Barriga fora de padr\u00e3o de Ana Paula na transmiss\u00e3o de abertura das Olimp\u00edadas - Notibras<\/title>\n<meta name=\"robots\" content=\"index, follow, max-snippet:-1, max-image-preview:large, max-video-preview:-1\" \/>\n<link rel=\"canonical\" href=\"https:\/\/www.notibras.com\/site\/barriga-fora-de-padrao-de-ana-paula-na-transmissao-de-abertura-das-olimpiadas\/\" \/>\n<meta property=\"og:locale\" content=\"pt_BR\" \/>\n<meta property=\"og:type\" content=\"article\" \/>\n<meta property=\"og:title\" content=\"Barriga fora de padr\u00e3o de Ana Paula na transmiss\u00e3o de abertura das Olimp\u00edadas - Notibras\" \/>\n<meta property=\"og:description\" content=\"M\u00e1rio Augusto Jakobskind A festa de abertura dos Jogos Ol\u00edmpicos no Maracan\u00e3 teve seus m\u00e9ritos, n\u00e3o resta d\u00favida, sobretudo ao se apresentar o ritmo musical brasileiro. Mas quem acompanhou o evento pela cobertura televisiva p\u00f4de observar algumas mancadas que dep\u00f5em contra o jornalismo. Neste caso, vale a institui\u00e7\u00e3o do trof\u00e9u barriga, que destaca a maior [&hellip;]\" \/>\n<meta property=\"og:url\" content=\"https:\/\/www.notibras.com\/site\/barriga-fora-de-padrao-de-ana-paula-na-transmissao-de-abertura-das-olimpiadas\/\" \/>\n<meta property=\"og:site_name\" content=\"Notibras\" \/>\n<meta property=\"article:publisher\" content=\"https:\/\/www.facebook.com\/notibras\/\" \/>\n<meta property=\"article:published_time\" content=\"2016-08-08T03:43:46+00:00\" \/>\n<meta property=\"og:image\" content=\"https:\/\/www.notibras.com\/site\/wp-content\/uploads\/2016\/08\/ana.jpg\" \/>\n\t<meta property=\"og:image:width\" content=\"615\" \/>\n\t<meta property=\"og:image:height\" content=\"470\" \/>\n\t<meta property=\"og:image:type\" content=\"image\/jpeg\" \/>\n<meta name=\"author\" content=\"Reda\u00e7\u00e3o\" \/>\n<meta name=\"twitter:card\" content=\"summary_large_image\" \/>\n<meta name=\"twitter:creator\" content=\"@Notibras\" \/>\n<meta name=\"twitter:site\" content=\"@Notibras\" \/>\n<meta name=\"twitter:label1\" content=\"Escrito por\" \/>\n\t<meta name=\"twitter:data1\" content=\"Reda\u00e7\u00e3o\" \/>\n\t<meta name=\"twitter:label2\" content=\"Est. tempo de leitura\" \/>\n\t<meta name=\"twitter:data2\" content=\"3 minutos\" \/>\n<script type=\"application\/ld+json\" class=\"yoast-schema-graph\">{\"@context\":\"https:\\\/\\\/schema.org\",\"@graph\":[{\"@type\":\"Article\",\"@id\":\"https:\\\/\\\/www.notibras.com\\\/site\\\/barriga-fora-de-padrao-de-ana-paula-na-transmissao-de-abertura-das-olimpiadas\\\/#article\",\"isPartOf\":{\"@id\":\"https:\\\/\\\/www.notibras.com\\\/site\\\/barriga-fora-de-padrao-de-ana-paula-na-transmissao-de-abertura-das-olimpiadas\\\/\"},\"author\":{\"name\":\"Reda\u00e7\u00e3o\",\"@id\":\"https:\\\/\\\/www.notibras.com\\\/site\\\/#\\\/schema\\\/person\\\/36ab0979449956132d3e5b517ea76ac8\"},\"headline\":\"Barriga fora de padr\u00e3o de Ana Paula na transmiss\u00e3o de abertura das Olimp\u00edadas\",\"datePublished\":\"2016-08-08T03:43:46+00:00\",\"mainEntityOfPage\":{\"@id\":\"https:\\\/\\\/www.notibras.com\\\/site\\\/barriga-fora-de-padrao-de-ana-paula-na-transmissao-de-abertura-das-olimpiadas\\\/\"},\"wordCount\":536,\"commentCount\":0,\"publisher\":{\"@id\":\"https:\\\/\\\/www.notibras.com\\\/site\\\/#organization\"},\"image\":{\"@id\":\"https:\\\/\\\/www.notibras.com\\\/site\\\/barriga-fora-de-padrao-de-ana-paula-na-transmissao-de-abertura-das-olimpiadas\\\/#primaryimage\"},\"thumbnailUrl\":\"https:\\\/\\\/www.notibras.com\\\/site\\\/wp-content\\\/uploads\\\/2016\\\/08\\\/ana.jpg\",\"articleSection\":[\"Opina a\u00ed\"],\"inLanguage\":\"pt-BR\",\"potentialAction\":[{\"@type\":\"CommentAction\",\"name\":\"Comment\",\"target\":[\"https:\\\/\\\/www.notibras.com\\\/site\\\/barriga-fora-de-padrao-de-ana-paula-na-transmissao-de-abertura-das-olimpiadas\\\/#respond\"]}]},{\"@type\":\"WebPage\",\"@id\":\"https:\\\/\\\/www.notibras.com\\\/site\\\/barriga-fora-de-padrao-de-ana-paula-na-transmissao-de-abertura-das-olimpiadas\\\/\",\"url\":\"https:\\\/\\\/www.notibras.com\\\/site\\\/barriga-fora-de-padrao-de-ana-paula-na-transmissao-de-abertura-das-olimpiadas\\\/\",\"name\":\"Barriga fora de padr\u00e3o de Ana Paula na transmiss\u00e3o de abertura das Olimp\u00edadas - Notibras\",\"isPartOf\":{\"@id\":\"https:\\\/\\\/www.notibras.com\\\/site\\\/#website\"},\"primaryImageOfPage\":{\"@id\":\"https:\\\/\\\/www.notibras.com\\\/site\\\/barriga-fora-de-padrao-de-ana-paula-na-transmissao-de-abertura-das-olimpiadas\\\/#primaryimage\"},\"image\":{\"@id\":\"https:\\\/\\\/www.notibras.com\\\/site\\\/barriga-fora-de-padrao-de-ana-paula-na-transmissao-de-abertura-das-olimpiadas\\\/#primaryimage\"},\"thumbnailUrl\":\"https:\\\/\\\/www.notibras.com\\\/site\\\/wp-content\\\/uploads\\\/2016\\\/08\\\/ana.jpg\",\"datePublished\":\"2016-08-08T03:43:46+00:00\",\"breadcrumb\":{\"@id\":\"https:\\\/\\\/www.notibras.com\\\/site\\\/barriga-fora-de-padrao-de-ana-paula-na-transmissao-de-abertura-das-olimpiadas\\\/#breadcrumb\"},\"inLanguage\":\"pt-BR\",\"potentialAction\":[{\"@type\":\"ReadAction\",\"target\":[\"https:\\\/\\\/www.notibras.com\\\/site\\\/barriga-fora-de-padrao-de-ana-paula-na-transmissao-de-abertura-das-olimpiadas\\\/\"]}]},{\"@type\":\"ImageObject\",\"inLanguage\":\"pt-BR\",\"@id\":\"https:\\\/\\\/www.notibras.com\\\/site\\\/barriga-fora-de-padrao-de-ana-paula-na-transmissao-de-abertura-das-olimpiadas\\\/#primaryimage\",\"url\":\"https:\\\/\\\/www.notibras.com\\\/site\\\/wp-content\\\/uploads\\\/2016\\\/08\\\/ana.jpg\",\"contentUrl\":\"https:\\\/\\\/www.notibras.com\\\/site\\\/wp-content\\\/uploads\\\/2016\\\/08\\\/ana.jpg\",\"width\":615,\"height\":470},{\"@type\":\"BreadcrumbList\",\"@id\":\"https:\\\/\\\/www.notibras.com\\\/site\\\/barriga-fora-de-padrao-de-ana-paula-na-transmissao-de-abertura-das-olimpiadas\\\/#breadcrumb\",\"itemListElement\":[{\"@type\":\"ListItem\",\"position\":1,\"name\":\"In\u00edcio\",\"item\":\"https:\\\/\\\/www.notibras.com\\\/site\\\/\"},{\"@type\":\"ListItem\",\"position\":2,\"name\":\"Barriga fora de padr\u00e3o de Ana Paula na transmiss\u00e3o de abertura das Olimp\u00edadas\"}]},{\"@type\":\"WebSite\",\"@id\":\"https:\\\/\\\/www.notibras.com\\\/site\\\/#website\",\"url\":\"https:\\\/\\\/www.notibras.com\\\/site\\\/\",\"name\":\"Notibras\",\"description\":\"Not\u00edcias de Bras\u00edlia, do Brasil e do Mundo\",\"publisher\":{\"@id\":\"https:\\\/\\\/www.notibras.com\\\/site\\\/#organization\"},\"potentialAction\":[{\"@type\":\"SearchAction\",\"target\":{\"@type\":\"EntryPoint\",\"urlTemplate\":\"https:\\\/\\\/www.notibras.com\\\/site\\\/?s={search_term_string}\"},\"query-input\":{\"@type\":\"PropertyValueSpecification\",\"valueRequired\":true,\"valueName\":\"search_term_string\"}}],\"inLanguage\":\"pt-BR\"},{\"@type\":\"Organization\",\"@id\":\"https:\\\/\\\/www.notibras.com\\\/site\\\/#organization\",\"name\":\"Grupo Notibras de Comunica\u00e7\u00e3o\",\"url\":\"https:\\\/\\\/www.notibras.com\\\/site\\\/\",\"logo\":{\"@type\":\"ImageObject\",\"inLanguage\":\"pt-BR\",\"@id\":\"https:\\\/\\\/www.notibras.com\\\/site\\\/#\\\/schema\\\/logo\\\/image\\\/\",\"url\":\"https:\\\/\\\/www.notibras.com\\\/site\\\/wp-content\\\/uploads\\\/2023\\\/01\\\/notibras23.png\",\"contentUrl\":\"https:\\\/\\\/www.notibras.com\\\/site\\\/wp-content\\\/uploads\\\/2023\\\/01\\\/notibras23.png\",\"width\":350,\"height\":87,\"caption\":\"Grupo Notibras de Comunica\u00e7\u00e3o\"},\"image\":{\"@id\":\"https:\\\/\\\/www.notibras.com\\\/site\\\/#\\\/schema\\\/logo\\\/image\\\/\"},\"sameAs\":[\"https:\\\/\\\/www.facebook.com\\\/notibras\\\/\",\"https:\\\/\\\/x.com\\\/Notibras\",\"https:\\\/\\\/www.instagram.com\\\/notibras\\\/\"]},{\"@type\":\"Person\",\"@id\":\"https:\\\/\\\/www.notibras.com\\\/site\\\/#\\\/schema\\\/person\\\/36ab0979449956132d3e5b517ea76ac8\",\"name\":\"Reda\u00e7\u00e3o\",\"image\":{\"@type\":\"ImageObject\",\"inLanguage\":\"pt-BR\",\"@id\":\"https:\\\/\\\/secure.gravatar.com\\\/avatar\\\/e0a867bdedb85fd243eadf09663511f96fc81e0720a4a42581f334ad4303aa6b?s=96&d=mm&r=g\",\"url\":\"https:\\\/\\\/secure.gravatar.com\\\/avatar\\\/e0a867bdedb85fd243eadf09663511f96fc81e0720a4a42581f334ad4303aa6b?s=96&d=mm&r=g\",\"contentUrl\":\"https:\\\/\\\/secure.gravatar.com\\\/avatar\\\/e0a867bdedb85fd243eadf09663511f96fc81e0720a4a42581f334ad4303aa6b?s=96&d=mm&r=g\",\"caption\":\"Reda\u00e7\u00e3o\"}}]}<\/script>\n<!-- \/ Yoast SEO plugin. -->","yoast_head_json":{"title":"Barriga fora de padr\u00e3o de Ana Paula na transmiss\u00e3o de abertura das Olimp\u00edadas - Notibras","robots":{"index":"index","follow":"follow","max-snippet":"max-snippet:-1","max-image-preview":"max-image-preview:large","max-video-preview":"max-video-preview:-1"},"canonical":"https:\/\/www.notibras.com\/site\/barriga-fora-de-padrao-de-ana-paula-na-transmissao-de-abertura-das-olimpiadas\/","og_locale":"pt_BR","og_type":"article","og_title":"Barriga fora de padr\u00e3o de Ana Paula na transmiss\u00e3o de abertura das Olimp\u00edadas - Notibras","og_description":"M\u00e1rio Augusto Jakobskind A festa de abertura dos Jogos Ol\u00edmpicos no Maracan\u00e3 teve seus m\u00e9ritos, n\u00e3o resta d\u00favida, sobretudo ao se apresentar o ritmo musical brasileiro. Mas quem acompanhou o evento pela cobertura televisiva p\u00f4de observar algumas mancadas que dep\u00f5em contra o jornalismo. Neste caso, vale a institui\u00e7\u00e3o do trof\u00e9u barriga, que destaca a maior [&hellip;]","og_url":"https:\/\/www.notibras.com\/site\/barriga-fora-de-padrao-de-ana-paula-na-transmissao-de-abertura-das-olimpiadas\/","og_site_name":"Notibras","article_publisher":"https:\/\/www.facebook.com\/notibras\/","article_published_time":"2016-08-08T03:43:46+00:00","og_image":[{"width":615,"height":470,"url":"https:\/\/www.notibras.com\/site\/wp-content\/uploads\/2016\/08\/ana.jpg","type":"image\/jpeg"}],"author":"Reda\u00e7\u00e3o","twitter_card":"summary_large_image","twitter_creator":"@Notibras","twitter_site":"@Notibras","twitter_misc":{"Escrito por":"Reda\u00e7\u00e3o","Est. tempo de leitura":"3 minutos"},"schema":{"@context":"https:\/\/schema.org","@graph":[{"@type":"Article","@id":"https:\/\/www.notibras.com\/site\/barriga-fora-de-padrao-de-ana-paula-na-transmissao-de-abertura-das-olimpiadas\/#article","isPartOf":{"@id":"https:\/\/www.notibras.com\/site\/barriga-fora-de-padrao-de-ana-paula-na-transmissao-de-abertura-das-olimpiadas\/"},"author":{"name":"Reda\u00e7\u00e3o","@id":"https:\/\/www.notibras.com\/site\/#\/schema\/person\/36ab0979449956132d3e5b517ea76ac8"},"headline":"Barriga fora de padr\u00e3o de Ana Paula na transmiss\u00e3o de abertura das Olimp\u00edadas","datePublished":"2016-08-08T03:43:46+00:00","mainEntityOfPage":{"@id":"https:\/\/www.notibras.com\/site\/barriga-fora-de-padrao-de-ana-paula-na-transmissao-de-abertura-das-olimpiadas\/"},"wordCount":536,"commentCount":0,"publisher":{"@id":"https:\/\/www.notibras.com\/site\/#organization"},"image":{"@id":"https:\/\/www.notibras.com\/site\/barriga-fora-de-padrao-de-ana-paula-na-transmissao-de-abertura-das-olimpiadas\/#primaryimage"},"thumbnailUrl":"https:\/\/www.notibras.com\/site\/wp-content\/uploads\/2016\/08\/ana.jpg","articleSection":["Opina a\u00ed"],"inLanguage":"pt-BR","potentialAction":[{"@type":"CommentAction","name":"Comment","target":["https:\/\/www.notibras.com\/site\/barriga-fora-de-padrao-de-ana-paula-na-transmissao-de-abertura-das-olimpiadas\/#respond"]}]},{"@type":"WebPage","@id":"https:\/\/www.notibras.com\/site\/barriga-fora-de-padrao-de-ana-paula-na-transmissao-de-abertura-das-olimpiadas\/","url":"https:\/\/www.notibras.com\/site\/barriga-fora-de-padrao-de-ana-paula-na-transmissao-de-abertura-das-olimpiadas\/","name":"Barriga fora de padr\u00e3o de Ana Paula na transmiss\u00e3o de abertura das Olimp\u00edadas - Notibras","isPartOf":{"@id":"https:\/\/www.notibras.com\/site\/#website"},"primaryImageOfPage":{"@id":"https:\/\/www.notibras.com\/site\/barriga-fora-de-padrao-de-ana-paula-na-transmissao-de-abertura-das-olimpiadas\/#primaryimage"},"image":{"@id":"https:\/\/www.notibras.com\/site\/barriga-fora-de-padrao-de-ana-paula-na-transmissao-de-abertura-das-olimpiadas\/#primaryimage"},"thumbnailUrl":"https:\/\/www.notibras.com\/site\/wp-content\/uploads\/2016\/08\/ana.jpg","datePublished":"2016-08-08T03:43:46+00:00","breadcrumb":{"@id":"https:\/\/www.notibras.com\/site\/barriga-fora-de-padrao-de-ana-paula-na-transmissao-de-abertura-das-olimpiadas\/#breadcrumb"},"inLanguage":"pt-BR","potentialAction":[{"@type":"ReadAction","target":["https:\/\/www.notibras.com\/site\/barriga-fora-de-padrao-de-ana-paula-na-transmissao-de-abertura-das-olimpiadas\/"]}]},{"@type":"ImageObject","inLanguage":"pt-BR","@id":"https:\/\/www.notibras.com\/site\/barriga-fora-de-padrao-de-ana-paula-na-transmissao-de-abertura-das-olimpiadas\/#primaryimage","url":"https:\/\/www.notibras.com\/site\/wp-content\/uploads\/2016\/08\/ana.jpg","contentUrl":"https:\/\/www.notibras.com\/site\/wp-content\/uploads\/2016\/08\/ana.jpg","width":615,"height":470},{"@type":"BreadcrumbList","@id":"https:\/\/www.notibras.com\/site\/barriga-fora-de-padrao-de-ana-paula-na-transmissao-de-abertura-das-olimpiadas\/#breadcrumb","itemListElement":[{"@type":"ListItem","position":1,"name":"In\u00edcio","item":"https:\/\/www.notibras.com\/site\/"},{"@type":"ListItem","position":2,"name":"Barriga fora de padr\u00e3o de Ana Paula na transmiss\u00e3o de abertura das Olimp\u00edadas"}]},{"@type":"WebSite","@id":"https:\/\/www.notibras.com\/site\/#website","url":"https:\/\/www.notibras.com\/site\/","name":"Notibras","description":"Not\u00edcias de Bras\u00edlia, do Brasil e do Mundo","publisher":{"@id":"https:\/\/www.notibras.com\/site\/#organization"},"potentialAction":[{"@type":"SearchAction","target":{"@type":"EntryPoint","urlTemplate":"https:\/\/www.notibras.com\/site\/?s={search_term_string}"},"query-input":{"@type":"PropertyValueSpecification","valueRequired":true,"valueName":"search_term_string"}}],"inLanguage":"pt-BR"},{"@type":"Organization","@id":"https:\/\/www.notibras.com\/site\/#organization","name":"Grupo Notibras de Comunica\u00e7\u00e3o","url":"https:\/\/www.notibras.com\/site\/","logo":{"@type":"ImageObject","inLanguage":"pt-BR","@id":"https:\/\/www.notibras.com\/site\/#\/schema\/logo\/image\/","url":"https:\/\/www.notibras.com\/site\/wp-content\/uploads\/2023\/01\/notibras23.png","contentUrl":"https:\/\/www.notibras.com\/site\/wp-content\/uploads\/2023\/01\/notibras23.png","width":350,"height":87,"caption":"Grupo Notibras de Comunica\u00e7\u00e3o"},"image":{"@id":"https:\/\/www.notibras.com\/site\/#\/schema\/logo\/image\/"},"sameAs":["https:\/\/www.facebook.com\/notibras\/","https:\/\/x.com\/Notibras","https:\/\/www.instagram.com\/notibras\/"]},{"@type":"Person","@id":"https:\/\/www.notibras.com\/site\/#\/schema\/person\/36ab0979449956132d3e5b517ea76ac8","name":"Reda\u00e7\u00e3o","image":{"@type":"ImageObject","inLanguage":"pt-BR","@id":"https:\/\/secure.gravatar.com\/avatar\/e0a867bdedb85fd243eadf09663511f96fc81e0720a4a42581f334ad4303aa6b?s=96&d=mm&r=g","url":"https:\/\/secure.gravatar.com\/avatar\/e0a867bdedb85fd243eadf09663511f96fc81e0720a4a42581f334ad4303aa6b?s=96&d=mm&r=g","contentUrl":"https:\/\/secure.gravatar.com\/avatar\/e0a867bdedb85fd243eadf09663511f96fc81e0720a4a42581f334ad4303aa6b?s=96&d=mm&r=g","caption":"Reda\u00e7\u00e3o"}}]}},"amp_enabled":true,"_links":{"self":[{"href":"https:\/\/www.notibras.com\/site\/wp-json\/wp\/v2\/posts\/111130","targetHints":{"allow":["GET"]}}],"collection":[{"href":"https:\/\/www.notibras.com\/site\/wp-json\/wp\/v2\/posts"}],"about":[{"href":"https:\/\/www.notibras.com\/site\/wp-json\/wp\/v2\/types\/post"}],"author":[{"embeddable":true,"href":"https:\/\/www.notibras.com\/site\/wp-json\/wp\/v2\/users\/2"}],"replies":[{"embeddable":true,"href":"https:\/\/www.notibras.com\/site\/wp-json\/wp\/v2\/comments?post=111130"}],"version-history":[{"count":1,"href":"https:\/\/www.notibras.com\/site\/wp-json\/wp\/v2\/posts\/111130\/revisions"}],"predecessor-version":[{"id":111132,"href":"https:\/\/www.notibras.com\/site\/wp-json\/wp\/v2\/posts\/111130\/revisions\/111132"}],"wp:featuredmedia":[{"embeddable":true,"href":"https:\/\/www.notibras.com\/site\/wp-json\/wp\/v2\/media\/111131"}],"wp:attachment":[{"href":"https:\/\/www.notibras.com\/site\/wp-json\/wp\/v2\/media?parent=111130"}],"wp:term":[{"taxonomy":"category","embeddable":true,"href":"https:\/\/www.notibras.com\/site\/wp-json\/wp\/v2\/categories?post=111130"},{"taxonomy":"post_tag","embeddable":true,"href":"https:\/\/www.notibras.com\/site\/wp-json\/wp\/v2\/tags?post=111130"}],"curies":[{"name":"wp","href":"https:\/\/api.w.org\/{rel}","templated":true}]}}