{"id":111194,"date":"2016-08-08T12:38:32","date_gmt":"2016-08-08T15:38:32","guid":{"rendered":"http:\/\/www.notibras.com\/site\/?p=111194"},"modified":"2016-08-08T12:38:32","modified_gmt":"2016-08-08T15:38:32","slug":"de-muito-oba-oba-politicos-vao-enterrando-um-pais-onde-nao-ha-educacao","status":"publish","type":"post","link":"https:\/\/www.notibras.com\/site\/de-muito-oba-oba-politicos-vao-enterrando-um-pais-onde-nao-ha-educacao\/","title":{"rendered":"De muito oba-oba, pol\u00edticos v\u00e3o enterrando um pa\u00eds onde n\u00e3o h\u00e1 educa\u00e7\u00e3o"},"content":{"rendered":"<p><strong>Pedro Augusto Pinho<\/strong><\/p>\n<p>\u201cForam os primeiros legisladores que deram \u00e0 carta esse prest\u00edgio extraterrestre\u2026Naturalmente, teriam escrito nos seus c\u00f3digos: tudo o que h\u00e1 no mundo \u00e9 propriedade do doutor, e se alguma cousa outros homens gozam, devem-no \u00e0 generosidade do doutor. Era uma outra casta, para a qual eu entraria, e desde que penetrasse nela, seria de osso, sangue e carne diferente dos outros \u2013 tudo isso de uma qualidade transcendente, fora das leis gerais do Universo e acima das fatalidades da vida comum.\u201d (Afonso Henriques de Lima Barreto \u2013 Recorda\u00e7\u00f5es do Escriv\u00e3o Isaias Caminha, 1905)<\/p>\n<p>H\u00e1 quem se impressione com as den\u00fancias, muitas vezes sem provas, nesta enorme publicidade que \u00e9 a Opera\u00e7\u00e3o Lava Jato. Mas h\u00e1 um crime continuado que se comete contra o Brasil e continua impune. E nem mesmo encontra dispositivo legal que o tipifique: o crime da manuten\u00e7\u00e3o na ignor\u00e2ncia do povo brasileiro.<\/p>\n<p>Vamos detalh\u00e1-lo, como num manual de direito penal, identificando as autorias, os elementos materiais do crime, os elementos subjetivos da a\u00e7\u00e3o e as v\u00edtimas. Sendo um crime de lesa p\u00e1tria, a pena seria de exclus\u00e3o da cidadania, eventualmente cominada com outros delitos, como da forma\u00e7\u00e3o de quadrilha e apropria\u00e7\u00e3o de bens e recursos p\u00fablicos.<\/p>\n<p>Para caracteriza\u00e7\u00e3o dos autores vamos distinguir os tr\u00eas segmentos que comp\u00f5em a sociedade brasileira. Denomino-os aristocracia, burguesia e povo. Constitui a aristocracia aqueles que vivem confortavelmente de rendas patrimoniais; podem at\u00e9 obter rendimentos de trabalho, mas n\u00e3o s\u00e3o necess\u00e1rios nem relevantes para a manuten\u00e7\u00e3o familiar. Tamb\u00e9m n\u00e3o residem sempre no Brasil, mas gra\u00e7as a suas fortunas t\u00eam enorme influ\u00eancia nas decis\u00f5es pol\u00edticas. Constituem a maioria absoluta dos \u201cdonos do poder\u201d.<\/p>\n<p>A burguesia pode ser rentista, mas difere dos aristocratas pela necessidade de rendimentos do trabalho. Sua subsist\u00eancia \u00e9 garantida pelo trabalho, como empres\u00e1rio ou como assalariado. Em amplas camadas inveja e macaqueia os aristocratas e, por ignor\u00e2ncia de sua condi\u00e7\u00e3o, defende as vantagens daqueles poderosos at\u00e9 mesmo em detrimento de seus pr\u00f3prios interesses. A maioria dos membros do poder judici\u00e1rio, dos militares e policiais s\u00e3o do segmento burgu\u00eas.<\/p>\n<p>O povo, que constitui a maior parcela da popula\u00e7\u00e3o, tem sua subsist\u00eancia oriunda do trabalho, formal ou informal, vive a ang\u00fastia do desemprego e da precariedade de seus ganhos. As v\u00edtimas do crime aqui tratado s\u00e3o o povo e os mais desfavorecidos membros da burguesia.<\/p>\n<p>O crime se d\u00e1 pela inexist\u00eancia em todo territ\u00f3rio nacional de ensino p\u00fablico, gratuito e universal para os brasileiros.<\/p>\n<p>Vejamos um artigo da jornalista brasileira Claudia Wallin, residente na Su\u00e9cia.<\/p>\n<p>\u201c(Na Su\u00e9cia) ningu\u00e9m fala em acabar com a educa\u00e7\u00e3o gratuita \u2013 um dos fundamentos do salto dado pela sociedade sueca h\u00e1 um s\u00e9culo\u201d. E continua: \u201cn\u00e3o existem mensalidades escolares. A partir dos seis anos de idade, todas as crian\u00e7as t\u00eam acesso gratuito \u00e0 educa\u00e7\u00e3o, que \u00e9 obrigat\u00f3ria at\u00e9 o \u00faltimo ano do ensino m\u00e9dio. As escolas fornecem todo material escolar. A merenda escolar tamb\u00e9m \u00e9 gratuita, e consiste em geral de um buf\u00ea que inclui dois pratos quentes e uma op\u00e7\u00e3o vegetariana, al\u00e9m de saladas, legumes, p\u00e3es e frutas. Se decidem cursar a universidade \u2013 que tamb\u00e9m \u00e9 gratuita \u2013 os estudantes suecos t\u00eam direito a assist\u00eancia financeira mensal, at\u00e9 completar os estudos\u201d. Hoje esta ajuda equivale a R$ 1.200,00.<\/p>\n<p>N\u00e3o \u00e9 a riqueza sueca que permite esta situa\u00e7\u00e3o, mas \u00e9 esta prioridade or\u00e7ament\u00e1ria que garante a riqueza sueca. Um dos pa\u00edses que mais gasta em educa\u00e7\u00e3o em todo mundo capitalista.<\/p>\n<p>Quem s\u00e3o os criminosos? Todos os do poder executivo e dos legislativos que governam o Brasil desde o Imp\u00e9rio e do judici\u00e1rio decidindo a favor da ignor\u00e2ncia. As exce\u00e7\u00f5es foram poucas e breves, sempre destitu\u00eddas por golpes da aristocracia, com o apoio do exterior interessado na manuten\u00e7\u00e3o da col\u00f4nia, e dos alienados burgueses, sem capacidade de entender o que se passa no Pa\u00eds, repetindo como papagaio o que lhes doutrina a comunica\u00e7\u00e3o de massa.<\/p>\n<p>Elemento material do crime s\u00e3o os or\u00e7amentos que destinam mais verbas para pagamento de juros (que s\u00e3o estabelecidos pelos pr\u00f3prios governantes) do que para a educa\u00e7\u00e3o e para a cultura (que o atual governante exclui do or\u00e7amento). Tamb\u00e9m constituem elemento material deste crime de trai\u00e7\u00e3o \u00e0 P\u00e1tria os sal\u00e1rios dos professores, principalmente quando se os compara com os proventos e vantagens dos membros dos poderes judici\u00e1rio e legislativo.<\/p>\n<p>O elemento subjetivo do crime \u00e9 o desejo de perpetuar o engodo, a mistifica\u00e7\u00e3o que mant\u00e9m os detentores do poder e faz crer que \u00e9 uma situa\u00e7\u00e3o normal e definida por Deus ou pela divindade mais oportuna. Que a qualidade do ensino \u00e9 ruim porque os professores s\u00e3o relapsos e as pessoas n\u00e3o se interessam. E a imprensa refor\u00e7a como inevit\u00e1vel, para que n\u00e3o se forme uma press\u00e3o efetiva em favor da mudan\u00e7a: mais educa\u00e7\u00e3o e menos juros.<\/p>\n<p>E assim, a grande v\u00edtima \u00e9 o Brasil. Inerte diante das agress\u00f5es da aristocracia, dos interesses estrangeiros, pois seu povo ignora o que est\u00e1 ocorrendo e a televis\u00e3o tudo deforma e deturpa sem que do outro lado haja quem encontre espa\u00e7o na m\u00eddia para a cr\u00edtica e a informa\u00e7\u00e3o esclarecedora.<\/p>\n","protected":false},"excerpt":{"rendered":"<p>Pedro Augusto Pinho \u201cForam os primeiros legisladores que deram \u00e0 carta esse prest\u00edgio extraterrestre\u2026Naturalmente, teriam escrito nos seus c\u00f3digos: tudo o que h\u00e1 no mundo \u00e9 propriedade do doutor, e se alguma cousa outros homens gozam, devem-no \u00e0 generosidade do doutor. Era uma outra casta, para a qual eu entraria, e desde que penetrasse nela, [&hellip;]<\/p>\n","protected":false},"author":2,"featured_media":111195,"comment_status":"open","ping_status":"closed","sticky":false,"template":"","format":"standard","meta":{"_acf_changed":false,"footnotes":""},"categories":[25],"tags":[],"class_list":["post-111194","post","type-post","status-publish","format-standard","has-post-thumbnail","hentry","category-opina-ai"],"acf":[],"yoast_head":"<!-- This site is optimized with the Yoast SEO plugin v27.5 - https:\/\/yoast.com\/product\/yoast-seo-wordpress\/ -->\n<title>De muito oba-oba, pol\u00edticos v\u00e3o enterrando um pa\u00eds onde n\u00e3o h\u00e1 educa\u00e7\u00e3o - Notibras<\/title>\n<meta name=\"robots\" content=\"index, follow, max-snippet:-1, max-image-preview:large, max-video-preview:-1\" \/>\n<link rel=\"canonical\" href=\"https:\/\/www.notibras.com\/site\/de-muito-oba-oba-politicos-vao-enterrando-um-pais-onde-nao-ha-educacao\/\" \/>\n<meta property=\"og:locale\" content=\"pt_BR\" \/>\n<meta property=\"og:type\" content=\"article\" \/>\n<meta property=\"og:title\" content=\"De muito oba-oba, pol\u00edticos v\u00e3o enterrando um pa\u00eds onde n\u00e3o h\u00e1 educa\u00e7\u00e3o - Notibras\" \/>\n<meta property=\"og:description\" content=\"Pedro Augusto Pinho \u201cForam os primeiros legisladores que deram \u00e0 carta esse prest\u00edgio extraterrestre\u2026Naturalmente, teriam escrito nos seus c\u00f3digos: tudo o que h\u00e1 no mundo \u00e9 propriedade do doutor, e se alguma cousa outros homens gozam, devem-no \u00e0 generosidade do doutor. Era uma outra casta, para a qual eu entraria, e desde que penetrasse nela, [&hellip;]\" \/>\n<meta property=\"og:url\" content=\"https:\/\/www.notibras.com\/site\/de-muito-oba-oba-politicos-vao-enterrando-um-pais-onde-nao-ha-educacao\/\" \/>\n<meta property=\"og:site_name\" content=\"Notibras\" \/>\n<meta property=\"article:publisher\" content=\"https:\/\/www.facebook.com\/notibras\/\" \/>\n<meta property=\"article:published_time\" content=\"2016-08-08T15:38:32+00:00\" \/>\n<meta property=\"og:image\" content=\"https:\/\/www.notibras.com\/site\/wp-content\/uploads\/2016\/08\/0-educa.jpg\" \/>\n\t<meta property=\"og:image:width\" content=\"640\" \/>\n\t<meta property=\"og:image:height\" content=\"450\" \/>\n\t<meta property=\"og:image:type\" content=\"image\/jpeg\" \/>\n<meta name=\"author\" content=\"Reda\u00e7\u00e3o\" \/>\n<meta name=\"twitter:card\" content=\"summary_large_image\" \/>\n<meta name=\"twitter:creator\" content=\"@Notibras\" \/>\n<meta name=\"twitter:site\" content=\"@Notibras\" \/>\n<meta name=\"twitter:label1\" content=\"Escrito por\" \/>\n\t<meta name=\"twitter:data1\" content=\"Reda\u00e7\u00e3o\" \/>\n\t<meta name=\"twitter:label2\" content=\"Est. tempo de leitura\" \/>\n\t<meta name=\"twitter:data2\" content=\"5 minutos\" \/>\n<script type=\"application\/ld+json\" class=\"yoast-schema-graph\">{\"@context\":\"https:\\\/\\\/schema.org\",\"@graph\":[{\"@type\":\"Article\",\"@id\":\"https:\\\/\\\/www.notibras.com\\\/site\\\/de-muito-oba-oba-politicos-vao-enterrando-um-pais-onde-nao-ha-educacao\\\/#article\",\"isPartOf\":{\"@id\":\"https:\\\/\\\/www.notibras.com\\\/site\\\/de-muito-oba-oba-politicos-vao-enterrando-um-pais-onde-nao-ha-educacao\\\/\"},\"author\":{\"name\":\"Reda\u00e7\u00e3o\",\"@id\":\"https:\\\/\\\/www.notibras.com\\\/site\\\/#\\\/schema\\\/person\\\/36ab0979449956132d3e5b517ea76ac8\"},\"headline\":\"De muito oba-oba, pol\u00edticos v\u00e3o enterrando um pa\u00eds onde n\u00e3o h\u00e1 educa\u00e7\u00e3o\",\"datePublished\":\"2016-08-08T15:38:32+00:00\",\"mainEntityOfPage\":{\"@id\":\"https:\\\/\\\/www.notibras.com\\\/site\\\/de-muito-oba-oba-politicos-vao-enterrando-um-pais-onde-nao-ha-educacao\\\/\"},\"wordCount\":940,\"commentCount\":0,\"publisher\":{\"@id\":\"https:\\\/\\\/www.notibras.com\\\/site\\\/#organization\"},\"image\":{\"@id\":\"https:\\\/\\\/www.notibras.com\\\/site\\\/de-muito-oba-oba-politicos-vao-enterrando-um-pais-onde-nao-ha-educacao\\\/#primaryimage\"},\"thumbnailUrl\":\"https:\\\/\\\/www.notibras.com\\\/site\\\/wp-content\\\/uploads\\\/2016\\\/08\\\/0-educa.jpg\",\"articleSection\":[\"Opina a\u00ed\"],\"inLanguage\":\"pt-BR\",\"potentialAction\":[{\"@type\":\"CommentAction\",\"name\":\"Comment\",\"target\":[\"https:\\\/\\\/www.notibras.com\\\/site\\\/de-muito-oba-oba-politicos-vao-enterrando-um-pais-onde-nao-ha-educacao\\\/#respond\"]}]},{\"@type\":\"WebPage\",\"@id\":\"https:\\\/\\\/www.notibras.com\\\/site\\\/de-muito-oba-oba-politicos-vao-enterrando-um-pais-onde-nao-ha-educacao\\\/\",\"url\":\"https:\\\/\\\/www.notibras.com\\\/site\\\/de-muito-oba-oba-politicos-vao-enterrando-um-pais-onde-nao-ha-educacao\\\/\",\"name\":\"De muito oba-oba, pol\u00edticos v\u00e3o enterrando um pa\u00eds onde n\u00e3o h\u00e1 educa\u00e7\u00e3o - Notibras\",\"isPartOf\":{\"@id\":\"https:\\\/\\\/www.notibras.com\\\/site\\\/#website\"},\"primaryImageOfPage\":{\"@id\":\"https:\\\/\\\/www.notibras.com\\\/site\\\/de-muito-oba-oba-politicos-vao-enterrando-um-pais-onde-nao-ha-educacao\\\/#primaryimage\"},\"image\":{\"@id\":\"https:\\\/\\\/www.notibras.com\\\/site\\\/de-muito-oba-oba-politicos-vao-enterrando-um-pais-onde-nao-ha-educacao\\\/#primaryimage\"},\"thumbnailUrl\":\"https:\\\/\\\/www.notibras.com\\\/site\\\/wp-content\\\/uploads\\\/2016\\\/08\\\/0-educa.jpg\",\"datePublished\":\"2016-08-08T15:38:32+00:00\",\"breadcrumb\":{\"@id\":\"https:\\\/\\\/www.notibras.com\\\/site\\\/de-muito-oba-oba-politicos-vao-enterrando-um-pais-onde-nao-ha-educacao\\\/#breadcrumb\"},\"inLanguage\":\"pt-BR\",\"potentialAction\":[{\"@type\":\"ReadAction\",\"target\":[\"https:\\\/\\\/www.notibras.com\\\/site\\\/de-muito-oba-oba-politicos-vao-enterrando-um-pais-onde-nao-ha-educacao\\\/\"]}]},{\"@type\":\"ImageObject\",\"inLanguage\":\"pt-BR\",\"@id\":\"https:\\\/\\\/www.notibras.com\\\/site\\\/de-muito-oba-oba-politicos-vao-enterrando-um-pais-onde-nao-ha-educacao\\\/#primaryimage\",\"url\":\"https:\\\/\\\/www.notibras.com\\\/site\\\/wp-content\\\/uploads\\\/2016\\\/08\\\/0-educa.jpg\",\"contentUrl\":\"https:\\\/\\\/www.notibras.com\\\/site\\\/wp-content\\\/uploads\\\/2016\\\/08\\\/0-educa.jpg\",\"width\":640,\"height\":450},{\"@type\":\"BreadcrumbList\",\"@id\":\"https:\\\/\\\/www.notibras.com\\\/site\\\/de-muito-oba-oba-politicos-vao-enterrando-um-pais-onde-nao-ha-educacao\\\/#breadcrumb\",\"itemListElement\":[{\"@type\":\"ListItem\",\"position\":1,\"name\":\"In\u00edcio\",\"item\":\"https:\\\/\\\/www.notibras.com\\\/site\\\/\"},{\"@type\":\"ListItem\",\"position\":2,\"name\":\"De muito oba-oba, pol\u00edticos v\u00e3o enterrando um pa\u00eds onde n\u00e3o h\u00e1 educa\u00e7\u00e3o\"}]},{\"@type\":\"WebSite\",\"@id\":\"https:\\\/\\\/www.notibras.com\\\/site\\\/#website\",\"url\":\"https:\\\/\\\/www.notibras.com\\\/site\\\/\",\"name\":\"Notibras\",\"description\":\"Not\u00edcias de Bras\u00edlia, do Brasil e do Mundo\",\"publisher\":{\"@id\":\"https:\\\/\\\/www.notibras.com\\\/site\\\/#organization\"},\"potentialAction\":[{\"@type\":\"SearchAction\",\"target\":{\"@type\":\"EntryPoint\",\"urlTemplate\":\"https:\\\/\\\/www.notibras.com\\\/site\\\/?s={search_term_string}\"},\"query-input\":{\"@type\":\"PropertyValueSpecification\",\"valueRequired\":true,\"valueName\":\"search_term_string\"}}],\"inLanguage\":\"pt-BR\"},{\"@type\":\"Organization\",\"@id\":\"https:\\\/\\\/www.notibras.com\\\/site\\\/#organization\",\"name\":\"Grupo Notibras de Comunica\u00e7\u00e3o\",\"url\":\"https:\\\/\\\/www.notibras.com\\\/site\\\/\",\"logo\":{\"@type\":\"ImageObject\",\"inLanguage\":\"pt-BR\",\"@id\":\"https:\\\/\\\/www.notibras.com\\\/site\\\/#\\\/schema\\\/logo\\\/image\\\/\",\"url\":\"https:\\\/\\\/www.notibras.com\\\/site\\\/wp-content\\\/uploads\\\/2023\\\/01\\\/notibras23.png\",\"contentUrl\":\"https:\\\/\\\/www.notibras.com\\\/site\\\/wp-content\\\/uploads\\\/2023\\\/01\\\/notibras23.png\",\"width\":350,\"height\":87,\"caption\":\"Grupo Notibras de Comunica\u00e7\u00e3o\"},\"image\":{\"@id\":\"https:\\\/\\\/www.notibras.com\\\/site\\\/#\\\/schema\\\/logo\\\/image\\\/\"},\"sameAs\":[\"https:\\\/\\\/www.facebook.com\\\/notibras\\\/\",\"https:\\\/\\\/x.com\\\/Notibras\",\"https:\\\/\\\/www.instagram.com\\\/notibras\\\/\"]},{\"@type\":\"Person\",\"@id\":\"https:\\\/\\\/www.notibras.com\\\/site\\\/#\\\/schema\\\/person\\\/36ab0979449956132d3e5b517ea76ac8\",\"name\":\"Reda\u00e7\u00e3o\",\"image\":{\"@type\":\"ImageObject\",\"inLanguage\":\"pt-BR\",\"@id\":\"https:\\\/\\\/secure.gravatar.com\\\/avatar\\\/e0a867bdedb85fd243eadf09663511f96fc81e0720a4a42581f334ad4303aa6b?s=96&d=mm&r=g\",\"url\":\"https:\\\/\\\/secure.gravatar.com\\\/avatar\\\/e0a867bdedb85fd243eadf09663511f96fc81e0720a4a42581f334ad4303aa6b?s=96&d=mm&r=g\",\"contentUrl\":\"https:\\\/\\\/secure.gravatar.com\\\/avatar\\\/e0a867bdedb85fd243eadf09663511f96fc81e0720a4a42581f334ad4303aa6b?s=96&d=mm&r=g\",\"caption\":\"Reda\u00e7\u00e3o\"}}]}<\/script>\n<!-- \/ Yoast SEO plugin. -->","yoast_head_json":{"title":"De muito oba-oba, pol\u00edticos v\u00e3o enterrando um pa\u00eds onde n\u00e3o h\u00e1 educa\u00e7\u00e3o - Notibras","robots":{"index":"index","follow":"follow","max-snippet":"max-snippet:-1","max-image-preview":"max-image-preview:large","max-video-preview":"max-video-preview:-1"},"canonical":"https:\/\/www.notibras.com\/site\/de-muito-oba-oba-politicos-vao-enterrando-um-pais-onde-nao-ha-educacao\/","og_locale":"pt_BR","og_type":"article","og_title":"De muito oba-oba, pol\u00edticos v\u00e3o enterrando um pa\u00eds onde n\u00e3o h\u00e1 educa\u00e7\u00e3o - Notibras","og_description":"Pedro Augusto Pinho \u201cForam os primeiros legisladores que deram \u00e0 carta esse prest\u00edgio extraterrestre\u2026Naturalmente, teriam escrito nos seus c\u00f3digos: tudo o que h\u00e1 no mundo \u00e9 propriedade do doutor, e se alguma cousa outros homens gozam, devem-no \u00e0 generosidade do doutor. Era uma outra casta, para a qual eu entraria, e desde que penetrasse nela, [&hellip;]","og_url":"https:\/\/www.notibras.com\/site\/de-muito-oba-oba-politicos-vao-enterrando-um-pais-onde-nao-ha-educacao\/","og_site_name":"Notibras","article_publisher":"https:\/\/www.facebook.com\/notibras\/","article_published_time":"2016-08-08T15:38:32+00:00","og_image":[{"width":640,"height":450,"url":"https:\/\/www.notibras.com\/site\/wp-content\/uploads\/2016\/08\/0-educa.jpg","type":"image\/jpeg"}],"author":"Reda\u00e7\u00e3o","twitter_card":"summary_large_image","twitter_creator":"@Notibras","twitter_site":"@Notibras","twitter_misc":{"Escrito por":"Reda\u00e7\u00e3o","Est. tempo de leitura":"5 minutos"},"schema":{"@context":"https:\/\/schema.org","@graph":[{"@type":"Article","@id":"https:\/\/www.notibras.com\/site\/de-muito-oba-oba-politicos-vao-enterrando-um-pais-onde-nao-ha-educacao\/#article","isPartOf":{"@id":"https:\/\/www.notibras.com\/site\/de-muito-oba-oba-politicos-vao-enterrando-um-pais-onde-nao-ha-educacao\/"},"author":{"name":"Reda\u00e7\u00e3o","@id":"https:\/\/www.notibras.com\/site\/#\/schema\/person\/36ab0979449956132d3e5b517ea76ac8"},"headline":"De muito oba-oba, pol\u00edticos v\u00e3o enterrando um pa\u00eds onde n\u00e3o h\u00e1 educa\u00e7\u00e3o","datePublished":"2016-08-08T15:38:32+00:00","mainEntityOfPage":{"@id":"https:\/\/www.notibras.com\/site\/de-muito-oba-oba-politicos-vao-enterrando-um-pais-onde-nao-ha-educacao\/"},"wordCount":940,"commentCount":0,"publisher":{"@id":"https:\/\/www.notibras.com\/site\/#organization"},"image":{"@id":"https:\/\/www.notibras.com\/site\/de-muito-oba-oba-politicos-vao-enterrando-um-pais-onde-nao-ha-educacao\/#primaryimage"},"thumbnailUrl":"https:\/\/www.notibras.com\/site\/wp-content\/uploads\/2016\/08\/0-educa.jpg","articleSection":["Opina a\u00ed"],"inLanguage":"pt-BR","potentialAction":[{"@type":"CommentAction","name":"Comment","target":["https:\/\/www.notibras.com\/site\/de-muito-oba-oba-politicos-vao-enterrando-um-pais-onde-nao-ha-educacao\/#respond"]}]},{"@type":"WebPage","@id":"https:\/\/www.notibras.com\/site\/de-muito-oba-oba-politicos-vao-enterrando-um-pais-onde-nao-ha-educacao\/","url":"https:\/\/www.notibras.com\/site\/de-muito-oba-oba-politicos-vao-enterrando-um-pais-onde-nao-ha-educacao\/","name":"De muito oba-oba, pol\u00edticos v\u00e3o enterrando um pa\u00eds onde n\u00e3o h\u00e1 educa\u00e7\u00e3o - Notibras","isPartOf":{"@id":"https:\/\/www.notibras.com\/site\/#website"},"primaryImageOfPage":{"@id":"https:\/\/www.notibras.com\/site\/de-muito-oba-oba-politicos-vao-enterrando-um-pais-onde-nao-ha-educacao\/#primaryimage"},"image":{"@id":"https:\/\/www.notibras.com\/site\/de-muito-oba-oba-politicos-vao-enterrando-um-pais-onde-nao-ha-educacao\/#primaryimage"},"thumbnailUrl":"https:\/\/www.notibras.com\/site\/wp-content\/uploads\/2016\/08\/0-educa.jpg","datePublished":"2016-08-08T15:38:32+00:00","breadcrumb":{"@id":"https:\/\/www.notibras.com\/site\/de-muito-oba-oba-politicos-vao-enterrando-um-pais-onde-nao-ha-educacao\/#breadcrumb"},"inLanguage":"pt-BR","potentialAction":[{"@type":"ReadAction","target":["https:\/\/www.notibras.com\/site\/de-muito-oba-oba-politicos-vao-enterrando-um-pais-onde-nao-ha-educacao\/"]}]},{"@type":"ImageObject","inLanguage":"pt-BR","@id":"https:\/\/www.notibras.com\/site\/de-muito-oba-oba-politicos-vao-enterrando-um-pais-onde-nao-ha-educacao\/#primaryimage","url":"https:\/\/www.notibras.com\/site\/wp-content\/uploads\/2016\/08\/0-educa.jpg","contentUrl":"https:\/\/www.notibras.com\/site\/wp-content\/uploads\/2016\/08\/0-educa.jpg","width":640,"height":450},{"@type":"BreadcrumbList","@id":"https:\/\/www.notibras.com\/site\/de-muito-oba-oba-politicos-vao-enterrando-um-pais-onde-nao-ha-educacao\/#breadcrumb","itemListElement":[{"@type":"ListItem","position":1,"name":"In\u00edcio","item":"https:\/\/www.notibras.com\/site\/"},{"@type":"ListItem","position":2,"name":"De muito oba-oba, pol\u00edticos v\u00e3o enterrando um pa\u00eds onde n\u00e3o h\u00e1 educa\u00e7\u00e3o"}]},{"@type":"WebSite","@id":"https:\/\/www.notibras.com\/site\/#website","url":"https:\/\/www.notibras.com\/site\/","name":"Notibras","description":"Not\u00edcias de Bras\u00edlia, do Brasil e do Mundo","publisher":{"@id":"https:\/\/www.notibras.com\/site\/#organization"},"potentialAction":[{"@type":"SearchAction","target":{"@type":"EntryPoint","urlTemplate":"https:\/\/www.notibras.com\/site\/?s={search_term_string}"},"query-input":{"@type":"PropertyValueSpecification","valueRequired":true,"valueName":"search_term_string"}}],"inLanguage":"pt-BR"},{"@type":"Organization","@id":"https:\/\/www.notibras.com\/site\/#organization","name":"Grupo Notibras de Comunica\u00e7\u00e3o","url":"https:\/\/www.notibras.com\/site\/","logo":{"@type":"ImageObject","inLanguage":"pt-BR","@id":"https:\/\/www.notibras.com\/site\/#\/schema\/logo\/image\/","url":"https:\/\/www.notibras.com\/site\/wp-content\/uploads\/2023\/01\/notibras23.png","contentUrl":"https:\/\/www.notibras.com\/site\/wp-content\/uploads\/2023\/01\/notibras23.png","width":350,"height":87,"caption":"Grupo Notibras de Comunica\u00e7\u00e3o"},"image":{"@id":"https:\/\/www.notibras.com\/site\/#\/schema\/logo\/image\/"},"sameAs":["https:\/\/www.facebook.com\/notibras\/","https:\/\/x.com\/Notibras","https:\/\/www.instagram.com\/notibras\/"]},{"@type":"Person","@id":"https:\/\/www.notibras.com\/site\/#\/schema\/person\/36ab0979449956132d3e5b517ea76ac8","name":"Reda\u00e7\u00e3o","image":{"@type":"ImageObject","inLanguage":"pt-BR","@id":"https:\/\/secure.gravatar.com\/avatar\/e0a867bdedb85fd243eadf09663511f96fc81e0720a4a42581f334ad4303aa6b?s=96&d=mm&r=g","url":"https:\/\/secure.gravatar.com\/avatar\/e0a867bdedb85fd243eadf09663511f96fc81e0720a4a42581f334ad4303aa6b?s=96&d=mm&r=g","contentUrl":"https:\/\/secure.gravatar.com\/avatar\/e0a867bdedb85fd243eadf09663511f96fc81e0720a4a42581f334ad4303aa6b?s=96&d=mm&r=g","caption":"Reda\u00e7\u00e3o"}}]}},"amp_enabled":true,"_links":{"self":[{"href":"https:\/\/www.notibras.com\/site\/wp-json\/wp\/v2\/posts\/111194","targetHints":{"allow":["GET"]}}],"collection":[{"href":"https:\/\/www.notibras.com\/site\/wp-json\/wp\/v2\/posts"}],"about":[{"href":"https:\/\/www.notibras.com\/site\/wp-json\/wp\/v2\/types\/post"}],"author":[{"embeddable":true,"href":"https:\/\/www.notibras.com\/site\/wp-json\/wp\/v2\/users\/2"}],"replies":[{"embeddable":true,"href":"https:\/\/www.notibras.com\/site\/wp-json\/wp\/v2\/comments?post=111194"}],"version-history":[{"count":1,"href":"https:\/\/www.notibras.com\/site\/wp-json\/wp\/v2\/posts\/111194\/revisions"}],"predecessor-version":[{"id":111196,"href":"https:\/\/www.notibras.com\/site\/wp-json\/wp\/v2\/posts\/111194\/revisions\/111196"}],"wp:featuredmedia":[{"embeddable":true,"href":"https:\/\/www.notibras.com\/site\/wp-json\/wp\/v2\/media\/111195"}],"wp:attachment":[{"href":"https:\/\/www.notibras.com\/site\/wp-json\/wp\/v2\/media?parent=111194"}],"wp:term":[{"taxonomy":"category","embeddable":true,"href":"https:\/\/www.notibras.com\/site\/wp-json\/wp\/v2\/categories?post=111194"},{"taxonomy":"post_tag","embeddable":true,"href":"https:\/\/www.notibras.com\/site\/wp-json\/wp\/v2\/tags?post=111194"}],"curies":[{"name":"wp","href":"https:\/\/api.w.org\/{rel}","templated":true}]}}