{"id":111318,"date":"2016-08-09T08:00:20","date_gmt":"2016-08-09T11:00:20","guid":{"rendered":"http:\/\/www.notibras.com\/site\/?p=111318"},"modified":"2016-08-09T08:48:02","modified_gmt":"2016-08-09T11:48:02","slug":"voto-obrigatorio-sera-um-fardo-do-brasileiro-enquanto-houver-amnesia-eleitoral","status":"publish","type":"post","link":"https:\/\/www.notibras.com\/site\/voto-obrigatorio-sera-um-fardo-do-brasileiro-enquanto-houver-amnesia-eleitoral\/","title":{"rendered":"Voto obrigat\u00f3rio ser\u00e1 um fardo do brasileiro enquanto houver amn\u00e9sia eleitoral"},"content":{"rendered":"<p><strong>Cl\u00e1udio Lamachia<\/strong><\/p>\n<p>Em meio a tantos esc\u00e2ndalos de corrup\u00e7\u00e3o na pol\u00edtica brasileira, como os que estamos acompanhando, a obrigatoriedade do voto pode ser um verdadeiro fardo para parcela expressiva da sociedade brasileira. No entanto, este momento de crise \u00e9 uma excelente oportunidade para que os eleitores reflitam sobre sua grande import\u00e2ncia no sistema pol\u00edtico e para que entendam que podem contribuir efetivamente para a melhoria do pa\u00eds.<\/p>\n<p>Ap\u00f3s os graves esc\u00e2ndalos dos \u00faltimos anos \u2013que resultaram no esfarelamento da credibilidade das institui\u00e7\u00f5es e at\u00e9 no afastamento da presidente da Rep\u00fablica\u2013, n\u00e3o \u00e9 mais poss\u00edvel que os eleitores releguem a pol\u00edtica \u00e0s \u00faltimas posi\u00e7\u00f5es de sua lista de preocupa\u00e7\u00f5es. Cumprido o dever c\u00edvico de votar, o interesse pelo cotidiano da pol\u00edtica precisa permanecer.<\/p>\n<p>Neste ano de elei\u00e7\u00f5es para prefeitos e vereadores, as candidatas e os candidatos buscam conseguir votos usando as mais variadas formas de autopromo\u00e7\u00e3o e garantindo uma gest\u00e3o \u00e9tica e coerente com os interesses da sociedade. Como de costume, prometem muito e conseguem os votos almejados.<\/p>\n<p>Por\u00e9m, ap\u00f3s cada elei\u00e7\u00e3o, s\u00e3o frequentes as not\u00edcias que comprovam a &#8220;amn\u00e9sia eleitoral&#8221;. Simplesmente o eleitor se esquece dos nomes dos candidatos a quem confiou a relevant\u00edssima tarefa de represent\u00e1-los nas inst\u00e2ncias de poder. \u00c9 como esquecer para quem se deu a senha do cart\u00e3o de cr\u00e9dito ou uma folha de cheque assinada. A diferen\u00e7a \u00e9 que o cart\u00e3o pode ser cancelado, j\u00e1 o voto n\u00e3o pode.<\/p>\n<p>Passar o Brasil a limpo e depurar a classe pol\u00edtica dependem de um amadurecimento urgente de cada um de n\u00f3s, os eleitores. N\u00e3o nos \u00e9 mais permitido apontar o dedo sem fazer uma an\u00e1lise profunda da responsabilidade que temos ao eleger nossos representantes.<\/p>\n<p>O Brasil enfrenta uma grave crise econ\u00f4mica. Mais do que nunca, faltam recursos para pol\u00edticas p\u00fablicas b\u00e1sicas de sa\u00fade, educa\u00e7\u00e3o, seguran\u00e7a, saneamento b\u00e1sico e para o acesso \u00e0 Justi\u00e7a. Contudo, a crise \u00e9 sobretudo \u00e9tica e moral. Ent\u00e3o, quando o assunto \u00e9 corrup\u00e7\u00e3o, sempre s\u00e3o encontradas formas de se cumprir acordos feitos \u00e0s escondidas, e o eleitor s\u00f3 \u00e9 convidado na hora de pagar a fatura.<\/p>\n<p>Sendo atrav\u00e9s do voto que s\u00e3o escolhidas as pessoas que ter\u00e3o a oportunidade de decidir como enfrentar as crises \u00e9tica e econ\u00f4mica, a quem o eleitor vai confiar essa tarefa?<\/p>\n<p>Vale, para este momento, o entendimento de que crises s\u00e3o, antes de mais nada, uma oportunidade de recome\u00e7o. A sociedade precisa avaliar e identificar os motivos que tornaram a situa\u00e7\u00e3o calamitosa, pois s\u00f3 assim ser\u00e1 poss\u00edvel estabelecer um novo padr\u00e3o \u00e9tico na pol\u00edtica e na sociedade brasileira. \u00c9 preciso vigiar de forma permanente os eleitos \u2013inclusive os que n\u00e3o mereceram o seu voto.<\/p>\n<p>Sendo uma das marcas de seus 85 anos de hist\u00f3ria, de maneira incans\u00e1vel a OAB participa da busca pela depura\u00e7\u00e3o da pol\u00edtica, e agora n\u00e3o poderia ser diferente. Foi assim durante o processo de discuss\u00e3o da Lei da Ficha Limpa \u2013um relevante avan\u00e7o legislativo para o Brasil\u2013 e tamb\u00e9m quando a OAB foi ao Supremo Tribunal Federal defender o fim do investimento de empresas em partidos pol\u00edticos e candidatos. A proibi\u00e7\u00e3o das doa\u00e7\u00f5es privadas foi um dos maiores avan\u00e7os da democracia brasileira, e a OAB tem orgulho de ter contribu\u00eddo para que ela acontecesse.<\/p>\n<p>Medidas como essas ajudam a retirar do cen\u00e1rio eleitoral o que h\u00e1 de pior na pol\u00edtica brasileira, mas, se estiverem sozinhas, tais a\u00e7\u00f5es n\u00e3o atingem todos os que buscam encontrar na pol\u00edtica um meio escuso para o enriquecimento il\u00edcito. Cada eleitor precisa fazer sua parte.<\/p>\n<p>Nesta elei\u00e7\u00e3o, a OAB estar\u00e1 novamente presente: vigilante para denunciar casos de caixa dois eleitoral, de compra de votos e de demais ilegalidades; tamb\u00e9m incentivando todos os eleitores a votarem com consci\u00eancia e a vigiarem permanentemente os eleitos.<\/p>\n","protected":false},"excerpt":{"rendered":"<p>Cl\u00e1udio Lamachia Em meio a tantos esc\u00e2ndalos de corrup\u00e7\u00e3o na pol\u00edtica brasileira, como os que estamos acompanhando, a obrigatoriedade do voto pode ser um verdadeiro fardo para parcela expressiva da sociedade brasileira. No entanto, este momento de crise \u00e9 uma excelente oportunidade para que os eleitores reflitam sobre sua grande import\u00e2ncia no sistema pol\u00edtico e [&hellip;]<\/p>\n","protected":false},"author":2,"featured_media":111319,"comment_status":"open","ping_status":"closed","sticky":false,"template":"","format":"standard","meta":{"_acf_changed":false,"footnotes":""},"categories":[25],"tags":[],"class_list":["post-111318","post","type-post","status-publish","format-standard","has-post-thumbnail","hentry","category-opina-ai"],"acf":[],"yoast_head":"<!-- This site is optimized with the Yoast SEO plugin v27.5 - https:\/\/yoast.com\/product\/yoast-seo-wordpress\/ -->\n<title>Voto obrigat\u00f3rio ser\u00e1 um fardo do brasileiro enquanto houver amn\u00e9sia eleitoral - Notibras<\/title>\n<meta name=\"robots\" content=\"index, follow, max-snippet:-1, max-image-preview:large, max-video-preview:-1\" \/>\n<link rel=\"canonical\" href=\"https:\/\/www.notibras.com\/site\/voto-obrigatorio-sera-um-fardo-do-brasileiro-enquanto-houver-amnesia-eleitoral\/\" \/>\n<meta property=\"og:locale\" content=\"pt_BR\" \/>\n<meta property=\"og:type\" content=\"article\" \/>\n<meta property=\"og:title\" content=\"Voto obrigat\u00f3rio ser\u00e1 um fardo do brasileiro enquanto houver amn\u00e9sia eleitoral - Notibras\" \/>\n<meta property=\"og:description\" content=\"Cl\u00e1udio Lamachia Em meio a tantos esc\u00e2ndalos de corrup\u00e7\u00e3o na pol\u00edtica brasileira, como os que estamos acompanhando, a obrigatoriedade do voto pode ser um verdadeiro fardo para parcela expressiva da sociedade brasileira. No entanto, este momento de crise \u00e9 uma excelente oportunidade para que os eleitores reflitam sobre sua grande import\u00e2ncia no sistema pol\u00edtico e [&hellip;]\" \/>\n<meta property=\"og:url\" content=\"https:\/\/www.notibras.com\/site\/voto-obrigatorio-sera-um-fardo-do-brasileiro-enquanto-houver-amnesia-eleitoral\/\" \/>\n<meta property=\"og:site_name\" content=\"Notibras\" \/>\n<meta property=\"article:publisher\" content=\"https:\/\/www.facebook.com\/notibras\/\" \/>\n<meta property=\"article:published_time\" content=\"2016-08-09T11:00:20+00:00\" \/>\n<meta property=\"article:modified_time\" content=\"2016-08-09T11:48:02+00:00\" \/>\n<meta property=\"og:image\" content=\"https:\/\/www.notibras.com\/site\/wp-content\/uploads\/2016\/08\/urna-eletronica-mao-1.jpg\" \/>\n\t<meta property=\"og:image:width\" content=\"1181\" \/>\n\t<meta property=\"og:image:height\" content=\"801\" \/>\n\t<meta property=\"og:image:type\" content=\"image\/jpeg\" \/>\n<meta name=\"author\" content=\"Reda\u00e7\u00e3o\" \/>\n<meta name=\"twitter:card\" content=\"summary_large_image\" \/>\n<meta name=\"twitter:creator\" content=\"@Notibras\" \/>\n<meta name=\"twitter:site\" content=\"@Notibras\" \/>\n<meta name=\"twitter:label1\" content=\"Escrito por\" \/>\n\t<meta name=\"twitter:data1\" content=\"Reda\u00e7\u00e3o\" \/>\n\t<meta name=\"twitter:label2\" content=\"Est. tempo de leitura\" \/>\n\t<meta name=\"twitter:data2\" content=\"3 minutos\" \/>\n<script type=\"application\/ld+json\" class=\"yoast-schema-graph\">{\"@context\":\"https:\\\/\\\/schema.org\",\"@graph\":[{\"@type\":\"Article\",\"@id\":\"https:\\\/\\\/www.notibras.com\\\/site\\\/voto-obrigatorio-sera-um-fardo-do-brasileiro-enquanto-houver-amnesia-eleitoral\\\/#article\",\"isPartOf\":{\"@id\":\"https:\\\/\\\/www.notibras.com\\\/site\\\/voto-obrigatorio-sera-um-fardo-do-brasileiro-enquanto-houver-amnesia-eleitoral\\\/\"},\"author\":{\"name\":\"Reda\u00e7\u00e3o\",\"@id\":\"https:\\\/\\\/www.notibras.com\\\/site\\\/#\\\/schema\\\/person\\\/36ab0979449956132d3e5b517ea76ac8\"},\"headline\":\"Voto obrigat\u00f3rio ser\u00e1 um fardo do brasileiro enquanto houver amn\u00e9sia eleitoral\",\"datePublished\":\"2016-08-09T11:00:20+00:00\",\"dateModified\":\"2016-08-09T11:48:02+00:00\",\"mainEntityOfPage\":{\"@id\":\"https:\\\/\\\/www.notibras.com\\\/site\\\/voto-obrigatorio-sera-um-fardo-do-brasileiro-enquanto-houver-amnesia-eleitoral\\\/\"},\"wordCount\":699,\"commentCount\":0,\"publisher\":{\"@id\":\"https:\\\/\\\/www.notibras.com\\\/site\\\/#organization\"},\"image\":{\"@id\":\"https:\\\/\\\/www.notibras.com\\\/site\\\/voto-obrigatorio-sera-um-fardo-do-brasileiro-enquanto-houver-amnesia-eleitoral\\\/#primaryimage\"},\"thumbnailUrl\":\"https:\\\/\\\/www.notibras.com\\\/site\\\/wp-content\\\/uploads\\\/2016\\\/08\\\/urna-eletronica-mao-1.jpg\",\"articleSection\":[\"Opina a\u00ed\"],\"inLanguage\":\"pt-BR\",\"potentialAction\":[{\"@type\":\"CommentAction\",\"name\":\"Comment\",\"target\":[\"https:\\\/\\\/www.notibras.com\\\/site\\\/voto-obrigatorio-sera-um-fardo-do-brasileiro-enquanto-houver-amnesia-eleitoral\\\/#respond\"]}]},{\"@type\":\"WebPage\",\"@id\":\"https:\\\/\\\/www.notibras.com\\\/site\\\/voto-obrigatorio-sera-um-fardo-do-brasileiro-enquanto-houver-amnesia-eleitoral\\\/\",\"url\":\"https:\\\/\\\/www.notibras.com\\\/site\\\/voto-obrigatorio-sera-um-fardo-do-brasileiro-enquanto-houver-amnesia-eleitoral\\\/\",\"name\":\"Voto obrigat\u00f3rio ser\u00e1 um fardo do brasileiro enquanto houver amn\u00e9sia eleitoral - Notibras\",\"isPartOf\":{\"@id\":\"https:\\\/\\\/www.notibras.com\\\/site\\\/#website\"},\"primaryImageOfPage\":{\"@id\":\"https:\\\/\\\/www.notibras.com\\\/site\\\/voto-obrigatorio-sera-um-fardo-do-brasileiro-enquanto-houver-amnesia-eleitoral\\\/#primaryimage\"},\"image\":{\"@id\":\"https:\\\/\\\/www.notibras.com\\\/site\\\/voto-obrigatorio-sera-um-fardo-do-brasileiro-enquanto-houver-amnesia-eleitoral\\\/#primaryimage\"},\"thumbnailUrl\":\"https:\\\/\\\/www.notibras.com\\\/site\\\/wp-content\\\/uploads\\\/2016\\\/08\\\/urna-eletronica-mao-1.jpg\",\"datePublished\":\"2016-08-09T11:00:20+00:00\",\"dateModified\":\"2016-08-09T11:48:02+00:00\",\"breadcrumb\":{\"@id\":\"https:\\\/\\\/www.notibras.com\\\/site\\\/voto-obrigatorio-sera-um-fardo-do-brasileiro-enquanto-houver-amnesia-eleitoral\\\/#breadcrumb\"},\"inLanguage\":\"pt-BR\",\"potentialAction\":[{\"@type\":\"ReadAction\",\"target\":[\"https:\\\/\\\/www.notibras.com\\\/site\\\/voto-obrigatorio-sera-um-fardo-do-brasileiro-enquanto-houver-amnesia-eleitoral\\\/\"]}]},{\"@type\":\"ImageObject\",\"inLanguage\":\"pt-BR\",\"@id\":\"https:\\\/\\\/www.notibras.com\\\/site\\\/voto-obrigatorio-sera-um-fardo-do-brasileiro-enquanto-houver-amnesia-eleitoral\\\/#primaryimage\",\"url\":\"https:\\\/\\\/www.notibras.com\\\/site\\\/wp-content\\\/uploads\\\/2016\\\/08\\\/urna-eletronica-mao-1.jpg\",\"contentUrl\":\"https:\\\/\\\/www.notibras.com\\\/site\\\/wp-content\\\/uploads\\\/2016\\\/08\\\/urna-eletronica-mao-1.jpg\",\"width\":1181,\"height\":801},{\"@type\":\"BreadcrumbList\",\"@id\":\"https:\\\/\\\/www.notibras.com\\\/site\\\/voto-obrigatorio-sera-um-fardo-do-brasileiro-enquanto-houver-amnesia-eleitoral\\\/#breadcrumb\",\"itemListElement\":[{\"@type\":\"ListItem\",\"position\":1,\"name\":\"In\u00edcio\",\"item\":\"https:\\\/\\\/www.notibras.com\\\/site\\\/\"},{\"@type\":\"ListItem\",\"position\":2,\"name\":\"Voto obrigat\u00f3rio ser\u00e1 um fardo do brasileiro enquanto houver amn\u00e9sia eleitoral\"}]},{\"@type\":\"WebSite\",\"@id\":\"https:\\\/\\\/www.notibras.com\\\/site\\\/#website\",\"url\":\"https:\\\/\\\/www.notibras.com\\\/site\\\/\",\"name\":\"Notibras\",\"description\":\"Not\u00edcias de Bras\u00edlia, do Brasil e do Mundo\",\"publisher\":{\"@id\":\"https:\\\/\\\/www.notibras.com\\\/site\\\/#organization\"},\"potentialAction\":[{\"@type\":\"SearchAction\",\"target\":{\"@type\":\"EntryPoint\",\"urlTemplate\":\"https:\\\/\\\/www.notibras.com\\\/site\\\/?s={search_term_string}\"},\"query-input\":{\"@type\":\"PropertyValueSpecification\",\"valueRequired\":true,\"valueName\":\"search_term_string\"}}],\"inLanguage\":\"pt-BR\"},{\"@type\":\"Organization\",\"@id\":\"https:\\\/\\\/www.notibras.com\\\/site\\\/#organization\",\"name\":\"Grupo Notibras de Comunica\u00e7\u00e3o\",\"url\":\"https:\\\/\\\/www.notibras.com\\\/site\\\/\",\"logo\":{\"@type\":\"ImageObject\",\"inLanguage\":\"pt-BR\",\"@id\":\"https:\\\/\\\/www.notibras.com\\\/site\\\/#\\\/schema\\\/logo\\\/image\\\/\",\"url\":\"https:\\\/\\\/www.notibras.com\\\/site\\\/wp-content\\\/uploads\\\/2023\\\/01\\\/notibras23.png\",\"contentUrl\":\"https:\\\/\\\/www.notibras.com\\\/site\\\/wp-content\\\/uploads\\\/2023\\\/01\\\/notibras23.png\",\"width\":350,\"height\":87,\"caption\":\"Grupo Notibras de Comunica\u00e7\u00e3o\"},\"image\":{\"@id\":\"https:\\\/\\\/www.notibras.com\\\/site\\\/#\\\/schema\\\/logo\\\/image\\\/\"},\"sameAs\":[\"https:\\\/\\\/www.facebook.com\\\/notibras\\\/\",\"https:\\\/\\\/x.com\\\/Notibras\",\"https:\\\/\\\/www.instagram.com\\\/notibras\\\/\"]},{\"@type\":\"Person\",\"@id\":\"https:\\\/\\\/www.notibras.com\\\/site\\\/#\\\/schema\\\/person\\\/36ab0979449956132d3e5b517ea76ac8\",\"name\":\"Reda\u00e7\u00e3o\",\"image\":{\"@type\":\"ImageObject\",\"inLanguage\":\"pt-BR\",\"@id\":\"https:\\\/\\\/secure.gravatar.com\\\/avatar\\\/e0a867bdedb85fd243eadf09663511f96fc81e0720a4a42581f334ad4303aa6b?s=96&d=mm&r=g\",\"url\":\"https:\\\/\\\/secure.gravatar.com\\\/avatar\\\/e0a867bdedb85fd243eadf09663511f96fc81e0720a4a42581f334ad4303aa6b?s=96&d=mm&r=g\",\"contentUrl\":\"https:\\\/\\\/secure.gravatar.com\\\/avatar\\\/e0a867bdedb85fd243eadf09663511f96fc81e0720a4a42581f334ad4303aa6b?s=96&d=mm&r=g\",\"caption\":\"Reda\u00e7\u00e3o\"}}]}<\/script>\n<!-- \/ Yoast SEO plugin. -->","yoast_head_json":{"title":"Voto obrigat\u00f3rio ser\u00e1 um fardo do brasileiro enquanto houver amn\u00e9sia eleitoral - Notibras","robots":{"index":"index","follow":"follow","max-snippet":"max-snippet:-1","max-image-preview":"max-image-preview:large","max-video-preview":"max-video-preview:-1"},"canonical":"https:\/\/www.notibras.com\/site\/voto-obrigatorio-sera-um-fardo-do-brasileiro-enquanto-houver-amnesia-eleitoral\/","og_locale":"pt_BR","og_type":"article","og_title":"Voto obrigat\u00f3rio ser\u00e1 um fardo do brasileiro enquanto houver amn\u00e9sia eleitoral - Notibras","og_description":"Cl\u00e1udio Lamachia Em meio a tantos esc\u00e2ndalos de corrup\u00e7\u00e3o na pol\u00edtica brasileira, como os que estamos acompanhando, a obrigatoriedade do voto pode ser um verdadeiro fardo para parcela expressiva da sociedade brasileira. No entanto, este momento de crise \u00e9 uma excelente oportunidade para que os eleitores reflitam sobre sua grande import\u00e2ncia no sistema pol\u00edtico e [&hellip;]","og_url":"https:\/\/www.notibras.com\/site\/voto-obrigatorio-sera-um-fardo-do-brasileiro-enquanto-houver-amnesia-eleitoral\/","og_site_name":"Notibras","article_publisher":"https:\/\/www.facebook.com\/notibras\/","article_published_time":"2016-08-09T11:00:20+00:00","article_modified_time":"2016-08-09T11:48:02+00:00","og_image":[{"width":1181,"height":801,"url":"https:\/\/www.notibras.com\/site\/wp-content\/uploads\/2016\/08\/urna-eletronica-mao-1.jpg","type":"image\/jpeg"}],"author":"Reda\u00e7\u00e3o","twitter_card":"summary_large_image","twitter_creator":"@Notibras","twitter_site":"@Notibras","twitter_misc":{"Escrito por":"Reda\u00e7\u00e3o","Est. tempo de leitura":"3 minutos"},"schema":{"@context":"https:\/\/schema.org","@graph":[{"@type":"Article","@id":"https:\/\/www.notibras.com\/site\/voto-obrigatorio-sera-um-fardo-do-brasileiro-enquanto-houver-amnesia-eleitoral\/#article","isPartOf":{"@id":"https:\/\/www.notibras.com\/site\/voto-obrigatorio-sera-um-fardo-do-brasileiro-enquanto-houver-amnesia-eleitoral\/"},"author":{"name":"Reda\u00e7\u00e3o","@id":"https:\/\/www.notibras.com\/site\/#\/schema\/person\/36ab0979449956132d3e5b517ea76ac8"},"headline":"Voto obrigat\u00f3rio ser\u00e1 um fardo do brasileiro enquanto houver amn\u00e9sia eleitoral","datePublished":"2016-08-09T11:00:20+00:00","dateModified":"2016-08-09T11:48:02+00:00","mainEntityOfPage":{"@id":"https:\/\/www.notibras.com\/site\/voto-obrigatorio-sera-um-fardo-do-brasileiro-enquanto-houver-amnesia-eleitoral\/"},"wordCount":699,"commentCount":0,"publisher":{"@id":"https:\/\/www.notibras.com\/site\/#organization"},"image":{"@id":"https:\/\/www.notibras.com\/site\/voto-obrigatorio-sera-um-fardo-do-brasileiro-enquanto-houver-amnesia-eleitoral\/#primaryimage"},"thumbnailUrl":"https:\/\/www.notibras.com\/site\/wp-content\/uploads\/2016\/08\/urna-eletronica-mao-1.jpg","articleSection":["Opina a\u00ed"],"inLanguage":"pt-BR","potentialAction":[{"@type":"CommentAction","name":"Comment","target":["https:\/\/www.notibras.com\/site\/voto-obrigatorio-sera-um-fardo-do-brasileiro-enquanto-houver-amnesia-eleitoral\/#respond"]}]},{"@type":"WebPage","@id":"https:\/\/www.notibras.com\/site\/voto-obrigatorio-sera-um-fardo-do-brasileiro-enquanto-houver-amnesia-eleitoral\/","url":"https:\/\/www.notibras.com\/site\/voto-obrigatorio-sera-um-fardo-do-brasileiro-enquanto-houver-amnesia-eleitoral\/","name":"Voto obrigat\u00f3rio ser\u00e1 um fardo do brasileiro enquanto houver amn\u00e9sia eleitoral - Notibras","isPartOf":{"@id":"https:\/\/www.notibras.com\/site\/#website"},"primaryImageOfPage":{"@id":"https:\/\/www.notibras.com\/site\/voto-obrigatorio-sera-um-fardo-do-brasileiro-enquanto-houver-amnesia-eleitoral\/#primaryimage"},"image":{"@id":"https:\/\/www.notibras.com\/site\/voto-obrigatorio-sera-um-fardo-do-brasileiro-enquanto-houver-amnesia-eleitoral\/#primaryimage"},"thumbnailUrl":"https:\/\/www.notibras.com\/site\/wp-content\/uploads\/2016\/08\/urna-eletronica-mao-1.jpg","datePublished":"2016-08-09T11:00:20+00:00","dateModified":"2016-08-09T11:48:02+00:00","breadcrumb":{"@id":"https:\/\/www.notibras.com\/site\/voto-obrigatorio-sera-um-fardo-do-brasileiro-enquanto-houver-amnesia-eleitoral\/#breadcrumb"},"inLanguage":"pt-BR","potentialAction":[{"@type":"ReadAction","target":["https:\/\/www.notibras.com\/site\/voto-obrigatorio-sera-um-fardo-do-brasileiro-enquanto-houver-amnesia-eleitoral\/"]}]},{"@type":"ImageObject","inLanguage":"pt-BR","@id":"https:\/\/www.notibras.com\/site\/voto-obrigatorio-sera-um-fardo-do-brasileiro-enquanto-houver-amnesia-eleitoral\/#primaryimage","url":"https:\/\/www.notibras.com\/site\/wp-content\/uploads\/2016\/08\/urna-eletronica-mao-1.jpg","contentUrl":"https:\/\/www.notibras.com\/site\/wp-content\/uploads\/2016\/08\/urna-eletronica-mao-1.jpg","width":1181,"height":801},{"@type":"BreadcrumbList","@id":"https:\/\/www.notibras.com\/site\/voto-obrigatorio-sera-um-fardo-do-brasileiro-enquanto-houver-amnesia-eleitoral\/#breadcrumb","itemListElement":[{"@type":"ListItem","position":1,"name":"In\u00edcio","item":"https:\/\/www.notibras.com\/site\/"},{"@type":"ListItem","position":2,"name":"Voto obrigat\u00f3rio ser\u00e1 um fardo do brasileiro enquanto houver amn\u00e9sia eleitoral"}]},{"@type":"WebSite","@id":"https:\/\/www.notibras.com\/site\/#website","url":"https:\/\/www.notibras.com\/site\/","name":"Notibras","description":"Not\u00edcias de Bras\u00edlia, do Brasil e do Mundo","publisher":{"@id":"https:\/\/www.notibras.com\/site\/#organization"},"potentialAction":[{"@type":"SearchAction","target":{"@type":"EntryPoint","urlTemplate":"https:\/\/www.notibras.com\/site\/?s={search_term_string}"},"query-input":{"@type":"PropertyValueSpecification","valueRequired":true,"valueName":"search_term_string"}}],"inLanguage":"pt-BR"},{"@type":"Organization","@id":"https:\/\/www.notibras.com\/site\/#organization","name":"Grupo Notibras de Comunica\u00e7\u00e3o","url":"https:\/\/www.notibras.com\/site\/","logo":{"@type":"ImageObject","inLanguage":"pt-BR","@id":"https:\/\/www.notibras.com\/site\/#\/schema\/logo\/image\/","url":"https:\/\/www.notibras.com\/site\/wp-content\/uploads\/2023\/01\/notibras23.png","contentUrl":"https:\/\/www.notibras.com\/site\/wp-content\/uploads\/2023\/01\/notibras23.png","width":350,"height":87,"caption":"Grupo Notibras de Comunica\u00e7\u00e3o"},"image":{"@id":"https:\/\/www.notibras.com\/site\/#\/schema\/logo\/image\/"},"sameAs":["https:\/\/www.facebook.com\/notibras\/","https:\/\/x.com\/Notibras","https:\/\/www.instagram.com\/notibras\/"]},{"@type":"Person","@id":"https:\/\/www.notibras.com\/site\/#\/schema\/person\/36ab0979449956132d3e5b517ea76ac8","name":"Reda\u00e7\u00e3o","image":{"@type":"ImageObject","inLanguage":"pt-BR","@id":"https:\/\/secure.gravatar.com\/avatar\/e0a867bdedb85fd243eadf09663511f96fc81e0720a4a42581f334ad4303aa6b?s=96&d=mm&r=g","url":"https:\/\/secure.gravatar.com\/avatar\/e0a867bdedb85fd243eadf09663511f96fc81e0720a4a42581f334ad4303aa6b?s=96&d=mm&r=g","contentUrl":"https:\/\/secure.gravatar.com\/avatar\/e0a867bdedb85fd243eadf09663511f96fc81e0720a4a42581f334ad4303aa6b?s=96&d=mm&r=g","caption":"Reda\u00e7\u00e3o"}}]}},"amp_enabled":true,"_links":{"self":[{"href":"https:\/\/www.notibras.com\/site\/wp-json\/wp\/v2\/posts\/111318","targetHints":{"allow":["GET"]}}],"collection":[{"href":"https:\/\/www.notibras.com\/site\/wp-json\/wp\/v2\/posts"}],"about":[{"href":"https:\/\/www.notibras.com\/site\/wp-json\/wp\/v2\/types\/post"}],"author":[{"embeddable":true,"href":"https:\/\/www.notibras.com\/site\/wp-json\/wp\/v2\/users\/2"}],"replies":[{"embeddable":true,"href":"https:\/\/www.notibras.com\/site\/wp-json\/wp\/v2\/comments?post=111318"}],"version-history":[{"count":1,"href":"https:\/\/www.notibras.com\/site\/wp-json\/wp\/v2\/posts\/111318\/revisions"}],"predecessor-version":[{"id":111320,"href":"https:\/\/www.notibras.com\/site\/wp-json\/wp\/v2\/posts\/111318\/revisions\/111320"}],"wp:featuredmedia":[{"embeddable":true,"href":"https:\/\/www.notibras.com\/site\/wp-json\/wp\/v2\/media\/111319"}],"wp:attachment":[{"href":"https:\/\/www.notibras.com\/site\/wp-json\/wp\/v2\/media?parent=111318"}],"wp:term":[{"taxonomy":"category","embeddable":true,"href":"https:\/\/www.notibras.com\/site\/wp-json\/wp\/v2\/categories?post=111318"},{"taxonomy":"post_tag","embeddable":true,"href":"https:\/\/www.notibras.com\/site\/wp-json\/wp\/v2\/tags?post=111318"}],"curies":[{"name":"wp","href":"https:\/\/api.w.org\/{rel}","templated":true}]}}