{"id":111535,"date":"2016-08-10T17:57:26","date_gmt":"2016-08-10T20:57:26","guid":{"rendered":"http:\/\/www.notibras.com\/site\/?p=111535"},"modified":"2016-08-10T17:57:26","modified_gmt":"2016-08-10T20:57:26","slug":"cuidado-falta-de-exame-medico-em-academia-aumenta-o-risco-de-morte-subita","status":"publish","type":"post","link":"https:\/\/www.notibras.com\/site\/cuidado-falta-de-exame-medico-em-academia-aumenta-o-risco-de-morte-subita\/","title":{"rendered":"Cuidado! Falta de exame m\u00e9dico em academia aumenta o risco de morte s\u00fabita"},"content":{"rendered":"<p><strong>Ibraim Masciarelli Pinto<\/strong><\/p>\n<p>Os exerc\u00edcios f\u00edsicos s\u00e3o componentes fundamentais na ado\u00e7\u00e3o de um estilo de vida saud\u00e1vel e aliados essenciais no combate ao infarto e ao derrame cerebral (AVC). Al\u00e9m disso, na cultura contempor\u00e2nea h\u00e1 uma valoriza\u00e7\u00e3o crescente de corpos magros e com musculatura definida, o que faz com que muitas pessoas tenham interesse em praticar esportes ou treinar em academias.<\/p>\n<p>Essa \u00e9 uma atitude positiva e que deve ser estimulada, mas cuidados devem ser tomados. Nesse sentido, \u00e9 fundamental que uma avalia\u00e7\u00e3o m\u00e9dica seja realizada antes do in\u00edcio da pr\u00e1tica esportiva. A legisla\u00e7\u00e3o brasileira vigente eliminou a obrigatoriedade de que as academias exijam a avalia\u00e7\u00e3o de um m\u00e9dico a fim de liberar o aluno para a atividade f\u00edsica. Entretanto, isso pode expor o praticante a s\u00e9rios problemas. N\u00e3o se deve, por descuido pr\u00e9vio, transformar em fator de risco algo que pode ser muito positivo.<\/p>\n<p>Quando praticamos exerc\u00edcios, nosso corpo necessita de mais oxig\u00eanio e nutrientes do que quando estamos em repouso e, por isso, o cora\u00e7\u00e3o precisa bombear mais sangue, num ritmo maior do que necess\u00e1rio quando estamos parados. A press\u00e3o arterial tamb\u00e9m varia conforme o tipo de esporte ou treino praticado, mas todo esse trabalho adicional do cora\u00e7\u00e3o ser\u00e1 maior quanto mais acentuada for a atividade praticada.<\/p>\n<p>Esse \u00e9 o motivo pelo qual, ap\u00f3s algum tempo de atividade f\u00edsica intensa, o cora\u00e7\u00e3o do esportista passa a ser diferente do cora\u00e7\u00e3o da pessoa sedent\u00e1ria, passando para o estado conhecido como cora\u00e7\u00e3o de atleta. Nessa condi\u00e7\u00e3o de maior exig\u00eancia e trabalho do \u00f3rg\u00e3o, por\u00e9m, o esfor\u00e7o f\u00edsico pode fazer com que se manifestem doen\u00e7as card\u00edacas, mesmo que n\u00e3o se tenha sintomas at\u00e9 o momento \u2013ou porque elas ainda se encontram em est\u00e1gios iniciais ou porque n\u00e3o impedem o funcionamento correto do cora\u00e7\u00e3o quando o corpo est\u00e1 em repouso.<\/p>\n<p>\u00c9 por isso que alguns atletas passam mal, t\u00eam desmaios e at\u00e9 morte s\u00fabita durante corridas ou partidas de futebol, como infelizmente j\u00e1 observamos em ocasi\u00f5es de triste lembran\u00e7a, nas distintas modalidades esportivas.<\/p>\n<p>A avalia\u00e7\u00e3o m\u00e9dica de pessoas que querem exercitar-se de maneira vigorosa tem de ser rigorosa, feita por profissionais com experi\u00eancia no tema. Em determinados casos, deve-se solicitar exames espec\u00edficos, para elucidar d\u00favidas. Muitos argumentam que a morte s\u00fabita em atletas \u00e9 um evento raro e que, portanto, n\u00e3o se justificaria o custo de manter programas espec\u00edficos para essa finalidade.<\/p>\n<p>No entanto, \u00e9 muito pertinente a seguinte pergunta: quanto vale uma vida? O diagn\u00f3stico correto permite que sejam feitos tratamentos eficazes para doen\u00e7as card\u00edacas, reduz muito a chance de morte s\u00fabita e propicia a melhoria da qualidade de vida dos pacientes, permitindo at\u00e9, em certas circunst\u00e2ncias, que ele volte a praticar atividade f\u00edsica.<\/p>\n<p>Por outro lado, se n\u00e3o diagnosticadas e n\u00e3o tratadas, essas doen\u00e7as podem ter consequ\u00eancias muito s\u00e9rias. A import\u00e2ncia da avalia\u00e7\u00e3o cl\u00ednica \u00e9 ainda maior em alguns casos, como os de pessoas que t\u00eam hist\u00f3ria familiar de morte s\u00fabita ou de doen\u00e7a card\u00edaca, indiv\u00edduos acima dos 35 anos e, principalmente, aqueles que desejam praticar esportes de alto impacto ou que queiram ser profissionais.<\/p>\n<p>Esporte \u00e9 vida! A pr\u00e1tica de exerc\u00edcios deve ser sempre estimulada, mas com seguran\u00e7a e ap\u00f3s termos certeza de que n\u00e3o h\u00e1 doen\u00e7as card\u00edacas que coloquem a vida do paciente em risco.<\/p>\n","protected":false},"excerpt":{"rendered":"<p>Ibraim Masciarelli Pinto Os exerc\u00edcios f\u00edsicos s\u00e3o componentes fundamentais na ado\u00e7\u00e3o de um estilo de vida saud\u00e1vel e aliados essenciais no combate ao infarto e ao derrame cerebral (AVC). Al\u00e9m disso, na cultura contempor\u00e2nea h\u00e1 uma valoriza\u00e7\u00e3o crescente de corpos magros e com musculatura definida, o que faz com que muitas pessoas tenham interesse em [&hellip;]<\/p>\n","protected":false},"author":2,"featured_media":111536,"comment_status":"open","ping_status":"closed","sticky":false,"template":"","format":"standard","meta":{"_acf_changed":false,"footnotes":""},"categories":[25],"tags":[],"class_list":["post-111535","post","type-post","status-publish","format-standard","has-post-thumbnail","hentry","category-opina-ai"],"acf":[],"yoast_head":"<!-- This site is optimized with the Yoast SEO plugin v27.5 - https:\/\/yoast.com\/product\/yoast-seo-wordpress\/ -->\n<title>Cuidado! Falta de exame m\u00e9dico em academia aumenta o risco de morte s\u00fabita - Notibras<\/title>\n<meta name=\"robots\" content=\"index, follow, max-snippet:-1, max-image-preview:large, max-video-preview:-1\" \/>\n<link rel=\"canonical\" href=\"https:\/\/www.notibras.com\/site\/cuidado-falta-de-exame-medico-em-academia-aumenta-o-risco-de-morte-subita\/\" \/>\n<meta property=\"og:locale\" content=\"pt_BR\" \/>\n<meta property=\"og:type\" content=\"article\" \/>\n<meta property=\"og:title\" content=\"Cuidado! Falta de exame m\u00e9dico em academia aumenta o risco de morte s\u00fabita - Notibras\" \/>\n<meta property=\"og:description\" content=\"Ibraim Masciarelli Pinto Os exerc\u00edcios f\u00edsicos s\u00e3o componentes fundamentais na ado\u00e7\u00e3o de um estilo de vida saud\u00e1vel e aliados essenciais no combate ao infarto e ao derrame cerebral (AVC). Al\u00e9m disso, na cultura contempor\u00e2nea h\u00e1 uma valoriza\u00e7\u00e3o crescente de corpos magros e com musculatura definida, o que faz com que muitas pessoas tenham interesse em [&hellip;]\" \/>\n<meta property=\"og:url\" content=\"https:\/\/www.notibras.com\/site\/cuidado-falta-de-exame-medico-em-academia-aumenta-o-risco-de-morte-subita\/\" \/>\n<meta property=\"og:site_name\" content=\"Notibras\" \/>\n<meta property=\"article:publisher\" content=\"https:\/\/www.facebook.com\/notibras\/\" \/>\n<meta property=\"article:published_time\" content=\"2016-08-10T20:57:26+00:00\" \/>\n<meta property=\"og:image\" content=\"https:\/\/www.notibras.com\/site\/wp-content\/uploads\/2016\/08\/academia-playlist-eletronico-musica-treino-fitness.jpg\" \/>\n\t<meta property=\"og:image:width\" content=\"1600\" \/>\n\t<meta property=\"og:image:height\" content=\"1066\" \/>\n\t<meta property=\"og:image:type\" content=\"image\/jpeg\" \/>\n<meta name=\"author\" content=\"Reda\u00e7\u00e3o\" \/>\n<meta name=\"twitter:card\" content=\"summary_large_image\" \/>\n<meta name=\"twitter:creator\" content=\"@Notibras\" \/>\n<meta name=\"twitter:site\" content=\"@Notibras\" \/>\n<meta name=\"twitter:label1\" content=\"Escrito por\" \/>\n\t<meta name=\"twitter:data1\" content=\"Reda\u00e7\u00e3o\" \/>\n\t<meta name=\"twitter:label2\" content=\"Est. tempo de leitura\" \/>\n\t<meta name=\"twitter:data2\" content=\"3 minutos\" \/>\n<script type=\"application\/ld+json\" class=\"yoast-schema-graph\">{\"@context\":\"https:\\\/\\\/schema.org\",\"@graph\":[{\"@type\":\"Article\",\"@id\":\"https:\\\/\\\/www.notibras.com\\\/site\\\/cuidado-falta-de-exame-medico-em-academia-aumenta-o-risco-de-morte-subita\\\/#article\",\"isPartOf\":{\"@id\":\"https:\\\/\\\/www.notibras.com\\\/site\\\/cuidado-falta-de-exame-medico-em-academia-aumenta-o-risco-de-morte-subita\\\/\"},\"author\":{\"name\":\"Reda\u00e7\u00e3o\",\"@id\":\"https:\\\/\\\/www.notibras.com\\\/site\\\/#\\\/schema\\\/person\\\/36ab0979449956132d3e5b517ea76ac8\"},\"headline\":\"Cuidado! Falta de exame m\u00e9dico em academia aumenta o risco de morte s\u00fabita\",\"datePublished\":\"2016-08-10T20:57:26+00:00\",\"mainEntityOfPage\":{\"@id\":\"https:\\\/\\\/www.notibras.com\\\/site\\\/cuidado-falta-de-exame-medico-em-academia-aumenta-o-risco-de-morte-subita\\\/\"},\"wordCount\":626,\"commentCount\":0,\"publisher\":{\"@id\":\"https:\\\/\\\/www.notibras.com\\\/site\\\/#organization\"},\"image\":{\"@id\":\"https:\\\/\\\/www.notibras.com\\\/site\\\/cuidado-falta-de-exame-medico-em-academia-aumenta-o-risco-de-morte-subita\\\/#primaryimage\"},\"thumbnailUrl\":\"https:\\\/\\\/www.notibras.com\\\/site\\\/wp-content\\\/uploads\\\/2016\\\/08\\\/academia-playlist-eletronico-musica-treino-fitness.jpg\",\"articleSection\":[\"Opina a\u00ed\"],\"inLanguage\":\"pt-BR\",\"potentialAction\":[{\"@type\":\"CommentAction\",\"name\":\"Comment\",\"target\":[\"https:\\\/\\\/www.notibras.com\\\/site\\\/cuidado-falta-de-exame-medico-em-academia-aumenta-o-risco-de-morte-subita\\\/#respond\"]}]},{\"@type\":\"WebPage\",\"@id\":\"https:\\\/\\\/www.notibras.com\\\/site\\\/cuidado-falta-de-exame-medico-em-academia-aumenta-o-risco-de-morte-subita\\\/\",\"url\":\"https:\\\/\\\/www.notibras.com\\\/site\\\/cuidado-falta-de-exame-medico-em-academia-aumenta-o-risco-de-morte-subita\\\/\",\"name\":\"Cuidado! Falta de exame m\u00e9dico em academia aumenta o risco de morte s\u00fabita - Notibras\",\"isPartOf\":{\"@id\":\"https:\\\/\\\/www.notibras.com\\\/site\\\/#website\"},\"primaryImageOfPage\":{\"@id\":\"https:\\\/\\\/www.notibras.com\\\/site\\\/cuidado-falta-de-exame-medico-em-academia-aumenta-o-risco-de-morte-subita\\\/#primaryimage\"},\"image\":{\"@id\":\"https:\\\/\\\/www.notibras.com\\\/site\\\/cuidado-falta-de-exame-medico-em-academia-aumenta-o-risco-de-morte-subita\\\/#primaryimage\"},\"thumbnailUrl\":\"https:\\\/\\\/www.notibras.com\\\/site\\\/wp-content\\\/uploads\\\/2016\\\/08\\\/academia-playlist-eletronico-musica-treino-fitness.jpg\",\"datePublished\":\"2016-08-10T20:57:26+00:00\",\"breadcrumb\":{\"@id\":\"https:\\\/\\\/www.notibras.com\\\/site\\\/cuidado-falta-de-exame-medico-em-academia-aumenta-o-risco-de-morte-subita\\\/#breadcrumb\"},\"inLanguage\":\"pt-BR\",\"potentialAction\":[{\"@type\":\"ReadAction\",\"target\":[\"https:\\\/\\\/www.notibras.com\\\/site\\\/cuidado-falta-de-exame-medico-em-academia-aumenta-o-risco-de-morte-subita\\\/\"]}]},{\"@type\":\"ImageObject\",\"inLanguage\":\"pt-BR\",\"@id\":\"https:\\\/\\\/www.notibras.com\\\/site\\\/cuidado-falta-de-exame-medico-em-academia-aumenta-o-risco-de-morte-subita\\\/#primaryimage\",\"url\":\"https:\\\/\\\/www.notibras.com\\\/site\\\/wp-content\\\/uploads\\\/2016\\\/08\\\/academia-playlist-eletronico-musica-treino-fitness.jpg\",\"contentUrl\":\"https:\\\/\\\/www.notibras.com\\\/site\\\/wp-content\\\/uploads\\\/2016\\\/08\\\/academia-playlist-eletronico-musica-treino-fitness.jpg\",\"width\":1600,\"height\":1066},{\"@type\":\"BreadcrumbList\",\"@id\":\"https:\\\/\\\/www.notibras.com\\\/site\\\/cuidado-falta-de-exame-medico-em-academia-aumenta-o-risco-de-morte-subita\\\/#breadcrumb\",\"itemListElement\":[{\"@type\":\"ListItem\",\"position\":1,\"name\":\"In\u00edcio\",\"item\":\"https:\\\/\\\/www.notibras.com\\\/site\\\/\"},{\"@type\":\"ListItem\",\"position\":2,\"name\":\"Cuidado! Falta de exame m\u00e9dico em academia aumenta o risco de morte s\u00fabita\"}]},{\"@type\":\"WebSite\",\"@id\":\"https:\\\/\\\/www.notibras.com\\\/site\\\/#website\",\"url\":\"https:\\\/\\\/www.notibras.com\\\/site\\\/\",\"name\":\"Notibras\",\"description\":\"Not\u00edcias de Bras\u00edlia, do Brasil e do Mundo\",\"publisher\":{\"@id\":\"https:\\\/\\\/www.notibras.com\\\/site\\\/#organization\"},\"potentialAction\":[{\"@type\":\"SearchAction\",\"target\":{\"@type\":\"EntryPoint\",\"urlTemplate\":\"https:\\\/\\\/www.notibras.com\\\/site\\\/?s={search_term_string}\"},\"query-input\":{\"@type\":\"PropertyValueSpecification\",\"valueRequired\":true,\"valueName\":\"search_term_string\"}}],\"inLanguage\":\"pt-BR\"},{\"@type\":\"Organization\",\"@id\":\"https:\\\/\\\/www.notibras.com\\\/site\\\/#organization\",\"name\":\"Grupo Notibras de Comunica\u00e7\u00e3o\",\"url\":\"https:\\\/\\\/www.notibras.com\\\/site\\\/\",\"logo\":{\"@type\":\"ImageObject\",\"inLanguage\":\"pt-BR\",\"@id\":\"https:\\\/\\\/www.notibras.com\\\/site\\\/#\\\/schema\\\/logo\\\/image\\\/\",\"url\":\"https:\\\/\\\/www.notibras.com\\\/site\\\/wp-content\\\/uploads\\\/2023\\\/01\\\/notibras23.png\",\"contentUrl\":\"https:\\\/\\\/www.notibras.com\\\/site\\\/wp-content\\\/uploads\\\/2023\\\/01\\\/notibras23.png\",\"width\":350,\"height\":87,\"caption\":\"Grupo Notibras de Comunica\u00e7\u00e3o\"},\"image\":{\"@id\":\"https:\\\/\\\/www.notibras.com\\\/site\\\/#\\\/schema\\\/logo\\\/image\\\/\"},\"sameAs\":[\"https:\\\/\\\/www.facebook.com\\\/notibras\\\/\",\"https:\\\/\\\/x.com\\\/Notibras\",\"https:\\\/\\\/www.instagram.com\\\/notibras\\\/\"]},{\"@type\":\"Person\",\"@id\":\"https:\\\/\\\/www.notibras.com\\\/site\\\/#\\\/schema\\\/person\\\/36ab0979449956132d3e5b517ea76ac8\",\"name\":\"Reda\u00e7\u00e3o\",\"image\":{\"@type\":\"ImageObject\",\"inLanguage\":\"pt-BR\",\"@id\":\"https:\\\/\\\/secure.gravatar.com\\\/avatar\\\/e0a867bdedb85fd243eadf09663511f96fc81e0720a4a42581f334ad4303aa6b?s=96&d=mm&r=g\",\"url\":\"https:\\\/\\\/secure.gravatar.com\\\/avatar\\\/e0a867bdedb85fd243eadf09663511f96fc81e0720a4a42581f334ad4303aa6b?s=96&d=mm&r=g\",\"contentUrl\":\"https:\\\/\\\/secure.gravatar.com\\\/avatar\\\/e0a867bdedb85fd243eadf09663511f96fc81e0720a4a42581f334ad4303aa6b?s=96&d=mm&r=g\",\"caption\":\"Reda\u00e7\u00e3o\"}}]}<\/script>\n<!-- \/ Yoast SEO plugin. -->","yoast_head_json":{"title":"Cuidado! Falta de exame m\u00e9dico em academia aumenta o risco de morte s\u00fabita - Notibras","robots":{"index":"index","follow":"follow","max-snippet":"max-snippet:-1","max-image-preview":"max-image-preview:large","max-video-preview":"max-video-preview:-1"},"canonical":"https:\/\/www.notibras.com\/site\/cuidado-falta-de-exame-medico-em-academia-aumenta-o-risco-de-morte-subita\/","og_locale":"pt_BR","og_type":"article","og_title":"Cuidado! Falta de exame m\u00e9dico em academia aumenta o risco de morte s\u00fabita - Notibras","og_description":"Ibraim Masciarelli Pinto Os exerc\u00edcios f\u00edsicos s\u00e3o componentes fundamentais na ado\u00e7\u00e3o de um estilo de vida saud\u00e1vel e aliados essenciais no combate ao infarto e ao derrame cerebral (AVC). Al\u00e9m disso, na cultura contempor\u00e2nea h\u00e1 uma valoriza\u00e7\u00e3o crescente de corpos magros e com musculatura definida, o que faz com que muitas pessoas tenham interesse em [&hellip;]","og_url":"https:\/\/www.notibras.com\/site\/cuidado-falta-de-exame-medico-em-academia-aumenta-o-risco-de-morte-subita\/","og_site_name":"Notibras","article_publisher":"https:\/\/www.facebook.com\/notibras\/","article_published_time":"2016-08-10T20:57:26+00:00","og_image":[{"width":1600,"height":1066,"url":"https:\/\/www.notibras.com\/site\/wp-content\/uploads\/2016\/08\/academia-playlist-eletronico-musica-treino-fitness.jpg","type":"image\/jpeg"}],"author":"Reda\u00e7\u00e3o","twitter_card":"summary_large_image","twitter_creator":"@Notibras","twitter_site":"@Notibras","twitter_misc":{"Escrito por":"Reda\u00e7\u00e3o","Est. tempo de leitura":"3 minutos"},"schema":{"@context":"https:\/\/schema.org","@graph":[{"@type":"Article","@id":"https:\/\/www.notibras.com\/site\/cuidado-falta-de-exame-medico-em-academia-aumenta-o-risco-de-morte-subita\/#article","isPartOf":{"@id":"https:\/\/www.notibras.com\/site\/cuidado-falta-de-exame-medico-em-academia-aumenta-o-risco-de-morte-subita\/"},"author":{"name":"Reda\u00e7\u00e3o","@id":"https:\/\/www.notibras.com\/site\/#\/schema\/person\/36ab0979449956132d3e5b517ea76ac8"},"headline":"Cuidado! Falta de exame m\u00e9dico em academia aumenta o risco de morte s\u00fabita","datePublished":"2016-08-10T20:57:26+00:00","mainEntityOfPage":{"@id":"https:\/\/www.notibras.com\/site\/cuidado-falta-de-exame-medico-em-academia-aumenta-o-risco-de-morte-subita\/"},"wordCount":626,"commentCount":0,"publisher":{"@id":"https:\/\/www.notibras.com\/site\/#organization"},"image":{"@id":"https:\/\/www.notibras.com\/site\/cuidado-falta-de-exame-medico-em-academia-aumenta-o-risco-de-morte-subita\/#primaryimage"},"thumbnailUrl":"https:\/\/www.notibras.com\/site\/wp-content\/uploads\/2016\/08\/academia-playlist-eletronico-musica-treino-fitness.jpg","articleSection":["Opina a\u00ed"],"inLanguage":"pt-BR","potentialAction":[{"@type":"CommentAction","name":"Comment","target":["https:\/\/www.notibras.com\/site\/cuidado-falta-de-exame-medico-em-academia-aumenta-o-risco-de-morte-subita\/#respond"]}]},{"@type":"WebPage","@id":"https:\/\/www.notibras.com\/site\/cuidado-falta-de-exame-medico-em-academia-aumenta-o-risco-de-morte-subita\/","url":"https:\/\/www.notibras.com\/site\/cuidado-falta-de-exame-medico-em-academia-aumenta-o-risco-de-morte-subita\/","name":"Cuidado! Falta de exame m\u00e9dico em academia aumenta o risco de morte s\u00fabita - Notibras","isPartOf":{"@id":"https:\/\/www.notibras.com\/site\/#website"},"primaryImageOfPage":{"@id":"https:\/\/www.notibras.com\/site\/cuidado-falta-de-exame-medico-em-academia-aumenta-o-risco-de-morte-subita\/#primaryimage"},"image":{"@id":"https:\/\/www.notibras.com\/site\/cuidado-falta-de-exame-medico-em-academia-aumenta-o-risco-de-morte-subita\/#primaryimage"},"thumbnailUrl":"https:\/\/www.notibras.com\/site\/wp-content\/uploads\/2016\/08\/academia-playlist-eletronico-musica-treino-fitness.jpg","datePublished":"2016-08-10T20:57:26+00:00","breadcrumb":{"@id":"https:\/\/www.notibras.com\/site\/cuidado-falta-de-exame-medico-em-academia-aumenta-o-risco-de-morte-subita\/#breadcrumb"},"inLanguage":"pt-BR","potentialAction":[{"@type":"ReadAction","target":["https:\/\/www.notibras.com\/site\/cuidado-falta-de-exame-medico-em-academia-aumenta-o-risco-de-morte-subita\/"]}]},{"@type":"ImageObject","inLanguage":"pt-BR","@id":"https:\/\/www.notibras.com\/site\/cuidado-falta-de-exame-medico-em-academia-aumenta-o-risco-de-morte-subita\/#primaryimage","url":"https:\/\/www.notibras.com\/site\/wp-content\/uploads\/2016\/08\/academia-playlist-eletronico-musica-treino-fitness.jpg","contentUrl":"https:\/\/www.notibras.com\/site\/wp-content\/uploads\/2016\/08\/academia-playlist-eletronico-musica-treino-fitness.jpg","width":1600,"height":1066},{"@type":"BreadcrumbList","@id":"https:\/\/www.notibras.com\/site\/cuidado-falta-de-exame-medico-em-academia-aumenta-o-risco-de-morte-subita\/#breadcrumb","itemListElement":[{"@type":"ListItem","position":1,"name":"In\u00edcio","item":"https:\/\/www.notibras.com\/site\/"},{"@type":"ListItem","position":2,"name":"Cuidado! Falta de exame m\u00e9dico em academia aumenta o risco de morte s\u00fabita"}]},{"@type":"WebSite","@id":"https:\/\/www.notibras.com\/site\/#website","url":"https:\/\/www.notibras.com\/site\/","name":"Notibras","description":"Not\u00edcias de Bras\u00edlia, do Brasil e do Mundo","publisher":{"@id":"https:\/\/www.notibras.com\/site\/#organization"},"potentialAction":[{"@type":"SearchAction","target":{"@type":"EntryPoint","urlTemplate":"https:\/\/www.notibras.com\/site\/?s={search_term_string}"},"query-input":{"@type":"PropertyValueSpecification","valueRequired":true,"valueName":"search_term_string"}}],"inLanguage":"pt-BR"},{"@type":"Organization","@id":"https:\/\/www.notibras.com\/site\/#organization","name":"Grupo Notibras de Comunica\u00e7\u00e3o","url":"https:\/\/www.notibras.com\/site\/","logo":{"@type":"ImageObject","inLanguage":"pt-BR","@id":"https:\/\/www.notibras.com\/site\/#\/schema\/logo\/image\/","url":"https:\/\/www.notibras.com\/site\/wp-content\/uploads\/2023\/01\/notibras23.png","contentUrl":"https:\/\/www.notibras.com\/site\/wp-content\/uploads\/2023\/01\/notibras23.png","width":350,"height":87,"caption":"Grupo Notibras de Comunica\u00e7\u00e3o"},"image":{"@id":"https:\/\/www.notibras.com\/site\/#\/schema\/logo\/image\/"},"sameAs":["https:\/\/www.facebook.com\/notibras\/","https:\/\/x.com\/Notibras","https:\/\/www.instagram.com\/notibras\/"]},{"@type":"Person","@id":"https:\/\/www.notibras.com\/site\/#\/schema\/person\/36ab0979449956132d3e5b517ea76ac8","name":"Reda\u00e7\u00e3o","image":{"@type":"ImageObject","inLanguage":"pt-BR","@id":"https:\/\/secure.gravatar.com\/avatar\/e0a867bdedb85fd243eadf09663511f96fc81e0720a4a42581f334ad4303aa6b?s=96&d=mm&r=g","url":"https:\/\/secure.gravatar.com\/avatar\/e0a867bdedb85fd243eadf09663511f96fc81e0720a4a42581f334ad4303aa6b?s=96&d=mm&r=g","contentUrl":"https:\/\/secure.gravatar.com\/avatar\/e0a867bdedb85fd243eadf09663511f96fc81e0720a4a42581f334ad4303aa6b?s=96&d=mm&r=g","caption":"Reda\u00e7\u00e3o"}}]}},"amp_enabled":true,"_links":{"self":[{"href":"https:\/\/www.notibras.com\/site\/wp-json\/wp\/v2\/posts\/111535","targetHints":{"allow":["GET"]}}],"collection":[{"href":"https:\/\/www.notibras.com\/site\/wp-json\/wp\/v2\/posts"}],"about":[{"href":"https:\/\/www.notibras.com\/site\/wp-json\/wp\/v2\/types\/post"}],"author":[{"embeddable":true,"href":"https:\/\/www.notibras.com\/site\/wp-json\/wp\/v2\/users\/2"}],"replies":[{"embeddable":true,"href":"https:\/\/www.notibras.com\/site\/wp-json\/wp\/v2\/comments?post=111535"}],"version-history":[{"count":1,"href":"https:\/\/www.notibras.com\/site\/wp-json\/wp\/v2\/posts\/111535\/revisions"}],"predecessor-version":[{"id":111537,"href":"https:\/\/www.notibras.com\/site\/wp-json\/wp\/v2\/posts\/111535\/revisions\/111537"}],"wp:featuredmedia":[{"embeddable":true,"href":"https:\/\/www.notibras.com\/site\/wp-json\/wp\/v2\/media\/111536"}],"wp:attachment":[{"href":"https:\/\/www.notibras.com\/site\/wp-json\/wp\/v2\/media?parent=111535"}],"wp:term":[{"taxonomy":"category","embeddable":true,"href":"https:\/\/www.notibras.com\/site\/wp-json\/wp\/v2\/categories?post=111535"},{"taxonomy":"post_tag","embeddable":true,"href":"https:\/\/www.notibras.com\/site\/wp-json\/wp\/v2\/tags?post=111535"}],"curies":[{"name":"wp","href":"https:\/\/api.w.org\/{rel}","templated":true}]}}