{"id":111599,"date":"2016-08-11T08:04:07","date_gmt":"2016-08-11T11:04:07","guid":{"rendered":"http:\/\/www.notibras.com\/site\/?p=111599"},"modified":"2016-08-11T08:04:07","modified_gmt":"2016-08-11T11:04:07","slug":"crise-se-aprofunda-e-classe-media-comeca-a-passar-fome-na-venezuela","status":"publish","type":"post","link":"https:\/\/www.notibras.com\/site\/crise-se-aprofunda-e-classe-media-comeca-a-passar-fome-na-venezuela\/","title":{"rendered":"Crise se aprofunda e classe m\u00e9dia come\u00e7a a passar fome na Venezuela"},"content":{"rendered":"<p><strong>Carlos Hern\u00e1ndez<\/strong><\/p>\n<p>Somos todos profissionais ou tentando nos tornar profissionais, e n\u00e3o sabemos o que vamos comer amanh\u00e3.<\/p>\n<p>Recentemente, eu estava conversando com alguns vizinhos no corredor do edif\u00edcio onde moramos, um dos predinhos turquesa de um complexo misto residencial e comercial nesta cidade da regi\u00e3o nordeste da Venezuela, supostamente um modelo de urbaniza\u00e7\u00e3o.<\/p>\n<p>Decidimos fazer ch\u00e1 juntando recursos de nossos quatro apartamentos. N\u00e3o conseguimos arrumar a\u00e7\u00facar o suficiente. Algu\u00e9m tinha abacaxi congelado e cascas de maracuj\u00e1, outro algu\u00e9m ferveu a \u00e1gua.<\/p>\n<p>Todos trouxeram suas pr\u00f3prias x\u00edcaras, cada uma com uma estampa diferente. A minha, com o desenho de uma vaca, era a mais feia. Sentamos no ch\u00e3o do corredor do lado e fora, \u00e0 sombra de uma grande mangueira.<\/p>\n<p>A infus\u00e3o ficou surpreendentemente saborosa, considerando os ingredientes. Um dos caras disse: &#8220;\u00c9, e ajuda um pouco a matar a fome.&#8221; Esse \u00e9 o Manuel. Ele \u00e9 estudante de direito e o mais novo do grupo. Ele um dia foi musculoso.<\/p>\n<p>Meu irm\u00e3o, um advogado que um dia j\u00e1 teve pesco\u00e7o grosso, assentiu com a cabe\u00e7a. &#8220;N\u00e3o temos nem mesmo as mangas para complementar o jantar&#8221;, ele disse. Olhei para a \u00e1rvore. N\u00f3s moramos no terceiro andar, ent\u00e3o sempre conseguimos pegar os frutos mais altos com relativa facilidade. Quando est\u00e3o na \u00e9poca, geralmente sobram. Este ano, a \u00e1rvore j\u00e1 est\u00e1 pelada.<\/p>\n<p>&#8220;\u00c9 melhor ir dormir para n\u00e3o sentir fome&#8221;, disse Mar\u00eda, uma advogada que trabalhou como imigrante ilegal em um restaurante na Espanha, mas que voltou depois de dois meses, horrorizada com as condi\u00e7\u00f5es de trabalho no pa\u00eds. Eu disse: &#8220;Fa\u00e7a isso e vai acabar sonhando com comida.&#8221;<\/p>\n<p>Eu falava por experi\u00eancia pr\u00f3pria. Enquanto tomava mais um gole do ch\u00e1, lembrei daquela vez em que, depois de assistir a um epis\u00f3dio de &#8220;Game of Thrones&#8221;, sonhei com um banquete medieval, com um leit\u00e3o enorme no meio da mesa, v\u00e1rios bolos e hidromel. Em outras vezes, sonhei com um supermercado que tinha todas suas prateleiras cheias. Isso normalmente acontece depois de passar um longo dia na fila debaixo do sol em alguma loja, esperando pela chegada de um caminh\u00e3o de entrega.<\/p>\n<p>Caf\u00e9 e leite se tornaram artigos de luxo para mim alguns anos atr\u00e1s, mas a escassez realmente assustadora, de itens como p\u00e3o e frango, atingiu minha casa de classe m\u00e9dia no come\u00e7o deste ano. Houve uma semana em que tive de escovar os dentes com sal.<\/p>\n","protected":false},"excerpt":{"rendered":"<p>Carlos Hern\u00e1ndez Somos todos profissionais ou tentando nos tornar profissionais, e n\u00e3o sabemos o que vamos comer amanh\u00e3. Recentemente, eu estava conversando com alguns vizinhos no corredor do edif\u00edcio onde moramos, um dos predinhos turquesa de um complexo misto residencial e comercial nesta cidade da regi\u00e3o nordeste da Venezuela, supostamente um modelo de urbaniza\u00e7\u00e3o. Decidimos [&hellip;]<\/p>\n","protected":false},"author":2,"featured_media":111600,"comment_status":"open","ping_status":"closed","sticky":false,"template":"","format":"standard","meta":{"_acf_changed":false,"footnotes":""},"categories":[25],"tags":[],"class_list":["post-111599","post","type-post","status-publish","format-standard","has-post-thumbnail","hentry","category-opina-ai"],"acf":[],"yoast_head":"<!-- This site is optimized with the Yoast SEO plugin v27.5 - https:\/\/yoast.com\/product\/yoast-seo-wordpress\/ -->\n<title>Crise se aprofunda e classe m\u00e9dia come\u00e7a a passar fome na Venezuela - Notibras<\/title>\n<meta name=\"robots\" content=\"index, follow, max-snippet:-1, max-image-preview:large, max-video-preview:-1\" \/>\n<link rel=\"canonical\" href=\"https:\/\/www.notibras.com\/site\/crise-se-aprofunda-e-classe-media-comeca-a-passar-fome-na-venezuela\/\" \/>\n<meta property=\"og:locale\" content=\"pt_BR\" \/>\n<meta property=\"og:type\" content=\"article\" \/>\n<meta property=\"og:title\" content=\"Crise se aprofunda e classe m\u00e9dia come\u00e7a a passar fome na Venezuela - Notibras\" \/>\n<meta property=\"og:description\" content=\"Carlos Hern\u00e1ndez Somos todos profissionais ou tentando nos tornar profissionais, e n\u00e3o sabemos o que vamos comer amanh\u00e3. Recentemente, eu estava conversando com alguns vizinhos no corredor do edif\u00edcio onde moramos, um dos predinhos turquesa de um complexo misto residencial e comercial nesta cidade da regi\u00e3o nordeste da Venezuela, supostamente um modelo de urbaniza\u00e7\u00e3o. Decidimos [&hellip;]\" \/>\n<meta property=\"og:url\" content=\"https:\/\/www.notibras.com\/site\/crise-se-aprofunda-e-classe-media-comeca-a-passar-fome-na-venezuela\/\" \/>\n<meta property=\"og:site_name\" content=\"Notibras\" \/>\n<meta property=\"article:publisher\" content=\"https:\/\/www.facebook.com\/notibras\/\" \/>\n<meta property=\"article:published_time\" content=\"2016-08-11T11:04:07+00:00\" \/>\n<meta property=\"og:image\" content=\"https:\/\/www.notibras.com\/site\/wp-content\/uploads\/2016\/08\/89734756_protestovenezuela.jpg\" \/>\n\t<meta property=\"og:image:width\" content=\"660\" \/>\n\t<meta property=\"og:image:height\" content=\"371\" \/>\n\t<meta property=\"og:image:type\" content=\"image\/jpeg\" \/>\n<meta name=\"author\" content=\"Reda\u00e7\u00e3o\" \/>\n<meta name=\"twitter:card\" content=\"summary_large_image\" \/>\n<meta name=\"twitter:creator\" content=\"@Notibras\" \/>\n<meta name=\"twitter:site\" content=\"@Notibras\" \/>\n<meta name=\"twitter:label1\" content=\"Escrito por\" \/>\n\t<meta name=\"twitter:data1\" content=\"Reda\u00e7\u00e3o\" \/>\n\t<meta name=\"twitter:label2\" content=\"Est. tempo de leitura\" \/>\n\t<meta name=\"twitter:data2\" content=\"2 minutos\" \/>\n<script type=\"application\/ld+json\" class=\"yoast-schema-graph\">{\"@context\":\"https:\\\/\\\/schema.org\",\"@graph\":[{\"@type\":\"Article\",\"@id\":\"https:\\\/\\\/www.notibras.com\\\/site\\\/crise-se-aprofunda-e-classe-media-comeca-a-passar-fome-na-venezuela\\\/#article\",\"isPartOf\":{\"@id\":\"https:\\\/\\\/www.notibras.com\\\/site\\\/crise-se-aprofunda-e-classe-media-comeca-a-passar-fome-na-venezuela\\\/\"},\"author\":{\"name\":\"Reda\u00e7\u00e3o\",\"@id\":\"https:\\\/\\\/www.notibras.com\\\/site\\\/#\\\/schema\\\/person\\\/36ab0979449956132d3e5b517ea76ac8\"},\"headline\":\"Crise se aprofunda e classe m\u00e9dia come\u00e7a a passar fome na Venezuela\",\"datePublished\":\"2016-08-11T11:04:07+00:00\",\"mainEntityOfPage\":{\"@id\":\"https:\\\/\\\/www.notibras.com\\\/site\\\/crise-se-aprofunda-e-classe-media-comeca-a-passar-fome-na-venezuela\\\/\"},\"wordCount\":440,\"commentCount\":0,\"publisher\":{\"@id\":\"https:\\\/\\\/www.notibras.com\\\/site\\\/#organization\"},\"image\":{\"@id\":\"https:\\\/\\\/www.notibras.com\\\/site\\\/crise-se-aprofunda-e-classe-media-comeca-a-passar-fome-na-venezuela\\\/#primaryimage\"},\"thumbnailUrl\":\"https:\\\/\\\/www.notibras.com\\\/site\\\/wp-content\\\/uploads\\\/2016\\\/08\\\/89734756_protestovenezuela.jpg\",\"articleSection\":[\"Opina a\u00ed\"],\"inLanguage\":\"pt-BR\",\"potentialAction\":[{\"@type\":\"CommentAction\",\"name\":\"Comment\",\"target\":[\"https:\\\/\\\/www.notibras.com\\\/site\\\/crise-se-aprofunda-e-classe-media-comeca-a-passar-fome-na-venezuela\\\/#respond\"]}]},{\"@type\":\"WebPage\",\"@id\":\"https:\\\/\\\/www.notibras.com\\\/site\\\/crise-se-aprofunda-e-classe-media-comeca-a-passar-fome-na-venezuela\\\/\",\"url\":\"https:\\\/\\\/www.notibras.com\\\/site\\\/crise-se-aprofunda-e-classe-media-comeca-a-passar-fome-na-venezuela\\\/\",\"name\":\"Crise se aprofunda e classe m\u00e9dia come\u00e7a a passar fome na Venezuela - Notibras\",\"isPartOf\":{\"@id\":\"https:\\\/\\\/www.notibras.com\\\/site\\\/#website\"},\"primaryImageOfPage\":{\"@id\":\"https:\\\/\\\/www.notibras.com\\\/site\\\/crise-se-aprofunda-e-classe-media-comeca-a-passar-fome-na-venezuela\\\/#primaryimage\"},\"image\":{\"@id\":\"https:\\\/\\\/www.notibras.com\\\/site\\\/crise-se-aprofunda-e-classe-media-comeca-a-passar-fome-na-venezuela\\\/#primaryimage\"},\"thumbnailUrl\":\"https:\\\/\\\/www.notibras.com\\\/site\\\/wp-content\\\/uploads\\\/2016\\\/08\\\/89734756_protestovenezuela.jpg\",\"datePublished\":\"2016-08-11T11:04:07+00:00\",\"breadcrumb\":{\"@id\":\"https:\\\/\\\/www.notibras.com\\\/site\\\/crise-se-aprofunda-e-classe-media-comeca-a-passar-fome-na-venezuela\\\/#breadcrumb\"},\"inLanguage\":\"pt-BR\",\"potentialAction\":[{\"@type\":\"ReadAction\",\"target\":[\"https:\\\/\\\/www.notibras.com\\\/site\\\/crise-se-aprofunda-e-classe-media-comeca-a-passar-fome-na-venezuela\\\/\"]}]},{\"@type\":\"ImageObject\",\"inLanguage\":\"pt-BR\",\"@id\":\"https:\\\/\\\/www.notibras.com\\\/site\\\/crise-se-aprofunda-e-classe-media-comeca-a-passar-fome-na-venezuela\\\/#primaryimage\",\"url\":\"https:\\\/\\\/www.notibras.com\\\/site\\\/wp-content\\\/uploads\\\/2016\\\/08\\\/89734756_protestovenezuela.jpg\",\"contentUrl\":\"https:\\\/\\\/www.notibras.com\\\/site\\\/wp-content\\\/uploads\\\/2016\\\/08\\\/89734756_protestovenezuela.jpg\",\"width\":660,\"height\":371},{\"@type\":\"BreadcrumbList\",\"@id\":\"https:\\\/\\\/www.notibras.com\\\/site\\\/crise-se-aprofunda-e-classe-media-comeca-a-passar-fome-na-venezuela\\\/#breadcrumb\",\"itemListElement\":[{\"@type\":\"ListItem\",\"position\":1,\"name\":\"In\u00edcio\",\"item\":\"https:\\\/\\\/www.notibras.com\\\/site\\\/\"},{\"@type\":\"ListItem\",\"position\":2,\"name\":\"Crise se aprofunda e classe m\u00e9dia come\u00e7a a passar fome na Venezuela\"}]},{\"@type\":\"WebSite\",\"@id\":\"https:\\\/\\\/www.notibras.com\\\/site\\\/#website\",\"url\":\"https:\\\/\\\/www.notibras.com\\\/site\\\/\",\"name\":\"Notibras\",\"description\":\"Not\u00edcias de Bras\u00edlia, do Brasil e do Mundo\",\"publisher\":{\"@id\":\"https:\\\/\\\/www.notibras.com\\\/site\\\/#organization\"},\"potentialAction\":[{\"@type\":\"SearchAction\",\"target\":{\"@type\":\"EntryPoint\",\"urlTemplate\":\"https:\\\/\\\/www.notibras.com\\\/site\\\/?s={search_term_string}\"},\"query-input\":{\"@type\":\"PropertyValueSpecification\",\"valueRequired\":true,\"valueName\":\"search_term_string\"}}],\"inLanguage\":\"pt-BR\"},{\"@type\":\"Organization\",\"@id\":\"https:\\\/\\\/www.notibras.com\\\/site\\\/#organization\",\"name\":\"Grupo Notibras de Comunica\u00e7\u00e3o\",\"url\":\"https:\\\/\\\/www.notibras.com\\\/site\\\/\",\"logo\":{\"@type\":\"ImageObject\",\"inLanguage\":\"pt-BR\",\"@id\":\"https:\\\/\\\/www.notibras.com\\\/site\\\/#\\\/schema\\\/logo\\\/image\\\/\",\"url\":\"https:\\\/\\\/www.notibras.com\\\/site\\\/wp-content\\\/uploads\\\/2023\\\/01\\\/notibras23.png\",\"contentUrl\":\"https:\\\/\\\/www.notibras.com\\\/site\\\/wp-content\\\/uploads\\\/2023\\\/01\\\/notibras23.png\",\"width\":350,\"height\":87,\"caption\":\"Grupo Notibras de Comunica\u00e7\u00e3o\"},\"image\":{\"@id\":\"https:\\\/\\\/www.notibras.com\\\/site\\\/#\\\/schema\\\/logo\\\/image\\\/\"},\"sameAs\":[\"https:\\\/\\\/www.facebook.com\\\/notibras\\\/\",\"https:\\\/\\\/x.com\\\/Notibras\",\"https:\\\/\\\/www.instagram.com\\\/notibras\\\/\"]},{\"@type\":\"Person\",\"@id\":\"https:\\\/\\\/www.notibras.com\\\/site\\\/#\\\/schema\\\/person\\\/36ab0979449956132d3e5b517ea76ac8\",\"name\":\"Reda\u00e7\u00e3o\",\"image\":{\"@type\":\"ImageObject\",\"inLanguage\":\"pt-BR\",\"@id\":\"https:\\\/\\\/secure.gravatar.com\\\/avatar\\\/e0a867bdedb85fd243eadf09663511f96fc81e0720a4a42581f334ad4303aa6b?s=96&d=mm&r=g\",\"url\":\"https:\\\/\\\/secure.gravatar.com\\\/avatar\\\/e0a867bdedb85fd243eadf09663511f96fc81e0720a4a42581f334ad4303aa6b?s=96&d=mm&r=g\",\"contentUrl\":\"https:\\\/\\\/secure.gravatar.com\\\/avatar\\\/e0a867bdedb85fd243eadf09663511f96fc81e0720a4a42581f334ad4303aa6b?s=96&d=mm&r=g\",\"caption\":\"Reda\u00e7\u00e3o\"}}]}<\/script>\n<!-- \/ Yoast SEO plugin. -->","yoast_head_json":{"title":"Crise se aprofunda e classe m\u00e9dia come\u00e7a a passar fome na Venezuela - Notibras","robots":{"index":"index","follow":"follow","max-snippet":"max-snippet:-1","max-image-preview":"max-image-preview:large","max-video-preview":"max-video-preview:-1"},"canonical":"https:\/\/www.notibras.com\/site\/crise-se-aprofunda-e-classe-media-comeca-a-passar-fome-na-venezuela\/","og_locale":"pt_BR","og_type":"article","og_title":"Crise se aprofunda e classe m\u00e9dia come\u00e7a a passar fome na Venezuela - Notibras","og_description":"Carlos Hern\u00e1ndez Somos todos profissionais ou tentando nos tornar profissionais, e n\u00e3o sabemos o que vamos comer amanh\u00e3. Recentemente, eu estava conversando com alguns vizinhos no corredor do edif\u00edcio onde moramos, um dos predinhos turquesa de um complexo misto residencial e comercial nesta cidade da regi\u00e3o nordeste da Venezuela, supostamente um modelo de urbaniza\u00e7\u00e3o. Decidimos [&hellip;]","og_url":"https:\/\/www.notibras.com\/site\/crise-se-aprofunda-e-classe-media-comeca-a-passar-fome-na-venezuela\/","og_site_name":"Notibras","article_publisher":"https:\/\/www.facebook.com\/notibras\/","article_published_time":"2016-08-11T11:04:07+00:00","og_image":[{"width":660,"height":371,"url":"https:\/\/www.notibras.com\/site\/wp-content\/uploads\/2016\/08\/89734756_protestovenezuela.jpg","type":"image\/jpeg"}],"author":"Reda\u00e7\u00e3o","twitter_card":"summary_large_image","twitter_creator":"@Notibras","twitter_site":"@Notibras","twitter_misc":{"Escrito por":"Reda\u00e7\u00e3o","Est. tempo de leitura":"2 minutos"},"schema":{"@context":"https:\/\/schema.org","@graph":[{"@type":"Article","@id":"https:\/\/www.notibras.com\/site\/crise-se-aprofunda-e-classe-media-comeca-a-passar-fome-na-venezuela\/#article","isPartOf":{"@id":"https:\/\/www.notibras.com\/site\/crise-se-aprofunda-e-classe-media-comeca-a-passar-fome-na-venezuela\/"},"author":{"name":"Reda\u00e7\u00e3o","@id":"https:\/\/www.notibras.com\/site\/#\/schema\/person\/36ab0979449956132d3e5b517ea76ac8"},"headline":"Crise se aprofunda e classe m\u00e9dia come\u00e7a a passar fome na Venezuela","datePublished":"2016-08-11T11:04:07+00:00","mainEntityOfPage":{"@id":"https:\/\/www.notibras.com\/site\/crise-se-aprofunda-e-classe-media-comeca-a-passar-fome-na-venezuela\/"},"wordCount":440,"commentCount":0,"publisher":{"@id":"https:\/\/www.notibras.com\/site\/#organization"},"image":{"@id":"https:\/\/www.notibras.com\/site\/crise-se-aprofunda-e-classe-media-comeca-a-passar-fome-na-venezuela\/#primaryimage"},"thumbnailUrl":"https:\/\/www.notibras.com\/site\/wp-content\/uploads\/2016\/08\/89734756_protestovenezuela.jpg","articleSection":["Opina a\u00ed"],"inLanguage":"pt-BR","potentialAction":[{"@type":"CommentAction","name":"Comment","target":["https:\/\/www.notibras.com\/site\/crise-se-aprofunda-e-classe-media-comeca-a-passar-fome-na-venezuela\/#respond"]}]},{"@type":"WebPage","@id":"https:\/\/www.notibras.com\/site\/crise-se-aprofunda-e-classe-media-comeca-a-passar-fome-na-venezuela\/","url":"https:\/\/www.notibras.com\/site\/crise-se-aprofunda-e-classe-media-comeca-a-passar-fome-na-venezuela\/","name":"Crise se aprofunda e classe m\u00e9dia come\u00e7a a passar fome na Venezuela - Notibras","isPartOf":{"@id":"https:\/\/www.notibras.com\/site\/#website"},"primaryImageOfPage":{"@id":"https:\/\/www.notibras.com\/site\/crise-se-aprofunda-e-classe-media-comeca-a-passar-fome-na-venezuela\/#primaryimage"},"image":{"@id":"https:\/\/www.notibras.com\/site\/crise-se-aprofunda-e-classe-media-comeca-a-passar-fome-na-venezuela\/#primaryimage"},"thumbnailUrl":"https:\/\/www.notibras.com\/site\/wp-content\/uploads\/2016\/08\/89734756_protestovenezuela.jpg","datePublished":"2016-08-11T11:04:07+00:00","breadcrumb":{"@id":"https:\/\/www.notibras.com\/site\/crise-se-aprofunda-e-classe-media-comeca-a-passar-fome-na-venezuela\/#breadcrumb"},"inLanguage":"pt-BR","potentialAction":[{"@type":"ReadAction","target":["https:\/\/www.notibras.com\/site\/crise-se-aprofunda-e-classe-media-comeca-a-passar-fome-na-venezuela\/"]}]},{"@type":"ImageObject","inLanguage":"pt-BR","@id":"https:\/\/www.notibras.com\/site\/crise-se-aprofunda-e-classe-media-comeca-a-passar-fome-na-venezuela\/#primaryimage","url":"https:\/\/www.notibras.com\/site\/wp-content\/uploads\/2016\/08\/89734756_protestovenezuela.jpg","contentUrl":"https:\/\/www.notibras.com\/site\/wp-content\/uploads\/2016\/08\/89734756_protestovenezuela.jpg","width":660,"height":371},{"@type":"BreadcrumbList","@id":"https:\/\/www.notibras.com\/site\/crise-se-aprofunda-e-classe-media-comeca-a-passar-fome-na-venezuela\/#breadcrumb","itemListElement":[{"@type":"ListItem","position":1,"name":"In\u00edcio","item":"https:\/\/www.notibras.com\/site\/"},{"@type":"ListItem","position":2,"name":"Crise se aprofunda e classe m\u00e9dia come\u00e7a a passar fome na Venezuela"}]},{"@type":"WebSite","@id":"https:\/\/www.notibras.com\/site\/#website","url":"https:\/\/www.notibras.com\/site\/","name":"Notibras","description":"Not\u00edcias de Bras\u00edlia, do Brasil e do Mundo","publisher":{"@id":"https:\/\/www.notibras.com\/site\/#organization"},"potentialAction":[{"@type":"SearchAction","target":{"@type":"EntryPoint","urlTemplate":"https:\/\/www.notibras.com\/site\/?s={search_term_string}"},"query-input":{"@type":"PropertyValueSpecification","valueRequired":true,"valueName":"search_term_string"}}],"inLanguage":"pt-BR"},{"@type":"Organization","@id":"https:\/\/www.notibras.com\/site\/#organization","name":"Grupo Notibras de Comunica\u00e7\u00e3o","url":"https:\/\/www.notibras.com\/site\/","logo":{"@type":"ImageObject","inLanguage":"pt-BR","@id":"https:\/\/www.notibras.com\/site\/#\/schema\/logo\/image\/","url":"https:\/\/www.notibras.com\/site\/wp-content\/uploads\/2023\/01\/notibras23.png","contentUrl":"https:\/\/www.notibras.com\/site\/wp-content\/uploads\/2023\/01\/notibras23.png","width":350,"height":87,"caption":"Grupo Notibras de Comunica\u00e7\u00e3o"},"image":{"@id":"https:\/\/www.notibras.com\/site\/#\/schema\/logo\/image\/"},"sameAs":["https:\/\/www.facebook.com\/notibras\/","https:\/\/x.com\/Notibras","https:\/\/www.instagram.com\/notibras\/"]},{"@type":"Person","@id":"https:\/\/www.notibras.com\/site\/#\/schema\/person\/36ab0979449956132d3e5b517ea76ac8","name":"Reda\u00e7\u00e3o","image":{"@type":"ImageObject","inLanguage":"pt-BR","@id":"https:\/\/secure.gravatar.com\/avatar\/e0a867bdedb85fd243eadf09663511f96fc81e0720a4a42581f334ad4303aa6b?s=96&d=mm&r=g","url":"https:\/\/secure.gravatar.com\/avatar\/e0a867bdedb85fd243eadf09663511f96fc81e0720a4a42581f334ad4303aa6b?s=96&d=mm&r=g","contentUrl":"https:\/\/secure.gravatar.com\/avatar\/e0a867bdedb85fd243eadf09663511f96fc81e0720a4a42581f334ad4303aa6b?s=96&d=mm&r=g","caption":"Reda\u00e7\u00e3o"}}]}},"amp_enabled":true,"_links":{"self":[{"href":"https:\/\/www.notibras.com\/site\/wp-json\/wp\/v2\/posts\/111599","targetHints":{"allow":["GET"]}}],"collection":[{"href":"https:\/\/www.notibras.com\/site\/wp-json\/wp\/v2\/posts"}],"about":[{"href":"https:\/\/www.notibras.com\/site\/wp-json\/wp\/v2\/types\/post"}],"author":[{"embeddable":true,"href":"https:\/\/www.notibras.com\/site\/wp-json\/wp\/v2\/users\/2"}],"replies":[{"embeddable":true,"href":"https:\/\/www.notibras.com\/site\/wp-json\/wp\/v2\/comments?post=111599"}],"version-history":[{"count":1,"href":"https:\/\/www.notibras.com\/site\/wp-json\/wp\/v2\/posts\/111599\/revisions"}],"predecessor-version":[{"id":111601,"href":"https:\/\/www.notibras.com\/site\/wp-json\/wp\/v2\/posts\/111599\/revisions\/111601"}],"wp:featuredmedia":[{"embeddable":true,"href":"https:\/\/www.notibras.com\/site\/wp-json\/wp\/v2\/media\/111600"}],"wp:attachment":[{"href":"https:\/\/www.notibras.com\/site\/wp-json\/wp\/v2\/media?parent=111599"}],"wp:term":[{"taxonomy":"category","embeddable":true,"href":"https:\/\/www.notibras.com\/site\/wp-json\/wp\/v2\/categories?post=111599"},{"taxonomy":"post_tag","embeddable":true,"href":"https:\/\/www.notibras.com\/site\/wp-json\/wp\/v2\/tags?post=111599"}],"curies":[{"name":"wp","href":"https:\/\/api.w.org\/{rel}","templated":true}]}}