{"id":111763,"date":"2016-08-12T06:43:00","date_gmt":"2016-08-12T09:43:00","guid":{"rendered":"http:\/\/www.notibras.com\/site\/?p=111763"},"modified":"2016-08-12T06:43:00","modified_gmt":"2016-08-12T09:43:00","slug":"residuos-urbanos-nao-sao-lixo-e-portanto-nao-devem-ser-tratados-como-tal","status":"publish","type":"post","link":"https:\/\/www.notibras.com\/site\/residuos-urbanos-nao-sao-lixo-e-portanto-nao-devem-ser-tratados-como-tal\/","title":{"rendered":"Res\u00edduos urbanos n\u00e3o s\u00e3o lixo e portanto n\u00e3o devem ser tratados como tal"},"content":{"rendered":"<p><strong>Jos\u00e9 Goldemberg e Cristiane Cortez<\/strong><\/p>\n<p>A PNRS (Pol\u00edtica Nacional de Res\u00edduos S\u00f3lidos) completou seis anos, e os munic\u00edpios brasileiros ainda n\u00e3o conseguiram se adequar \u00e0 correta gest\u00e3o dos res\u00edduos s\u00f3lidos urbanos.<\/p>\n<p>Em primeiro lugar, todos os munic\u00edpios precisam ter um plano de gest\u00e3o integrada de res\u00edduos s\u00f3lidos em conformidade com a PNRS. Na verdade, isso j\u00e1 deveria ser parte integrante do plano de saneamento b\u00e1sico \u2013conforme previsto, desde 2007, na lei n\u00b0 11.445\u2013 e deveria conter informa\u00e7\u00f5es sobre todos os tipos de res\u00edduos s\u00f3lidos gerados no territ\u00f3rio do munic\u00edpio: os domiciliares; os agrossilvopastoris (da agropecu\u00e1ria e do cultivo de \u00e1rvores florestais); os da constru\u00e7\u00e3o civil; os industriais, de estabelecimentos comerciais e prestadores de servi\u00e7os; os da minera\u00e7\u00e3o; os dos servi\u00e7os de sa\u00fade, de transportes p\u00fablicos, de saneamento b\u00e1sico e de limpeza urbana.<\/p>\n<p>De todo esse universo de res\u00edduos s\u00f3lidos, a prefeitura det\u00e9m a responsabilidade integral pelos RSU (Res\u00edduos S\u00f3lidos Urbanos), no tocante \u00e0 coleta, \u00e0 destina\u00e7\u00e3o e \u00e0 disposi\u00e7\u00e3o final. Tais res\u00edduos s\u00e3o constitu\u00eddos por aqueles gerados em resid\u00eancias urbanas, em estabelecimentos comerciais, por prestadores de servi\u00e7os \u2013desde que n\u00e3o sejam perigosos e que estejam dentro da quantidade estabelecida pelo pr\u00f3prio munic\u00edpio\u2013 e nas atividades de limpeza urbana, como varri\u00e7\u00e3o, limpeza de logradouros e vias p\u00fablicas, poda e remo\u00e7\u00e3o de \u00e1rvores, entre outros.<\/p>\n<p>Assim, \u00e9 fundamental que a prefeitura fa\u00e7a a coleta de forma seletiva a fim de obter tr\u00eas fra\u00e7\u00f5es \u2013recicl\u00e1vel, org\u00e2nica e n\u00e3o recicl\u00e1vel\u2013 para poder escolher a melhor forma de destinar esses res\u00edduos. N\u00e3o \u00e9 correto coletar todos os RSU juntos e ent\u00e3o os dispor em aterros sanit\u00e1rios, ou ainda \u2013o que \u00e9 pior\u2013 cometer o crime ambiental de lan\u00e7ar esses res\u00edduos em lix\u00f5es ou aterros controlados.<\/p>\n<p>Para a fra\u00e7\u00e3o org\u00e2nica, por exemplo, a prefeitura pode optar por solu\u00e7\u00f5es como a da compostagem \u2013que resulta na obten\u00e7\u00e3o de um composto org\u00e2nico que pode ser usado em pra\u00e7as, parques, hortas comunit\u00e1rias\u2013 ou a da biodigest\u00e3o anaer\u00f3bia. Tamb\u00e9m chamada de biometaniza\u00e7\u00e3o, esta produz um biog\u00e1s com alto poder calor\u00edfico e que pode ser usado como energia t\u00e9rmica, assim substituindo os usos do g\u00e1s liquefeito de petr\u00f3leo ou do g\u00e1s natural no aquecimento de \u00e1gua para banho ou na coc\u00e7\u00e3o de alimentos. Tal biog\u00e1s tamb\u00e9m pode ser convertido em energia el\u00e9trica.<\/p>\n<p>Dependendo da quantidade de RSU que \u00e9 gerado no munic\u00edpio, centrais de triagem mecanizadas s\u00e3o requeridas para facilitar o manejo da fra\u00e7\u00e3o recicl\u00e1vel. \u00c9 importante destacar que uma parte do processo sempre precisar\u00e1 ser feita de forma manual, e n\u00e3o h\u00e1 risco de perda de postos de trabalho por parte de catadores cooperados.<\/p>\n<p>Ainda, os res\u00edduos n\u00e3o recicl\u00e1veis coletados diretamente dos cidad\u00e3os ou os rejeitos gerados na compostagem, na digest\u00e3o anaer\u00f3bia e na triagem de recicl\u00e1veis podem ser aproveitados energeticamente, por meio de incinera\u00e7\u00e3o ou de coprocessamento em fornos de cimento. Esse tipo de incinera\u00e7\u00e3o ainda n\u00e3o \u00e9 aplicado no Brasil, mas \u00e9 largamente usado no Jap\u00e3o, na Europa e nos Estados Unidos. J\u00e1 para coprocessamento, s\u00e3o 37 unidades licenciadas instaladas em todo o Brasil, sendo 3 na regi\u00e3o Norte, 7 na Nordeste, 5 na Centro-Oeste, 17 na Sudeste e 4 na Sul.<\/p>\n<p>Apenas depois de saturar todas as op\u00e7\u00f5es de destina\u00e7\u00e3o dos RSU \u00e9 que o rejeito deve ser disposto em aterro sanit\u00e1rio. Dessa forma, o lixo passa a ter um valor agregado, menor custo e os aterros sanit\u00e1rios ter\u00e3o vida \u00fatil prolongada.<\/p>\n<p>Para tal, a prefeitura precisa sensibilizar e conscientizar a popula\u00e7\u00e3o para fazer a triagem do lixo no ponto onde \u00e9 gerado e proporcionar as coletas das tr\u00eas fra\u00e7\u00f5es em dias diferentes. Fiscalizar, e at\u00e9 punir, a popula\u00e7\u00e3o talvez seja necess\u00e1rio para que as coisas aconte\u00e7am. Tamb\u00e9m \u00e9 preciso educar para n\u00e3o gerar e para reduzir e reutilizar. Assim sendo, o descarte \u00e9 a \u00faltima op\u00e7\u00e3o.<\/p>\n<p>Os munic\u00edpios podem \u2013e deveriam\u2013 se consorciar para compor solu\u00e7\u00f5es melhores e mais eficientes. \u00c9 hora de acabar com a discuss\u00e3o de adiar a erradica\u00e7\u00e3o dos lix\u00f5es e partir para a busca da solu\u00e7\u00e3o integrada, em que a disposi\u00e7\u00e3o \u00e9 feita para a menor quantidade poss\u00edvel de rejeito. Os res\u00edduos s\u00f3lidos urbanos certamente n\u00e3o s\u00e3o lixo e n\u00e3o devem ser tratados como tal.<\/p>\n","protected":false},"excerpt":{"rendered":"<p>Jos\u00e9 Goldemberg e Cristiane Cortez A PNRS (Pol\u00edtica Nacional de Res\u00edduos S\u00f3lidos) completou seis anos, e os munic\u00edpios brasileiros ainda n\u00e3o conseguiram se adequar \u00e0 correta gest\u00e3o dos res\u00edduos s\u00f3lidos urbanos. Em primeiro lugar, todos os munic\u00edpios precisam ter um plano de gest\u00e3o integrada de res\u00edduos s\u00f3lidos em conformidade com a PNRS. Na verdade, isso [&hellip;]<\/p>\n","protected":false},"author":2,"featured_media":111764,"comment_status":"open","ping_status":"closed","sticky":false,"template":"","format":"standard","meta":{"_acf_changed":false,"footnotes":""},"categories":[25],"tags":[],"class_list":["post-111763","post","type-post","status-publish","format-standard","has-post-thumbnail","hentry","category-opina-ai"],"acf":[],"yoast_head":"<!-- This site is optimized with the Yoast SEO plugin v27.5 - https:\/\/yoast.com\/product\/yoast-seo-wordpress\/ -->\n<title>Res\u00edduos urbanos n\u00e3o s\u00e3o lixo e portanto n\u00e3o devem ser tratados como tal - Notibras<\/title>\n<meta name=\"robots\" content=\"index, follow, max-snippet:-1, max-image-preview:large, max-video-preview:-1\" \/>\n<link rel=\"canonical\" href=\"https:\/\/www.notibras.com\/site\/residuos-urbanos-nao-sao-lixo-e-portanto-nao-devem-ser-tratados-como-tal\/\" \/>\n<meta property=\"og:locale\" content=\"pt_BR\" \/>\n<meta property=\"og:type\" content=\"article\" \/>\n<meta property=\"og:title\" content=\"Res\u00edduos urbanos n\u00e3o s\u00e3o lixo e portanto n\u00e3o devem ser tratados como tal - Notibras\" \/>\n<meta property=\"og:description\" content=\"Jos\u00e9 Goldemberg e Cristiane Cortez A PNRS (Pol\u00edtica Nacional de Res\u00edduos S\u00f3lidos) completou seis anos, e os munic\u00edpios brasileiros ainda n\u00e3o conseguiram se adequar \u00e0 correta gest\u00e3o dos res\u00edduos s\u00f3lidos urbanos. Em primeiro lugar, todos os munic\u00edpios precisam ter um plano de gest\u00e3o integrada de res\u00edduos s\u00f3lidos em conformidade com a PNRS. Na verdade, isso [&hellip;]\" \/>\n<meta property=\"og:url\" content=\"https:\/\/www.notibras.com\/site\/residuos-urbanos-nao-sao-lixo-e-portanto-nao-devem-ser-tratados-como-tal\/\" \/>\n<meta property=\"og:site_name\" content=\"Notibras\" \/>\n<meta property=\"article:publisher\" content=\"https:\/\/www.facebook.com\/notibras\/\" \/>\n<meta property=\"article:published_time\" content=\"2016-08-12T09:43:00+00:00\" \/>\n<meta property=\"og:image\" content=\"https:\/\/www.notibras.com\/site\/wp-content\/uploads\/2016\/08\/1-Lix\u00e3o.jpg\" \/>\n\t<meta property=\"og:image:width\" content=\"900\" \/>\n\t<meta property=\"og:image:height\" content=\"675\" \/>\n\t<meta property=\"og:image:type\" content=\"image\/jpeg\" \/>\n<meta name=\"author\" content=\"Reda\u00e7\u00e3o\" \/>\n<meta name=\"twitter:card\" content=\"summary_large_image\" \/>\n<meta name=\"twitter:creator\" content=\"@Notibras\" \/>\n<meta name=\"twitter:site\" content=\"@Notibras\" \/>\n<meta name=\"twitter:label1\" content=\"Escrito por\" \/>\n\t<meta name=\"twitter:data1\" content=\"Reda\u00e7\u00e3o\" \/>\n\t<meta name=\"twitter:label2\" content=\"Est. tempo de leitura\" \/>\n\t<meta name=\"twitter:data2\" content=\"4 minutos\" \/>\n<script type=\"application\/ld+json\" class=\"yoast-schema-graph\">{\"@context\":\"https:\\\/\\\/schema.org\",\"@graph\":[{\"@type\":\"Article\",\"@id\":\"https:\\\/\\\/www.notibras.com\\\/site\\\/residuos-urbanos-nao-sao-lixo-e-portanto-nao-devem-ser-tratados-como-tal\\\/#article\",\"isPartOf\":{\"@id\":\"https:\\\/\\\/www.notibras.com\\\/site\\\/residuos-urbanos-nao-sao-lixo-e-portanto-nao-devem-ser-tratados-como-tal\\\/\"},\"author\":{\"name\":\"Reda\u00e7\u00e3o\",\"@id\":\"https:\\\/\\\/www.notibras.com\\\/site\\\/#\\\/schema\\\/person\\\/36ab0979449956132d3e5b517ea76ac8\"},\"headline\":\"Res\u00edduos urbanos n\u00e3o s\u00e3o lixo e portanto n\u00e3o devem ser tratados como tal\",\"datePublished\":\"2016-08-12T09:43:00+00:00\",\"mainEntityOfPage\":{\"@id\":\"https:\\\/\\\/www.notibras.com\\\/site\\\/residuos-urbanos-nao-sao-lixo-e-portanto-nao-devem-ser-tratados-como-tal\\\/\"},\"wordCount\":799,\"commentCount\":0,\"publisher\":{\"@id\":\"https:\\\/\\\/www.notibras.com\\\/site\\\/#organization\"},\"image\":{\"@id\":\"https:\\\/\\\/www.notibras.com\\\/site\\\/residuos-urbanos-nao-sao-lixo-e-portanto-nao-devem-ser-tratados-como-tal\\\/#primaryimage\"},\"thumbnailUrl\":\"https:\\\/\\\/www.notibras.com\\\/site\\\/wp-content\\\/uploads\\\/2016\\\/08\\\/1-Lix\u00e3o.jpg\",\"articleSection\":[\"Opina a\u00ed\"],\"inLanguage\":\"pt-BR\",\"potentialAction\":[{\"@type\":\"CommentAction\",\"name\":\"Comment\",\"target\":[\"https:\\\/\\\/www.notibras.com\\\/site\\\/residuos-urbanos-nao-sao-lixo-e-portanto-nao-devem-ser-tratados-como-tal\\\/#respond\"]}]},{\"@type\":\"WebPage\",\"@id\":\"https:\\\/\\\/www.notibras.com\\\/site\\\/residuos-urbanos-nao-sao-lixo-e-portanto-nao-devem-ser-tratados-como-tal\\\/\",\"url\":\"https:\\\/\\\/www.notibras.com\\\/site\\\/residuos-urbanos-nao-sao-lixo-e-portanto-nao-devem-ser-tratados-como-tal\\\/\",\"name\":\"Res\u00edduos urbanos n\u00e3o s\u00e3o lixo e portanto n\u00e3o devem ser tratados como tal - Notibras\",\"isPartOf\":{\"@id\":\"https:\\\/\\\/www.notibras.com\\\/site\\\/#website\"},\"primaryImageOfPage\":{\"@id\":\"https:\\\/\\\/www.notibras.com\\\/site\\\/residuos-urbanos-nao-sao-lixo-e-portanto-nao-devem-ser-tratados-como-tal\\\/#primaryimage\"},\"image\":{\"@id\":\"https:\\\/\\\/www.notibras.com\\\/site\\\/residuos-urbanos-nao-sao-lixo-e-portanto-nao-devem-ser-tratados-como-tal\\\/#primaryimage\"},\"thumbnailUrl\":\"https:\\\/\\\/www.notibras.com\\\/site\\\/wp-content\\\/uploads\\\/2016\\\/08\\\/1-Lix\u00e3o.jpg\",\"datePublished\":\"2016-08-12T09:43:00+00:00\",\"breadcrumb\":{\"@id\":\"https:\\\/\\\/www.notibras.com\\\/site\\\/residuos-urbanos-nao-sao-lixo-e-portanto-nao-devem-ser-tratados-como-tal\\\/#breadcrumb\"},\"inLanguage\":\"pt-BR\",\"potentialAction\":[{\"@type\":\"ReadAction\",\"target\":[\"https:\\\/\\\/www.notibras.com\\\/site\\\/residuos-urbanos-nao-sao-lixo-e-portanto-nao-devem-ser-tratados-como-tal\\\/\"]}]},{\"@type\":\"ImageObject\",\"inLanguage\":\"pt-BR\",\"@id\":\"https:\\\/\\\/www.notibras.com\\\/site\\\/residuos-urbanos-nao-sao-lixo-e-portanto-nao-devem-ser-tratados-como-tal\\\/#primaryimage\",\"url\":\"https:\\\/\\\/www.notibras.com\\\/site\\\/wp-content\\\/uploads\\\/2016\\\/08\\\/1-Lix\u00e3o.jpg\",\"contentUrl\":\"https:\\\/\\\/www.notibras.com\\\/site\\\/wp-content\\\/uploads\\\/2016\\\/08\\\/1-Lix\u00e3o.jpg\",\"width\":900,\"height\":675,\"caption\":\"Foto\\\/Arquivo Notibras\"},{\"@type\":\"BreadcrumbList\",\"@id\":\"https:\\\/\\\/www.notibras.com\\\/site\\\/residuos-urbanos-nao-sao-lixo-e-portanto-nao-devem-ser-tratados-como-tal\\\/#breadcrumb\",\"itemListElement\":[{\"@type\":\"ListItem\",\"position\":1,\"name\":\"In\u00edcio\",\"item\":\"https:\\\/\\\/www.notibras.com\\\/site\\\/\"},{\"@type\":\"ListItem\",\"position\":2,\"name\":\"Res\u00edduos urbanos n\u00e3o s\u00e3o lixo e portanto n\u00e3o devem ser tratados como tal\"}]},{\"@type\":\"WebSite\",\"@id\":\"https:\\\/\\\/www.notibras.com\\\/site\\\/#website\",\"url\":\"https:\\\/\\\/www.notibras.com\\\/site\\\/\",\"name\":\"Notibras\",\"description\":\"Not\u00edcias de Bras\u00edlia, do Brasil e do Mundo\",\"publisher\":{\"@id\":\"https:\\\/\\\/www.notibras.com\\\/site\\\/#organization\"},\"potentialAction\":[{\"@type\":\"SearchAction\",\"target\":{\"@type\":\"EntryPoint\",\"urlTemplate\":\"https:\\\/\\\/www.notibras.com\\\/site\\\/?s={search_term_string}\"},\"query-input\":{\"@type\":\"PropertyValueSpecification\",\"valueRequired\":true,\"valueName\":\"search_term_string\"}}],\"inLanguage\":\"pt-BR\"},{\"@type\":\"Organization\",\"@id\":\"https:\\\/\\\/www.notibras.com\\\/site\\\/#organization\",\"name\":\"Grupo Notibras de Comunica\u00e7\u00e3o\",\"url\":\"https:\\\/\\\/www.notibras.com\\\/site\\\/\",\"logo\":{\"@type\":\"ImageObject\",\"inLanguage\":\"pt-BR\",\"@id\":\"https:\\\/\\\/www.notibras.com\\\/site\\\/#\\\/schema\\\/logo\\\/image\\\/\",\"url\":\"https:\\\/\\\/www.notibras.com\\\/site\\\/wp-content\\\/uploads\\\/2023\\\/01\\\/notibras23.png\",\"contentUrl\":\"https:\\\/\\\/www.notibras.com\\\/site\\\/wp-content\\\/uploads\\\/2023\\\/01\\\/notibras23.png\",\"width\":350,\"height\":87,\"caption\":\"Grupo Notibras de Comunica\u00e7\u00e3o\"},\"image\":{\"@id\":\"https:\\\/\\\/www.notibras.com\\\/site\\\/#\\\/schema\\\/logo\\\/image\\\/\"},\"sameAs\":[\"https:\\\/\\\/www.facebook.com\\\/notibras\\\/\",\"https:\\\/\\\/x.com\\\/Notibras\",\"https:\\\/\\\/www.instagram.com\\\/notibras\\\/\"]},{\"@type\":\"Person\",\"@id\":\"https:\\\/\\\/www.notibras.com\\\/site\\\/#\\\/schema\\\/person\\\/36ab0979449956132d3e5b517ea76ac8\",\"name\":\"Reda\u00e7\u00e3o\",\"image\":{\"@type\":\"ImageObject\",\"inLanguage\":\"pt-BR\",\"@id\":\"https:\\\/\\\/secure.gravatar.com\\\/avatar\\\/e0a867bdedb85fd243eadf09663511f96fc81e0720a4a42581f334ad4303aa6b?s=96&d=mm&r=g\",\"url\":\"https:\\\/\\\/secure.gravatar.com\\\/avatar\\\/e0a867bdedb85fd243eadf09663511f96fc81e0720a4a42581f334ad4303aa6b?s=96&d=mm&r=g\",\"contentUrl\":\"https:\\\/\\\/secure.gravatar.com\\\/avatar\\\/e0a867bdedb85fd243eadf09663511f96fc81e0720a4a42581f334ad4303aa6b?s=96&d=mm&r=g\",\"caption\":\"Reda\u00e7\u00e3o\"}}]}<\/script>\n<!-- \/ Yoast SEO plugin. -->","yoast_head_json":{"title":"Res\u00edduos urbanos n\u00e3o s\u00e3o lixo e portanto n\u00e3o devem ser tratados como tal - Notibras","robots":{"index":"index","follow":"follow","max-snippet":"max-snippet:-1","max-image-preview":"max-image-preview:large","max-video-preview":"max-video-preview:-1"},"canonical":"https:\/\/www.notibras.com\/site\/residuos-urbanos-nao-sao-lixo-e-portanto-nao-devem-ser-tratados-como-tal\/","og_locale":"pt_BR","og_type":"article","og_title":"Res\u00edduos urbanos n\u00e3o s\u00e3o lixo e portanto n\u00e3o devem ser tratados como tal - Notibras","og_description":"Jos\u00e9 Goldemberg e Cristiane Cortez A PNRS (Pol\u00edtica Nacional de Res\u00edduos S\u00f3lidos) completou seis anos, e os munic\u00edpios brasileiros ainda n\u00e3o conseguiram se adequar \u00e0 correta gest\u00e3o dos res\u00edduos s\u00f3lidos urbanos. Em primeiro lugar, todos os munic\u00edpios precisam ter um plano de gest\u00e3o integrada de res\u00edduos s\u00f3lidos em conformidade com a PNRS. Na verdade, isso [&hellip;]","og_url":"https:\/\/www.notibras.com\/site\/residuos-urbanos-nao-sao-lixo-e-portanto-nao-devem-ser-tratados-como-tal\/","og_site_name":"Notibras","article_publisher":"https:\/\/www.facebook.com\/notibras\/","article_published_time":"2016-08-12T09:43:00+00:00","og_image":[{"width":900,"height":675,"url":"https:\/\/www.notibras.com\/site\/wp-content\/uploads\/2016\/08\/1-Lix\u00e3o.jpg","type":"image\/jpeg"}],"author":"Reda\u00e7\u00e3o","twitter_card":"summary_large_image","twitter_creator":"@Notibras","twitter_site":"@Notibras","twitter_misc":{"Escrito por":"Reda\u00e7\u00e3o","Est. tempo de leitura":"4 minutos"},"schema":{"@context":"https:\/\/schema.org","@graph":[{"@type":"Article","@id":"https:\/\/www.notibras.com\/site\/residuos-urbanos-nao-sao-lixo-e-portanto-nao-devem-ser-tratados-como-tal\/#article","isPartOf":{"@id":"https:\/\/www.notibras.com\/site\/residuos-urbanos-nao-sao-lixo-e-portanto-nao-devem-ser-tratados-como-tal\/"},"author":{"name":"Reda\u00e7\u00e3o","@id":"https:\/\/www.notibras.com\/site\/#\/schema\/person\/36ab0979449956132d3e5b517ea76ac8"},"headline":"Res\u00edduos urbanos n\u00e3o s\u00e3o lixo e portanto n\u00e3o devem ser tratados como tal","datePublished":"2016-08-12T09:43:00+00:00","mainEntityOfPage":{"@id":"https:\/\/www.notibras.com\/site\/residuos-urbanos-nao-sao-lixo-e-portanto-nao-devem-ser-tratados-como-tal\/"},"wordCount":799,"commentCount":0,"publisher":{"@id":"https:\/\/www.notibras.com\/site\/#organization"},"image":{"@id":"https:\/\/www.notibras.com\/site\/residuos-urbanos-nao-sao-lixo-e-portanto-nao-devem-ser-tratados-como-tal\/#primaryimage"},"thumbnailUrl":"https:\/\/www.notibras.com\/site\/wp-content\/uploads\/2016\/08\/1-Lix\u00e3o.jpg","articleSection":["Opina a\u00ed"],"inLanguage":"pt-BR","potentialAction":[{"@type":"CommentAction","name":"Comment","target":["https:\/\/www.notibras.com\/site\/residuos-urbanos-nao-sao-lixo-e-portanto-nao-devem-ser-tratados-como-tal\/#respond"]}]},{"@type":"WebPage","@id":"https:\/\/www.notibras.com\/site\/residuos-urbanos-nao-sao-lixo-e-portanto-nao-devem-ser-tratados-como-tal\/","url":"https:\/\/www.notibras.com\/site\/residuos-urbanos-nao-sao-lixo-e-portanto-nao-devem-ser-tratados-como-tal\/","name":"Res\u00edduos urbanos n\u00e3o s\u00e3o lixo e portanto n\u00e3o devem ser tratados como tal - Notibras","isPartOf":{"@id":"https:\/\/www.notibras.com\/site\/#website"},"primaryImageOfPage":{"@id":"https:\/\/www.notibras.com\/site\/residuos-urbanos-nao-sao-lixo-e-portanto-nao-devem-ser-tratados-como-tal\/#primaryimage"},"image":{"@id":"https:\/\/www.notibras.com\/site\/residuos-urbanos-nao-sao-lixo-e-portanto-nao-devem-ser-tratados-como-tal\/#primaryimage"},"thumbnailUrl":"https:\/\/www.notibras.com\/site\/wp-content\/uploads\/2016\/08\/1-Lix\u00e3o.jpg","datePublished":"2016-08-12T09:43:00+00:00","breadcrumb":{"@id":"https:\/\/www.notibras.com\/site\/residuos-urbanos-nao-sao-lixo-e-portanto-nao-devem-ser-tratados-como-tal\/#breadcrumb"},"inLanguage":"pt-BR","potentialAction":[{"@type":"ReadAction","target":["https:\/\/www.notibras.com\/site\/residuos-urbanos-nao-sao-lixo-e-portanto-nao-devem-ser-tratados-como-tal\/"]}]},{"@type":"ImageObject","inLanguage":"pt-BR","@id":"https:\/\/www.notibras.com\/site\/residuos-urbanos-nao-sao-lixo-e-portanto-nao-devem-ser-tratados-como-tal\/#primaryimage","url":"https:\/\/www.notibras.com\/site\/wp-content\/uploads\/2016\/08\/1-Lix\u00e3o.jpg","contentUrl":"https:\/\/www.notibras.com\/site\/wp-content\/uploads\/2016\/08\/1-Lix\u00e3o.jpg","width":900,"height":675,"caption":"Foto\/Arquivo Notibras"},{"@type":"BreadcrumbList","@id":"https:\/\/www.notibras.com\/site\/residuos-urbanos-nao-sao-lixo-e-portanto-nao-devem-ser-tratados-como-tal\/#breadcrumb","itemListElement":[{"@type":"ListItem","position":1,"name":"In\u00edcio","item":"https:\/\/www.notibras.com\/site\/"},{"@type":"ListItem","position":2,"name":"Res\u00edduos urbanos n\u00e3o s\u00e3o lixo e portanto n\u00e3o devem ser tratados como tal"}]},{"@type":"WebSite","@id":"https:\/\/www.notibras.com\/site\/#website","url":"https:\/\/www.notibras.com\/site\/","name":"Notibras","description":"Not\u00edcias de Bras\u00edlia, do Brasil e do Mundo","publisher":{"@id":"https:\/\/www.notibras.com\/site\/#organization"},"potentialAction":[{"@type":"SearchAction","target":{"@type":"EntryPoint","urlTemplate":"https:\/\/www.notibras.com\/site\/?s={search_term_string}"},"query-input":{"@type":"PropertyValueSpecification","valueRequired":true,"valueName":"search_term_string"}}],"inLanguage":"pt-BR"},{"@type":"Organization","@id":"https:\/\/www.notibras.com\/site\/#organization","name":"Grupo Notibras de Comunica\u00e7\u00e3o","url":"https:\/\/www.notibras.com\/site\/","logo":{"@type":"ImageObject","inLanguage":"pt-BR","@id":"https:\/\/www.notibras.com\/site\/#\/schema\/logo\/image\/","url":"https:\/\/www.notibras.com\/site\/wp-content\/uploads\/2023\/01\/notibras23.png","contentUrl":"https:\/\/www.notibras.com\/site\/wp-content\/uploads\/2023\/01\/notibras23.png","width":350,"height":87,"caption":"Grupo Notibras de Comunica\u00e7\u00e3o"},"image":{"@id":"https:\/\/www.notibras.com\/site\/#\/schema\/logo\/image\/"},"sameAs":["https:\/\/www.facebook.com\/notibras\/","https:\/\/x.com\/Notibras","https:\/\/www.instagram.com\/notibras\/"]},{"@type":"Person","@id":"https:\/\/www.notibras.com\/site\/#\/schema\/person\/36ab0979449956132d3e5b517ea76ac8","name":"Reda\u00e7\u00e3o","image":{"@type":"ImageObject","inLanguage":"pt-BR","@id":"https:\/\/secure.gravatar.com\/avatar\/e0a867bdedb85fd243eadf09663511f96fc81e0720a4a42581f334ad4303aa6b?s=96&d=mm&r=g","url":"https:\/\/secure.gravatar.com\/avatar\/e0a867bdedb85fd243eadf09663511f96fc81e0720a4a42581f334ad4303aa6b?s=96&d=mm&r=g","contentUrl":"https:\/\/secure.gravatar.com\/avatar\/e0a867bdedb85fd243eadf09663511f96fc81e0720a4a42581f334ad4303aa6b?s=96&d=mm&r=g","caption":"Reda\u00e7\u00e3o"}}]}},"amp_enabled":true,"_links":{"self":[{"href":"https:\/\/www.notibras.com\/site\/wp-json\/wp\/v2\/posts\/111763","targetHints":{"allow":["GET"]}}],"collection":[{"href":"https:\/\/www.notibras.com\/site\/wp-json\/wp\/v2\/posts"}],"about":[{"href":"https:\/\/www.notibras.com\/site\/wp-json\/wp\/v2\/types\/post"}],"author":[{"embeddable":true,"href":"https:\/\/www.notibras.com\/site\/wp-json\/wp\/v2\/users\/2"}],"replies":[{"embeddable":true,"href":"https:\/\/www.notibras.com\/site\/wp-json\/wp\/v2\/comments?post=111763"}],"version-history":[{"count":1,"href":"https:\/\/www.notibras.com\/site\/wp-json\/wp\/v2\/posts\/111763\/revisions"}],"predecessor-version":[{"id":111765,"href":"https:\/\/www.notibras.com\/site\/wp-json\/wp\/v2\/posts\/111763\/revisions\/111765"}],"wp:featuredmedia":[{"embeddable":true,"href":"https:\/\/www.notibras.com\/site\/wp-json\/wp\/v2\/media\/111764"}],"wp:attachment":[{"href":"https:\/\/www.notibras.com\/site\/wp-json\/wp\/v2\/media?parent=111763"}],"wp:term":[{"taxonomy":"category","embeddable":true,"href":"https:\/\/www.notibras.com\/site\/wp-json\/wp\/v2\/categories?post=111763"},{"taxonomy":"post_tag","embeddable":true,"href":"https:\/\/www.notibras.com\/site\/wp-json\/wp\/v2\/tags?post=111763"}],"curies":[{"name":"wp","href":"https:\/\/api.w.org\/{rel}","templated":true}]}}