{"id":111921,"date":"2016-08-13T10:06:05","date_gmt":"2016-08-13T13:06:05","guid":{"rendered":"http:\/\/www.notibras.com\/site\/?p=111921"},"modified":"2016-08-13T10:06:05","modified_gmt":"2016-08-13T13:06:05","slug":"midia-e-lava-jato-assassinam-reputacoes-de-politicos-e-empresarios-serios","status":"publish","type":"post","link":"https:\/\/www.notibras.com\/site\/midia-e-lava-jato-assassinam-reputacoes-de-politicos-e-empresarios-serios\/","title":{"rendered":"M\u00eddia e Lava-Jato assassinam reputa\u00e7\u00f5es de pol\u00edticos e empres\u00e1rios s\u00e9rios"},"content":{"rendered":"<p><strong>Pedro Breier<\/strong><\/p>\n<p>Noticia a Folha que a Pol\u00edcia Federal pediu o arquivamento do inqu\u00e9rito que investigava o senador Humberto Costa, do PT. Trecho da mat\u00e9ria:<\/p>\n<p>(\u2026) a delegada da PF Graziela Machado da Costa Silva e Silva afirma que o pedido de arquivamento se deu por falta de provas que comprovem \u201cconfigura\u00e7\u00e3o de solicita\u00e7\u00e3o e\/ou recebimento de vantagem indevida\u201d.<\/p>\n<p>\u201cSendo assim, esgotadas as dilig\u00eancias vislumbradas por esta autoridade policial, n\u00e3o foi poss\u00edvel apontar os ind\u00edcios suficientes de autoria e materialidade a corroborar as assertivas do colaborador Paulo Roberto Costa\u201d, justificou.<\/p>\n<p>A abertura de investiga\u00e7\u00f5es virou uma esp\u00e9cie de arma pol\u00edtica, a qual foi muito usada na Lava Jato.<\/p>\n<p>O escopo da Lava Jato \u00e9 praticamente infinito \u2013 e seria maior ainda caso o STF n\u00e3o tivesse afastado a compet\u00eancia de Sergio Moro em alguns casos, como o da Eletronuclear.<\/p>\n<p>Pode-se investigar, portanto, praticamente qualquer pessoa, sem precisar de provas ou ind\u00edcios m\u00ednimos.<\/p>\n<p>Qualquer um que tenha encontrado uma vez na vida Paulo Roberto Costa, por exemplo, pode ser investigado.<\/p>\n<p>Aberta a investiga\u00e7\u00e3o, voc\u00ea j\u00e1 sabe como a coisa funciona. Se for do interesse dos bar\u00f5es da m\u00eddia o investigado ganha destaque nos portais de not\u00edcias e nos jornais e o tom da manchete e da mat\u00e9ria deixa nas entrelinhas que a pessoa \u00e9 culpada por antecipa\u00e7\u00e3o.<\/p>\n<p>No tribunal da m\u00eddia n\u00e3o h\u00e1 direito de defesa: a condena\u00e7\u00e3o \u00e9 sum\u00e1ria.<\/p>\n<p>Para pol\u00edticos, que vivem da sua imagem perante a sociedade, um ataque \u00e0 reputa\u00e7\u00e3o pode ser fatal para a vida p\u00fablica. O fato de ele ser absolvido posteriormente n\u00e3o faz diferen\u00e7a alguma quando os jornais j\u00e1 destru\u00edram sua reputa\u00e7\u00e3o.<\/p>\n<p>No caso de Humberto Costa, por exemplo, a not\u00edcia da abertura da investiga\u00e7\u00e3o \u00e9 de mar\u00e7o de 2015.<\/p>\n<p>Mar\u00e7o foi o m\u00eas das primeiras marchas da fam\u00edlia com Deus pela liberdade vers\u00e3o 2016.<\/p>\n<p>Abertura de investiga\u00e7\u00f5es contra petistas foi tudo o que a m\u00eddia precisou para insuflar, com manchetes garrafais, o seu ex\u00e9rcito coxinha a ir para as ruas para dar sustenta\u00e7\u00e3o ao discurso de que \u201co povo quer o impeachment\u201d.<\/p>\n<p>O in\u00edcio de uma investiga\u00e7\u00e3o \u00e9 algo grave e deveria ser tratado pelo Estado e pela imprensa com todo o cuidado, ainda mais quando envolve pessoa p\u00fablica.<\/p>\n<p>No Brasil do oligop\u00f3lio midi\u00e1tico conservador a investiga\u00e7\u00e3o vira um factoide pol\u00edtico usado para criar e manter o clima de golpe.<\/p>\n<p>Se mais de um ano depois a PF conclui que n\u00e3o h\u00e1 provas contra o investigado, que diferen\u00e7a faz? O governo foi derrubado e a abertura da investiga\u00e7\u00e3o j\u00e1 cumpriu seu papel como arma pol\u00edtica.<\/p>\n<p>Temos, portanto, um poder discricion\u00e1rio absoluto do cons\u00f3rcio sistema de justi\u00e7a\/m\u00eddia, os quais n\u00e3o tem preocupa\u00e7\u00e3o nenhuma com a reputa\u00e7\u00e3o do investigado.<\/p>\n<p>Abrem-se e fecham-se investiga\u00e7\u00f5es com objetivos pol\u00edticos, segundo os crit\u00e9rios pessoais dos investigadores.<\/p>\n<p>A m\u00eddia concentrada, por sua vez, tamb\u00e9m utiliza crit\u00e9rios puramente pessoais\/pol\u00edticos para dar destaque, ou n\u00e3o, a investigados inimigos ou aliados.<\/p>\n<p>Para os advers\u00e1rios, capas, manchetes garrafais, colunistas repercutindo por dias a fio.<\/p>\n<p>Para os amigos, notinhas de rodap\u00e9, espa\u00e7o enorme para a defesa (o que seria louv\u00e1vel caso fosse concedido a todos) e repercuss\u00e3o zero.<\/p>\n<p>A simbiose entre o sistema de justi\u00e7a e a m\u00eddia conservadora fere de morte a democracia e o pr\u00f3prio conceito de justi\u00e7a.<\/p>\n","protected":false},"excerpt":{"rendered":"<p>Pedro Breier Noticia a Folha que a Pol\u00edcia Federal pediu o arquivamento do inqu\u00e9rito que investigava o senador Humberto Costa, do PT. Trecho da mat\u00e9ria: (\u2026) a delegada da PF Graziela Machado da Costa Silva e Silva afirma que o pedido de arquivamento se deu por falta de provas que comprovem \u201cconfigura\u00e7\u00e3o de solicita\u00e7\u00e3o e\/ou [&hellip;]<\/p>\n","protected":false},"author":2,"featured_media":111922,"comment_status":"open","ping_status":"closed","sticky":false,"template":"","format":"standard","meta":{"_acf_changed":false,"footnotes":""},"categories":[25],"tags":[],"class_list":["post-111921","post","type-post","status-publish","format-standard","has-post-thumbnail","hentry","category-opina-ai"],"acf":[],"yoast_head":"<!-- This site is optimized with the Yoast SEO plugin v27.5 - https:\/\/yoast.com\/product\/yoast-seo-wordpress\/ -->\n<title>M\u00eddia e Lava-Jato assassinam reputa\u00e7\u00f5es de pol\u00edticos e empres\u00e1rios s\u00e9rios - Notibras<\/title>\n<meta name=\"robots\" content=\"index, follow, max-snippet:-1, max-image-preview:large, max-video-preview:-1\" \/>\n<link rel=\"canonical\" href=\"https:\/\/www.notibras.com\/site\/midia-e-lava-jato-assassinam-reputacoes-de-politicos-e-empresarios-serios\/\" \/>\n<meta property=\"og:locale\" content=\"pt_BR\" \/>\n<meta property=\"og:type\" content=\"article\" \/>\n<meta property=\"og:title\" content=\"M\u00eddia e Lava-Jato assassinam reputa\u00e7\u00f5es de pol\u00edticos e empres\u00e1rios s\u00e9rios - Notibras\" \/>\n<meta property=\"og:description\" content=\"Pedro Breier Noticia a Folha que a Pol\u00edcia Federal pediu o arquivamento do inqu\u00e9rito que investigava o senador Humberto Costa, do PT. Trecho da mat\u00e9ria: (\u2026) a delegada da PF Graziela Machado da Costa Silva e Silva afirma que o pedido de arquivamento se deu por falta de provas que comprovem \u201cconfigura\u00e7\u00e3o de solicita\u00e7\u00e3o e\/ou [&hellip;]\" \/>\n<meta property=\"og:url\" content=\"https:\/\/www.notibras.com\/site\/midia-e-lava-jato-assassinam-reputacoes-de-politicos-e-empresarios-serios\/\" \/>\n<meta property=\"og:site_name\" content=\"Notibras\" \/>\n<meta property=\"article:publisher\" content=\"https:\/\/www.facebook.com\/notibras\/\" \/>\n<meta property=\"article:published_time\" content=\"2016-08-13T13:06:05+00:00\" \/>\n<meta property=\"og:image\" content=\"https:\/\/www.notibras.com\/site\/wp-content\/uploads\/2016\/08\/mp.png\" \/>\n\t<meta property=\"og:image:width\" content=\"602\" \/>\n\t<meta property=\"og:image:height\" content=\"343\" \/>\n\t<meta property=\"og:image:type\" content=\"image\/png\" \/>\n<meta name=\"author\" content=\"Reda\u00e7\u00e3o\" \/>\n<meta name=\"twitter:card\" content=\"summary_large_image\" \/>\n<meta name=\"twitter:creator\" content=\"@Notibras\" \/>\n<meta name=\"twitter:site\" content=\"@Notibras\" \/>\n<meta name=\"twitter:label1\" content=\"Escrito por\" \/>\n\t<meta name=\"twitter:data1\" content=\"Reda\u00e7\u00e3o\" \/>\n\t<meta name=\"twitter:label2\" content=\"Est. tempo de leitura\" \/>\n\t<meta name=\"twitter:data2\" content=\"3 minutos\" \/>\n<script type=\"application\/ld+json\" class=\"yoast-schema-graph\">{\"@context\":\"https:\\\/\\\/schema.org\",\"@graph\":[{\"@type\":\"Article\",\"@id\":\"https:\\\/\\\/www.notibras.com\\\/site\\\/midia-e-lava-jato-assassinam-reputacoes-de-politicos-e-empresarios-serios\\\/#article\",\"isPartOf\":{\"@id\":\"https:\\\/\\\/www.notibras.com\\\/site\\\/midia-e-lava-jato-assassinam-reputacoes-de-politicos-e-empresarios-serios\\\/\"},\"author\":{\"name\":\"Reda\u00e7\u00e3o\",\"@id\":\"https:\\\/\\\/www.notibras.com\\\/site\\\/#\\\/schema\\\/person\\\/36ab0979449956132d3e5b517ea76ac8\"},\"headline\":\"M\u00eddia e Lava-Jato assassinam reputa\u00e7\u00f5es de pol\u00edticos e empres\u00e1rios s\u00e9rios\",\"datePublished\":\"2016-08-13T13:06:05+00:00\",\"mainEntityOfPage\":{\"@id\":\"https:\\\/\\\/www.notibras.com\\\/site\\\/midia-e-lava-jato-assassinam-reputacoes-de-politicos-e-empresarios-serios\\\/\"},\"wordCount\":621,\"commentCount\":0,\"publisher\":{\"@id\":\"https:\\\/\\\/www.notibras.com\\\/site\\\/#organization\"},\"image\":{\"@id\":\"https:\\\/\\\/www.notibras.com\\\/site\\\/midia-e-lava-jato-assassinam-reputacoes-de-politicos-e-empresarios-serios\\\/#primaryimage\"},\"thumbnailUrl\":\"https:\\\/\\\/www.notibras.com\\\/site\\\/wp-content\\\/uploads\\\/2016\\\/08\\\/mp.png\",\"articleSection\":[\"Opina a\u00ed\"],\"inLanguage\":\"pt-BR\",\"potentialAction\":[{\"@type\":\"CommentAction\",\"name\":\"Comment\",\"target\":[\"https:\\\/\\\/www.notibras.com\\\/site\\\/midia-e-lava-jato-assassinam-reputacoes-de-politicos-e-empresarios-serios\\\/#respond\"]}]},{\"@type\":\"WebPage\",\"@id\":\"https:\\\/\\\/www.notibras.com\\\/site\\\/midia-e-lava-jato-assassinam-reputacoes-de-politicos-e-empresarios-serios\\\/\",\"url\":\"https:\\\/\\\/www.notibras.com\\\/site\\\/midia-e-lava-jato-assassinam-reputacoes-de-politicos-e-empresarios-serios\\\/\",\"name\":\"M\u00eddia e Lava-Jato assassinam reputa\u00e7\u00f5es de pol\u00edticos e empres\u00e1rios s\u00e9rios - Notibras\",\"isPartOf\":{\"@id\":\"https:\\\/\\\/www.notibras.com\\\/site\\\/#website\"},\"primaryImageOfPage\":{\"@id\":\"https:\\\/\\\/www.notibras.com\\\/site\\\/midia-e-lava-jato-assassinam-reputacoes-de-politicos-e-empresarios-serios\\\/#primaryimage\"},\"image\":{\"@id\":\"https:\\\/\\\/www.notibras.com\\\/site\\\/midia-e-lava-jato-assassinam-reputacoes-de-politicos-e-empresarios-serios\\\/#primaryimage\"},\"thumbnailUrl\":\"https:\\\/\\\/www.notibras.com\\\/site\\\/wp-content\\\/uploads\\\/2016\\\/08\\\/mp.png\",\"datePublished\":\"2016-08-13T13:06:05+00:00\",\"breadcrumb\":{\"@id\":\"https:\\\/\\\/www.notibras.com\\\/site\\\/midia-e-lava-jato-assassinam-reputacoes-de-politicos-e-empresarios-serios\\\/#breadcrumb\"},\"inLanguage\":\"pt-BR\",\"potentialAction\":[{\"@type\":\"ReadAction\",\"target\":[\"https:\\\/\\\/www.notibras.com\\\/site\\\/midia-e-lava-jato-assassinam-reputacoes-de-politicos-e-empresarios-serios\\\/\"]}]},{\"@type\":\"ImageObject\",\"inLanguage\":\"pt-BR\",\"@id\":\"https:\\\/\\\/www.notibras.com\\\/site\\\/midia-e-lava-jato-assassinam-reputacoes-de-politicos-e-empresarios-serios\\\/#primaryimage\",\"url\":\"https:\\\/\\\/www.notibras.com\\\/site\\\/wp-content\\\/uploads\\\/2016\\\/08\\\/mp.png\",\"contentUrl\":\"https:\\\/\\\/www.notibras.com\\\/site\\\/wp-content\\\/uploads\\\/2016\\\/08\\\/mp.png\",\"width\":602,\"height\":343},{\"@type\":\"BreadcrumbList\",\"@id\":\"https:\\\/\\\/www.notibras.com\\\/site\\\/midia-e-lava-jato-assassinam-reputacoes-de-politicos-e-empresarios-serios\\\/#breadcrumb\",\"itemListElement\":[{\"@type\":\"ListItem\",\"position\":1,\"name\":\"In\u00edcio\",\"item\":\"https:\\\/\\\/www.notibras.com\\\/site\\\/\"},{\"@type\":\"ListItem\",\"position\":2,\"name\":\"M\u00eddia e Lava-Jato assassinam reputa\u00e7\u00f5es de pol\u00edticos e empres\u00e1rios s\u00e9rios\"}]},{\"@type\":\"WebSite\",\"@id\":\"https:\\\/\\\/www.notibras.com\\\/site\\\/#website\",\"url\":\"https:\\\/\\\/www.notibras.com\\\/site\\\/\",\"name\":\"Notibras\",\"description\":\"Not\u00edcias de Bras\u00edlia, do Brasil e do Mundo\",\"publisher\":{\"@id\":\"https:\\\/\\\/www.notibras.com\\\/site\\\/#organization\"},\"potentialAction\":[{\"@type\":\"SearchAction\",\"target\":{\"@type\":\"EntryPoint\",\"urlTemplate\":\"https:\\\/\\\/www.notibras.com\\\/site\\\/?s={search_term_string}\"},\"query-input\":{\"@type\":\"PropertyValueSpecification\",\"valueRequired\":true,\"valueName\":\"search_term_string\"}}],\"inLanguage\":\"pt-BR\"},{\"@type\":\"Organization\",\"@id\":\"https:\\\/\\\/www.notibras.com\\\/site\\\/#organization\",\"name\":\"Grupo Notibras de Comunica\u00e7\u00e3o\",\"url\":\"https:\\\/\\\/www.notibras.com\\\/site\\\/\",\"logo\":{\"@type\":\"ImageObject\",\"inLanguage\":\"pt-BR\",\"@id\":\"https:\\\/\\\/www.notibras.com\\\/site\\\/#\\\/schema\\\/logo\\\/image\\\/\",\"url\":\"https:\\\/\\\/www.notibras.com\\\/site\\\/wp-content\\\/uploads\\\/2023\\\/01\\\/notibras23.png\",\"contentUrl\":\"https:\\\/\\\/www.notibras.com\\\/site\\\/wp-content\\\/uploads\\\/2023\\\/01\\\/notibras23.png\",\"width\":350,\"height\":87,\"caption\":\"Grupo Notibras de Comunica\u00e7\u00e3o\"},\"image\":{\"@id\":\"https:\\\/\\\/www.notibras.com\\\/site\\\/#\\\/schema\\\/logo\\\/image\\\/\"},\"sameAs\":[\"https:\\\/\\\/www.facebook.com\\\/notibras\\\/\",\"https:\\\/\\\/x.com\\\/Notibras\",\"https:\\\/\\\/www.instagram.com\\\/notibras\\\/\"]},{\"@type\":\"Person\",\"@id\":\"https:\\\/\\\/www.notibras.com\\\/site\\\/#\\\/schema\\\/person\\\/36ab0979449956132d3e5b517ea76ac8\",\"name\":\"Reda\u00e7\u00e3o\",\"image\":{\"@type\":\"ImageObject\",\"inLanguage\":\"pt-BR\",\"@id\":\"https:\\\/\\\/secure.gravatar.com\\\/avatar\\\/e0a867bdedb85fd243eadf09663511f96fc81e0720a4a42581f334ad4303aa6b?s=96&d=mm&r=g\",\"url\":\"https:\\\/\\\/secure.gravatar.com\\\/avatar\\\/e0a867bdedb85fd243eadf09663511f96fc81e0720a4a42581f334ad4303aa6b?s=96&d=mm&r=g\",\"contentUrl\":\"https:\\\/\\\/secure.gravatar.com\\\/avatar\\\/e0a867bdedb85fd243eadf09663511f96fc81e0720a4a42581f334ad4303aa6b?s=96&d=mm&r=g\",\"caption\":\"Reda\u00e7\u00e3o\"}}]}<\/script>\n<!-- \/ Yoast SEO plugin. -->","yoast_head_json":{"title":"M\u00eddia e Lava-Jato assassinam reputa\u00e7\u00f5es de pol\u00edticos e empres\u00e1rios s\u00e9rios - Notibras","robots":{"index":"index","follow":"follow","max-snippet":"max-snippet:-1","max-image-preview":"max-image-preview:large","max-video-preview":"max-video-preview:-1"},"canonical":"https:\/\/www.notibras.com\/site\/midia-e-lava-jato-assassinam-reputacoes-de-politicos-e-empresarios-serios\/","og_locale":"pt_BR","og_type":"article","og_title":"M\u00eddia e Lava-Jato assassinam reputa\u00e7\u00f5es de pol\u00edticos e empres\u00e1rios s\u00e9rios - Notibras","og_description":"Pedro Breier Noticia a Folha que a Pol\u00edcia Federal pediu o arquivamento do inqu\u00e9rito que investigava o senador Humberto Costa, do PT. Trecho da mat\u00e9ria: (\u2026) a delegada da PF Graziela Machado da Costa Silva e Silva afirma que o pedido de arquivamento se deu por falta de provas que comprovem \u201cconfigura\u00e7\u00e3o de solicita\u00e7\u00e3o e\/ou [&hellip;]","og_url":"https:\/\/www.notibras.com\/site\/midia-e-lava-jato-assassinam-reputacoes-de-politicos-e-empresarios-serios\/","og_site_name":"Notibras","article_publisher":"https:\/\/www.facebook.com\/notibras\/","article_published_time":"2016-08-13T13:06:05+00:00","og_image":[{"width":602,"height":343,"url":"https:\/\/www.notibras.com\/site\/wp-content\/uploads\/2016\/08\/mp.png","type":"image\/png"}],"author":"Reda\u00e7\u00e3o","twitter_card":"summary_large_image","twitter_creator":"@Notibras","twitter_site":"@Notibras","twitter_misc":{"Escrito por":"Reda\u00e7\u00e3o","Est. tempo de leitura":"3 minutos"},"schema":{"@context":"https:\/\/schema.org","@graph":[{"@type":"Article","@id":"https:\/\/www.notibras.com\/site\/midia-e-lava-jato-assassinam-reputacoes-de-politicos-e-empresarios-serios\/#article","isPartOf":{"@id":"https:\/\/www.notibras.com\/site\/midia-e-lava-jato-assassinam-reputacoes-de-politicos-e-empresarios-serios\/"},"author":{"name":"Reda\u00e7\u00e3o","@id":"https:\/\/www.notibras.com\/site\/#\/schema\/person\/36ab0979449956132d3e5b517ea76ac8"},"headline":"M\u00eddia e Lava-Jato assassinam reputa\u00e7\u00f5es de pol\u00edticos e empres\u00e1rios s\u00e9rios","datePublished":"2016-08-13T13:06:05+00:00","mainEntityOfPage":{"@id":"https:\/\/www.notibras.com\/site\/midia-e-lava-jato-assassinam-reputacoes-de-politicos-e-empresarios-serios\/"},"wordCount":621,"commentCount":0,"publisher":{"@id":"https:\/\/www.notibras.com\/site\/#organization"},"image":{"@id":"https:\/\/www.notibras.com\/site\/midia-e-lava-jato-assassinam-reputacoes-de-politicos-e-empresarios-serios\/#primaryimage"},"thumbnailUrl":"https:\/\/www.notibras.com\/site\/wp-content\/uploads\/2016\/08\/mp.png","articleSection":["Opina a\u00ed"],"inLanguage":"pt-BR","potentialAction":[{"@type":"CommentAction","name":"Comment","target":["https:\/\/www.notibras.com\/site\/midia-e-lava-jato-assassinam-reputacoes-de-politicos-e-empresarios-serios\/#respond"]}]},{"@type":"WebPage","@id":"https:\/\/www.notibras.com\/site\/midia-e-lava-jato-assassinam-reputacoes-de-politicos-e-empresarios-serios\/","url":"https:\/\/www.notibras.com\/site\/midia-e-lava-jato-assassinam-reputacoes-de-politicos-e-empresarios-serios\/","name":"M\u00eddia e Lava-Jato assassinam reputa\u00e7\u00f5es de pol\u00edticos e empres\u00e1rios s\u00e9rios - Notibras","isPartOf":{"@id":"https:\/\/www.notibras.com\/site\/#website"},"primaryImageOfPage":{"@id":"https:\/\/www.notibras.com\/site\/midia-e-lava-jato-assassinam-reputacoes-de-politicos-e-empresarios-serios\/#primaryimage"},"image":{"@id":"https:\/\/www.notibras.com\/site\/midia-e-lava-jato-assassinam-reputacoes-de-politicos-e-empresarios-serios\/#primaryimage"},"thumbnailUrl":"https:\/\/www.notibras.com\/site\/wp-content\/uploads\/2016\/08\/mp.png","datePublished":"2016-08-13T13:06:05+00:00","breadcrumb":{"@id":"https:\/\/www.notibras.com\/site\/midia-e-lava-jato-assassinam-reputacoes-de-politicos-e-empresarios-serios\/#breadcrumb"},"inLanguage":"pt-BR","potentialAction":[{"@type":"ReadAction","target":["https:\/\/www.notibras.com\/site\/midia-e-lava-jato-assassinam-reputacoes-de-politicos-e-empresarios-serios\/"]}]},{"@type":"ImageObject","inLanguage":"pt-BR","@id":"https:\/\/www.notibras.com\/site\/midia-e-lava-jato-assassinam-reputacoes-de-politicos-e-empresarios-serios\/#primaryimage","url":"https:\/\/www.notibras.com\/site\/wp-content\/uploads\/2016\/08\/mp.png","contentUrl":"https:\/\/www.notibras.com\/site\/wp-content\/uploads\/2016\/08\/mp.png","width":602,"height":343},{"@type":"BreadcrumbList","@id":"https:\/\/www.notibras.com\/site\/midia-e-lava-jato-assassinam-reputacoes-de-politicos-e-empresarios-serios\/#breadcrumb","itemListElement":[{"@type":"ListItem","position":1,"name":"In\u00edcio","item":"https:\/\/www.notibras.com\/site\/"},{"@type":"ListItem","position":2,"name":"M\u00eddia e Lava-Jato assassinam reputa\u00e7\u00f5es de pol\u00edticos e empres\u00e1rios s\u00e9rios"}]},{"@type":"WebSite","@id":"https:\/\/www.notibras.com\/site\/#website","url":"https:\/\/www.notibras.com\/site\/","name":"Notibras","description":"Not\u00edcias de Bras\u00edlia, do Brasil e do Mundo","publisher":{"@id":"https:\/\/www.notibras.com\/site\/#organization"},"potentialAction":[{"@type":"SearchAction","target":{"@type":"EntryPoint","urlTemplate":"https:\/\/www.notibras.com\/site\/?s={search_term_string}"},"query-input":{"@type":"PropertyValueSpecification","valueRequired":true,"valueName":"search_term_string"}}],"inLanguage":"pt-BR"},{"@type":"Organization","@id":"https:\/\/www.notibras.com\/site\/#organization","name":"Grupo Notibras de Comunica\u00e7\u00e3o","url":"https:\/\/www.notibras.com\/site\/","logo":{"@type":"ImageObject","inLanguage":"pt-BR","@id":"https:\/\/www.notibras.com\/site\/#\/schema\/logo\/image\/","url":"https:\/\/www.notibras.com\/site\/wp-content\/uploads\/2023\/01\/notibras23.png","contentUrl":"https:\/\/www.notibras.com\/site\/wp-content\/uploads\/2023\/01\/notibras23.png","width":350,"height":87,"caption":"Grupo Notibras de Comunica\u00e7\u00e3o"},"image":{"@id":"https:\/\/www.notibras.com\/site\/#\/schema\/logo\/image\/"},"sameAs":["https:\/\/www.facebook.com\/notibras\/","https:\/\/x.com\/Notibras","https:\/\/www.instagram.com\/notibras\/"]},{"@type":"Person","@id":"https:\/\/www.notibras.com\/site\/#\/schema\/person\/36ab0979449956132d3e5b517ea76ac8","name":"Reda\u00e7\u00e3o","image":{"@type":"ImageObject","inLanguage":"pt-BR","@id":"https:\/\/secure.gravatar.com\/avatar\/e0a867bdedb85fd243eadf09663511f96fc81e0720a4a42581f334ad4303aa6b?s=96&d=mm&r=g","url":"https:\/\/secure.gravatar.com\/avatar\/e0a867bdedb85fd243eadf09663511f96fc81e0720a4a42581f334ad4303aa6b?s=96&d=mm&r=g","contentUrl":"https:\/\/secure.gravatar.com\/avatar\/e0a867bdedb85fd243eadf09663511f96fc81e0720a4a42581f334ad4303aa6b?s=96&d=mm&r=g","caption":"Reda\u00e7\u00e3o"}}]}},"amp_enabled":true,"_links":{"self":[{"href":"https:\/\/www.notibras.com\/site\/wp-json\/wp\/v2\/posts\/111921","targetHints":{"allow":["GET"]}}],"collection":[{"href":"https:\/\/www.notibras.com\/site\/wp-json\/wp\/v2\/posts"}],"about":[{"href":"https:\/\/www.notibras.com\/site\/wp-json\/wp\/v2\/types\/post"}],"author":[{"embeddable":true,"href":"https:\/\/www.notibras.com\/site\/wp-json\/wp\/v2\/users\/2"}],"replies":[{"embeddable":true,"href":"https:\/\/www.notibras.com\/site\/wp-json\/wp\/v2\/comments?post=111921"}],"version-history":[{"count":1,"href":"https:\/\/www.notibras.com\/site\/wp-json\/wp\/v2\/posts\/111921\/revisions"}],"predecessor-version":[{"id":111923,"href":"https:\/\/www.notibras.com\/site\/wp-json\/wp\/v2\/posts\/111921\/revisions\/111923"}],"wp:featuredmedia":[{"embeddable":true,"href":"https:\/\/www.notibras.com\/site\/wp-json\/wp\/v2\/media\/111922"}],"wp:attachment":[{"href":"https:\/\/www.notibras.com\/site\/wp-json\/wp\/v2\/media?parent=111921"}],"wp:term":[{"taxonomy":"category","embeddable":true,"href":"https:\/\/www.notibras.com\/site\/wp-json\/wp\/v2\/categories?post=111921"},{"taxonomy":"post_tag","embeddable":true,"href":"https:\/\/www.notibras.com\/site\/wp-json\/wp\/v2\/tags?post=111921"}],"curies":[{"name":"wp","href":"https:\/\/api.w.org\/{rel}","templated":true}]}}