{"id":112050,"date":"2016-08-14T16:33:18","date_gmt":"2016-08-14T19:33:18","guid":{"rendered":"http:\/\/www.notibras.com\/site\/?p=112050"},"modified":"2016-08-14T16:33:18","modified_gmt":"2016-08-14T19:33:18","slug":"jeito-para-pedir-aumento-salarial-e-direto-quem-usa-mimimi-perde-tempo","status":"publish","type":"post","link":"https:\/\/www.notibras.com\/site\/jeito-para-pedir-aumento-salarial-e-direto-quem-usa-mimimi-perde-tempo\/","title":{"rendered":"Jeito para pedir aumento salarial \u00e9 direto. Quem usa mimimi perde tempo"},"content":{"rendered":"<p><strong>Simone Simon<\/strong><\/p>\n<p>Vou logo desmistificar algo sobre pedir aumento salarial: a quest\u00e3o n\u00e3o \u00e9 um &#8220;bicho de sete cabe\u00e7as&#8221;, \u00e9 muito mais inofensivo que parece. Muitas pessoas t\u00eam calafrios quando pensam na possibilidade e, por medo e inseguran\u00e7a, tornam remota a chance de ganhar mais. A escolha de se contentar com pouco, neste caso, \u00e9 mais atrativa. Por outro lado, h\u00e1 aqueles que s\u00e3o corajosos, n\u00e3o t\u00eam dificuldade alguma de exercer o di\u00e1logo em assuntos delicados, por\u00e9m a conquista vai muito al\u00e9m da desenvoltura para falar o que pensa para o chefe.<\/p>\n<p>Antes de qualquer coisa, a negocia\u00e7\u00e3o salarial precisa come\u00e7ar em voc\u00ea. Como dizia Henry Ford: &#8220;Estar decidido, acima de qualquer coisa, \u00e9 o segredo do \u00eaxito&#8221;. Para isso, \u00e9 preciso analisar os pontos positivos e negativos da trajet\u00f3ria dentro da empresa, repensar com calma onde deseja chegar (estabele\u00e7a seus interesses) e o que precisa realizar para ir at\u00e9 l\u00e1. Com isso, voc\u00ea determina aquilo que \u00e9 relativamente exclusivo a si mesmo, antes de se expor com o chefe. \u00c9 importante entender que quem se baseia em &#8220;achismos&#8221; est\u00e1 brincando em plena decolagem, pois s\u00f3 com certezas e argumentos bem fundamentados \u00e9 poss\u00edvel al\u00e7ar voos maiores, e convencer outros que voc\u00ea entende bem sobre alinhar a &#8220;telemetria&#8221; da carreira de acordo com os objetivos do empregador.<\/p>\n<p>Al\u00e9m do medo, um dos fantasmas que perturba essa quest\u00e3o \u00e9 a atual crise, mas \u00e9 necess\u00e1rio observar em que lado econ\u00f4mico est\u00e1 a empresa, por que para quem chora sempre ter\u00e1 um fornecedor de len\u00e7os em alta faturando muito \u2013ou seja, as rotas do cifr\u00e3o est\u00e3o com algu\u00e9m, mesmo em tempos complexos da economia. A\u00ed que entra os primeiros ind\u00edcios da negocia\u00e7\u00e3o relacional, quando, por meio da empatia, voc\u00ea consegue ter a capacidade de ver a situa\u00e7\u00e3o de maneira ampla e estrat\u00e9gica para posteriormente agir.<\/p>\n<p>Algumas pessoas me perguntam como negociar um aumento se n\u00e3o tiver uma boa rela\u00e7\u00e3o com o chefe. Em qualquer empresa, indiferente do segmento, voc\u00ea \u00e9 avaliado de acordo com suas compet\u00eancias t\u00e9cnicas e, tamb\u00e9m, comportamentais. Normalmente, \u00e9 contratado pela habilidade t\u00e9cnica e demitido pelo seu comportamento. N\u00e3o significa que tenha que ser amigo do chefe para pedir aumento, mas voc\u00ea deve construir, ao longo da sua trajet\u00f3ria, comportamentos que abram as portas, n\u00e3o que as fechem. Estar presente, colaborar, fazer al\u00e9m das suas atividades, ser educado e respeitoso, serve para qualquer pessoa, em qualquer lugar, e ajuda, com certeza, na hora de ter que pedir algo.<\/p>\n<p>Voc\u00ea tem total direito de pedir aumento. Ali\u00e1s, \u00e9 muito importante o pedido, pois nem mesmo os MBAs ensinam chefes a lerem as mentes dos colaboradores. Mas h\u00e1 outro ponto estrat\u00e9gico que vai lev\u00e1-lo, gradativamente, aos objetivos dentro da empresa. E n\u00e3o estou falando da rela\u00e7\u00e3o ganha-ganha, muito conhecida e que nem sempre \u00e9 bem-sucedida na mesma propor\u00e7\u00e3o para um dos lados.<\/p>\n<p>Indo um pouco mais al\u00e9m nessa filosofia, te desafio a pensar na negocia\u00e7\u00e3o &#8220;cede-cede&#8221;. \u00c9 necess\u00e1rio ceder, se doar pela empresa, pela equipe de trabalho, repensar os padr\u00f5es de execu\u00e7\u00e3o e fazer melhor do que j\u00e1 tem feito, ser um bom ouvinte e saber absorver antes de querer que outros comprem a sua ideia.<\/p>\n<p>A partir desse entendimento di\u00e1rio, as consequ\u00eancias ser\u00e3o concretas e os la\u00e7os de relacionamento com o chefe ser\u00e3o elevados em n\u00edveis de confian\u00e7a. Com isso, o resultado ser\u00e1 fugir da estat\u00edstica apontada pelo site americano &#8220;Salary.com&#8221;, que conclui que um profissional que n\u00e3o negocia seu sal\u00e1rio pode deixar de ganhar US$ 1 milh\u00e3o ao longo de 45 anos de carreira. N\u00e3o se trata de uma queda de bra\u00e7o. Mesmo em tempos de crise, ceda para ganhar.<\/p>\n","protected":false},"excerpt":{"rendered":"<p>Simone Simon Vou logo desmistificar algo sobre pedir aumento salarial: a quest\u00e3o n\u00e3o \u00e9 um &#8220;bicho de sete cabe\u00e7as&#8221;, \u00e9 muito mais inofensivo que parece. Muitas pessoas t\u00eam calafrios quando pensam na possibilidade e, por medo e inseguran\u00e7a, tornam remota a chance de ganhar mais. A escolha de se contentar com pouco, neste caso, \u00e9 [&hellip;]<\/p>\n","protected":false},"author":2,"featured_media":112051,"comment_status":"open","ping_status":"closed","sticky":false,"template":"","format":"standard","meta":{"_acf_changed":false,"footnotes":""},"categories":[25],"tags":[],"class_list":["post-112050","post","type-post","status-publish","format-standard","has-post-thumbnail","hentry","category-opina-ai"],"acf":[],"yoast_head":"<!-- This site is optimized with the Yoast SEO plugin v27.5 - https:\/\/yoast.com\/product\/yoast-seo-wordpress\/ -->\n<title>Jeito para pedir aumento salarial \u00e9 direto. Quem usa mimimi perde tempo - Notibras<\/title>\n<meta name=\"robots\" content=\"index, follow, max-snippet:-1, max-image-preview:large, max-video-preview:-1\" \/>\n<link rel=\"canonical\" href=\"https:\/\/www.notibras.com\/site\/jeito-para-pedir-aumento-salarial-e-direto-quem-usa-mimimi-perde-tempo\/\" \/>\n<meta property=\"og:locale\" content=\"pt_BR\" \/>\n<meta property=\"og:type\" content=\"article\" \/>\n<meta property=\"og:title\" content=\"Jeito para pedir aumento salarial \u00e9 direto. Quem usa mimimi perde tempo - Notibras\" \/>\n<meta property=\"og:description\" content=\"Simone Simon Vou logo desmistificar algo sobre pedir aumento salarial: a quest\u00e3o n\u00e3o \u00e9 um &#8220;bicho de sete cabe\u00e7as&#8221;, \u00e9 muito mais inofensivo que parece. Muitas pessoas t\u00eam calafrios quando pensam na possibilidade e, por medo e inseguran\u00e7a, tornam remota a chance de ganhar mais. A escolha de se contentar com pouco, neste caso, \u00e9 [&hellip;]\" \/>\n<meta property=\"og:url\" content=\"https:\/\/www.notibras.com\/site\/jeito-para-pedir-aumento-salarial-e-direto-quem-usa-mimimi-perde-tempo\/\" \/>\n<meta property=\"og:site_name\" content=\"Notibras\" \/>\n<meta property=\"article:publisher\" content=\"https:\/\/www.facebook.com\/notibras\/\" \/>\n<meta property=\"article:published_time\" content=\"2016-08-14T19:33:18+00:00\" \/>\n<meta property=\"og:image\" content=\"https:\/\/www.notibras.com\/site\/wp-content\/uploads\/2016\/08\/reajuste-salarial-2016-salario-minimo-sobe-para-880-reais.jpg\" \/>\n\t<meta property=\"og:image:width\" content=\"570\" \/>\n\t<meta property=\"og:image:height\" content=\"374\" \/>\n\t<meta property=\"og:image:type\" content=\"image\/jpeg\" \/>\n<meta name=\"author\" content=\"Reda\u00e7\u00e3o\" \/>\n<meta name=\"twitter:card\" content=\"summary_large_image\" \/>\n<meta name=\"twitter:creator\" content=\"@Notibras\" \/>\n<meta name=\"twitter:site\" content=\"@Notibras\" \/>\n<meta name=\"twitter:label1\" content=\"Escrito por\" \/>\n\t<meta name=\"twitter:data1\" content=\"Reda\u00e7\u00e3o\" \/>\n\t<meta name=\"twitter:label2\" content=\"Est. tempo de leitura\" \/>\n\t<meta name=\"twitter:data2\" content=\"3 minutos\" \/>\n<script type=\"application\/ld+json\" class=\"yoast-schema-graph\">{\"@context\":\"https:\\\/\\\/schema.org\",\"@graph\":[{\"@type\":\"Article\",\"@id\":\"https:\\\/\\\/www.notibras.com\\\/site\\\/jeito-para-pedir-aumento-salarial-e-direto-quem-usa-mimimi-perde-tempo\\\/#article\",\"isPartOf\":{\"@id\":\"https:\\\/\\\/www.notibras.com\\\/site\\\/jeito-para-pedir-aumento-salarial-e-direto-quem-usa-mimimi-perde-tempo\\\/\"},\"author\":{\"name\":\"Reda\u00e7\u00e3o\",\"@id\":\"https:\\\/\\\/www.notibras.com\\\/site\\\/#\\\/schema\\\/person\\\/36ab0979449956132d3e5b517ea76ac8\"},\"headline\":\"Jeito para pedir aumento salarial \u00e9 direto. Quem usa mimimi perde tempo\",\"datePublished\":\"2016-08-14T19:33:18+00:00\",\"mainEntityOfPage\":{\"@id\":\"https:\\\/\\\/www.notibras.com\\\/site\\\/jeito-para-pedir-aumento-salarial-e-direto-quem-usa-mimimi-perde-tempo\\\/\"},\"wordCount\":659,\"commentCount\":0,\"publisher\":{\"@id\":\"https:\\\/\\\/www.notibras.com\\\/site\\\/#organization\"},\"image\":{\"@id\":\"https:\\\/\\\/www.notibras.com\\\/site\\\/jeito-para-pedir-aumento-salarial-e-direto-quem-usa-mimimi-perde-tempo\\\/#primaryimage\"},\"thumbnailUrl\":\"https:\\\/\\\/www.notibras.com\\\/site\\\/wp-content\\\/uploads\\\/2016\\\/08\\\/reajuste-salarial-2016-salario-minimo-sobe-para-880-reais.jpg\",\"articleSection\":[\"Opina a\u00ed\"],\"inLanguage\":\"pt-BR\",\"potentialAction\":[{\"@type\":\"CommentAction\",\"name\":\"Comment\",\"target\":[\"https:\\\/\\\/www.notibras.com\\\/site\\\/jeito-para-pedir-aumento-salarial-e-direto-quem-usa-mimimi-perde-tempo\\\/#respond\"]}]},{\"@type\":\"WebPage\",\"@id\":\"https:\\\/\\\/www.notibras.com\\\/site\\\/jeito-para-pedir-aumento-salarial-e-direto-quem-usa-mimimi-perde-tempo\\\/\",\"url\":\"https:\\\/\\\/www.notibras.com\\\/site\\\/jeito-para-pedir-aumento-salarial-e-direto-quem-usa-mimimi-perde-tempo\\\/\",\"name\":\"Jeito para pedir aumento salarial \u00e9 direto. Quem usa mimimi perde tempo - Notibras\",\"isPartOf\":{\"@id\":\"https:\\\/\\\/www.notibras.com\\\/site\\\/#website\"},\"primaryImageOfPage\":{\"@id\":\"https:\\\/\\\/www.notibras.com\\\/site\\\/jeito-para-pedir-aumento-salarial-e-direto-quem-usa-mimimi-perde-tempo\\\/#primaryimage\"},\"image\":{\"@id\":\"https:\\\/\\\/www.notibras.com\\\/site\\\/jeito-para-pedir-aumento-salarial-e-direto-quem-usa-mimimi-perde-tempo\\\/#primaryimage\"},\"thumbnailUrl\":\"https:\\\/\\\/www.notibras.com\\\/site\\\/wp-content\\\/uploads\\\/2016\\\/08\\\/reajuste-salarial-2016-salario-minimo-sobe-para-880-reais.jpg\",\"datePublished\":\"2016-08-14T19:33:18+00:00\",\"breadcrumb\":{\"@id\":\"https:\\\/\\\/www.notibras.com\\\/site\\\/jeito-para-pedir-aumento-salarial-e-direto-quem-usa-mimimi-perde-tempo\\\/#breadcrumb\"},\"inLanguage\":\"pt-BR\",\"potentialAction\":[{\"@type\":\"ReadAction\",\"target\":[\"https:\\\/\\\/www.notibras.com\\\/site\\\/jeito-para-pedir-aumento-salarial-e-direto-quem-usa-mimimi-perde-tempo\\\/\"]}]},{\"@type\":\"ImageObject\",\"inLanguage\":\"pt-BR\",\"@id\":\"https:\\\/\\\/www.notibras.com\\\/site\\\/jeito-para-pedir-aumento-salarial-e-direto-quem-usa-mimimi-perde-tempo\\\/#primaryimage\",\"url\":\"https:\\\/\\\/www.notibras.com\\\/site\\\/wp-content\\\/uploads\\\/2016\\\/08\\\/reajuste-salarial-2016-salario-minimo-sobe-para-880-reais.jpg\",\"contentUrl\":\"https:\\\/\\\/www.notibras.com\\\/site\\\/wp-content\\\/uploads\\\/2016\\\/08\\\/reajuste-salarial-2016-salario-minimo-sobe-para-880-reais.jpg\",\"width\":570,\"height\":374,\"caption\":\"Foto\\\/Arquivo Notibras\"},{\"@type\":\"BreadcrumbList\",\"@id\":\"https:\\\/\\\/www.notibras.com\\\/site\\\/jeito-para-pedir-aumento-salarial-e-direto-quem-usa-mimimi-perde-tempo\\\/#breadcrumb\",\"itemListElement\":[{\"@type\":\"ListItem\",\"position\":1,\"name\":\"In\u00edcio\",\"item\":\"https:\\\/\\\/www.notibras.com\\\/site\\\/\"},{\"@type\":\"ListItem\",\"position\":2,\"name\":\"Jeito para pedir aumento salarial \u00e9 direto. Quem usa mimimi perde tempo\"}]},{\"@type\":\"WebSite\",\"@id\":\"https:\\\/\\\/www.notibras.com\\\/site\\\/#website\",\"url\":\"https:\\\/\\\/www.notibras.com\\\/site\\\/\",\"name\":\"Notibras\",\"description\":\"Not\u00edcias de Bras\u00edlia, do Brasil e do Mundo\",\"publisher\":{\"@id\":\"https:\\\/\\\/www.notibras.com\\\/site\\\/#organization\"},\"potentialAction\":[{\"@type\":\"SearchAction\",\"target\":{\"@type\":\"EntryPoint\",\"urlTemplate\":\"https:\\\/\\\/www.notibras.com\\\/site\\\/?s={search_term_string}\"},\"query-input\":{\"@type\":\"PropertyValueSpecification\",\"valueRequired\":true,\"valueName\":\"search_term_string\"}}],\"inLanguage\":\"pt-BR\"},{\"@type\":\"Organization\",\"@id\":\"https:\\\/\\\/www.notibras.com\\\/site\\\/#organization\",\"name\":\"Grupo Notibras de Comunica\u00e7\u00e3o\",\"url\":\"https:\\\/\\\/www.notibras.com\\\/site\\\/\",\"logo\":{\"@type\":\"ImageObject\",\"inLanguage\":\"pt-BR\",\"@id\":\"https:\\\/\\\/www.notibras.com\\\/site\\\/#\\\/schema\\\/logo\\\/image\\\/\",\"url\":\"https:\\\/\\\/www.notibras.com\\\/site\\\/wp-content\\\/uploads\\\/2023\\\/01\\\/notibras23.png\",\"contentUrl\":\"https:\\\/\\\/www.notibras.com\\\/site\\\/wp-content\\\/uploads\\\/2023\\\/01\\\/notibras23.png\",\"width\":350,\"height\":87,\"caption\":\"Grupo Notibras de Comunica\u00e7\u00e3o\"},\"image\":{\"@id\":\"https:\\\/\\\/www.notibras.com\\\/site\\\/#\\\/schema\\\/logo\\\/image\\\/\"},\"sameAs\":[\"https:\\\/\\\/www.facebook.com\\\/notibras\\\/\",\"https:\\\/\\\/x.com\\\/Notibras\",\"https:\\\/\\\/www.instagram.com\\\/notibras\\\/\"]},{\"@type\":\"Person\",\"@id\":\"https:\\\/\\\/www.notibras.com\\\/site\\\/#\\\/schema\\\/person\\\/36ab0979449956132d3e5b517ea76ac8\",\"name\":\"Reda\u00e7\u00e3o\",\"image\":{\"@type\":\"ImageObject\",\"inLanguage\":\"pt-BR\",\"@id\":\"https:\\\/\\\/secure.gravatar.com\\\/avatar\\\/e0a867bdedb85fd243eadf09663511f96fc81e0720a4a42581f334ad4303aa6b?s=96&d=mm&r=g\",\"url\":\"https:\\\/\\\/secure.gravatar.com\\\/avatar\\\/e0a867bdedb85fd243eadf09663511f96fc81e0720a4a42581f334ad4303aa6b?s=96&d=mm&r=g\",\"contentUrl\":\"https:\\\/\\\/secure.gravatar.com\\\/avatar\\\/e0a867bdedb85fd243eadf09663511f96fc81e0720a4a42581f334ad4303aa6b?s=96&d=mm&r=g\",\"caption\":\"Reda\u00e7\u00e3o\"}}]}<\/script>\n<!-- \/ Yoast SEO plugin. -->","yoast_head_json":{"title":"Jeito para pedir aumento salarial \u00e9 direto. Quem usa mimimi perde tempo - Notibras","robots":{"index":"index","follow":"follow","max-snippet":"max-snippet:-1","max-image-preview":"max-image-preview:large","max-video-preview":"max-video-preview:-1"},"canonical":"https:\/\/www.notibras.com\/site\/jeito-para-pedir-aumento-salarial-e-direto-quem-usa-mimimi-perde-tempo\/","og_locale":"pt_BR","og_type":"article","og_title":"Jeito para pedir aumento salarial \u00e9 direto. Quem usa mimimi perde tempo - Notibras","og_description":"Simone Simon Vou logo desmistificar algo sobre pedir aumento salarial: a quest\u00e3o n\u00e3o \u00e9 um &#8220;bicho de sete cabe\u00e7as&#8221;, \u00e9 muito mais inofensivo que parece. Muitas pessoas t\u00eam calafrios quando pensam na possibilidade e, por medo e inseguran\u00e7a, tornam remota a chance de ganhar mais. A escolha de se contentar com pouco, neste caso, \u00e9 [&hellip;]","og_url":"https:\/\/www.notibras.com\/site\/jeito-para-pedir-aumento-salarial-e-direto-quem-usa-mimimi-perde-tempo\/","og_site_name":"Notibras","article_publisher":"https:\/\/www.facebook.com\/notibras\/","article_published_time":"2016-08-14T19:33:18+00:00","og_image":[{"width":570,"height":374,"url":"https:\/\/www.notibras.com\/site\/wp-content\/uploads\/2016\/08\/reajuste-salarial-2016-salario-minimo-sobe-para-880-reais.jpg","type":"image\/jpeg"}],"author":"Reda\u00e7\u00e3o","twitter_card":"summary_large_image","twitter_creator":"@Notibras","twitter_site":"@Notibras","twitter_misc":{"Escrito por":"Reda\u00e7\u00e3o","Est. tempo de leitura":"3 minutos"},"schema":{"@context":"https:\/\/schema.org","@graph":[{"@type":"Article","@id":"https:\/\/www.notibras.com\/site\/jeito-para-pedir-aumento-salarial-e-direto-quem-usa-mimimi-perde-tempo\/#article","isPartOf":{"@id":"https:\/\/www.notibras.com\/site\/jeito-para-pedir-aumento-salarial-e-direto-quem-usa-mimimi-perde-tempo\/"},"author":{"name":"Reda\u00e7\u00e3o","@id":"https:\/\/www.notibras.com\/site\/#\/schema\/person\/36ab0979449956132d3e5b517ea76ac8"},"headline":"Jeito para pedir aumento salarial \u00e9 direto. Quem usa mimimi perde tempo","datePublished":"2016-08-14T19:33:18+00:00","mainEntityOfPage":{"@id":"https:\/\/www.notibras.com\/site\/jeito-para-pedir-aumento-salarial-e-direto-quem-usa-mimimi-perde-tempo\/"},"wordCount":659,"commentCount":0,"publisher":{"@id":"https:\/\/www.notibras.com\/site\/#organization"},"image":{"@id":"https:\/\/www.notibras.com\/site\/jeito-para-pedir-aumento-salarial-e-direto-quem-usa-mimimi-perde-tempo\/#primaryimage"},"thumbnailUrl":"https:\/\/www.notibras.com\/site\/wp-content\/uploads\/2016\/08\/reajuste-salarial-2016-salario-minimo-sobe-para-880-reais.jpg","articleSection":["Opina a\u00ed"],"inLanguage":"pt-BR","potentialAction":[{"@type":"CommentAction","name":"Comment","target":["https:\/\/www.notibras.com\/site\/jeito-para-pedir-aumento-salarial-e-direto-quem-usa-mimimi-perde-tempo\/#respond"]}]},{"@type":"WebPage","@id":"https:\/\/www.notibras.com\/site\/jeito-para-pedir-aumento-salarial-e-direto-quem-usa-mimimi-perde-tempo\/","url":"https:\/\/www.notibras.com\/site\/jeito-para-pedir-aumento-salarial-e-direto-quem-usa-mimimi-perde-tempo\/","name":"Jeito para pedir aumento salarial \u00e9 direto. Quem usa mimimi perde tempo - Notibras","isPartOf":{"@id":"https:\/\/www.notibras.com\/site\/#website"},"primaryImageOfPage":{"@id":"https:\/\/www.notibras.com\/site\/jeito-para-pedir-aumento-salarial-e-direto-quem-usa-mimimi-perde-tempo\/#primaryimage"},"image":{"@id":"https:\/\/www.notibras.com\/site\/jeito-para-pedir-aumento-salarial-e-direto-quem-usa-mimimi-perde-tempo\/#primaryimage"},"thumbnailUrl":"https:\/\/www.notibras.com\/site\/wp-content\/uploads\/2016\/08\/reajuste-salarial-2016-salario-minimo-sobe-para-880-reais.jpg","datePublished":"2016-08-14T19:33:18+00:00","breadcrumb":{"@id":"https:\/\/www.notibras.com\/site\/jeito-para-pedir-aumento-salarial-e-direto-quem-usa-mimimi-perde-tempo\/#breadcrumb"},"inLanguage":"pt-BR","potentialAction":[{"@type":"ReadAction","target":["https:\/\/www.notibras.com\/site\/jeito-para-pedir-aumento-salarial-e-direto-quem-usa-mimimi-perde-tempo\/"]}]},{"@type":"ImageObject","inLanguage":"pt-BR","@id":"https:\/\/www.notibras.com\/site\/jeito-para-pedir-aumento-salarial-e-direto-quem-usa-mimimi-perde-tempo\/#primaryimage","url":"https:\/\/www.notibras.com\/site\/wp-content\/uploads\/2016\/08\/reajuste-salarial-2016-salario-minimo-sobe-para-880-reais.jpg","contentUrl":"https:\/\/www.notibras.com\/site\/wp-content\/uploads\/2016\/08\/reajuste-salarial-2016-salario-minimo-sobe-para-880-reais.jpg","width":570,"height":374,"caption":"Foto\/Arquivo Notibras"},{"@type":"BreadcrumbList","@id":"https:\/\/www.notibras.com\/site\/jeito-para-pedir-aumento-salarial-e-direto-quem-usa-mimimi-perde-tempo\/#breadcrumb","itemListElement":[{"@type":"ListItem","position":1,"name":"In\u00edcio","item":"https:\/\/www.notibras.com\/site\/"},{"@type":"ListItem","position":2,"name":"Jeito para pedir aumento salarial \u00e9 direto. Quem usa mimimi perde tempo"}]},{"@type":"WebSite","@id":"https:\/\/www.notibras.com\/site\/#website","url":"https:\/\/www.notibras.com\/site\/","name":"Notibras","description":"Not\u00edcias de Bras\u00edlia, do Brasil e do Mundo","publisher":{"@id":"https:\/\/www.notibras.com\/site\/#organization"},"potentialAction":[{"@type":"SearchAction","target":{"@type":"EntryPoint","urlTemplate":"https:\/\/www.notibras.com\/site\/?s={search_term_string}"},"query-input":{"@type":"PropertyValueSpecification","valueRequired":true,"valueName":"search_term_string"}}],"inLanguage":"pt-BR"},{"@type":"Organization","@id":"https:\/\/www.notibras.com\/site\/#organization","name":"Grupo Notibras de Comunica\u00e7\u00e3o","url":"https:\/\/www.notibras.com\/site\/","logo":{"@type":"ImageObject","inLanguage":"pt-BR","@id":"https:\/\/www.notibras.com\/site\/#\/schema\/logo\/image\/","url":"https:\/\/www.notibras.com\/site\/wp-content\/uploads\/2023\/01\/notibras23.png","contentUrl":"https:\/\/www.notibras.com\/site\/wp-content\/uploads\/2023\/01\/notibras23.png","width":350,"height":87,"caption":"Grupo Notibras de Comunica\u00e7\u00e3o"},"image":{"@id":"https:\/\/www.notibras.com\/site\/#\/schema\/logo\/image\/"},"sameAs":["https:\/\/www.facebook.com\/notibras\/","https:\/\/x.com\/Notibras","https:\/\/www.instagram.com\/notibras\/"]},{"@type":"Person","@id":"https:\/\/www.notibras.com\/site\/#\/schema\/person\/36ab0979449956132d3e5b517ea76ac8","name":"Reda\u00e7\u00e3o","image":{"@type":"ImageObject","inLanguage":"pt-BR","@id":"https:\/\/secure.gravatar.com\/avatar\/e0a867bdedb85fd243eadf09663511f96fc81e0720a4a42581f334ad4303aa6b?s=96&d=mm&r=g","url":"https:\/\/secure.gravatar.com\/avatar\/e0a867bdedb85fd243eadf09663511f96fc81e0720a4a42581f334ad4303aa6b?s=96&d=mm&r=g","contentUrl":"https:\/\/secure.gravatar.com\/avatar\/e0a867bdedb85fd243eadf09663511f96fc81e0720a4a42581f334ad4303aa6b?s=96&d=mm&r=g","caption":"Reda\u00e7\u00e3o"}}]}},"amp_enabled":true,"_links":{"self":[{"href":"https:\/\/www.notibras.com\/site\/wp-json\/wp\/v2\/posts\/112050","targetHints":{"allow":["GET"]}}],"collection":[{"href":"https:\/\/www.notibras.com\/site\/wp-json\/wp\/v2\/posts"}],"about":[{"href":"https:\/\/www.notibras.com\/site\/wp-json\/wp\/v2\/types\/post"}],"author":[{"embeddable":true,"href":"https:\/\/www.notibras.com\/site\/wp-json\/wp\/v2\/users\/2"}],"replies":[{"embeddable":true,"href":"https:\/\/www.notibras.com\/site\/wp-json\/wp\/v2\/comments?post=112050"}],"version-history":[{"count":1,"href":"https:\/\/www.notibras.com\/site\/wp-json\/wp\/v2\/posts\/112050\/revisions"}],"predecessor-version":[{"id":112052,"href":"https:\/\/www.notibras.com\/site\/wp-json\/wp\/v2\/posts\/112050\/revisions\/112052"}],"wp:featuredmedia":[{"embeddable":true,"href":"https:\/\/www.notibras.com\/site\/wp-json\/wp\/v2\/media\/112051"}],"wp:attachment":[{"href":"https:\/\/www.notibras.com\/site\/wp-json\/wp\/v2\/media?parent=112050"}],"wp:term":[{"taxonomy":"category","embeddable":true,"href":"https:\/\/www.notibras.com\/site\/wp-json\/wp\/v2\/categories?post=112050"},{"taxonomy":"post_tag","embeddable":true,"href":"https:\/\/www.notibras.com\/site\/wp-json\/wp\/v2\/tags?post=112050"}],"curies":[{"name":"wp","href":"https:\/\/api.w.org\/{rel}","templated":true}]}}