{"id":112108,"date":"2016-08-15T06:00:31","date_gmt":"2016-08-15T09:00:31","guid":{"rendered":"http:\/\/www.notibras.com\/site\/?p=112108"},"modified":"2016-08-15T06:18:47","modified_gmt":"2016-08-15T09:18:47","slug":"contabilidade-criativa-virou-pedaladas-fiscais-e-jogou-o-pt-de-vez-na-lona","status":"publish","type":"post","link":"https:\/\/www.notibras.com\/site\/contabilidade-criativa-virou-pedaladas-fiscais-e-jogou-o-pt-de-vez-na-lona\/","title":{"rendered":"Contabilidade criativa virou pedaladas fiscais e jogou o PT de vez na lona"},"content":{"rendered":"<p><strong>\u00c9ric Barreto<\/strong><\/p>\n<p>Foi-se o tempo em que o verbo pedalar se referia apenas \u00e0 rota\u00e7\u00e3o de um instrumento chamado pedal. Desde o final de 2014, o termo &#8220;pedalada&#8221; foi se tornando cada vez mais popular e chegou ao seu auge em 2016, quando o Senado e a C\u00e2mara, em fun\u00e7\u00e3o das &#8220;pedaladas fiscais&#8221;, deram seguimento ao impedimento da presidente Dilma. Nos ve\u00edculos de imprensa e no mundo financeiro, o termo &#8220;pedalada cont\u00e1bil&#8221; tamb\u00e9m prosperou.<\/p>\n<p>No dia 17 de abril de 2015, &#8220;O Globo&#8221; afirmou que a palavra &#8220;pedalar&#8221; costumava ser usada pelos t\u00e9cnicos que lidavam com o or\u00e7amento p\u00fablico, sendo sin\u00f4nimo de postergar uma despesa. Em outros segmentos, o verbo pedalar tamb\u00e9m tinha um papel maior do que o de mover uma bicicleta.<\/p>\n<p>N\u00e3o \u00e9 dif\u00edcil lembrar dos famosos dribles do Robinho quando, em meados de 2002, pedalou no ar em dire\u00e7\u00e3o a Rog\u00e9rio, lateral do Corinthians. A express\u00e3o &#8220;pedala Robinho&#8221;, que feriu tantos cora\u00e7\u00f5es corintianos, ainda \u00e9 utilizada em situa\u00e7\u00f5es diversas, at\u00e9 por quem n\u00e3o se importa tanto com futebol.<\/p>\n<p>No mercado financeiro, os bancos de cr\u00e9dito consignado utilizavam o termo para designar uma forma comum de capta\u00e7\u00e3o. Diziam que o banco estava &#8220;pedalando a bicicleta&#8221; quando ele vendia sua carteira de empr\u00e9stimos para viabilizar novas transa\u00e7\u00f5es. Uma a\u00e7\u00e3o que se transformava em um impulso para o pr\u00f3ximo movimento \u2013ou seja, o de conceder novos cr\u00e9ditos\u2013 sem deixar a bicicleta cair.<\/p>\n<p>N\u00e3o \u00e9 claro se a express\u00e3o &#8220;pedaladas fiscais&#8221; tem origem em posterga\u00e7\u00f5es, dribles ou continuidade. O fato \u00e9 que, com a publicidade di\u00e1ria, elas, que antes eram chamadas pela imprensa de &#8220;contabilidade criativa&#8221;, transformaram-se em uma marca, em um ativo intang\u00edvel que colocaria na lona o governo petista.<\/p>\n<p>A contabilidade criativa nas contas p\u00fablicas n\u00e3o \u00e9 bem-vista, pois carrega o estigma de pouca transpar\u00eancia. A pr\u00e1tica foi utilizada nos governos dos tr\u00eas \u00faltimos presidentes eleitos, mas aumentou consideravelmente em 2014 e 2015, provavelmente porque, com a queda na arrecada\u00e7\u00e3o decorrente da crise econ\u00f4mica, as metas de superavit n\u00e3o seriam atingidas. Isso corrobora a tese de que a manipula\u00e7\u00e3o cont\u00e1bil seria um sintoma, e n\u00e3o a causa de uma crise.<\/p>\n<p>As tais pedaladas do governo liderado por Dilma foram a posterga\u00e7\u00e3o do repasse de verbas do Tesouro Nacional para bancos p\u00fablicos e autarquias que faziam pagamentos de programas sociais e de empr\u00e9stimos subsidiados \u2013quando o banco concede um empr\u00e9stimo a uma taxa mais baixa que a taxa de mercado, e o Tesouro paga ao banco a diferen\u00e7a que este deixou de ganhar por n\u00e3o cobrar do cliente o valor usual.<\/p>\n<p>Parece estranho, mas um gasto incorrido e n\u00e3o pago dentro de determinado ano n\u00e3o \u00e9 registrado como despesa daquele per\u00edodo. Assim, o ano fica com menos despesas, aparentando um resultado melhor. Futuramente, o Tesouro liquida a obriga\u00e7\u00e3o, que aparece registrada como uma despesa do exerc\u00edcio corrente, e n\u00e3o do anterior.<\/p>\n<p>O Tribunal de Contas da Uni\u00e3o rejeitou as contas do governo Dilma, pois entendeu que a posterga\u00e7\u00e3o de pagamentos teria natureza de empr\u00e9stimo, o que n\u00e3o poderia ser feito sem a aprova\u00e7\u00e3o do Congresso. A origem dessa restri\u00e7\u00e3o est\u00e1 relacionada \u00e0s crises fiscais das d\u00e9cadas de 1980 e 1990, quando bancos p\u00fablicos financiaram o excesso de gastos dos Estados e enfrentaram problemas de solv\u00eancia.<\/p>\n<p>Algumas interpreta\u00e7\u00f5es, como a do recente despacho do MPF (Minist\u00e9rio P\u00fablico Federal), entendem que essas transa\u00e7\u00f5es n\u00e3o se enquadram no conceito legal de empr\u00e9stimo ou no de opera\u00e7\u00e3o de cr\u00e9dito, portanto n\u00e3o precisariam da aprova\u00e7\u00e3o do Congresso. Assim, as pedaladas seriam medidas administrativas e n\u00e3o crimes de responsabilidade, j\u00e1 que elas n\u00e3o beneficiaram financeiramente um amigo ou algu\u00e9m do governo, ou mesmo terceiros. O MPF tamb\u00e9m concluiu que a pr\u00e1tica minou a credibilidade das contas p\u00fablicas e funcionou como um drible nas estat\u00edsticas do Banco Central.<\/p>\n<p>No entanto, outros entendem que as pedaladas s\u00e3o um crime de responsabilidade do governante. O PSDB, em seu site, afirma que, &#8220;sem transferir o dinheiro para essas institui\u00e7\u00f5es, a contabilidade mensal do governo aparecia sempre melhor do que ela estava na pr\u00e1tica. Dessa forma, o mercado financeiro acabava &#8220;enganado&#8221; pela manobra, sem ter a no\u00e7\u00e3o exata de que as contas da Uni\u00e3o estavam piores do que apontavam os dados&#8221;.<\/p>\n<p>Na literatura cont\u00e1bil, encontramos frequentemente o termo fraude \u2013ou seja, pr\u00e1ticas contr\u00e1rias \u00e0s normas vigentes\u2013 e tamb\u00e9m as express\u00f5es contabilidade criativa e gerenciamento de resultados \u2013que se referem a pr\u00e1ticas deliberadamente utilizadas para apresentar um resultado desejado e que, apesar de serem oportunistas, normalmente n\u00e3o ferem as normas cont\u00e1beis.<\/p>\n<p>Na minha tese de doutorado, utilizei a express\u00e3o &#8220;manipula\u00e7\u00e3o cont\u00e1bil&#8221; como um conceito que englobaria tanto fraude como gerenciamento de resultados. A pedalada ainda n\u00e3o conquistou o ambiente acad\u00eamico, mas, com toda a divulga\u00e7\u00e3o que teve, dificilmente nos esqueceremos dos novos significados dessa palavra.<\/p>\n","protected":false},"excerpt":{"rendered":"<p>\u00c9ric Barreto Foi-se o tempo em que o verbo pedalar se referia apenas \u00e0 rota\u00e7\u00e3o de um instrumento chamado pedal. Desde o final de 2014, o termo &#8220;pedalada&#8221; foi se tornando cada vez mais popular e chegou ao seu auge em 2016, quando o Senado e a C\u00e2mara, em fun\u00e7\u00e3o das &#8220;pedaladas fiscais&#8221;, deram seguimento [&hellip;]<\/p>\n","protected":false},"author":2,"featured_media":112109,"comment_status":"open","ping_status":"closed","sticky":false,"template":"","format":"standard","meta":{"_acf_changed":false,"footnotes":""},"categories":[25],"tags":[],"class_list":["post-112108","post","type-post","status-publish","format-standard","has-post-thumbnail","hentry","category-opina-ai"],"acf":[],"yoast_head":"<!-- This site is optimized with the Yoast SEO plugin v27.5 - https:\/\/yoast.com\/product\/yoast-seo-wordpress\/ -->\n<title>Contabilidade criativa virou pedaladas fiscais e jogou o PT de vez na lona - Notibras<\/title>\n<meta name=\"robots\" content=\"index, follow, max-snippet:-1, max-image-preview:large, max-video-preview:-1\" \/>\n<link rel=\"canonical\" href=\"https:\/\/www.notibras.com\/site\/contabilidade-criativa-virou-pedaladas-fiscais-e-jogou-o-pt-de-vez-na-lona\/\" \/>\n<meta property=\"og:locale\" content=\"pt_BR\" \/>\n<meta property=\"og:type\" content=\"article\" \/>\n<meta property=\"og:title\" content=\"Contabilidade criativa virou pedaladas fiscais e jogou o PT de vez na lona - Notibras\" \/>\n<meta property=\"og:description\" content=\"\u00c9ric Barreto Foi-se o tempo em que o verbo pedalar se referia apenas \u00e0 rota\u00e7\u00e3o de um instrumento chamado pedal. Desde o final de 2014, o termo &#8220;pedalada&#8221; foi se tornando cada vez mais popular e chegou ao seu auge em 2016, quando o Senado e a C\u00e2mara, em fun\u00e7\u00e3o das &#8220;pedaladas fiscais&#8221;, deram seguimento [&hellip;]\" \/>\n<meta property=\"og:url\" content=\"https:\/\/www.notibras.com\/site\/contabilidade-criativa-virou-pedaladas-fiscais-e-jogou-o-pt-de-vez-na-lona\/\" \/>\n<meta property=\"og:site_name\" content=\"Notibras\" \/>\n<meta property=\"article:publisher\" content=\"https:\/\/www.facebook.com\/notibras\/\" \/>\n<meta property=\"article:published_time\" content=\"2016-08-15T09:00:31+00:00\" \/>\n<meta property=\"article:modified_time\" content=\"2016-08-15T09:18:47+00:00\" \/>\n<meta property=\"og:image\" content=\"https:\/\/www.notibras.com\/site\/wp-content\/uploads\/2016\/08\/0308portalbicicleta-777x437.jpg\" \/>\n\t<meta property=\"og:image:width\" content=\"777\" \/>\n\t<meta property=\"og:image:height\" content=\"437\" \/>\n\t<meta property=\"og:image:type\" content=\"image\/jpeg\" \/>\n<meta name=\"author\" content=\"Reda\u00e7\u00e3o\" \/>\n<meta name=\"twitter:card\" content=\"summary_large_image\" \/>\n<meta name=\"twitter:creator\" content=\"@Notibras\" \/>\n<meta name=\"twitter:site\" content=\"@Notibras\" \/>\n<meta name=\"twitter:label1\" content=\"Escrito por\" \/>\n\t<meta name=\"twitter:data1\" content=\"Reda\u00e7\u00e3o\" \/>\n\t<meta name=\"twitter:label2\" content=\"Est. tempo de leitura\" \/>\n\t<meta name=\"twitter:data2\" content=\"4 minutos\" \/>\n<script type=\"application\/ld+json\" class=\"yoast-schema-graph\">{\"@context\":\"https:\\\/\\\/schema.org\",\"@graph\":[{\"@type\":\"Article\",\"@id\":\"https:\\\/\\\/www.notibras.com\\\/site\\\/contabilidade-criativa-virou-pedaladas-fiscais-e-jogou-o-pt-de-vez-na-lona\\\/#article\",\"isPartOf\":{\"@id\":\"https:\\\/\\\/www.notibras.com\\\/site\\\/contabilidade-criativa-virou-pedaladas-fiscais-e-jogou-o-pt-de-vez-na-lona\\\/\"},\"author\":{\"name\":\"Reda\u00e7\u00e3o\",\"@id\":\"https:\\\/\\\/www.notibras.com\\\/site\\\/#\\\/schema\\\/person\\\/36ab0979449956132d3e5b517ea76ac8\"},\"headline\":\"Contabilidade criativa virou pedaladas fiscais e jogou o PT de vez na lona\",\"datePublished\":\"2016-08-15T09:00:31+00:00\",\"dateModified\":\"2016-08-15T09:18:47+00:00\",\"mainEntityOfPage\":{\"@id\":\"https:\\\/\\\/www.notibras.com\\\/site\\\/contabilidade-criativa-virou-pedaladas-fiscais-e-jogou-o-pt-de-vez-na-lona\\\/\"},\"wordCount\":879,\"commentCount\":0,\"publisher\":{\"@id\":\"https:\\\/\\\/www.notibras.com\\\/site\\\/#organization\"},\"image\":{\"@id\":\"https:\\\/\\\/www.notibras.com\\\/site\\\/contabilidade-criativa-virou-pedaladas-fiscais-e-jogou-o-pt-de-vez-na-lona\\\/#primaryimage\"},\"thumbnailUrl\":\"https:\\\/\\\/www.notibras.com\\\/site\\\/wp-content\\\/uploads\\\/2016\\\/08\\\/0308portalbicicleta-777x437.jpg\",\"articleSection\":[\"Opina a\u00ed\"],\"inLanguage\":\"pt-BR\",\"potentialAction\":[{\"@type\":\"CommentAction\",\"name\":\"Comment\",\"target\":[\"https:\\\/\\\/www.notibras.com\\\/site\\\/contabilidade-criativa-virou-pedaladas-fiscais-e-jogou-o-pt-de-vez-na-lona\\\/#respond\"]}]},{\"@type\":\"WebPage\",\"@id\":\"https:\\\/\\\/www.notibras.com\\\/site\\\/contabilidade-criativa-virou-pedaladas-fiscais-e-jogou-o-pt-de-vez-na-lona\\\/\",\"url\":\"https:\\\/\\\/www.notibras.com\\\/site\\\/contabilidade-criativa-virou-pedaladas-fiscais-e-jogou-o-pt-de-vez-na-lona\\\/\",\"name\":\"Contabilidade criativa virou pedaladas fiscais e jogou o PT de vez na lona - Notibras\",\"isPartOf\":{\"@id\":\"https:\\\/\\\/www.notibras.com\\\/site\\\/#website\"},\"primaryImageOfPage\":{\"@id\":\"https:\\\/\\\/www.notibras.com\\\/site\\\/contabilidade-criativa-virou-pedaladas-fiscais-e-jogou-o-pt-de-vez-na-lona\\\/#primaryimage\"},\"image\":{\"@id\":\"https:\\\/\\\/www.notibras.com\\\/site\\\/contabilidade-criativa-virou-pedaladas-fiscais-e-jogou-o-pt-de-vez-na-lona\\\/#primaryimage\"},\"thumbnailUrl\":\"https:\\\/\\\/www.notibras.com\\\/site\\\/wp-content\\\/uploads\\\/2016\\\/08\\\/0308portalbicicleta-777x437.jpg\",\"datePublished\":\"2016-08-15T09:00:31+00:00\",\"dateModified\":\"2016-08-15T09:18:47+00:00\",\"breadcrumb\":{\"@id\":\"https:\\\/\\\/www.notibras.com\\\/site\\\/contabilidade-criativa-virou-pedaladas-fiscais-e-jogou-o-pt-de-vez-na-lona\\\/#breadcrumb\"},\"inLanguage\":\"pt-BR\",\"potentialAction\":[{\"@type\":\"ReadAction\",\"target\":[\"https:\\\/\\\/www.notibras.com\\\/site\\\/contabilidade-criativa-virou-pedaladas-fiscais-e-jogou-o-pt-de-vez-na-lona\\\/\"]}]},{\"@type\":\"ImageObject\",\"inLanguage\":\"pt-BR\",\"@id\":\"https:\\\/\\\/www.notibras.com\\\/site\\\/contabilidade-criativa-virou-pedaladas-fiscais-e-jogou-o-pt-de-vez-na-lona\\\/#primaryimage\",\"url\":\"https:\\\/\\\/www.notibras.com\\\/site\\\/wp-content\\\/uploads\\\/2016\\\/08\\\/0308portalbicicleta-777x437.jpg\",\"contentUrl\":\"https:\\\/\\\/www.notibras.com\\\/site\\\/wp-content\\\/uploads\\\/2016\\\/08\\\/0308portalbicicleta-777x437.jpg\",\"width\":777,\"height\":437},{\"@type\":\"BreadcrumbList\",\"@id\":\"https:\\\/\\\/www.notibras.com\\\/site\\\/contabilidade-criativa-virou-pedaladas-fiscais-e-jogou-o-pt-de-vez-na-lona\\\/#breadcrumb\",\"itemListElement\":[{\"@type\":\"ListItem\",\"position\":1,\"name\":\"In\u00edcio\",\"item\":\"https:\\\/\\\/www.notibras.com\\\/site\\\/\"},{\"@type\":\"ListItem\",\"position\":2,\"name\":\"Contabilidade criativa virou pedaladas fiscais e jogou o PT de vez na lona\"}]},{\"@type\":\"WebSite\",\"@id\":\"https:\\\/\\\/www.notibras.com\\\/site\\\/#website\",\"url\":\"https:\\\/\\\/www.notibras.com\\\/site\\\/\",\"name\":\"Notibras\",\"description\":\"Not\u00edcias de Bras\u00edlia, do Brasil e do Mundo\",\"publisher\":{\"@id\":\"https:\\\/\\\/www.notibras.com\\\/site\\\/#organization\"},\"potentialAction\":[{\"@type\":\"SearchAction\",\"target\":{\"@type\":\"EntryPoint\",\"urlTemplate\":\"https:\\\/\\\/www.notibras.com\\\/site\\\/?s={search_term_string}\"},\"query-input\":{\"@type\":\"PropertyValueSpecification\",\"valueRequired\":true,\"valueName\":\"search_term_string\"}}],\"inLanguage\":\"pt-BR\"},{\"@type\":\"Organization\",\"@id\":\"https:\\\/\\\/www.notibras.com\\\/site\\\/#organization\",\"name\":\"Grupo Notibras de Comunica\u00e7\u00e3o\",\"url\":\"https:\\\/\\\/www.notibras.com\\\/site\\\/\",\"logo\":{\"@type\":\"ImageObject\",\"inLanguage\":\"pt-BR\",\"@id\":\"https:\\\/\\\/www.notibras.com\\\/site\\\/#\\\/schema\\\/logo\\\/image\\\/\",\"url\":\"https:\\\/\\\/www.notibras.com\\\/site\\\/wp-content\\\/uploads\\\/2023\\\/01\\\/notibras23.png\",\"contentUrl\":\"https:\\\/\\\/www.notibras.com\\\/site\\\/wp-content\\\/uploads\\\/2023\\\/01\\\/notibras23.png\",\"width\":350,\"height\":87,\"caption\":\"Grupo Notibras de Comunica\u00e7\u00e3o\"},\"image\":{\"@id\":\"https:\\\/\\\/www.notibras.com\\\/site\\\/#\\\/schema\\\/logo\\\/image\\\/\"},\"sameAs\":[\"https:\\\/\\\/www.facebook.com\\\/notibras\\\/\",\"https:\\\/\\\/x.com\\\/Notibras\",\"https:\\\/\\\/www.instagram.com\\\/notibras\\\/\"]},{\"@type\":\"Person\",\"@id\":\"https:\\\/\\\/www.notibras.com\\\/site\\\/#\\\/schema\\\/person\\\/36ab0979449956132d3e5b517ea76ac8\",\"name\":\"Reda\u00e7\u00e3o\",\"image\":{\"@type\":\"ImageObject\",\"inLanguage\":\"pt-BR\",\"@id\":\"https:\\\/\\\/secure.gravatar.com\\\/avatar\\\/e0a867bdedb85fd243eadf09663511f96fc81e0720a4a42581f334ad4303aa6b?s=96&d=mm&r=g\",\"url\":\"https:\\\/\\\/secure.gravatar.com\\\/avatar\\\/e0a867bdedb85fd243eadf09663511f96fc81e0720a4a42581f334ad4303aa6b?s=96&d=mm&r=g\",\"contentUrl\":\"https:\\\/\\\/secure.gravatar.com\\\/avatar\\\/e0a867bdedb85fd243eadf09663511f96fc81e0720a4a42581f334ad4303aa6b?s=96&d=mm&r=g\",\"caption\":\"Reda\u00e7\u00e3o\"}}]}<\/script>\n<!-- \/ Yoast SEO plugin. -->","yoast_head_json":{"title":"Contabilidade criativa virou pedaladas fiscais e jogou o PT de vez na lona - Notibras","robots":{"index":"index","follow":"follow","max-snippet":"max-snippet:-1","max-image-preview":"max-image-preview:large","max-video-preview":"max-video-preview:-1"},"canonical":"https:\/\/www.notibras.com\/site\/contabilidade-criativa-virou-pedaladas-fiscais-e-jogou-o-pt-de-vez-na-lona\/","og_locale":"pt_BR","og_type":"article","og_title":"Contabilidade criativa virou pedaladas fiscais e jogou o PT de vez na lona - Notibras","og_description":"\u00c9ric Barreto Foi-se o tempo em que o verbo pedalar se referia apenas \u00e0 rota\u00e7\u00e3o de um instrumento chamado pedal. Desde o final de 2014, o termo &#8220;pedalada&#8221; foi se tornando cada vez mais popular e chegou ao seu auge em 2016, quando o Senado e a C\u00e2mara, em fun\u00e7\u00e3o das &#8220;pedaladas fiscais&#8221;, deram seguimento [&hellip;]","og_url":"https:\/\/www.notibras.com\/site\/contabilidade-criativa-virou-pedaladas-fiscais-e-jogou-o-pt-de-vez-na-lona\/","og_site_name":"Notibras","article_publisher":"https:\/\/www.facebook.com\/notibras\/","article_published_time":"2016-08-15T09:00:31+00:00","article_modified_time":"2016-08-15T09:18:47+00:00","og_image":[{"width":777,"height":437,"url":"https:\/\/www.notibras.com\/site\/wp-content\/uploads\/2016\/08\/0308portalbicicleta-777x437.jpg","type":"image\/jpeg"}],"author":"Reda\u00e7\u00e3o","twitter_card":"summary_large_image","twitter_creator":"@Notibras","twitter_site":"@Notibras","twitter_misc":{"Escrito por":"Reda\u00e7\u00e3o","Est. tempo de leitura":"4 minutos"},"schema":{"@context":"https:\/\/schema.org","@graph":[{"@type":"Article","@id":"https:\/\/www.notibras.com\/site\/contabilidade-criativa-virou-pedaladas-fiscais-e-jogou-o-pt-de-vez-na-lona\/#article","isPartOf":{"@id":"https:\/\/www.notibras.com\/site\/contabilidade-criativa-virou-pedaladas-fiscais-e-jogou-o-pt-de-vez-na-lona\/"},"author":{"name":"Reda\u00e7\u00e3o","@id":"https:\/\/www.notibras.com\/site\/#\/schema\/person\/36ab0979449956132d3e5b517ea76ac8"},"headline":"Contabilidade criativa virou pedaladas fiscais e jogou o PT de vez na lona","datePublished":"2016-08-15T09:00:31+00:00","dateModified":"2016-08-15T09:18:47+00:00","mainEntityOfPage":{"@id":"https:\/\/www.notibras.com\/site\/contabilidade-criativa-virou-pedaladas-fiscais-e-jogou-o-pt-de-vez-na-lona\/"},"wordCount":879,"commentCount":0,"publisher":{"@id":"https:\/\/www.notibras.com\/site\/#organization"},"image":{"@id":"https:\/\/www.notibras.com\/site\/contabilidade-criativa-virou-pedaladas-fiscais-e-jogou-o-pt-de-vez-na-lona\/#primaryimage"},"thumbnailUrl":"https:\/\/www.notibras.com\/site\/wp-content\/uploads\/2016\/08\/0308portalbicicleta-777x437.jpg","articleSection":["Opina a\u00ed"],"inLanguage":"pt-BR","potentialAction":[{"@type":"CommentAction","name":"Comment","target":["https:\/\/www.notibras.com\/site\/contabilidade-criativa-virou-pedaladas-fiscais-e-jogou-o-pt-de-vez-na-lona\/#respond"]}]},{"@type":"WebPage","@id":"https:\/\/www.notibras.com\/site\/contabilidade-criativa-virou-pedaladas-fiscais-e-jogou-o-pt-de-vez-na-lona\/","url":"https:\/\/www.notibras.com\/site\/contabilidade-criativa-virou-pedaladas-fiscais-e-jogou-o-pt-de-vez-na-lona\/","name":"Contabilidade criativa virou pedaladas fiscais e jogou o PT de vez na lona - Notibras","isPartOf":{"@id":"https:\/\/www.notibras.com\/site\/#website"},"primaryImageOfPage":{"@id":"https:\/\/www.notibras.com\/site\/contabilidade-criativa-virou-pedaladas-fiscais-e-jogou-o-pt-de-vez-na-lona\/#primaryimage"},"image":{"@id":"https:\/\/www.notibras.com\/site\/contabilidade-criativa-virou-pedaladas-fiscais-e-jogou-o-pt-de-vez-na-lona\/#primaryimage"},"thumbnailUrl":"https:\/\/www.notibras.com\/site\/wp-content\/uploads\/2016\/08\/0308portalbicicleta-777x437.jpg","datePublished":"2016-08-15T09:00:31+00:00","dateModified":"2016-08-15T09:18:47+00:00","breadcrumb":{"@id":"https:\/\/www.notibras.com\/site\/contabilidade-criativa-virou-pedaladas-fiscais-e-jogou-o-pt-de-vez-na-lona\/#breadcrumb"},"inLanguage":"pt-BR","potentialAction":[{"@type":"ReadAction","target":["https:\/\/www.notibras.com\/site\/contabilidade-criativa-virou-pedaladas-fiscais-e-jogou-o-pt-de-vez-na-lona\/"]}]},{"@type":"ImageObject","inLanguage":"pt-BR","@id":"https:\/\/www.notibras.com\/site\/contabilidade-criativa-virou-pedaladas-fiscais-e-jogou-o-pt-de-vez-na-lona\/#primaryimage","url":"https:\/\/www.notibras.com\/site\/wp-content\/uploads\/2016\/08\/0308portalbicicleta-777x437.jpg","contentUrl":"https:\/\/www.notibras.com\/site\/wp-content\/uploads\/2016\/08\/0308portalbicicleta-777x437.jpg","width":777,"height":437},{"@type":"BreadcrumbList","@id":"https:\/\/www.notibras.com\/site\/contabilidade-criativa-virou-pedaladas-fiscais-e-jogou-o-pt-de-vez-na-lona\/#breadcrumb","itemListElement":[{"@type":"ListItem","position":1,"name":"In\u00edcio","item":"https:\/\/www.notibras.com\/site\/"},{"@type":"ListItem","position":2,"name":"Contabilidade criativa virou pedaladas fiscais e jogou o PT de vez na lona"}]},{"@type":"WebSite","@id":"https:\/\/www.notibras.com\/site\/#website","url":"https:\/\/www.notibras.com\/site\/","name":"Notibras","description":"Not\u00edcias de Bras\u00edlia, do Brasil e do Mundo","publisher":{"@id":"https:\/\/www.notibras.com\/site\/#organization"},"potentialAction":[{"@type":"SearchAction","target":{"@type":"EntryPoint","urlTemplate":"https:\/\/www.notibras.com\/site\/?s={search_term_string}"},"query-input":{"@type":"PropertyValueSpecification","valueRequired":true,"valueName":"search_term_string"}}],"inLanguage":"pt-BR"},{"@type":"Organization","@id":"https:\/\/www.notibras.com\/site\/#organization","name":"Grupo Notibras de Comunica\u00e7\u00e3o","url":"https:\/\/www.notibras.com\/site\/","logo":{"@type":"ImageObject","inLanguage":"pt-BR","@id":"https:\/\/www.notibras.com\/site\/#\/schema\/logo\/image\/","url":"https:\/\/www.notibras.com\/site\/wp-content\/uploads\/2023\/01\/notibras23.png","contentUrl":"https:\/\/www.notibras.com\/site\/wp-content\/uploads\/2023\/01\/notibras23.png","width":350,"height":87,"caption":"Grupo Notibras de Comunica\u00e7\u00e3o"},"image":{"@id":"https:\/\/www.notibras.com\/site\/#\/schema\/logo\/image\/"},"sameAs":["https:\/\/www.facebook.com\/notibras\/","https:\/\/x.com\/Notibras","https:\/\/www.instagram.com\/notibras\/"]},{"@type":"Person","@id":"https:\/\/www.notibras.com\/site\/#\/schema\/person\/36ab0979449956132d3e5b517ea76ac8","name":"Reda\u00e7\u00e3o","image":{"@type":"ImageObject","inLanguage":"pt-BR","@id":"https:\/\/secure.gravatar.com\/avatar\/e0a867bdedb85fd243eadf09663511f96fc81e0720a4a42581f334ad4303aa6b?s=96&d=mm&r=g","url":"https:\/\/secure.gravatar.com\/avatar\/e0a867bdedb85fd243eadf09663511f96fc81e0720a4a42581f334ad4303aa6b?s=96&d=mm&r=g","contentUrl":"https:\/\/secure.gravatar.com\/avatar\/e0a867bdedb85fd243eadf09663511f96fc81e0720a4a42581f334ad4303aa6b?s=96&d=mm&r=g","caption":"Reda\u00e7\u00e3o"}}]}},"amp_enabled":true,"_links":{"self":[{"href":"https:\/\/www.notibras.com\/site\/wp-json\/wp\/v2\/posts\/112108","targetHints":{"allow":["GET"]}}],"collection":[{"href":"https:\/\/www.notibras.com\/site\/wp-json\/wp\/v2\/posts"}],"about":[{"href":"https:\/\/www.notibras.com\/site\/wp-json\/wp\/v2\/types\/post"}],"author":[{"embeddable":true,"href":"https:\/\/www.notibras.com\/site\/wp-json\/wp\/v2\/users\/2"}],"replies":[{"embeddable":true,"href":"https:\/\/www.notibras.com\/site\/wp-json\/wp\/v2\/comments?post=112108"}],"version-history":[{"count":1,"href":"https:\/\/www.notibras.com\/site\/wp-json\/wp\/v2\/posts\/112108\/revisions"}],"predecessor-version":[{"id":112110,"href":"https:\/\/www.notibras.com\/site\/wp-json\/wp\/v2\/posts\/112108\/revisions\/112110"}],"wp:featuredmedia":[{"embeddable":true,"href":"https:\/\/www.notibras.com\/site\/wp-json\/wp\/v2\/media\/112109"}],"wp:attachment":[{"href":"https:\/\/www.notibras.com\/site\/wp-json\/wp\/v2\/media?parent=112108"}],"wp:term":[{"taxonomy":"category","embeddable":true,"href":"https:\/\/www.notibras.com\/site\/wp-json\/wp\/v2\/categories?post=112108"},{"taxonomy":"post_tag","embeddable":true,"href":"https:\/\/www.notibras.com\/site\/wp-json\/wp\/v2\/tags?post=112108"}],"curies":[{"name":"wp","href":"https:\/\/api.w.org\/{rel}","templated":true}]}}