{"id":112264,"date":"2016-08-16T10:15:10","date_gmt":"2016-08-16T13:15:10","guid":{"rendered":"http:\/\/www.notibras.com\/site\/?p=112264"},"modified":"2016-08-16T10:15:10","modified_gmt":"2016-08-16T13:15:10","slug":"debate-pro-escola-sem-partido-tem-a-mascara-da-escola-do-partido-unico","status":"publish","type":"post","link":"https:\/\/www.notibras.com\/site\/debate-pro-escola-sem-partido-tem-a-mascara-da-escola-do-partido-unico\/","title":{"rendered":"Debate pr\u00f3-escola sem partido tem a m\u00e1scara da escola do partido \u00fanico"},"content":{"rendered":"<p><strong>Fernando Haddad<\/strong><\/p>\n<p>Como professores de hist\u00f3ria tratar\u00e3o em sala de aula os epis\u00f3dios pol\u00edticos de 2016 daqui a 20 anos? A resposta a essa pergunta \u00e9 crucial para compreendermos a verdadeira aberra\u00e7\u00e3o da proposta &#8220;Escola sem Partido&#8221;, que tramita no Congresso Nacional e em v\u00e1rias Assembleias Legislativas pa\u00eds afora.<\/p>\n<p>Como sabemos h\u00e1 uma disputa de narrativa sobre os acontecimentos recentes. Para alguns, talvez a maioria, o impeachment de Dilma reveste-se de legalidade inquestion\u00e1vel, uma vez que o rito foi estabelecido pelo Supremo Tribunal Federal e, no m\u00e9rito, estaria caracterizado o crime de responsabilidade pela reprova\u00e7\u00e3o das contas da presidenta em fun\u00e7\u00e3o das &#8220;pedaladas fiscais&#8221;.<\/p>\n<p>Para outros, impeachment sem crime de responsabilidade \u00e9 golpe. O argumento \u00e9 simples: as supostas pedaladas n\u00e3o s\u00f3 n\u00e3o caracterizam crime de responsabilidade como tamb\u00e9m, se aplicadas aos governantes em geral, ensejaria muitos outros processos de impedimento que n\u00e3o est\u00e3o na ordem do dia. Diante de tamanho casu\u00edsmo, n\u00e3o h\u00e1 como n\u00e3o caracterizar o movimento pr\u00f3-impeachment como golpista.<\/p>\n<p>Certamente, em 2036 haver\u00e1 professores de hist\u00f3ria que intimamente estar\u00e3o alinhados a uma ou outra posi\u00e7\u00e3o. Dentre os int\u00e9rpretes do golpe, haver\u00e1 ainda aqueles que procurar\u00e3o discernir situa\u00e7\u00f5es distintas, como as de 1964 e 2016, por exemplo. Rupturas da ordem constitucional podem ocorrer das mais variadas maneiras. A mais recente, que vem se tornando frequente, \u00e9 o golpe encoberto ou golpe brando (soft coup), na acep\u00e7\u00e3o de Noam Chomsky, da qual compartilho.<\/p>\n<p>O fato \u00e9 que n\u00e3o pode haver uma hist\u00f3ria oficial. E, na minha vis\u00e3o, h\u00e1 que se escovar a hist\u00f3ria a contrapelo, com a profundidade que os processos hist\u00f3ricos merecem. Independentemente de quem estiver no poder em 2036, essa discuss\u00e3o tem que ser travada nas escolas, expondo os estudantes a diversos pontos de vista para que se formem como cidad\u00e3os cr\u00edticos frente ao mundo, para transform\u00e1-lo para melhor.<\/p>\n<p>A escola sem partido, no fundo, \u00e9 a escola do partido \u00fanico, a escola que n\u00e3o reflete, n\u00e3o critica, n\u00e3o forma livremente ju\u00edzos sobre os fatos. O oposto do que deve ser: uma escola avessa a dogmatismos que garanta \u00e0 comunidade a autonomia imprescind\u00edvel para a qualifica\u00e7\u00e3o do debate. A escola imune, tanto quanto poss\u00edvel, \u00e0s interfer\u00eancias do dinheiro e do poder.<\/p>\n<p>Como professor, n\u00e3o quero perder minha liberdade de c\u00e1tedra. Quero dialogar com meus alunos, aprender com eles, sem correr riscos de patrulhamento. Quero inclusive poder mudar de opini\u00e3o.<\/p>\n","protected":false},"excerpt":{"rendered":"<p>Fernando Haddad Como professores de hist\u00f3ria tratar\u00e3o em sala de aula os epis\u00f3dios pol\u00edticos de 2016 daqui a 20 anos? A resposta a essa pergunta \u00e9 crucial para compreendermos a verdadeira aberra\u00e7\u00e3o da proposta &#8220;Escola sem Partido&#8221;, que tramita no Congresso Nacional e em v\u00e1rias Assembleias Legislativas pa\u00eds afora. Como sabemos h\u00e1 uma disputa de [&hellip;]<\/p>\n","protected":false},"author":2,"featured_media":112265,"comment_status":"open","ping_status":"closed","sticky":false,"template":"","format":"standard","meta":{"_acf_changed":false,"footnotes":""},"categories":[25],"tags":[],"class_list":["post-112264","post","type-post","status-publish","format-standard","has-post-thumbnail","hentry","category-opina-ai"],"acf":[],"yoast_head":"<!-- This site is optimized with the Yoast SEO plugin v27.5 - https:\/\/yoast.com\/product\/yoast-seo-wordpress\/ -->\n<title>Debate pr\u00f3-escola sem partido tem a m\u00e1scara da escola do partido \u00fanico - Notibras<\/title>\n<meta name=\"robots\" content=\"index, follow, max-snippet:-1, max-image-preview:large, max-video-preview:-1\" \/>\n<link rel=\"canonical\" href=\"https:\/\/www.notibras.com\/site\/debate-pro-escola-sem-partido-tem-a-mascara-da-escola-do-partido-unico\/\" \/>\n<meta property=\"og:locale\" content=\"pt_BR\" \/>\n<meta property=\"og:type\" content=\"article\" \/>\n<meta property=\"og:title\" content=\"Debate pr\u00f3-escola sem partido tem a m\u00e1scara da escola do partido \u00fanico - Notibras\" \/>\n<meta property=\"og:description\" content=\"Fernando Haddad Como professores de hist\u00f3ria tratar\u00e3o em sala de aula os epis\u00f3dios pol\u00edticos de 2016 daqui a 20 anos? A resposta a essa pergunta \u00e9 crucial para compreendermos a verdadeira aberra\u00e7\u00e3o da proposta &#8220;Escola sem Partido&#8221;, que tramita no Congresso Nacional e em v\u00e1rias Assembleias Legislativas pa\u00eds afora. Como sabemos h\u00e1 uma disputa de [&hellip;]\" \/>\n<meta property=\"og:url\" content=\"https:\/\/www.notibras.com\/site\/debate-pro-escola-sem-partido-tem-a-mascara-da-escola-do-partido-unico\/\" \/>\n<meta property=\"og:site_name\" content=\"Notibras\" \/>\n<meta property=\"article:publisher\" content=\"https:\/\/www.facebook.com\/notibras\/\" \/>\n<meta property=\"article:published_time\" content=\"2016-08-16T13:15:10+00:00\" \/>\n<meta property=\"og:image\" content=\"https:\/\/www.notibras.com\/site\/wp-content\/uploads\/2016\/08\/escola-sem-partido-cartoon-740x547.jpg\" \/>\n\t<meta property=\"og:image:width\" content=\"740\" \/>\n\t<meta property=\"og:image:height\" content=\"547\" \/>\n\t<meta property=\"og:image:type\" content=\"image\/jpeg\" \/>\n<meta name=\"author\" content=\"Reda\u00e7\u00e3o\" \/>\n<meta name=\"twitter:card\" content=\"summary_large_image\" \/>\n<meta name=\"twitter:creator\" content=\"@Notibras\" \/>\n<meta name=\"twitter:site\" content=\"@Notibras\" \/>\n<meta name=\"twitter:label1\" content=\"Escrito por\" \/>\n\t<meta name=\"twitter:data1\" content=\"Reda\u00e7\u00e3o\" \/>\n\t<meta name=\"twitter:label2\" content=\"Est. tempo de leitura\" \/>\n\t<meta name=\"twitter:data2\" content=\"2 minutos\" \/>\n<script type=\"application\/ld+json\" class=\"yoast-schema-graph\">{\"@context\":\"https:\\\/\\\/schema.org\",\"@graph\":[{\"@type\":\"Article\",\"@id\":\"https:\\\/\\\/www.notibras.com\\\/site\\\/debate-pro-escola-sem-partido-tem-a-mascara-da-escola-do-partido-unico\\\/#article\",\"isPartOf\":{\"@id\":\"https:\\\/\\\/www.notibras.com\\\/site\\\/debate-pro-escola-sem-partido-tem-a-mascara-da-escola-do-partido-unico\\\/\"},\"author\":{\"name\":\"Reda\u00e7\u00e3o\",\"@id\":\"https:\\\/\\\/www.notibras.com\\\/site\\\/#\\\/schema\\\/person\\\/36ab0979449956132d3e5b517ea76ac8\"},\"headline\":\"Debate pr\u00f3-escola sem partido tem a m\u00e1scara da escola do partido \u00fanico\",\"datePublished\":\"2016-08-16T13:15:10+00:00\",\"mainEntityOfPage\":{\"@id\":\"https:\\\/\\\/www.notibras.com\\\/site\\\/debate-pro-escola-sem-partido-tem-a-mascara-da-escola-do-partido-unico\\\/\"},\"wordCount\":440,\"commentCount\":0,\"publisher\":{\"@id\":\"https:\\\/\\\/www.notibras.com\\\/site\\\/#organization\"},\"image\":{\"@id\":\"https:\\\/\\\/www.notibras.com\\\/site\\\/debate-pro-escola-sem-partido-tem-a-mascara-da-escola-do-partido-unico\\\/#primaryimage\"},\"thumbnailUrl\":\"https:\\\/\\\/www.notibras.com\\\/site\\\/wp-content\\\/uploads\\\/2016\\\/08\\\/escola-sem-partido-cartoon-740x547.jpg\",\"articleSection\":[\"Opina a\u00ed\"],\"inLanguage\":\"pt-BR\",\"potentialAction\":[{\"@type\":\"CommentAction\",\"name\":\"Comment\",\"target\":[\"https:\\\/\\\/www.notibras.com\\\/site\\\/debate-pro-escola-sem-partido-tem-a-mascara-da-escola-do-partido-unico\\\/#respond\"]}]},{\"@type\":\"WebPage\",\"@id\":\"https:\\\/\\\/www.notibras.com\\\/site\\\/debate-pro-escola-sem-partido-tem-a-mascara-da-escola-do-partido-unico\\\/\",\"url\":\"https:\\\/\\\/www.notibras.com\\\/site\\\/debate-pro-escola-sem-partido-tem-a-mascara-da-escola-do-partido-unico\\\/\",\"name\":\"Debate pr\u00f3-escola sem partido tem a m\u00e1scara da escola do partido \u00fanico - Notibras\",\"isPartOf\":{\"@id\":\"https:\\\/\\\/www.notibras.com\\\/site\\\/#website\"},\"primaryImageOfPage\":{\"@id\":\"https:\\\/\\\/www.notibras.com\\\/site\\\/debate-pro-escola-sem-partido-tem-a-mascara-da-escola-do-partido-unico\\\/#primaryimage\"},\"image\":{\"@id\":\"https:\\\/\\\/www.notibras.com\\\/site\\\/debate-pro-escola-sem-partido-tem-a-mascara-da-escola-do-partido-unico\\\/#primaryimage\"},\"thumbnailUrl\":\"https:\\\/\\\/www.notibras.com\\\/site\\\/wp-content\\\/uploads\\\/2016\\\/08\\\/escola-sem-partido-cartoon-740x547.jpg\",\"datePublished\":\"2016-08-16T13:15:10+00:00\",\"breadcrumb\":{\"@id\":\"https:\\\/\\\/www.notibras.com\\\/site\\\/debate-pro-escola-sem-partido-tem-a-mascara-da-escola-do-partido-unico\\\/#breadcrumb\"},\"inLanguage\":\"pt-BR\",\"potentialAction\":[{\"@type\":\"ReadAction\",\"target\":[\"https:\\\/\\\/www.notibras.com\\\/site\\\/debate-pro-escola-sem-partido-tem-a-mascara-da-escola-do-partido-unico\\\/\"]}]},{\"@type\":\"ImageObject\",\"inLanguage\":\"pt-BR\",\"@id\":\"https:\\\/\\\/www.notibras.com\\\/site\\\/debate-pro-escola-sem-partido-tem-a-mascara-da-escola-do-partido-unico\\\/#primaryimage\",\"url\":\"https:\\\/\\\/www.notibras.com\\\/site\\\/wp-content\\\/uploads\\\/2016\\\/08\\\/escola-sem-partido-cartoon-740x547.jpg\",\"contentUrl\":\"https:\\\/\\\/www.notibras.com\\\/site\\\/wp-content\\\/uploads\\\/2016\\\/08\\\/escola-sem-partido-cartoon-740x547.jpg\",\"width\":740,\"height\":547},{\"@type\":\"BreadcrumbList\",\"@id\":\"https:\\\/\\\/www.notibras.com\\\/site\\\/debate-pro-escola-sem-partido-tem-a-mascara-da-escola-do-partido-unico\\\/#breadcrumb\",\"itemListElement\":[{\"@type\":\"ListItem\",\"position\":1,\"name\":\"In\u00edcio\",\"item\":\"https:\\\/\\\/www.notibras.com\\\/site\\\/\"},{\"@type\":\"ListItem\",\"position\":2,\"name\":\"Debate pr\u00f3-escola sem partido tem a m\u00e1scara da escola do partido \u00fanico\"}]},{\"@type\":\"WebSite\",\"@id\":\"https:\\\/\\\/www.notibras.com\\\/site\\\/#website\",\"url\":\"https:\\\/\\\/www.notibras.com\\\/site\\\/\",\"name\":\"Notibras\",\"description\":\"Not\u00edcias de Bras\u00edlia, do Brasil e do Mundo\",\"publisher\":{\"@id\":\"https:\\\/\\\/www.notibras.com\\\/site\\\/#organization\"},\"potentialAction\":[{\"@type\":\"SearchAction\",\"target\":{\"@type\":\"EntryPoint\",\"urlTemplate\":\"https:\\\/\\\/www.notibras.com\\\/site\\\/?s={search_term_string}\"},\"query-input\":{\"@type\":\"PropertyValueSpecification\",\"valueRequired\":true,\"valueName\":\"search_term_string\"}}],\"inLanguage\":\"pt-BR\"},{\"@type\":\"Organization\",\"@id\":\"https:\\\/\\\/www.notibras.com\\\/site\\\/#organization\",\"name\":\"Grupo Notibras de Comunica\u00e7\u00e3o\",\"url\":\"https:\\\/\\\/www.notibras.com\\\/site\\\/\",\"logo\":{\"@type\":\"ImageObject\",\"inLanguage\":\"pt-BR\",\"@id\":\"https:\\\/\\\/www.notibras.com\\\/site\\\/#\\\/schema\\\/logo\\\/image\\\/\",\"url\":\"https:\\\/\\\/www.notibras.com\\\/site\\\/wp-content\\\/uploads\\\/2023\\\/01\\\/notibras23.png\",\"contentUrl\":\"https:\\\/\\\/www.notibras.com\\\/site\\\/wp-content\\\/uploads\\\/2023\\\/01\\\/notibras23.png\",\"width\":350,\"height\":87,\"caption\":\"Grupo Notibras de Comunica\u00e7\u00e3o\"},\"image\":{\"@id\":\"https:\\\/\\\/www.notibras.com\\\/site\\\/#\\\/schema\\\/logo\\\/image\\\/\"},\"sameAs\":[\"https:\\\/\\\/www.facebook.com\\\/notibras\\\/\",\"https:\\\/\\\/x.com\\\/Notibras\",\"https:\\\/\\\/www.instagram.com\\\/notibras\\\/\"]},{\"@type\":\"Person\",\"@id\":\"https:\\\/\\\/www.notibras.com\\\/site\\\/#\\\/schema\\\/person\\\/36ab0979449956132d3e5b517ea76ac8\",\"name\":\"Reda\u00e7\u00e3o\",\"image\":{\"@type\":\"ImageObject\",\"inLanguage\":\"pt-BR\",\"@id\":\"https:\\\/\\\/secure.gravatar.com\\\/avatar\\\/e0a867bdedb85fd243eadf09663511f96fc81e0720a4a42581f334ad4303aa6b?s=96&d=mm&r=g\",\"url\":\"https:\\\/\\\/secure.gravatar.com\\\/avatar\\\/e0a867bdedb85fd243eadf09663511f96fc81e0720a4a42581f334ad4303aa6b?s=96&d=mm&r=g\",\"contentUrl\":\"https:\\\/\\\/secure.gravatar.com\\\/avatar\\\/e0a867bdedb85fd243eadf09663511f96fc81e0720a4a42581f334ad4303aa6b?s=96&d=mm&r=g\",\"caption\":\"Reda\u00e7\u00e3o\"}}]}<\/script>\n<!-- \/ Yoast SEO plugin. -->","yoast_head_json":{"title":"Debate pr\u00f3-escola sem partido tem a m\u00e1scara da escola do partido \u00fanico - Notibras","robots":{"index":"index","follow":"follow","max-snippet":"max-snippet:-1","max-image-preview":"max-image-preview:large","max-video-preview":"max-video-preview:-1"},"canonical":"https:\/\/www.notibras.com\/site\/debate-pro-escola-sem-partido-tem-a-mascara-da-escola-do-partido-unico\/","og_locale":"pt_BR","og_type":"article","og_title":"Debate pr\u00f3-escola sem partido tem a m\u00e1scara da escola do partido \u00fanico - Notibras","og_description":"Fernando Haddad Como professores de hist\u00f3ria tratar\u00e3o em sala de aula os epis\u00f3dios pol\u00edticos de 2016 daqui a 20 anos? A resposta a essa pergunta \u00e9 crucial para compreendermos a verdadeira aberra\u00e7\u00e3o da proposta &#8220;Escola sem Partido&#8221;, que tramita no Congresso Nacional e em v\u00e1rias Assembleias Legislativas pa\u00eds afora. Como sabemos h\u00e1 uma disputa de [&hellip;]","og_url":"https:\/\/www.notibras.com\/site\/debate-pro-escola-sem-partido-tem-a-mascara-da-escola-do-partido-unico\/","og_site_name":"Notibras","article_publisher":"https:\/\/www.facebook.com\/notibras\/","article_published_time":"2016-08-16T13:15:10+00:00","og_image":[{"width":740,"height":547,"url":"https:\/\/www.notibras.com\/site\/wp-content\/uploads\/2016\/08\/escola-sem-partido-cartoon-740x547.jpg","type":"image\/jpeg"}],"author":"Reda\u00e7\u00e3o","twitter_card":"summary_large_image","twitter_creator":"@Notibras","twitter_site":"@Notibras","twitter_misc":{"Escrito por":"Reda\u00e7\u00e3o","Est. tempo de leitura":"2 minutos"},"schema":{"@context":"https:\/\/schema.org","@graph":[{"@type":"Article","@id":"https:\/\/www.notibras.com\/site\/debate-pro-escola-sem-partido-tem-a-mascara-da-escola-do-partido-unico\/#article","isPartOf":{"@id":"https:\/\/www.notibras.com\/site\/debate-pro-escola-sem-partido-tem-a-mascara-da-escola-do-partido-unico\/"},"author":{"name":"Reda\u00e7\u00e3o","@id":"https:\/\/www.notibras.com\/site\/#\/schema\/person\/36ab0979449956132d3e5b517ea76ac8"},"headline":"Debate pr\u00f3-escola sem partido tem a m\u00e1scara da escola do partido \u00fanico","datePublished":"2016-08-16T13:15:10+00:00","mainEntityOfPage":{"@id":"https:\/\/www.notibras.com\/site\/debate-pro-escola-sem-partido-tem-a-mascara-da-escola-do-partido-unico\/"},"wordCount":440,"commentCount":0,"publisher":{"@id":"https:\/\/www.notibras.com\/site\/#organization"},"image":{"@id":"https:\/\/www.notibras.com\/site\/debate-pro-escola-sem-partido-tem-a-mascara-da-escola-do-partido-unico\/#primaryimage"},"thumbnailUrl":"https:\/\/www.notibras.com\/site\/wp-content\/uploads\/2016\/08\/escola-sem-partido-cartoon-740x547.jpg","articleSection":["Opina a\u00ed"],"inLanguage":"pt-BR","potentialAction":[{"@type":"CommentAction","name":"Comment","target":["https:\/\/www.notibras.com\/site\/debate-pro-escola-sem-partido-tem-a-mascara-da-escola-do-partido-unico\/#respond"]}]},{"@type":"WebPage","@id":"https:\/\/www.notibras.com\/site\/debate-pro-escola-sem-partido-tem-a-mascara-da-escola-do-partido-unico\/","url":"https:\/\/www.notibras.com\/site\/debate-pro-escola-sem-partido-tem-a-mascara-da-escola-do-partido-unico\/","name":"Debate pr\u00f3-escola sem partido tem a m\u00e1scara da escola do partido \u00fanico - Notibras","isPartOf":{"@id":"https:\/\/www.notibras.com\/site\/#website"},"primaryImageOfPage":{"@id":"https:\/\/www.notibras.com\/site\/debate-pro-escola-sem-partido-tem-a-mascara-da-escola-do-partido-unico\/#primaryimage"},"image":{"@id":"https:\/\/www.notibras.com\/site\/debate-pro-escola-sem-partido-tem-a-mascara-da-escola-do-partido-unico\/#primaryimage"},"thumbnailUrl":"https:\/\/www.notibras.com\/site\/wp-content\/uploads\/2016\/08\/escola-sem-partido-cartoon-740x547.jpg","datePublished":"2016-08-16T13:15:10+00:00","breadcrumb":{"@id":"https:\/\/www.notibras.com\/site\/debate-pro-escola-sem-partido-tem-a-mascara-da-escola-do-partido-unico\/#breadcrumb"},"inLanguage":"pt-BR","potentialAction":[{"@type":"ReadAction","target":["https:\/\/www.notibras.com\/site\/debate-pro-escola-sem-partido-tem-a-mascara-da-escola-do-partido-unico\/"]}]},{"@type":"ImageObject","inLanguage":"pt-BR","@id":"https:\/\/www.notibras.com\/site\/debate-pro-escola-sem-partido-tem-a-mascara-da-escola-do-partido-unico\/#primaryimage","url":"https:\/\/www.notibras.com\/site\/wp-content\/uploads\/2016\/08\/escola-sem-partido-cartoon-740x547.jpg","contentUrl":"https:\/\/www.notibras.com\/site\/wp-content\/uploads\/2016\/08\/escola-sem-partido-cartoon-740x547.jpg","width":740,"height":547},{"@type":"BreadcrumbList","@id":"https:\/\/www.notibras.com\/site\/debate-pro-escola-sem-partido-tem-a-mascara-da-escola-do-partido-unico\/#breadcrumb","itemListElement":[{"@type":"ListItem","position":1,"name":"In\u00edcio","item":"https:\/\/www.notibras.com\/site\/"},{"@type":"ListItem","position":2,"name":"Debate pr\u00f3-escola sem partido tem a m\u00e1scara da escola do partido \u00fanico"}]},{"@type":"WebSite","@id":"https:\/\/www.notibras.com\/site\/#website","url":"https:\/\/www.notibras.com\/site\/","name":"Notibras","description":"Not\u00edcias de Bras\u00edlia, do Brasil e do Mundo","publisher":{"@id":"https:\/\/www.notibras.com\/site\/#organization"},"potentialAction":[{"@type":"SearchAction","target":{"@type":"EntryPoint","urlTemplate":"https:\/\/www.notibras.com\/site\/?s={search_term_string}"},"query-input":{"@type":"PropertyValueSpecification","valueRequired":true,"valueName":"search_term_string"}}],"inLanguage":"pt-BR"},{"@type":"Organization","@id":"https:\/\/www.notibras.com\/site\/#organization","name":"Grupo Notibras de Comunica\u00e7\u00e3o","url":"https:\/\/www.notibras.com\/site\/","logo":{"@type":"ImageObject","inLanguage":"pt-BR","@id":"https:\/\/www.notibras.com\/site\/#\/schema\/logo\/image\/","url":"https:\/\/www.notibras.com\/site\/wp-content\/uploads\/2023\/01\/notibras23.png","contentUrl":"https:\/\/www.notibras.com\/site\/wp-content\/uploads\/2023\/01\/notibras23.png","width":350,"height":87,"caption":"Grupo Notibras de Comunica\u00e7\u00e3o"},"image":{"@id":"https:\/\/www.notibras.com\/site\/#\/schema\/logo\/image\/"},"sameAs":["https:\/\/www.facebook.com\/notibras\/","https:\/\/x.com\/Notibras","https:\/\/www.instagram.com\/notibras\/"]},{"@type":"Person","@id":"https:\/\/www.notibras.com\/site\/#\/schema\/person\/36ab0979449956132d3e5b517ea76ac8","name":"Reda\u00e7\u00e3o","image":{"@type":"ImageObject","inLanguage":"pt-BR","@id":"https:\/\/secure.gravatar.com\/avatar\/e0a867bdedb85fd243eadf09663511f96fc81e0720a4a42581f334ad4303aa6b?s=96&d=mm&r=g","url":"https:\/\/secure.gravatar.com\/avatar\/e0a867bdedb85fd243eadf09663511f96fc81e0720a4a42581f334ad4303aa6b?s=96&d=mm&r=g","contentUrl":"https:\/\/secure.gravatar.com\/avatar\/e0a867bdedb85fd243eadf09663511f96fc81e0720a4a42581f334ad4303aa6b?s=96&d=mm&r=g","caption":"Reda\u00e7\u00e3o"}}]}},"amp_enabled":true,"_links":{"self":[{"href":"https:\/\/www.notibras.com\/site\/wp-json\/wp\/v2\/posts\/112264","targetHints":{"allow":["GET"]}}],"collection":[{"href":"https:\/\/www.notibras.com\/site\/wp-json\/wp\/v2\/posts"}],"about":[{"href":"https:\/\/www.notibras.com\/site\/wp-json\/wp\/v2\/types\/post"}],"author":[{"embeddable":true,"href":"https:\/\/www.notibras.com\/site\/wp-json\/wp\/v2\/users\/2"}],"replies":[{"embeddable":true,"href":"https:\/\/www.notibras.com\/site\/wp-json\/wp\/v2\/comments?post=112264"}],"version-history":[{"count":1,"href":"https:\/\/www.notibras.com\/site\/wp-json\/wp\/v2\/posts\/112264\/revisions"}],"predecessor-version":[{"id":112266,"href":"https:\/\/www.notibras.com\/site\/wp-json\/wp\/v2\/posts\/112264\/revisions\/112266"}],"wp:featuredmedia":[{"embeddable":true,"href":"https:\/\/www.notibras.com\/site\/wp-json\/wp\/v2\/media\/112265"}],"wp:attachment":[{"href":"https:\/\/www.notibras.com\/site\/wp-json\/wp\/v2\/media?parent=112264"}],"wp:term":[{"taxonomy":"category","embeddable":true,"href":"https:\/\/www.notibras.com\/site\/wp-json\/wp\/v2\/categories?post=112264"},{"taxonomy":"post_tag","embeddable":true,"href":"https:\/\/www.notibras.com\/site\/wp-json\/wp\/v2\/tags?post=112264"}],"curies":[{"name":"wp","href":"https:\/\/api.w.org\/{rel}","templated":true}]}}