{"id":112547,"date":"2016-08-18T04:00:54","date_gmt":"2016-08-18T07:00:54","guid":{"rendered":"http:\/\/www.notibras.com\/site\/?p=112547"},"modified":"2016-08-18T07:05:59","modified_gmt":"2016-08-18T10:05:59","slug":"doenca-de-chagas-e-problema-secular-mas-ha-esperanca-para-pacientes","status":"publish","type":"post","link":"https:\/\/www.notibras.com\/site\/doenca-de-chagas-e-problema-secular-mas-ha-esperanca-para-pacientes\/","title":{"rendered":"Doen\u00e7a de Chagas \u00e9 problema secular, mas h\u00e1 esperan\u00e7a para pacientes"},"content":{"rendered":"<p><strong>Lucia Brum<\/strong><\/p>\n<p>A doen\u00e7a de Chagas afeta aproximadamente 6 milh\u00f5es de pessoas no mundo, sendo que 1,5 milh\u00e3o delas est\u00e3o no Brasil, onde se estima que a doen\u00e7a mate 6 mil pacientes a cada ano. Apesar da eloqu\u00eancia dos n\u00fameros, a enfermidade \u00e9 uma das 17 entre as que s\u00e3o classificadas como negligenciadas pela OMS (Organiza\u00e7\u00e3o Mundial da Sa\u00fade).<\/p>\n<p>Isso \u00e9 tanto pela falta de avan\u00e7os no diagn\u00f3stico e no tratamento como por afetar popula\u00e7\u00f5es vulner\u00e1veis que desconhecem seu direito de acesso \u00e0 sa\u00fade. \u00c9 uma situa\u00e7\u00e3o alarmante, pois mais de 90% dos infectados tiveram sequer a oportunidade de ter sua condi\u00e7\u00e3o diagnosticada, muito menos tratada.<\/p>\n<p>Causada pelo protozo\u00e1rio Trypanosoma cruzi, a doen\u00e7a foi descoberta h\u00e1 107 anos pelo cientista brasileiro Carlos Chagas e, nesse meio tempo, o Brasil fez reconhecidos progressos na interrup\u00e7\u00e3o de sua propaga\u00e7\u00e3o, dentro de domic\u00edlios, pelo seu principal inseto transmissor (Triatoma infestans), popularmente conhecido como barbeiro.<\/p>\n<p>Tamb\u00e9m foram adotadas medidas nos bancos de sangue para o controle da transmiss\u00e3o por transfus\u00e3o. No entanto, os infectados cr\u00f4nicos n\u00e3o recebem a assist\u00eancia que lhes \u00e9 devida nem t\u00eam seus casos notificados no sistema de vigil\u00e2ncia epidemiol\u00f3gica. As barreiras que enfrentam come\u00e7am na aten\u00e7\u00e3o prim\u00e1ria de sa\u00fade, por faltarem pol\u00edticas que promovam o acesso ao diagn\u00f3stico e ao tratamento espec\u00edfico da enfermidade.<\/p>\n<p>A doen\u00e7a de Chagas \u00e9 assintom\u00e1tica na maioria dos casos, mas pode ser detectada com um simples exame de sangue, principalmente se for na fase cr\u00f4nica \u2013caracterizada pela presen\u00e7a de anticorpos no sangue\u2013, quando o diagn\u00f3stico \u00e9 mais f\u00e1cil, j\u00e1 que a sensibilidade do exame \u00e9 maior que 98%. Na pr\u00e1tica, por\u00e9m, s\u00f3 s\u00e3o notificados e tratados casos agudos, ou seja, quando h\u00e1 a presen\u00e7a do parasita no sangue.<\/p>\n<p>Sem tratamento, a doen\u00e7a pode evoluir e levar a graves complica\u00e7\u00f5es card\u00edacas e\/ou do aparelho digestivo. Os pacientes em fase cr\u00f4nica est\u00e3o em grande parte condenados a ficar sem acesso ao diagn\u00f3stico e a tratamentos espec\u00edficos.<\/p>\n<p>Agora, o novo consenso brasileiro de Chagas, publicado em julho, pode ajudar a romper esse c\u00edrculo de neglig\u00eancia. O consenso \u00e9 o resultado de consultas feitas entre especialistas sobre os conhecimentos mais avan\u00e7ados a respeito de uma doen\u00e7a e seu tratamento. O novo consenso para o manejo cl\u00ednico da doen\u00e7a de Chagas est\u00e1 em linha com as recomenda\u00e7\u00f5es de uma resolu\u00e7\u00e3o aprovada, em 2010, na Assembleia Mundial da Sa\u00fade \u2013organismo decis\u00f3rio da OMS.<\/p>\n<p>Tal consenso destaca-se por ser mais inclusivo, uma vez que foi eliminada uma frase infeliz do anterior (2005) que limitava a oferta de cuidados ao afirmar que &#8220;na perspectiva de programas de sa\u00fade p\u00fablica, n\u00e3o h\u00e1 indica\u00e7\u00e3o de tratamento em larga escala para adultos na fase cr\u00f4nica&#8221;. Derrubado esse obst\u00e1culo, o m\u00e9dico ter\u00e1 mais liberdade para indicar a medica\u00e7\u00e3o em qualquer fase da doen\u00e7a \u2013isso segundo uma avalia\u00e7\u00e3o caso a caso e se o Minist\u00e9rio da Sa\u00fade adotar esse consenso como uma pol\u00edtica nacional.<\/p>\n<p>H\u00e1 17 anos, em projetos em pa\u00edses como a Bol\u00edvia e a Guatemala, a organiza\u00e7\u00e3o MSF (M\u00e9dicos Sem Fronteiras) vem investindo na promo\u00e7\u00e3o do acesso ao diagn\u00f3stico de Chagas e ao tratamento da doen\u00e7a, sobretudo nos casos de fase cr\u00f4nica, os mais negligenciados. Nossa experi\u00eancia comprovou que o tratamento tem bons resultados, inclusive em casos cr\u00f4nicos, chegando a taxas de cura superiores a 90% em popula\u00e7\u00f5es de pa\u00edses da Am\u00e9rica Central. A MSF deu oportunidade de diagn\u00f3stico a mais de 115 mil pessoas, sendo que 11 mil delas tiveram a infec\u00e7\u00e3o confirmada e mais de 9 mil receberam tratamento.<\/p>\n<p>Al\u00e9m de um consenso mais inclusivo, outra not\u00edcia melhora as perspectivas para o combate \u00e0 doen\u00e7a de Chagas no Brasil, na Am\u00e9rica Latina e no mundo. O Lafepe, laborat\u00f3rio farmac\u00eautico p\u00fablico do Estado de Pernambuco, \u00e9 um dos dois \u00fanicos do mundo a produzir o benzonidazol, um medicamento utilizado como primeira linha para tratar a doen\u00e7a, e conseguiu obter a certifica\u00e7\u00e3o de boas pr\u00e1ticas de manufatura da Anvisa (Ag\u00eancia Nacional de Vigil\u00e2ncia Sanit\u00e1ria).<\/p>\n<p>Com isso, poder\u00e1 voltar a fornecer o rem\u00e9dio para outros pa\u00edses da regi\u00e3o, o que baratear\u00e1 a terapia e reduzir\u00e1 a vulnerabilidade provocada pelo monop\u00f3lio de um s\u00f3 produtor mundial em condi\u00e7\u00f5es de exportar o benzonidazol.<\/p>\n<p>Existem, portanto, raz\u00f5es de esperan\u00e7a para os pacientes de Chagas. Por\u00e9m, para que esse alento se transforme em supera\u00e7\u00e3o da neglig\u00eancia, h\u00e1 um longo caminho. Ele passa pelo treinamento de profissionais de sa\u00fade para que possam identificar sintomas precocemente, diagnosticar e tratar as pessoas de forma oportuna. E tamb\u00e9m passa pela atualiza\u00e7\u00e3o das normativas nacionais segundo o novo consenso e pela incorpora\u00e7\u00e3o de respostas \u00e0 doen\u00e7a na aten\u00e7\u00e3o prim\u00e1ria da sa\u00fade no Brasil, de modo que elas estejam ao alcance de todos.<\/p>\n<p>\u00c9 preciso traduzir os conhecimentos atuais em pol\u00edticas p\u00fablicas efetivas, integrais e inclusivas. O problema \u00e9 secular, mas aprender com as falhas do passado e do presente significa avan\u00e7ar.<\/p>\n","protected":false},"excerpt":{"rendered":"<p>Lucia Brum A doen\u00e7a de Chagas afeta aproximadamente 6 milh\u00f5es de pessoas no mundo, sendo que 1,5 milh\u00e3o delas est\u00e3o no Brasil, onde se estima que a doen\u00e7a mate 6 mil pacientes a cada ano. Apesar da eloqu\u00eancia dos n\u00fameros, a enfermidade \u00e9 uma das 17 entre as que s\u00e3o classificadas como negligenciadas pela OMS [&hellip;]<\/p>\n","protected":false},"author":2,"featured_media":112548,"comment_status":"open","ping_status":"closed","sticky":false,"template":"","format":"standard","meta":{"_acf_changed":false,"footnotes":""},"categories":[25],"tags":[],"class_list":["post-112547","post","type-post","status-publish","format-standard","has-post-thumbnail","hentry","category-opina-ai"],"acf":[],"yoast_head":"<!-- This site is optimized with the Yoast SEO plugin v27.5 - https:\/\/yoast.com\/product\/yoast-seo-wordpress\/ -->\n<title>Doen\u00e7a de Chagas \u00e9 problema secular, mas h\u00e1 esperan\u00e7a para pacientes - Notibras<\/title>\n<meta name=\"robots\" content=\"index, follow, max-snippet:-1, max-image-preview:large, max-video-preview:-1\" \/>\n<link rel=\"canonical\" href=\"https:\/\/www.notibras.com\/site\/doenca-de-chagas-e-problema-secular-mas-ha-esperanca-para-pacientes\/\" \/>\n<meta property=\"og:locale\" content=\"pt_BR\" \/>\n<meta property=\"og:type\" content=\"article\" \/>\n<meta property=\"og:title\" content=\"Doen\u00e7a de Chagas \u00e9 problema secular, mas h\u00e1 esperan\u00e7a para pacientes - Notibras\" \/>\n<meta property=\"og:description\" content=\"Lucia Brum A doen\u00e7a de Chagas afeta aproximadamente 6 milh\u00f5es de pessoas no mundo, sendo que 1,5 milh\u00e3o delas est\u00e3o no Brasil, onde se estima que a doen\u00e7a mate 6 mil pacientes a cada ano. Apesar da eloqu\u00eancia dos n\u00fameros, a enfermidade \u00e9 uma das 17 entre as que s\u00e3o classificadas como negligenciadas pela OMS [&hellip;]\" \/>\n<meta property=\"og:url\" content=\"https:\/\/www.notibras.com\/site\/doenca-de-chagas-e-problema-secular-mas-ha-esperanca-para-pacientes\/\" \/>\n<meta property=\"og:site_name\" content=\"Notibras\" \/>\n<meta property=\"article:publisher\" content=\"https:\/\/www.facebook.com\/notibras\/\" \/>\n<meta property=\"article:published_time\" content=\"2016-08-18T07:00:54+00:00\" \/>\n<meta property=\"article:modified_time\" content=\"2016-08-18T10:05:59+00:00\" \/>\n<meta property=\"og:image\" content=\"https:\/\/www.notibras.com\/site\/wp-content\/uploads\/2016\/08\/05574188400.jpg\" \/>\n\t<meta property=\"og:image:width\" content=\"480\" \/>\n\t<meta property=\"og:image:height\" content=\"300\" \/>\n\t<meta property=\"og:image:type\" content=\"image\/jpeg\" \/>\n<meta name=\"author\" content=\"Reda\u00e7\u00e3o\" \/>\n<meta name=\"twitter:card\" content=\"summary_large_image\" \/>\n<meta name=\"twitter:creator\" content=\"@Notibras\" \/>\n<meta name=\"twitter:site\" content=\"@Notibras\" \/>\n<meta name=\"twitter:label1\" content=\"Escrito por\" \/>\n\t<meta name=\"twitter:data1\" content=\"Reda\u00e7\u00e3o\" \/>\n\t<meta name=\"twitter:label2\" content=\"Est. tempo de leitura\" \/>\n\t<meta name=\"twitter:data2\" content=\"4 minutos\" \/>\n<script type=\"application\/ld+json\" class=\"yoast-schema-graph\">{\"@context\":\"https:\\\/\\\/schema.org\",\"@graph\":[{\"@type\":\"Article\",\"@id\":\"https:\\\/\\\/www.notibras.com\\\/site\\\/doenca-de-chagas-e-problema-secular-mas-ha-esperanca-para-pacientes\\\/#article\",\"isPartOf\":{\"@id\":\"https:\\\/\\\/www.notibras.com\\\/site\\\/doenca-de-chagas-e-problema-secular-mas-ha-esperanca-para-pacientes\\\/\"},\"author\":{\"name\":\"Reda\u00e7\u00e3o\",\"@id\":\"https:\\\/\\\/www.notibras.com\\\/site\\\/#\\\/schema\\\/person\\\/36ab0979449956132d3e5b517ea76ac8\"},\"headline\":\"Doen\u00e7a de Chagas \u00e9 problema secular, mas h\u00e1 esperan\u00e7a para pacientes\",\"datePublished\":\"2016-08-18T07:00:54+00:00\",\"dateModified\":\"2016-08-18T10:05:59+00:00\",\"mainEntityOfPage\":{\"@id\":\"https:\\\/\\\/www.notibras.com\\\/site\\\/doenca-de-chagas-e-problema-secular-mas-ha-esperanca-para-pacientes\\\/\"},\"wordCount\":907,\"commentCount\":0,\"publisher\":{\"@id\":\"https:\\\/\\\/www.notibras.com\\\/site\\\/#organization\"},\"image\":{\"@id\":\"https:\\\/\\\/www.notibras.com\\\/site\\\/doenca-de-chagas-e-problema-secular-mas-ha-esperanca-para-pacientes\\\/#primaryimage\"},\"thumbnailUrl\":\"https:\\\/\\\/www.notibras.com\\\/site\\\/wp-content\\\/uploads\\\/2016\\\/08\\\/05574188400.jpg\",\"articleSection\":[\"Opina a\u00ed\"],\"inLanguage\":\"pt-BR\",\"potentialAction\":[{\"@type\":\"CommentAction\",\"name\":\"Comment\",\"target\":[\"https:\\\/\\\/www.notibras.com\\\/site\\\/doenca-de-chagas-e-problema-secular-mas-ha-esperanca-para-pacientes\\\/#respond\"]}]},{\"@type\":\"WebPage\",\"@id\":\"https:\\\/\\\/www.notibras.com\\\/site\\\/doenca-de-chagas-e-problema-secular-mas-ha-esperanca-para-pacientes\\\/\",\"url\":\"https:\\\/\\\/www.notibras.com\\\/site\\\/doenca-de-chagas-e-problema-secular-mas-ha-esperanca-para-pacientes\\\/\",\"name\":\"Doen\u00e7a de Chagas \u00e9 problema secular, mas h\u00e1 esperan\u00e7a para pacientes - Notibras\",\"isPartOf\":{\"@id\":\"https:\\\/\\\/www.notibras.com\\\/site\\\/#website\"},\"primaryImageOfPage\":{\"@id\":\"https:\\\/\\\/www.notibras.com\\\/site\\\/doenca-de-chagas-e-problema-secular-mas-ha-esperanca-para-pacientes\\\/#primaryimage\"},\"image\":{\"@id\":\"https:\\\/\\\/www.notibras.com\\\/site\\\/doenca-de-chagas-e-problema-secular-mas-ha-esperanca-para-pacientes\\\/#primaryimage\"},\"thumbnailUrl\":\"https:\\\/\\\/www.notibras.com\\\/site\\\/wp-content\\\/uploads\\\/2016\\\/08\\\/05574188400.jpg\",\"datePublished\":\"2016-08-18T07:00:54+00:00\",\"dateModified\":\"2016-08-18T10:05:59+00:00\",\"breadcrumb\":{\"@id\":\"https:\\\/\\\/www.notibras.com\\\/site\\\/doenca-de-chagas-e-problema-secular-mas-ha-esperanca-para-pacientes\\\/#breadcrumb\"},\"inLanguage\":\"pt-BR\",\"potentialAction\":[{\"@type\":\"ReadAction\",\"target\":[\"https:\\\/\\\/www.notibras.com\\\/site\\\/doenca-de-chagas-e-problema-secular-mas-ha-esperanca-para-pacientes\\\/\"]}]},{\"@type\":\"ImageObject\",\"inLanguage\":\"pt-BR\",\"@id\":\"https:\\\/\\\/www.notibras.com\\\/site\\\/doenca-de-chagas-e-problema-secular-mas-ha-esperanca-para-pacientes\\\/#primaryimage\",\"url\":\"https:\\\/\\\/www.notibras.com\\\/site\\\/wp-content\\\/uploads\\\/2016\\\/08\\\/05574188400.jpg\",\"contentUrl\":\"https:\\\/\\\/www.notibras.com\\\/site\\\/wp-content\\\/uploads\\\/2016\\\/08\\\/05574188400.jpg\",\"width\":480,\"height\":300},{\"@type\":\"BreadcrumbList\",\"@id\":\"https:\\\/\\\/www.notibras.com\\\/site\\\/doenca-de-chagas-e-problema-secular-mas-ha-esperanca-para-pacientes\\\/#breadcrumb\",\"itemListElement\":[{\"@type\":\"ListItem\",\"position\":1,\"name\":\"In\u00edcio\",\"item\":\"https:\\\/\\\/www.notibras.com\\\/site\\\/\"},{\"@type\":\"ListItem\",\"position\":2,\"name\":\"Doen\u00e7a de Chagas \u00e9 problema secular, mas h\u00e1 esperan\u00e7a para pacientes\"}]},{\"@type\":\"WebSite\",\"@id\":\"https:\\\/\\\/www.notibras.com\\\/site\\\/#website\",\"url\":\"https:\\\/\\\/www.notibras.com\\\/site\\\/\",\"name\":\"Notibras\",\"description\":\"Not\u00edcias de Bras\u00edlia, do Brasil e do Mundo\",\"publisher\":{\"@id\":\"https:\\\/\\\/www.notibras.com\\\/site\\\/#organization\"},\"potentialAction\":[{\"@type\":\"SearchAction\",\"target\":{\"@type\":\"EntryPoint\",\"urlTemplate\":\"https:\\\/\\\/www.notibras.com\\\/site\\\/?s={search_term_string}\"},\"query-input\":{\"@type\":\"PropertyValueSpecification\",\"valueRequired\":true,\"valueName\":\"search_term_string\"}}],\"inLanguage\":\"pt-BR\"},{\"@type\":\"Organization\",\"@id\":\"https:\\\/\\\/www.notibras.com\\\/site\\\/#organization\",\"name\":\"Grupo Notibras de Comunica\u00e7\u00e3o\",\"url\":\"https:\\\/\\\/www.notibras.com\\\/site\\\/\",\"logo\":{\"@type\":\"ImageObject\",\"inLanguage\":\"pt-BR\",\"@id\":\"https:\\\/\\\/www.notibras.com\\\/site\\\/#\\\/schema\\\/logo\\\/image\\\/\",\"url\":\"https:\\\/\\\/www.notibras.com\\\/site\\\/wp-content\\\/uploads\\\/2023\\\/01\\\/notibras23.png\",\"contentUrl\":\"https:\\\/\\\/www.notibras.com\\\/site\\\/wp-content\\\/uploads\\\/2023\\\/01\\\/notibras23.png\",\"width\":350,\"height\":87,\"caption\":\"Grupo Notibras de Comunica\u00e7\u00e3o\"},\"image\":{\"@id\":\"https:\\\/\\\/www.notibras.com\\\/site\\\/#\\\/schema\\\/logo\\\/image\\\/\"},\"sameAs\":[\"https:\\\/\\\/www.facebook.com\\\/notibras\\\/\",\"https:\\\/\\\/x.com\\\/Notibras\",\"https:\\\/\\\/www.instagram.com\\\/notibras\\\/\"]},{\"@type\":\"Person\",\"@id\":\"https:\\\/\\\/www.notibras.com\\\/site\\\/#\\\/schema\\\/person\\\/36ab0979449956132d3e5b517ea76ac8\",\"name\":\"Reda\u00e7\u00e3o\",\"image\":{\"@type\":\"ImageObject\",\"inLanguage\":\"pt-BR\",\"@id\":\"https:\\\/\\\/secure.gravatar.com\\\/avatar\\\/e0a867bdedb85fd243eadf09663511f96fc81e0720a4a42581f334ad4303aa6b?s=96&d=mm&r=g\",\"url\":\"https:\\\/\\\/secure.gravatar.com\\\/avatar\\\/e0a867bdedb85fd243eadf09663511f96fc81e0720a4a42581f334ad4303aa6b?s=96&d=mm&r=g\",\"contentUrl\":\"https:\\\/\\\/secure.gravatar.com\\\/avatar\\\/e0a867bdedb85fd243eadf09663511f96fc81e0720a4a42581f334ad4303aa6b?s=96&d=mm&r=g\",\"caption\":\"Reda\u00e7\u00e3o\"}}]}<\/script>\n<!-- \/ Yoast SEO plugin. -->","yoast_head_json":{"title":"Doen\u00e7a de Chagas \u00e9 problema secular, mas h\u00e1 esperan\u00e7a para pacientes - Notibras","robots":{"index":"index","follow":"follow","max-snippet":"max-snippet:-1","max-image-preview":"max-image-preview:large","max-video-preview":"max-video-preview:-1"},"canonical":"https:\/\/www.notibras.com\/site\/doenca-de-chagas-e-problema-secular-mas-ha-esperanca-para-pacientes\/","og_locale":"pt_BR","og_type":"article","og_title":"Doen\u00e7a de Chagas \u00e9 problema secular, mas h\u00e1 esperan\u00e7a para pacientes - Notibras","og_description":"Lucia Brum A doen\u00e7a de Chagas afeta aproximadamente 6 milh\u00f5es de pessoas no mundo, sendo que 1,5 milh\u00e3o delas est\u00e3o no Brasil, onde se estima que a doen\u00e7a mate 6 mil pacientes a cada ano. Apesar da eloqu\u00eancia dos n\u00fameros, a enfermidade \u00e9 uma das 17 entre as que s\u00e3o classificadas como negligenciadas pela OMS [&hellip;]","og_url":"https:\/\/www.notibras.com\/site\/doenca-de-chagas-e-problema-secular-mas-ha-esperanca-para-pacientes\/","og_site_name":"Notibras","article_publisher":"https:\/\/www.facebook.com\/notibras\/","article_published_time":"2016-08-18T07:00:54+00:00","article_modified_time":"2016-08-18T10:05:59+00:00","og_image":[{"width":480,"height":300,"url":"https:\/\/www.notibras.com\/site\/wp-content\/uploads\/2016\/08\/05574188400.jpg","type":"image\/jpeg"}],"author":"Reda\u00e7\u00e3o","twitter_card":"summary_large_image","twitter_creator":"@Notibras","twitter_site":"@Notibras","twitter_misc":{"Escrito por":"Reda\u00e7\u00e3o","Est. tempo de leitura":"4 minutos"},"schema":{"@context":"https:\/\/schema.org","@graph":[{"@type":"Article","@id":"https:\/\/www.notibras.com\/site\/doenca-de-chagas-e-problema-secular-mas-ha-esperanca-para-pacientes\/#article","isPartOf":{"@id":"https:\/\/www.notibras.com\/site\/doenca-de-chagas-e-problema-secular-mas-ha-esperanca-para-pacientes\/"},"author":{"name":"Reda\u00e7\u00e3o","@id":"https:\/\/www.notibras.com\/site\/#\/schema\/person\/36ab0979449956132d3e5b517ea76ac8"},"headline":"Doen\u00e7a de Chagas \u00e9 problema secular, mas h\u00e1 esperan\u00e7a para pacientes","datePublished":"2016-08-18T07:00:54+00:00","dateModified":"2016-08-18T10:05:59+00:00","mainEntityOfPage":{"@id":"https:\/\/www.notibras.com\/site\/doenca-de-chagas-e-problema-secular-mas-ha-esperanca-para-pacientes\/"},"wordCount":907,"commentCount":0,"publisher":{"@id":"https:\/\/www.notibras.com\/site\/#organization"},"image":{"@id":"https:\/\/www.notibras.com\/site\/doenca-de-chagas-e-problema-secular-mas-ha-esperanca-para-pacientes\/#primaryimage"},"thumbnailUrl":"https:\/\/www.notibras.com\/site\/wp-content\/uploads\/2016\/08\/05574188400.jpg","articleSection":["Opina a\u00ed"],"inLanguage":"pt-BR","potentialAction":[{"@type":"CommentAction","name":"Comment","target":["https:\/\/www.notibras.com\/site\/doenca-de-chagas-e-problema-secular-mas-ha-esperanca-para-pacientes\/#respond"]}]},{"@type":"WebPage","@id":"https:\/\/www.notibras.com\/site\/doenca-de-chagas-e-problema-secular-mas-ha-esperanca-para-pacientes\/","url":"https:\/\/www.notibras.com\/site\/doenca-de-chagas-e-problema-secular-mas-ha-esperanca-para-pacientes\/","name":"Doen\u00e7a de Chagas \u00e9 problema secular, mas h\u00e1 esperan\u00e7a para pacientes - Notibras","isPartOf":{"@id":"https:\/\/www.notibras.com\/site\/#website"},"primaryImageOfPage":{"@id":"https:\/\/www.notibras.com\/site\/doenca-de-chagas-e-problema-secular-mas-ha-esperanca-para-pacientes\/#primaryimage"},"image":{"@id":"https:\/\/www.notibras.com\/site\/doenca-de-chagas-e-problema-secular-mas-ha-esperanca-para-pacientes\/#primaryimage"},"thumbnailUrl":"https:\/\/www.notibras.com\/site\/wp-content\/uploads\/2016\/08\/05574188400.jpg","datePublished":"2016-08-18T07:00:54+00:00","dateModified":"2016-08-18T10:05:59+00:00","breadcrumb":{"@id":"https:\/\/www.notibras.com\/site\/doenca-de-chagas-e-problema-secular-mas-ha-esperanca-para-pacientes\/#breadcrumb"},"inLanguage":"pt-BR","potentialAction":[{"@type":"ReadAction","target":["https:\/\/www.notibras.com\/site\/doenca-de-chagas-e-problema-secular-mas-ha-esperanca-para-pacientes\/"]}]},{"@type":"ImageObject","inLanguage":"pt-BR","@id":"https:\/\/www.notibras.com\/site\/doenca-de-chagas-e-problema-secular-mas-ha-esperanca-para-pacientes\/#primaryimage","url":"https:\/\/www.notibras.com\/site\/wp-content\/uploads\/2016\/08\/05574188400.jpg","contentUrl":"https:\/\/www.notibras.com\/site\/wp-content\/uploads\/2016\/08\/05574188400.jpg","width":480,"height":300},{"@type":"BreadcrumbList","@id":"https:\/\/www.notibras.com\/site\/doenca-de-chagas-e-problema-secular-mas-ha-esperanca-para-pacientes\/#breadcrumb","itemListElement":[{"@type":"ListItem","position":1,"name":"In\u00edcio","item":"https:\/\/www.notibras.com\/site\/"},{"@type":"ListItem","position":2,"name":"Doen\u00e7a de Chagas \u00e9 problema secular, mas h\u00e1 esperan\u00e7a para pacientes"}]},{"@type":"WebSite","@id":"https:\/\/www.notibras.com\/site\/#website","url":"https:\/\/www.notibras.com\/site\/","name":"Notibras","description":"Not\u00edcias de Bras\u00edlia, do Brasil e do Mundo","publisher":{"@id":"https:\/\/www.notibras.com\/site\/#organization"},"potentialAction":[{"@type":"SearchAction","target":{"@type":"EntryPoint","urlTemplate":"https:\/\/www.notibras.com\/site\/?s={search_term_string}"},"query-input":{"@type":"PropertyValueSpecification","valueRequired":true,"valueName":"search_term_string"}}],"inLanguage":"pt-BR"},{"@type":"Organization","@id":"https:\/\/www.notibras.com\/site\/#organization","name":"Grupo Notibras de Comunica\u00e7\u00e3o","url":"https:\/\/www.notibras.com\/site\/","logo":{"@type":"ImageObject","inLanguage":"pt-BR","@id":"https:\/\/www.notibras.com\/site\/#\/schema\/logo\/image\/","url":"https:\/\/www.notibras.com\/site\/wp-content\/uploads\/2023\/01\/notibras23.png","contentUrl":"https:\/\/www.notibras.com\/site\/wp-content\/uploads\/2023\/01\/notibras23.png","width":350,"height":87,"caption":"Grupo Notibras de Comunica\u00e7\u00e3o"},"image":{"@id":"https:\/\/www.notibras.com\/site\/#\/schema\/logo\/image\/"},"sameAs":["https:\/\/www.facebook.com\/notibras\/","https:\/\/x.com\/Notibras","https:\/\/www.instagram.com\/notibras\/"]},{"@type":"Person","@id":"https:\/\/www.notibras.com\/site\/#\/schema\/person\/36ab0979449956132d3e5b517ea76ac8","name":"Reda\u00e7\u00e3o","image":{"@type":"ImageObject","inLanguage":"pt-BR","@id":"https:\/\/secure.gravatar.com\/avatar\/e0a867bdedb85fd243eadf09663511f96fc81e0720a4a42581f334ad4303aa6b?s=96&d=mm&r=g","url":"https:\/\/secure.gravatar.com\/avatar\/e0a867bdedb85fd243eadf09663511f96fc81e0720a4a42581f334ad4303aa6b?s=96&d=mm&r=g","contentUrl":"https:\/\/secure.gravatar.com\/avatar\/e0a867bdedb85fd243eadf09663511f96fc81e0720a4a42581f334ad4303aa6b?s=96&d=mm&r=g","caption":"Reda\u00e7\u00e3o"}}]}},"amp_enabled":true,"_links":{"self":[{"href":"https:\/\/www.notibras.com\/site\/wp-json\/wp\/v2\/posts\/112547","targetHints":{"allow":["GET"]}}],"collection":[{"href":"https:\/\/www.notibras.com\/site\/wp-json\/wp\/v2\/posts"}],"about":[{"href":"https:\/\/www.notibras.com\/site\/wp-json\/wp\/v2\/types\/post"}],"author":[{"embeddable":true,"href":"https:\/\/www.notibras.com\/site\/wp-json\/wp\/v2\/users\/2"}],"replies":[{"embeddable":true,"href":"https:\/\/www.notibras.com\/site\/wp-json\/wp\/v2\/comments?post=112547"}],"version-history":[{"count":1,"href":"https:\/\/www.notibras.com\/site\/wp-json\/wp\/v2\/posts\/112547\/revisions"}],"predecessor-version":[{"id":112549,"href":"https:\/\/www.notibras.com\/site\/wp-json\/wp\/v2\/posts\/112547\/revisions\/112549"}],"wp:featuredmedia":[{"embeddable":true,"href":"https:\/\/www.notibras.com\/site\/wp-json\/wp\/v2\/media\/112548"}],"wp:attachment":[{"href":"https:\/\/www.notibras.com\/site\/wp-json\/wp\/v2\/media?parent=112547"}],"wp:term":[{"taxonomy":"category","embeddable":true,"href":"https:\/\/www.notibras.com\/site\/wp-json\/wp\/v2\/categories?post=112547"},{"taxonomy":"post_tag","embeddable":true,"href":"https:\/\/www.notibras.com\/site\/wp-json\/wp\/v2\/tags?post=112547"}],"curies":[{"name":"wp","href":"https:\/\/api.w.org\/{rel}","templated":true}]}}