{"id":11256,"date":"2014-05-27T23:47:12","date_gmt":"2014-05-28T02:47:12","guid":{"rendered":"http:\/\/www.notibras.com\/site\/?p=11256"},"modified":"2014-05-27T23:47:12","modified_gmt":"2014-05-28T02:47:12","slug":"ponte-esquenta-clima-em-curitiba-e-bate-parana-de-virada","status":"publish","type":"post","link":"https:\/\/www.notibras.com\/site\/ponte-esquenta-clima-em-curitiba-e-bate-parana-de-virada\/","title":{"rendered":"Ponte esquenta clima em Curitiba e bate Paran\u00e1 de virada"},"content":{"rendered":"<p>Em uma noite gelada na capital paranaense, o Paran\u00e1 Clube voltou a decepcionar o torcedor na Vila Capanema e tomou a virada diante da Ponte Preta, por 2 a 1, perdendo a chance de reagir na S\u00e9rie B do Campeonato Brasileiro e voltando a se preocupar com a parte de baixo da classifica\u00e7\u00e3o. J\u00e1 a equipe campineira reencontrou seu caminho e com 13 pontos voltou a encostar nos l\u00edderes.<\/p>\n<p class=\"text\">Gols somente depois do intervalo. A equipe paranista abriu o placar aos 5min do segundo tempo, com Carlinhos Miranda, aproveitando rebote. O empate veio com o artilheiro Edno, aos 23min, desviando cruzamento de cabe\u00e7a. Aos 35min, foi a vez de C\u00e9sar, usando a mesma arma, tocar para as redes e decretar a virada.<\/p>\n<p class=\"text\">Na pr\u00f3xima rodada, o Paran\u00e1 Clube vai a It\u00e1polis, onde na sexta-feira encarar o Oeste, no Est\u00e1dio dos Amaros. No s\u00e1bado, a Ponte Preta entra em campo para enfrentar o Boa Esporte, no Est\u00e1dio Mois\u00e9s Lucarelli, em Campinas.<\/p>\n<p class=\"text\">Com mais iniciativa nos minutos iniciais, a Ponte tinha maior posse de bola e tentava criar os primeiros ataques. Aos tr\u00eas minutos, Bryan fez o cruzamento e a defesa paranista tirou o perigo. A equipe campineira marcava firme, dificultando o Tricolor, que aos poucos entrava no jogo. Aos 12 minutos, Gustavo subiu para testar firme, mas a defesa paulista afastou.<\/p>\n<p class=\"text\">O primeiro grande lance de emo\u00e7\u00e3o da partida aconteceu apenas aos 21 minutos, Juliano Mineiro, que aproveitou jogada de Giancarlo para dominar, abrir espa\u00e7o e fuzilar na trave direita de Roberto. Aos 29 minutos, foi a vez de Elton fazer o giro na \u00e1rea e arrematar para boa defesa de Marcos. As equipes erravam demais, especialmente o fundamento b\u00e1sico do passe.<\/p>\n<p class=\"text\">O Paran\u00e1 tinha mais a\u00e7\u00e3o, mas n\u00e3o era suficiente para assustar. Aos 39 minutos, a equipe paulista\u00a0chegou ao ataque, com Edson, que pegou rebote ap\u00f3s defesa de Marcos em batida de Alexandro, mas chutou errado. O goleiro paranista voltou a aparecer. Aos 40 minutos, quando Anderson Rosa desviou contra o pr\u00f3prio patrim\u00f4nio.<\/p>\n<p class=\"text\">Para a etapa final, o Paran\u00e1 voltou com Marcos Serrato no lugar de Henrique Santos, lesionado. Com a bola rolando, o clube precisou de cinco minutos para balan\u00e7ar as redes, com Carlinhos Miranda, que pegou sobra de bola e s\u00f3 teve o trabalho de empurra para o fundo das redes. Aos oito minutos, Edno chegou a marcar gol, mas o \u00e1rbitro anotou o impedimento.<\/p>\n<p class=\"text\">A Ponte acordou e cresceu de produ\u00e7\u00e3o. Aos 19 minutos, Adrianinho cobrou falta e Marcos fez boa interven\u00e7\u00e3o. Mas, aos 23 minutos, Edno, o artilheiro da S\u00e9rie B, subiu para desviar de cabe\u00e7a e deixar tudo igual no placar. O t\u00e9cnico Dado Cavalcanti colocou ent\u00e3o o Paran\u00e1\u00a0para a frente com a entrada de Gabriel Barcos. Mas o tiro saiu pela culatra. Aos 35 minutos, Adrianinho cobrou falta e C\u00e9sar subiu para decretar a virada. Irritado coma origem do lance, o treinador paranista foi expulso.<\/p>\n","protected":false},"excerpt":{"rendered":"<p>Em uma noite gelada na capital paranaense, o Paran\u00e1 Clube voltou a decepcionar o torcedor na Vila Capanema e tomou a virada diante da Ponte Preta, por 2 a 1, perdendo a chance de reagir na S\u00e9rie B do Campeonato Brasileiro e voltando a se preocupar com a parte de baixo da classifica\u00e7\u00e3o. J\u00e1 a [&hellip;]<\/p>\n","protected":false},"author":2,"featured_media":11257,"comment_status":"open","ping_status":"closed","sticky":false,"template":"","format":"standard","meta":{"_acf_changed":false,"footnotes":""},"categories":[19,29],"tags":[],"class_list":["post-11256","post","type-post","status-publish","format-standard","has-post-thumbnail","hentry","category-esportes","category-futebol"],"acf":[],"yoast_head":"<!-- This site is optimized with the Yoast SEO plugin v27.2 - https:\/\/yoast.com\/product\/yoast-seo-wordpress\/ -->\n<title>Ponte esquenta clima em Curitiba e bate Paran\u00e1 de virada - Notibras<\/title>\n<meta name=\"robots\" content=\"index, follow, max-snippet:-1, max-image-preview:large, max-video-preview:-1\" \/>\n<link rel=\"canonical\" href=\"https:\/\/www.notibras.com\/site\/ponte-esquenta-clima-em-curitiba-e-bate-parana-de-virada\/\" \/>\n<meta property=\"og:locale\" content=\"pt_BR\" \/>\n<meta property=\"og:type\" content=\"article\" \/>\n<meta property=\"og:title\" content=\"Ponte esquenta clima em Curitiba e bate Paran\u00e1 de virada - Notibras\" \/>\n<meta property=\"og:description\" content=\"Em uma noite gelada na capital paranaense, o Paran\u00e1 Clube voltou a decepcionar o torcedor na Vila Capanema e tomou a virada diante da Ponte Preta, por 2 a 1, perdendo a chance de reagir na S\u00e9rie B do Campeonato Brasileiro e voltando a se preocupar com a parte de baixo da classifica\u00e7\u00e3o. J\u00e1 a [&hellip;]\" \/>\n<meta property=\"og:url\" content=\"https:\/\/www.notibras.com\/site\/ponte-esquenta-clima-em-curitiba-e-bate-parana-de-virada\/\" \/>\n<meta property=\"og:site_name\" content=\"Notibras\" \/>\n<meta property=\"article:publisher\" content=\"https:\/\/www.facebook.com\/notibras\/\" \/>\n<meta property=\"article:published_time\" content=\"2014-05-28T02:47:12+00:00\" \/>\n<meta property=\"og:image\" content=\"https:\/\/www.notibras.com\/site\/wp-content\/uploads\/2014\/05\/esp8.jpg\" \/>\n\t<meta property=\"og:image:width\" content=\"460\" \/>\n\t<meta property=\"og:image:height\" content=\"340\" \/>\n\t<meta property=\"og:image:type\" content=\"image\/jpeg\" \/>\n<meta name=\"author\" content=\"Reda\u00e7\u00e3o\" \/>\n<meta name=\"twitter:card\" content=\"summary_large_image\" \/>\n<meta name=\"twitter:creator\" content=\"@Notibras\" \/>\n<meta name=\"twitter:site\" content=\"@Notibras\" \/>\n<meta name=\"twitter:label1\" content=\"Escrito por\" \/>\n\t<meta name=\"twitter:data1\" content=\"Reda\u00e7\u00e3o\" \/>\n\t<meta name=\"twitter:label2\" content=\"Est. tempo de leitura\" \/>\n\t<meta name=\"twitter:data2\" content=\"3 minutos\" \/>\n<script type=\"application\/ld+json\" class=\"yoast-schema-graph\">{\"@context\":\"https:\/\/schema.org\",\"@graph\":[{\"@type\":\"Article\",\"@id\":\"https:\/\/www.notibras.com\/site\/ponte-esquenta-clima-em-curitiba-e-bate-parana-de-virada\/#article\",\"isPartOf\":{\"@id\":\"https:\/\/www.notibras.com\/site\/ponte-esquenta-clima-em-curitiba-e-bate-parana-de-virada\/\"},\"author\":{\"name\":\"Reda\u00e7\u00e3o\",\"@id\":\"https:\/\/www.notibras.com\/site\/#\/schema\/person\/36ab0979449956132d3e5b517ea76ac8\"},\"headline\":\"Ponte esquenta clima em Curitiba e bate Paran\u00e1 de virada\",\"datePublished\":\"2014-05-28T02:47:12+00:00\",\"mainEntityOfPage\":{\"@id\":\"https:\/\/www.notibras.com\/site\/ponte-esquenta-clima-em-curitiba-e-bate-parana-de-virada\/\"},\"wordCount\":510,\"commentCount\":0,\"publisher\":{\"@id\":\"https:\/\/www.notibras.com\/site\/#organization\"},\"image\":{\"@id\":\"https:\/\/www.notibras.com\/site\/ponte-esquenta-clima-em-curitiba-e-bate-parana-de-virada\/#primaryimage\"},\"thumbnailUrl\":\"https:\/\/www.notibras.com\/site\/wp-content\/uploads\/2014\/05\/esp8.jpg\",\"articleSection\":[\"Esportes\",\"Futebol\"],\"inLanguage\":\"pt-BR\",\"potentialAction\":[{\"@type\":\"CommentAction\",\"name\":\"Comment\",\"target\":[\"https:\/\/www.notibras.com\/site\/ponte-esquenta-clima-em-curitiba-e-bate-parana-de-virada\/#respond\"]}]},{\"@type\":\"WebPage\",\"@id\":\"https:\/\/www.notibras.com\/site\/ponte-esquenta-clima-em-curitiba-e-bate-parana-de-virada\/\",\"url\":\"https:\/\/www.notibras.com\/site\/ponte-esquenta-clima-em-curitiba-e-bate-parana-de-virada\/\",\"name\":\"Ponte esquenta clima em Curitiba e bate Paran\u00e1 de virada - Notibras\",\"isPartOf\":{\"@id\":\"https:\/\/www.notibras.com\/site\/#website\"},\"primaryImageOfPage\":{\"@id\":\"https:\/\/www.notibras.com\/site\/ponte-esquenta-clima-em-curitiba-e-bate-parana-de-virada\/#primaryimage\"},\"image\":{\"@id\":\"https:\/\/www.notibras.com\/site\/ponte-esquenta-clima-em-curitiba-e-bate-parana-de-virada\/#primaryimage\"},\"thumbnailUrl\":\"https:\/\/www.notibras.com\/site\/wp-content\/uploads\/2014\/05\/esp8.jpg\",\"datePublished\":\"2014-05-28T02:47:12+00:00\",\"breadcrumb\":{\"@id\":\"https:\/\/www.notibras.com\/site\/ponte-esquenta-clima-em-curitiba-e-bate-parana-de-virada\/#breadcrumb\"},\"inLanguage\":\"pt-BR\",\"potentialAction\":[{\"@type\":\"ReadAction\",\"target\":[\"https:\/\/www.notibras.com\/site\/ponte-esquenta-clima-em-curitiba-e-bate-parana-de-virada\/\"]}]},{\"@type\":\"ImageObject\",\"inLanguage\":\"pt-BR\",\"@id\":\"https:\/\/www.notibras.com\/site\/ponte-esquenta-clima-em-curitiba-e-bate-parana-de-virada\/#primaryimage\",\"url\":\"https:\/\/www.notibras.com\/site\/wp-content\/uploads\/2014\/05\/esp8.jpg\",\"contentUrl\":\"https:\/\/www.notibras.com\/site\/wp-content\/uploads\/2014\/05\/esp8.jpg\",\"width\":460,\"height\":340},{\"@type\":\"BreadcrumbList\",\"@id\":\"https:\/\/www.notibras.com\/site\/ponte-esquenta-clima-em-curitiba-e-bate-parana-de-virada\/#breadcrumb\",\"itemListElement\":[{\"@type\":\"ListItem\",\"position\":1,\"name\":\"In\u00edcio\",\"item\":\"https:\/\/www.notibras.com\/site\/\"},{\"@type\":\"ListItem\",\"position\":2,\"name\":\"Ponte esquenta clima em Curitiba e bate Paran\u00e1 de virada\"}]},{\"@type\":\"WebSite\",\"@id\":\"https:\/\/www.notibras.com\/site\/#website\",\"url\":\"https:\/\/www.notibras.com\/site\/\",\"name\":\"Notibras\",\"description\":\"Not\u00edcias de Bras\u00edlia, do Brasil e do Mundo\",\"publisher\":{\"@id\":\"https:\/\/www.notibras.com\/site\/#organization\"},\"potentialAction\":[{\"@type\":\"SearchAction\",\"target\":{\"@type\":\"EntryPoint\",\"urlTemplate\":\"https:\/\/www.notibras.com\/site\/?s={search_term_string}\"},\"query-input\":{\"@type\":\"PropertyValueSpecification\",\"valueRequired\":true,\"valueName\":\"search_term_string\"}}],\"inLanguage\":\"pt-BR\"},{\"@type\":\"Organization\",\"@id\":\"https:\/\/www.notibras.com\/site\/#organization\",\"name\":\"Grupo Notibras de Comunica\u00e7\u00e3o\",\"url\":\"https:\/\/www.notibras.com\/site\/\",\"logo\":{\"@type\":\"ImageObject\",\"inLanguage\":\"pt-BR\",\"@id\":\"https:\/\/www.notibras.com\/site\/#\/schema\/logo\/image\/\",\"url\":\"https:\/\/www.notibras.com\/site\/wp-content\/uploads\/2023\/01\/notibras23.png\",\"contentUrl\":\"https:\/\/www.notibras.com\/site\/wp-content\/uploads\/2023\/01\/notibras23.png\",\"width\":350,\"height\":87,\"caption\":\"Grupo Notibras de Comunica\u00e7\u00e3o\"},\"image\":{\"@id\":\"https:\/\/www.notibras.com\/site\/#\/schema\/logo\/image\/\"},\"sameAs\":[\"https:\/\/www.facebook.com\/notibras\/\",\"https:\/\/x.com\/Notibras\",\"https:\/\/www.instagram.com\/notibras\/\"]},{\"@type\":\"Person\",\"@id\":\"https:\/\/www.notibras.com\/site\/#\/schema\/person\/36ab0979449956132d3e5b517ea76ac8\",\"name\":\"Reda\u00e7\u00e3o\",\"image\":{\"@type\":\"ImageObject\",\"inLanguage\":\"pt-BR\",\"@id\":\"https:\/\/secure.gravatar.com\/avatar\/e0a867bdedb85fd243eadf09663511f96fc81e0720a4a42581f334ad4303aa6b?s=96&d=mm&r=g\",\"url\":\"https:\/\/secure.gravatar.com\/avatar\/e0a867bdedb85fd243eadf09663511f96fc81e0720a4a42581f334ad4303aa6b?s=96&d=mm&r=g\",\"contentUrl\":\"https:\/\/secure.gravatar.com\/avatar\/e0a867bdedb85fd243eadf09663511f96fc81e0720a4a42581f334ad4303aa6b?s=96&d=mm&r=g\",\"caption\":\"Reda\u00e7\u00e3o\"}}]}<\/script>\n<!-- \/ Yoast SEO plugin. -->","yoast_head_json":{"title":"Ponte esquenta clima em Curitiba e bate Paran\u00e1 de virada - Notibras","robots":{"index":"index","follow":"follow","max-snippet":"max-snippet:-1","max-image-preview":"max-image-preview:large","max-video-preview":"max-video-preview:-1"},"canonical":"https:\/\/www.notibras.com\/site\/ponte-esquenta-clima-em-curitiba-e-bate-parana-de-virada\/","og_locale":"pt_BR","og_type":"article","og_title":"Ponte esquenta clima em Curitiba e bate Paran\u00e1 de virada - Notibras","og_description":"Em uma noite gelada na capital paranaense, o Paran\u00e1 Clube voltou a decepcionar o torcedor na Vila Capanema e tomou a virada diante da Ponte Preta, por 2 a 1, perdendo a chance de reagir na S\u00e9rie B do Campeonato Brasileiro e voltando a se preocupar com a parte de baixo da classifica\u00e7\u00e3o. J\u00e1 a [&hellip;]","og_url":"https:\/\/www.notibras.com\/site\/ponte-esquenta-clima-em-curitiba-e-bate-parana-de-virada\/","og_site_name":"Notibras","article_publisher":"https:\/\/www.facebook.com\/notibras\/","article_published_time":"2014-05-28T02:47:12+00:00","og_image":[{"width":460,"height":340,"url":"https:\/\/www.notibras.com\/site\/wp-content\/uploads\/2014\/05\/esp8.jpg","type":"image\/jpeg"}],"author":"Reda\u00e7\u00e3o","twitter_card":"summary_large_image","twitter_creator":"@Notibras","twitter_site":"@Notibras","twitter_misc":{"Escrito por":"Reda\u00e7\u00e3o","Est. tempo de leitura":"3 minutos"},"schema":{"@context":"https:\/\/schema.org","@graph":[{"@type":"Article","@id":"https:\/\/www.notibras.com\/site\/ponte-esquenta-clima-em-curitiba-e-bate-parana-de-virada\/#article","isPartOf":{"@id":"https:\/\/www.notibras.com\/site\/ponte-esquenta-clima-em-curitiba-e-bate-parana-de-virada\/"},"author":{"name":"Reda\u00e7\u00e3o","@id":"https:\/\/www.notibras.com\/site\/#\/schema\/person\/36ab0979449956132d3e5b517ea76ac8"},"headline":"Ponte esquenta clima em Curitiba e bate Paran\u00e1 de virada","datePublished":"2014-05-28T02:47:12+00:00","mainEntityOfPage":{"@id":"https:\/\/www.notibras.com\/site\/ponte-esquenta-clima-em-curitiba-e-bate-parana-de-virada\/"},"wordCount":510,"commentCount":0,"publisher":{"@id":"https:\/\/www.notibras.com\/site\/#organization"},"image":{"@id":"https:\/\/www.notibras.com\/site\/ponte-esquenta-clima-em-curitiba-e-bate-parana-de-virada\/#primaryimage"},"thumbnailUrl":"https:\/\/www.notibras.com\/site\/wp-content\/uploads\/2014\/05\/esp8.jpg","articleSection":["Esportes","Futebol"],"inLanguage":"pt-BR","potentialAction":[{"@type":"CommentAction","name":"Comment","target":["https:\/\/www.notibras.com\/site\/ponte-esquenta-clima-em-curitiba-e-bate-parana-de-virada\/#respond"]}]},{"@type":"WebPage","@id":"https:\/\/www.notibras.com\/site\/ponte-esquenta-clima-em-curitiba-e-bate-parana-de-virada\/","url":"https:\/\/www.notibras.com\/site\/ponte-esquenta-clima-em-curitiba-e-bate-parana-de-virada\/","name":"Ponte esquenta clima em Curitiba e bate Paran\u00e1 de virada - Notibras","isPartOf":{"@id":"https:\/\/www.notibras.com\/site\/#website"},"primaryImageOfPage":{"@id":"https:\/\/www.notibras.com\/site\/ponte-esquenta-clima-em-curitiba-e-bate-parana-de-virada\/#primaryimage"},"image":{"@id":"https:\/\/www.notibras.com\/site\/ponte-esquenta-clima-em-curitiba-e-bate-parana-de-virada\/#primaryimage"},"thumbnailUrl":"https:\/\/www.notibras.com\/site\/wp-content\/uploads\/2014\/05\/esp8.jpg","datePublished":"2014-05-28T02:47:12+00:00","breadcrumb":{"@id":"https:\/\/www.notibras.com\/site\/ponte-esquenta-clima-em-curitiba-e-bate-parana-de-virada\/#breadcrumb"},"inLanguage":"pt-BR","potentialAction":[{"@type":"ReadAction","target":["https:\/\/www.notibras.com\/site\/ponte-esquenta-clima-em-curitiba-e-bate-parana-de-virada\/"]}]},{"@type":"ImageObject","inLanguage":"pt-BR","@id":"https:\/\/www.notibras.com\/site\/ponte-esquenta-clima-em-curitiba-e-bate-parana-de-virada\/#primaryimage","url":"https:\/\/www.notibras.com\/site\/wp-content\/uploads\/2014\/05\/esp8.jpg","contentUrl":"https:\/\/www.notibras.com\/site\/wp-content\/uploads\/2014\/05\/esp8.jpg","width":460,"height":340},{"@type":"BreadcrumbList","@id":"https:\/\/www.notibras.com\/site\/ponte-esquenta-clima-em-curitiba-e-bate-parana-de-virada\/#breadcrumb","itemListElement":[{"@type":"ListItem","position":1,"name":"In\u00edcio","item":"https:\/\/www.notibras.com\/site\/"},{"@type":"ListItem","position":2,"name":"Ponte esquenta clima em Curitiba e bate Paran\u00e1 de virada"}]},{"@type":"WebSite","@id":"https:\/\/www.notibras.com\/site\/#website","url":"https:\/\/www.notibras.com\/site\/","name":"Notibras","description":"Not\u00edcias de Bras\u00edlia, do Brasil e do Mundo","publisher":{"@id":"https:\/\/www.notibras.com\/site\/#organization"},"potentialAction":[{"@type":"SearchAction","target":{"@type":"EntryPoint","urlTemplate":"https:\/\/www.notibras.com\/site\/?s={search_term_string}"},"query-input":{"@type":"PropertyValueSpecification","valueRequired":true,"valueName":"search_term_string"}}],"inLanguage":"pt-BR"},{"@type":"Organization","@id":"https:\/\/www.notibras.com\/site\/#organization","name":"Grupo Notibras de Comunica\u00e7\u00e3o","url":"https:\/\/www.notibras.com\/site\/","logo":{"@type":"ImageObject","inLanguage":"pt-BR","@id":"https:\/\/www.notibras.com\/site\/#\/schema\/logo\/image\/","url":"https:\/\/www.notibras.com\/site\/wp-content\/uploads\/2023\/01\/notibras23.png","contentUrl":"https:\/\/www.notibras.com\/site\/wp-content\/uploads\/2023\/01\/notibras23.png","width":350,"height":87,"caption":"Grupo Notibras de Comunica\u00e7\u00e3o"},"image":{"@id":"https:\/\/www.notibras.com\/site\/#\/schema\/logo\/image\/"},"sameAs":["https:\/\/www.facebook.com\/notibras\/","https:\/\/x.com\/Notibras","https:\/\/www.instagram.com\/notibras\/"]},{"@type":"Person","@id":"https:\/\/www.notibras.com\/site\/#\/schema\/person\/36ab0979449956132d3e5b517ea76ac8","name":"Reda\u00e7\u00e3o","image":{"@type":"ImageObject","inLanguage":"pt-BR","@id":"https:\/\/secure.gravatar.com\/avatar\/e0a867bdedb85fd243eadf09663511f96fc81e0720a4a42581f334ad4303aa6b?s=96&d=mm&r=g","url":"https:\/\/secure.gravatar.com\/avatar\/e0a867bdedb85fd243eadf09663511f96fc81e0720a4a42581f334ad4303aa6b?s=96&d=mm&r=g","contentUrl":"https:\/\/secure.gravatar.com\/avatar\/e0a867bdedb85fd243eadf09663511f96fc81e0720a4a42581f334ad4303aa6b?s=96&d=mm&r=g","caption":"Reda\u00e7\u00e3o"}}]}},"amp_enabled":true,"_links":{"self":[{"href":"https:\/\/www.notibras.com\/site\/wp-json\/wp\/v2\/posts\/11256","targetHints":{"allow":["GET"]}}],"collection":[{"href":"https:\/\/www.notibras.com\/site\/wp-json\/wp\/v2\/posts"}],"about":[{"href":"https:\/\/www.notibras.com\/site\/wp-json\/wp\/v2\/types\/post"}],"author":[{"embeddable":true,"href":"https:\/\/www.notibras.com\/site\/wp-json\/wp\/v2\/users\/2"}],"replies":[{"embeddable":true,"href":"https:\/\/www.notibras.com\/site\/wp-json\/wp\/v2\/comments?post=11256"}],"version-history":[{"count":0,"href":"https:\/\/www.notibras.com\/site\/wp-json\/wp\/v2\/posts\/11256\/revisions"}],"wp:featuredmedia":[{"embeddable":true,"href":"https:\/\/www.notibras.com\/site\/wp-json\/wp\/v2\/media\/11257"}],"wp:attachment":[{"href":"https:\/\/www.notibras.com\/site\/wp-json\/wp\/v2\/media?parent=11256"}],"wp:term":[{"taxonomy":"category","embeddable":true,"href":"https:\/\/www.notibras.com\/site\/wp-json\/wp\/v2\/categories?post=11256"},{"taxonomy":"post_tag","embeddable":true,"href":"https:\/\/www.notibras.com\/site\/wp-json\/wp\/v2\/tags?post=11256"}],"curies":[{"name":"wp","href":"https:\/\/api.w.org\/{rel}","templated":true}]}}