{"id":112610,"date":"2016-08-18T22:24:00","date_gmt":"2016-08-19T01:24:00","guid":{"rendered":"http:\/\/www.notibras.com\/site\/?p=112610"},"modified":"2016-08-19T05:26:26","modified_gmt":"2016-08-19T08:26:26","slug":"raio-cai-no-mesmo-lugar-mais-uma-vez-e-usain-bolt-se-sagra-tricampeao-nos-200m","status":"publish","type":"post","link":"https:\/\/www.notibras.com\/site\/raio-cai-no-mesmo-lugar-mais-uma-vez-e-usain-bolt-se-sagra-tricampeao-nos-200m\/","title":{"rendered":"Raio cai no mesmo lugar mais uma vez e Usain Bolt se sagra tricampe\u00e3o nos 200m"},"content":{"rendered":"<h6 class=\"Assina\"><strong>Gon\u00e7alo Junior e Nathalia Garcia<\/strong><\/h6>\n<p>Usain Bolt mostrou nesta quinta-feira que um raio pode, sim, cair mais de uma vez no mesmo lugar. Nos Jogos Ol\u00edmpicos do Rio de Janeiro, o astro sagrou-se tricampe\u00e3o ol\u00edmpico nos 200 metros na noite desta quinta-feira e confirmou novamente sua supremacia no atletismo. O jamaicano tornou-se o primeiro homem da hist\u00f3ria a conquistar tr\u00eas t\u00edtulos ol\u00edmpicos consecutivos nos 100m e nos 200m e fez o reggae ecoar nas caixas de som do Engenh\u00e3o.<\/p>\n<p>Com o tempo de 19s78, o velocista n\u00e3o deu qualquer chance para os advers\u00e1rios e faturou a medalha de ouro. Se a vit\u00f3ria veio f\u00e1cil, o objetivo de quebrar o recorde mundial ficou para o futuro. Numa pista molhada, em raz\u00e3o da chuva, Bolt e seus rivais estiveram longe de repetir nesta noite seus melhores desempenhos na dist\u00e2ncia. Tanto que nenhum deles superou o tempo de 19s74, o melhor da temporada at\u00e9 agora, de LaShawn Merritt &#8211; registrado em julho.<\/p>\n<p>O norte-americano foi a maior decep\u00e7\u00e3o da final dos 200m. Foi apenas o sexto colocado, com 20s19. A medalha de prata ficou com o canadense Andre De Grasse, com 20s02, seguido pelo franc\u00eas Christophe Lemaitre (20s12), que levou o bronze no Photo Finish &#8211; sistema de tecnologia que bate uma fotografia da chegada dos corredores.<\/p>\n<p>Embora n\u00e3o estivesse t\u00e3o cheio como na final dos 100m, o Engenh\u00e3o mostrou a mesma histeria com o jamaicano. S\u00f3 ele \u00e9 saudado quando entra no est\u00e1dio ou quando simplesmente acena para o p\u00fablico. Bolt parecia mais relaxado do que no \u00faltimo domingo. Balan\u00e7ando a cabe\u00e7a, acompanhou a m\u00fasica do est\u00e1dio antes do in\u00edcio da prova. Dan\u00e7ou mais que o habitual quando teve seu nome anunciado.<\/p>\n<p>Ap\u00f3s a vit\u00f3ria, o ritual foi o mesmo, mas com uma alegria sempre renovada para o p\u00fablico. Bateu no peito, ergueu os bra\u00e7os e se ajoelhou. Com a bandeira da Jamaica, ele saudou o p\u00fablico e posou para as fotos. N\u00e3o deu a volta ol\u00edmpica da vit\u00f3ria no Rio. Foi uma festa mais contida que aquela feita na primeira vit\u00f3ria.<\/p>\n<p>Bolt n\u00e3o teve a concorr\u00eancia de dois fortes oponentes na decis\u00e3o O norte-americano Justin Gatlin usou a les\u00e3o no tornozelo para justificar sua elimina\u00e7\u00e3o na semifinal. J\u00e1 o jamaicano Yohan Blake evitou desculpas para a queda precoce. O caminho estava aberto para o astro do atletismo brilhar sozinho, e o maior desafio era ganhar dele mesmo.<\/p>\n<p>No Rio, Bolt estabeleceu como meta repetir as tr\u00eas medalhas de ouro e bater o recorde mundial dos 200 metros. A marca 19s19 foi estabelecida por ele no Mundial de Berlim, em 2009. Em nenhum momento o velocista acusou a les\u00e3o na coxa esquerda que o atrapalhou na reta final de prepara\u00e7\u00e3o ol\u00edmpica e mostrou boa forma f\u00edsica. Com intervalo de tempo satisfat\u00f3rio entre uma prova e outra, se divertiu em sua dist\u00e2ncia favorita, embora sem aliviar o ritmo no trecho final, como fez nos 100m.<\/p>\n<p>Na semifinal, Bolt e De Grasse compartilharam a mesma bateria e protagonizaram um momento curioso, trocaram sorrisos ao cruzar a linha de chegada. Com recorde mundial dos 200m em mente, o jamaicano queria se poupar o m\u00e1ximo poss\u00edvel para a corrida final. At\u00e9 controlou o tempo, mas o canadense tinha outros planos e ele teve de responder na pista. Bolt teve espa\u00e7o para passear nas eliminat\u00f3rias, quando venceu a sua s\u00e9rie com o 15\u00ba melhor tempo geral.<\/p>\n<p>Nesta sexta-feira, \u00e0s 22h35, Bolt disputar\u00e1 o terceiro e \u00faltimo ouro no Rio. Poupado das eliminat\u00f3rias da prova do revezamento 4x100m, o principal velocista do pa\u00eds fez falta ao time jamaicano, que terminou em 5\u00ba lugar na classifica\u00e7\u00e3o geral. Descansado, ele estar\u00e1 pronto para completar sua trilogia ol\u00edmpica e, assim, encerrar sua carreira em Olimp\u00edadas de forma triunfal.<\/p>\n","protected":false},"excerpt":{"rendered":"<p>Gon\u00e7alo Junior e Nathalia Garcia Usain Bolt mostrou nesta quinta-feira que um raio pode, sim, cair mais de uma vez no mesmo lugar. Nos Jogos Ol\u00edmpicos do Rio de Janeiro, o astro sagrou-se tricampe\u00e3o ol\u00edmpico nos 200 metros na noite desta quinta-feira e confirmou novamente sua supremacia no atletismo. O jamaicano tornou-se o primeiro homem [&hellip;]<\/p>\n","protected":false},"author":2,"featured_media":112611,"comment_status":"open","ping_status":"closed","sticky":false,"template":"","format":"standard","meta":{"_acf_changed":false,"footnotes":""},"categories":[66],"tags":[],"class_list":["post-112610","post","type-post","status-publish","format-standard","has-post-thumbnail","hentry","category-rio-2016"],"acf":[],"yoast_head":"<!-- This site is optimized with the Yoast SEO plugin v27.5 - https:\/\/yoast.com\/product\/yoast-seo-wordpress\/ -->\n<title>Raio cai no mesmo lugar mais uma vez e Usain Bolt se sagra tricampe\u00e3o nos 200m - Notibras<\/title>\n<meta name=\"robots\" content=\"index, follow, max-snippet:-1, max-image-preview:large, max-video-preview:-1\" \/>\n<link rel=\"canonical\" href=\"https:\/\/www.notibras.com\/site\/raio-cai-no-mesmo-lugar-mais-uma-vez-e-usain-bolt-se-sagra-tricampeao-nos-200m\/\" \/>\n<meta property=\"og:locale\" content=\"pt_BR\" \/>\n<meta property=\"og:type\" content=\"article\" \/>\n<meta property=\"og:title\" content=\"Raio cai no mesmo lugar mais uma vez e Usain Bolt se sagra tricampe\u00e3o nos 200m - Notibras\" \/>\n<meta property=\"og:description\" content=\"Gon\u00e7alo Junior e Nathalia Garcia Usain Bolt mostrou nesta quinta-feira que um raio pode, sim, cair mais de uma vez no mesmo lugar. Nos Jogos Ol\u00edmpicos do Rio de Janeiro, o astro sagrou-se tricampe\u00e3o ol\u00edmpico nos 200 metros na noite desta quinta-feira e confirmou novamente sua supremacia no atletismo. O jamaicano tornou-se o primeiro homem [&hellip;]\" \/>\n<meta property=\"og:url\" content=\"https:\/\/www.notibras.com\/site\/raio-cai-no-mesmo-lugar-mais-uma-vez-e-usain-bolt-se-sagra-tricampeao-nos-200m\/\" \/>\n<meta property=\"og:site_name\" content=\"Notibras\" \/>\n<meta property=\"article:publisher\" content=\"https:\/\/www.facebook.com\/notibras\/\" \/>\n<meta property=\"article:published_time\" content=\"2016-08-19T01:24:00+00:00\" \/>\n<meta property=\"article:modified_time\" content=\"2016-08-19T08:26:26+00:00\" \/>\n<meta property=\"og:image\" content=\"https:\/\/www.notibras.com\/site\/wp-content\/uploads\/2016\/08\/1038885-18.08.2016_ffz-8284.jpg\" \/>\n\t<meta property=\"og:image:width\" content=\"800\" \/>\n\t<meta property=\"og:image:height\" content=\"533\" \/>\n\t<meta property=\"og:image:type\" content=\"image\/jpeg\" \/>\n<meta name=\"author\" content=\"Reda\u00e7\u00e3o\" \/>\n<meta name=\"twitter:card\" content=\"summary_large_image\" \/>\n<meta name=\"twitter:creator\" content=\"@Notibras\" \/>\n<meta name=\"twitter:site\" content=\"@Notibras\" \/>\n<meta name=\"twitter:label1\" content=\"Escrito por\" \/>\n\t<meta name=\"twitter:data1\" content=\"Reda\u00e7\u00e3o\" \/>\n\t<meta name=\"twitter:label2\" content=\"Est. tempo de leitura\" \/>\n\t<meta name=\"twitter:data2\" content=\"3 minutos\" \/>\n<script type=\"application\/ld+json\" class=\"yoast-schema-graph\">{\"@context\":\"https:\\\/\\\/schema.org\",\"@graph\":[{\"@type\":\"Article\",\"@id\":\"https:\\\/\\\/www.notibras.com\\\/site\\\/raio-cai-no-mesmo-lugar-mais-uma-vez-e-usain-bolt-se-sagra-tricampeao-nos-200m\\\/#article\",\"isPartOf\":{\"@id\":\"https:\\\/\\\/www.notibras.com\\\/site\\\/raio-cai-no-mesmo-lugar-mais-uma-vez-e-usain-bolt-se-sagra-tricampeao-nos-200m\\\/\"},\"author\":{\"name\":\"Reda\u00e7\u00e3o\",\"@id\":\"https:\\\/\\\/www.notibras.com\\\/site\\\/#\\\/schema\\\/person\\\/36ab0979449956132d3e5b517ea76ac8\"},\"headline\":\"Raio cai no mesmo lugar mais uma vez e Usain Bolt se sagra tricampe\u00e3o nos 200m\",\"datePublished\":\"2016-08-19T01:24:00+00:00\",\"dateModified\":\"2016-08-19T08:26:26+00:00\",\"mainEntityOfPage\":{\"@id\":\"https:\\\/\\\/www.notibras.com\\\/site\\\/raio-cai-no-mesmo-lugar-mais-uma-vez-e-usain-bolt-se-sagra-tricampeao-nos-200m\\\/\"},\"wordCount\":688,\"commentCount\":0,\"publisher\":{\"@id\":\"https:\\\/\\\/www.notibras.com\\\/site\\\/#organization\"},\"image\":{\"@id\":\"https:\\\/\\\/www.notibras.com\\\/site\\\/raio-cai-no-mesmo-lugar-mais-uma-vez-e-usain-bolt-se-sagra-tricampeao-nos-200m\\\/#primaryimage\"},\"thumbnailUrl\":\"https:\\\/\\\/www.notibras.com\\\/site\\\/wp-content\\\/uploads\\\/2016\\\/08\\\/1038885-18.08.2016_ffz-8284.jpg\",\"articleSection\":[\"Rio 2016\"],\"inLanguage\":\"pt-BR\",\"potentialAction\":[{\"@type\":\"CommentAction\",\"name\":\"Comment\",\"target\":[\"https:\\\/\\\/www.notibras.com\\\/site\\\/raio-cai-no-mesmo-lugar-mais-uma-vez-e-usain-bolt-se-sagra-tricampeao-nos-200m\\\/#respond\"]}]},{\"@type\":\"WebPage\",\"@id\":\"https:\\\/\\\/www.notibras.com\\\/site\\\/raio-cai-no-mesmo-lugar-mais-uma-vez-e-usain-bolt-se-sagra-tricampeao-nos-200m\\\/\",\"url\":\"https:\\\/\\\/www.notibras.com\\\/site\\\/raio-cai-no-mesmo-lugar-mais-uma-vez-e-usain-bolt-se-sagra-tricampeao-nos-200m\\\/\",\"name\":\"Raio cai no mesmo lugar mais uma vez e Usain Bolt se sagra tricampe\u00e3o nos 200m - Notibras\",\"isPartOf\":{\"@id\":\"https:\\\/\\\/www.notibras.com\\\/site\\\/#website\"},\"primaryImageOfPage\":{\"@id\":\"https:\\\/\\\/www.notibras.com\\\/site\\\/raio-cai-no-mesmo-lugar-mais-uma-vez-e-usain-bolt-se-sagra-tricampeao-nos-200m\\\/#primaryimage\"},\"image\":{\"@id\":\"https:\\\/\\\/www.notibras.com\\\/site\\\/raio-cai-no-mesmo-lugar-mais-uma-vez-e-usain-bolt-se-sagra-tricampeao-nos-200m\\\/#primaryimage\"},\"thumbnailUrl\":\"https:\\\/\\\/www.notibras.com\\\/site\\\/wp-content\\\/uploads\\\/2016\\\/08\\\/1038885-18.08.2016_ffz-8284.jpg\",\"datePublished\":\"2016-08-19T01:24:00+00:00\",\"dateModified\":\"2016-08-19T08:26:26+00:00\",\"breadcrumb\":{\"@id\":\"https:\\\/\\\/www.notibras.com\\\/site\\\/raio-cai-no-mesmo-lugar-mais-uma-vez-e-usain-bolt-se-sagra-tricampeao-nos-200m\\\/#breadcrumb\"},\"inLanguage\":\"pt-BR\",\"potentialAction\":[{\"@type\":\"ReadAction\",\"target\":[\"https:\\\/\\\/www.notibras.com\\\/site\\\/raio-cai-no-mesmo-lugar-mais-uma-vez-e-usain-bolt-se-sagra-tricampeao-nos-200m\\\/\"]}]},{\"@type\":\"ImageObject\",\"inLanguage\":\"pt-BR\",\"@id\":\"https:\\\/\\\/www.notibras.com\\\/site\\\/raio-cai-no-mesmo-lugar-mais-uma-vez-e-usain-bolt-se-sagra-tricampeao-nos-200m\\\/#primaryimage\",\"url\":\"https:\\\/\\\/www.notibras.com\\\/site\\\/wp-content\\\/uploads\\\/2016\\\/08\\\/1038885-18.08.2016_ffz-8284.jpg\",\"contentUrl\":\"https:\\\/\\\/www.notibras.com\\\/site\\\/wp-content\\\/uploads\\\/2016\\\/08\\\/1038885-18.08.2016_ffz-8284.jpg\",\"width\":800,\"height\":533,\"caption\":\"Foto: Fernando Fraz\u00e3o\\\/Ag\u00eancia Brasil\"},{\"@type\":\"BreadcrumbList\",\"@id\":\"https:\\\/\\\/www.notibras.com\\\/site\\\/raio-cai-no-mesmo-lugar-mais-uma-vez-e-usain-bolt-se-sagra-tricampeao-nos-200m\\\/#breadcrumb\",\"itemListElement\":[{\"@type\":\"ListItem\",\"position\":1,\"name\":\"In\u00edcio\",\"item\":\"https:\\\/\\\/www.notibras.com\\\/site\\\/\"},{\"@type\":\"ListItem\",\"position\":2,\"name\":\"Raio cai no mesmo lugar mais uma vez e Usain Bolt se sagra tricampe\u00e3o nos 200m\"}]},{\"@type\":\"WebSite\",\"@id\":\"https:\\\/\\\/www.notibras.com\\\/site\\\/#website\",\"url\":\"https:\\\/\\\/www.notibras.com\\\/site\\\/\",\"name\":\"Notibras\",\"description\":\"Not\u00edcias de Bras\u00edlia, do Brasil e do Mundo\",\"publisher\":{\"@id\":\"https:\\\/\\\/www.notibras.com\\\/site\\\/#organization\"},\"potentialAction\":[{\"@type\":\"SearchAction\",\"target\":{\"@type\":\"EntryPoint\",\"urlTemplate\":\"https:\\\/\\\/www.notibras.com\\\/site\\\/?s={search_term_string}\"},\"query-input\":{\"@type\":\"PropertyValueSpecification\",\"valueRequired\":true,\"valueName\":\"search_term_string\"}}],\"inLanguage\":\"pt-BR\"},{\"@type\":\"Organization\",\"@id\":\"https:\\\/\\\/www.notibras.com\\\/site\\\/#organization\",\"name\":\"Grupo Notibras de Comunica\u00e7\u00e3o\",\"url\":\"https:\\\/\\\/www.notibras.com\\\/site\\\/\",\"logo\":{\"@type\":\"ImageObject\",\"inLanguage\":\"pt-BR\",\"@id\":\"https:\\\/\\\/www.notibras.com\\\/site\\\/#\\\/schema\\\/logo\\\/image\\\/\",\"url\":\"https:\\\/\\\/www.notibras.com\\\/site\\\/wp-content\\\/uploads\\\/2023\\\/01\\\/notibras23.png\",\"contentUrl\":\"https:\\\/\\\/www.notibras.com\\\/site\\\/wp-content\\\/uploads\\\/2023\\\/01\\\/notibras23.png\",\"width\":350,\"height\":87,\"caption\":\"Grupo Notibras de Comunica\u00e7\u00e3o\"},\"image\":{\"@id\":\"https:\\\/\\\/www.notibras.com\\\/site\\\/#\\\/schema\\\/logo\\\/image\\\/\"},\"sameAs\":[\"https:\\\/\\\/www.facebook.com\\\/notibras\\\/\",\"https:\\\/\\\/x.com\\\/Notibras\",\"https:\\\/\\\/www.instagram.com\\\/notibras\\\/\"]},{\"@type\":\"Person\",\"@id\":\"https:\\\/\\\/www.notibras.com\\\/site\\\/#\\\/schema\\\/person\\\/36ab0979449956132d3e5b517ea76ac8\",\"name\":\"Reda\u00e7\u00e3o\",\"image\":{\"@type\":\"ImageObject\",\"inLanguage\":\"pt-BR\",\"@id\":\"https:\\\/\\\/secure.gravatar.com\\\/avatar\\\/e0a867bdedb85fd243eadf09663511f96fc81e0720a4a42581f334ad4303aa6b?s=96&d=mm&r=g\",\"url\":\"https:\\\/\\\/secure.gravatar.com\\\/avatar\\\/e0a867bdedb85fd243eadf09663511f96fc81e0720a4a42581f334ad4303aa6b?s=96&d=mm&r=g\",\"contentUrl\":\"https:\\\/\\\/secure.gravatar.com\\\/avatar\\\/e0a867bdedb85fd243eadf09663511f96fc81e0720a4a42581f334ad4303aa6b?s=96&d=mm&r=g\",\"caption\":\"Reda\u00e7\u00e3o\"}}]}<\/script>\n<!-- \/ Yoast SEO plugin. -->","yoast_head_json":{"title":"Raio cai no mesmo lugar mais uma vez e Usain Bolt se sagra tricampe\u00e3o nos 200m - Notibras","robots":{"index":"index","follow":"follow","max-snippet":"max-snippet:-1","max-image-preview":"max-image-preview:large","max-video-preview":"max-video-preview:-1"},"canonical":"https:\/\/www.notibras.com\/site\/raio-cai-no-mesmo-lugar-mais-uma-vez-e-usain-bolt-se-sagra-tricampeao-nos-200m\/","og_locale":"pt_BR","og_type":"article","og_title":"Raio cai no mesmo lugar mais uma vez e Usain Bolt se sagra tricampe\u00e3o nos 200m - Notibras","og_description":"Gon\u00e7alo Junior e Nathalia Garcia Usain Bolt mostrou nesta quinta-feira que um raio pode, sim, cair mais de uma vez no mesmo lugar. Nos Jogos Ol\u00edmpicos do Rio de Janeiro, o astro sagrou-se tricampe\u00e3o ol\u00edmpico nos 200 metros na noite desta quinta-feira e confirmou novamente sua supremacia no atletismo. O jamaicano tornou-se o primeiro homem [&hellip;]","og_url":"https:\/\/www.notibras.com\/site\/raio-cai-no-mesmo-lugar-mais-uma-vez-e-usain-bolt-se-sagra-tricampeao-nos-200m\/","og_site_name":"Notibras","article_publisher":"https:\/\/www.facebook.com\/notibras\/","article_published_time":"2016-08-19T01:24:00+00:00","article_modified_time":"2016-08-19T08:26:26+00:00","og_image":[{"width":800,"height":533,"url":"https:\/\/www.notibras.com\/site\/wp-content\/uploads\/2016\/08\/1038885-18.08.2016_ffz-8284.jpg","type":"image\/jpeg"}],"author":"Reda\u00e7\u00e3o","twitter_card":"summary_large_image","twitter_creator":"@Notibras","twitter_site":"@Notibras","twitter_misc":{"Escrito por":"Reda\u00e7\u00e3o","Est. tempo de leitura":"3 minutos"},"schema":{"@context":"https:\/\/schema.org","@graph":[{"@type":"Article","@id":"https:\/\/www.notibras.com\/site\/raio-cai-no-mesmo-lugar-mais-uma-vez-e-usain-bolt-se-sagra-tricampeao-nos-200m\/#article","isPartOf":{"@id":"https:\/\/www.notibras.com\/site\/raio-cai-no-mesmo-lugar-mais-uma-vez-e-usain-bolt-se-sagra-tricampeao-nos-200m\/"},"author":{"name":"Reda\u00e7\u00e3o","@id":"https:\/\/www.notibras.com\/site\/#\/schema\/person\/36ab0979449956132d3e5b517ea76ac8"},"headline":"Raio cai no mesmo lugar mais uma vez e Usain Bolt se sagra tricampe\u00e3o nos 200m","datePublished":"2016-08-19T01:24:00+00:00","dateModified":"2016-08-19T08:26:26+00:00","mainEntityOfPage":{"@id":"https:\/\/www.notibras.com\/site\/raio-cai-no-mesmo-lugar-mais-uma-vez-e-usain-bolt-se-sagra-tricampeao-nos-200m\/"},"wordCount":688,"commentCount":0,"publisher":{"@id":"https:\/\/www.notibras.com\/site\/#organization"},"image":{"@id":"https:\/\/www.notibras.com\/site\/raio-cai-no-mesmo-lugar-mais-uma-vez-e-usain-bolt-se-sagra-tricampeao-nos-200m\/#primaryimage"},"thumbnailUrl":"https:\/\/www.notibras.com\/site\/wp-content\/uploads\/2016\/08\/1038885-18.08.2016_ffz-8284.jpg","articleSection":["Rio 2016"],"inLanguage":"pt-BR","potentialAction":[{"@type":"CommentAction","name":"Comment","target":["https:\/\/www.notibras.com\/site\/raio-cai-no-mesmo-lugar-mais-uma-vez-e-usain-bolt-se-sagra-tricampeao-nos-200m\/#respond"]}]},{"@type":"WebPage","@id":"https:\/\/www.notibras.com\/site\/raio-cai-no-mesmo-lugar-mais-uma-vez-e-usain-bolt-se-sagra-tricampeao-nos-200m\/","url":"https:\/\/www.notibras.com\/site\/raio-cai-no-mesmo-lugar-mais-uma-vez-e-usain-bolt-se-sagra-tricampeao-nos-200m\/","name":"Raio cai no mesmo lugar mais uma vez e Usain Bolt se sagra tricampe\u00e3o nos 200m - Notibras","isPartOf":{"@id":"https:\/\/www.notibras.com\/site\/#website"},"primaryImageOfPage":{"@id":"https:\/\/www.notibras.com\/site\/raio-cai-no-mesmo-lugar-mais-uma-vez-e-usain-bolt-se-sagra-tricampeao-nos-200m\/#primaryimage"},"image":{"@id":"https:\/\/www.notibras.com\/site\/raio-cai-no-mesmo-lugar-mais-uma-vez-e-usain-bolt-se-sagra-tricampeao-nos-200m\/#primaryimage"},"thumbnailUrl":"https:\/\/www.notibras.com\/site\/wp-content\/uploads\/2016\/08\/1038885-18.08.2016_ffz-8284.jpg","datePublished":"2016-08-19T01:24:00+00:00","dateModified":"2016-08-19T08:26:26+00:00","breadcrumb":{"@id":"https:\/\/www.notibras.com\/site\/raio-cai-no-mesmo-lugar-mais-uma-vez-e-usain-bolt-se-sagra-tricampeao-nos-200m\/#breadcrumb"},"inLanguage":"pt-BR","potentialAction":[{"@type":"ReadAction","target":["https:\/\/www.notibras.com\/site\/raio-cai-no-mesmo-lugar-mais-uma-vez-e-usain-bolt-se-sagra-tricampeao-nos-200m\/"]}]},{"@type":"ImageObject","inLanguage":"pt-BR","@id":"https:\/\/www.notibras.com\/site\/raio-cai-no-mesmo-lugar-mais-uma-vez-e-usain-bolt-se-sagra-tricampeao-nos-200m\/#primaryimage","url":"https:\/\/www.notibras.com\/site\/wp-content\/uploads\/2016\/08\/1038885-18.08.2016_ffz-8284.jpg","contentUrl":"https:\/\/www.notibras.com\/site\/wp-content\/uploads\/2016\/08\/1038885-18.08.2016_ffz-8284.jpg","width":800,"height":533,"caption":"Foto: Fernando Fraz\u00e3o\/Ag\u00eancia Brasil"},{"@type":"BreadcrumbList","@id":"https:\/\/www.notibras.com\/site\/raio-cai-no-mesmo-lugar-mais-uma-vez-e-usain-bolt-se-sagra-tricampeao-nos-200m\/#breadcrumb","itemListElement":[{"@type":"ListItem","position":1,"name":"In\u00edcio","item":"https:\/\/www.notibras.com\/site\/"},{"@type":"ListItem","position":2,"name":"Raio cai no mesmo lugar mais uma vez e Usain Bolt se sagra tricampe\u00e3o nos 200m"}]},{"@type":"WebSite","@id":"https:\/\/www.notibras.com\/site\/#website","url":"https:\/\/www.notibras.com\/site\/","name":"Notibras","description":"Not\u00edcias de Bras\u00edlia, do Brasil e do Mundo","publisher":{"@id":"https:\/\/www.notibras.com\/site\/#organization"},"potentialAction":[{"@type":"SearchAction","target":{"@type":"EntryPoint","urlTemplate":"https:\/\/www.notibras.com\/site\/?s={search_term_string}"},"query-input":{"@type":"PropertyValueSpecification","valueRequired":true,"valueName":"search_term_string"}}],"inLanguage":"pt-BR"},{"@type":"Organization","@id":"https:\/\/www.notibras.com\/site\/#organization","name":"Grupo Notibras de Comunica\u00e7\u00e3o","url":"https:\/\/www.notibras.com\/site\/","logo":{"@type":"ImageObject","inLanguage":"pt-BR","@id":"https:\/\/www.notibras.com\/site\/#\/schema\/logo\/image\/","url":"https:\/\/www.notibras.com\/site\/wp-content\/uploads\/2023\/01\/notibras23.png","contentUrl":"https:\/\/www.notibras.com\/site\/wp-content\/uploads\/2023\/01\/notibras23.png","width":350,"height":87,"caption":"Grupo Notibras de Comunica\u00e7\u00e3o"},"image":{"@id":"https:\/\/www.notibras.com\/site\/#\/schema\/logo\/image\/"},"sameAs":["https:\/\/www.facebook.com\/notibras\/","https:\/\/x.com\/Notibras","https:\/\/www.instagram.com\/notibras\/"]},{"@type":"Person","@id":"https:\/\/www.notibras.com\/site\/#\/schema\/person\/36ab0979449956132d3e5b517ea76ac8","name":"Reda\u00e7\u00e3o","image":{"@type":"ImageObject","inLanguage":"pt-BR","@id":"https:\/\/secure.gravatar.com\/avatar\/e0a867bdedb85fd243eadf09663511f96fc81e0720a4a42581f334ad4303aa6b?s=96&d=mm&r=g","url":"https:\/\/secure.gravatar.com\/avatar\/e0a867bdedb85fd243eadf09663511f96fc81e0720a4a42581f334ad4303aa6b?s=96&d=mm&r=g","contentUrl":"https:\/\/secure.gravatar.com\/avatar\/e0a867bdedb85fd243eadf09663511f96fc81e0720a4a42581f334ad4303aa6b?s=96&d=mm&r=g","caption":"Reda\u00e7\u00e3o"}}]}},"amp_enabled":true,"_links":{"self":[{"href":"https:\/\/www.notibras.com\/site\/wp-json\/wp\/v2\/posts\/112610","targetHints":{"allow":["GET"]}}],"collection":[{"href":"https:\/\/www.notibras.com\/site\/wp-json\/wp\/v2\/posts"}],"about":[{"href":"https:\/\/www.notibras.com\/site\/wp-json\/wp\/v2\/types\/post"}],"author":[{"embeddable":true,"href":"https:\/\/www.notibras.com\/site\/wp-json\/wp\/v2\/users\/2"}],"replies":[{"embeddable":true,"href":"https:\/\/www.notibras.com\/site\/wp-json\/wp\/v2\/comments?post=112610"}],"version-history":[{"count":1,"href":"https:\/\/www.notibras.com\/site\/wp-json\/wp\/v2\/posts\/112610\/revisions"}],"predecessor-version":[{"id":112612,"href":"https:\/\/www.notibras.com\/site\/wp-json\/wp\/v2\/posts\/112610\/revisions\/112612"}],"wp:featuredmedia":[{"embeddable":true,"href":"https:\/\/www.notibras.com\/site\/wp-json\/wp\/v2\/media\/112611"}],"wp:attachment":[{"href":"https:\/\/www.notibras.com\/site\/wp-json\/wp\/v2\/media?parent=112610"}],"wp:term":[{"taxonomy":"category","embeddable":true,"href":"https:\/\/www.notibras.com\/site\/wp-json\/wp\/v2\/categories?post=112610"},{"taxonomy":"post_tag","embeddable":true,"href":"https:\/\/www.notibras.com\/site\/wp-json\/wp\/v2\/tags?post=112610"}],"curies":[{"name":"wp","href":"https:\/\/api.w.org\/{rel}","templated":true}]}}