{"id":11286,"date":"2014-05-28T08:25:03","date_gmt":"2014-05-28T11:25:03","guid":{"rendered":"http:\/\/www.notibras.com\/site\/?p=11286"},"modified":"2014-05-28T08:25:03","modified_gmt":"2014-05-28T11:25:03","slug":"ronaldo-o-fenomeno-com-vergonha-e-sem-vergonha","status":"publish","type":"post","link":"https:\/\/www.notibras.com\/site\/ronaldo-o-fenomeno-com-vergonha-e-sem-vergonha\/","title":{"rendered":"Ronaldo, o fen\u00f4meno com vergonha e sem vergonha"},"content":{"rendered":"<p>Ronaldo foi um fen\u00f4meno do futebol e \u00e9, at\u00e9 hoje, um fen\u00f4meno na arte de ganhar dinheiro. \u00c9 dif\u00edcil atravessar um intervalo comercial sem ver sua cara e ouvir sua voz vendendo alguma coisa. Desde que se aposentou dos gramados, sua fortuna cresce alimentada por sua boca.<\/p>\n<p>Cada frase de Ronaldo vale ouro e \u00e9 ensaiada para render dividendos para algum patrocinador.<\/p>\n<blockquote><p>Por isso, n\u00e3o custa nada perguntar o que Ronaldo ganha com sua declara\u00e7\u00e3o de que est\u00e1 envergonhado com os preparativos da Copa.<\/p><\/blockquote>\n<p>A pergunta precisa ser feita, pois a declara\u00e7\u00e3o acabrunhada \u00e9 estranha. Vem n\u00e3o s\u00f3 de algu\u00e9m que, at\u00e9 ent\u00e3o, era s\u00f3 elogios e otimismo. Vem de quem \u00e9 do Conselho de Administra\u00e7\u00e3o do Comit\u00ea Organizador Local da Copa.<\/p>\n<p>Faltando poucos dias para o in\u00edcio da competi\u00e7\u00e3o, o que devemos achar de quem resolve, simplesmente, lavar as m\u00e3os e fingir que n\u00e3o tem nada a ver com a coisa?<\/p>\n<p>A vergonha de Ronaldo tem o efeito bumerangue sobre sua pr\u00f3pria imagem, pois mostra algu\u00e9m que, como se diz no jarg\u00e3o do futebol, &#8220;pipocou&#8221;, fugiu da bola dividida. Algu\u00e9m que deveria ter usado seu prest\u00edgio, desde o in\u00edcio, para ser parte da solu\u00e7\u00e3o, preferiu tirar o corpo fora e ser parte do problema.<\/p>\n<p>Como organizador, Ronaldo poderia ter dedicado seu tempo a ajudar a que algumas coisas ganhassem mais aten\u00e7\u00e3o. Preferiu gast\u00e1-lo gravando an\u00fancios publicit\u00e1rios.<\/p>\n<p>Enquanto era tempo, poderia ter pedido mais empenho e rapidez nas obras, tanto as dos est\u00e1dios quanto as de mobilidade &#8211; por que n\u00e3o?<\/p>\n<p>Poderia ter pedido paz \u00e0s torcidas e aos manifestantes. Preferiu posar com um terno dourado no Carnaval e, depois, envergonhar-se.<\/p>\n<p>Os preparativos para a Copa j\u00e1 estiveram por um triz, em v\u00e1rios momentos e sob v\u00e1rios aspectos. Ronaldo poderia ter dito, com muita anteced\u00eancia, por exemplo, que se sentia envergonhado com o abandono a que a Arena da Baixada foi submetida pelo governador do Paran\u00e1 e pelo prefeito de Curitiba.<\/p>\n<p>De todas, foi a situa\u00e7\u00e3o mais absurda e que quase comprometeu uma cidade como sede. Ronaldo nunca esteve entre os que correram atr\u00e1s para cobrar provid\u00eancias, e nem para se mostrar envergonhado. Nenhuma declara\u00e7\u00e3ozinha.<\/p>\n<p>Tamb\u00e9m n\u00e3o expressou qualquer sentimento, indignado ou envergonhado, quando da morte do torcedor atingido por uma latrina, no est\u00e1dio Recife, em uma briga de torcida.<\/p>\n<p>Nada disso. Ronaldo esperou os est\u00e1dios serem constru\u00eddos e entregues, os ingressos serem vendidos, as sele\u00e7\u00f5es serem convocadas; esperou ter feito todas as propagandas poss\u00edveis e imagin\u00e1veis que poderia para esta Copa. S\u00f3 ent\u00e3o se fez de envergonhado.<\/p>\n<p>H\u00e1 quem diga que o sinceric\u00eddio de Ronaldo tem a ver com o fato de que, no mesmo dia, declarou apoio \u00e0 candidatura de A\u00e9cio Neves.<\/p>\n<p>Dif\u00edcil acreditar que ele, que hoje vive de emprestar sua imagem a vender produtos, esteja entrando nessa, ao lado de A\u00e9cio, por pura convic\u00e7\u00e3o, e n\u00e3o como garoto propaganda.<\/p>\n<p>Sua vergonha n\u00e3o transpira nada de aut\u00eantica. Parece ensaiada e feita sob medida para um comercial, como aqueles com textos decorados e de p\u00e9ssima interpreta\u00e7\u00e3o, em que o &#8220;Fen\u00f4meno&#8221; vende carros da Fiat, chuteiras da Nike e planos de telefonia da Claro.<\/p>\n<p>Ronaldo, com vergonha ou sem vergonha, \u00e9 a mesma pessoa. \u00c9 aquele que vemos todos os dias na tev\u00ea e nos outdoors.<\/p>\n<p>J\u00e1 faz tempo que esse \u00e9 o mundo do &#8220;Fen\u00f4meno&#8221;. N\u00e3o tem mais nada a ver com\u00a0 futebol, nem com indigna\u00e7\u00e3o, nem com um pingo de vergonha.<\/p>\n<p><strong>Antonio Lassance<\/strong><\/p>\n","protected":false},"excerpt":{"rendered":"<p>Ronaldo foi um fen\u00f4meno do futebol e \u00e9, at\u00e9 hoje, um fen\u00f4meno na arte de ganhar dinheiro. \u00c9 dif\u00edcil atravessar um intervalo comercial sem ver sua cara e ouvir sua voz vendendo alguma coisa. Desde que se aposentou dos gramados, sua fortuna cresce alimentada por sua boca. Cada frase de Ronaldo vale ouro e \u00e9 [&hellip;]<\/p>\n","protected":false},"author":2,"featured_media":11287,"comment_status":"open","ping_status":"closed","sticky":false,"template":"","format":"standard","meta":{"_acf_changed":false,"footnotes":""},"categories":[25],"tags":[],"class_list":["post-11286","post","type-post","status-publish","format-standard","has-post-thumbnail","hentry","category-opina-ai"],"acf":[],"yoast_head":"<!-- This site is optimized with the Yoast SEO plugin v27.5 - https:\/\/yoast.com\/product\/yoast-seo-wordpress\/ -->\n<title>Ronaldo, o fen\u00f4meno com vergonha e sem vergonha - Notibras<\/title>\n<meta name=\"robots\" content=\"index, follow, max-snippet:-1, max-image-preview:large, max-video-preview:-1\" \/>\n<link rel=\"canonical\" href=\"https:\/\/www.notibras.com\/site\/ronaldo-o-fenomeno-com-vergonha-e-sem-vergonha\/\" \/>\n<meta property=\"og:locale\" content=\"pt_BR\" \/>\n<meta property=\"og:type\" content=\"article\" \/>\n<meta property=\"og:title\" content=\"Ronaldo, o fen\u00f4meno com vergonha e sem vergonha - Notibras\" \/>\n<meta property=\"og:description\" content=\"Ronaldo foi um fen\u00f4meno do futebol e \u00e9, at\u00e9 hoje, um fen\u00f4meno na arte de ganhar dinheiro. \u00c9 dif\u00edcil atravessar um intervalo comercial sem ver sua cara e ouvir sua voz vendendo alguma coisa. Desde que se aposentou dos gramados, sua fortuna cresce alimentada por sua boca. Cada frase de Ronaldo vale ouro e \u00e9 [&hellip;]\" \/>\n<meta property=\"og:url\" content=\"https:\/\/www.notibras.com\/site\/ronaldo-o-fenomeno-com-vergonha-e-sem-vergonha\/\" \/>\n<meta property=\"og:site_name\" content=\"Notibras\" \/>\n<meta property=\"article:publisher\" content=\"https:\/\/www.facebook.com\/notibras\/\" \/>\n<meta property=\"article:published_time\" content=\"2014-05-28T11:25:03+00:00\" \/>\n<meta property=\"og:image\" content=\"https:\/\/www.notibras.com\/site\/wp-content\/uploads\/2014\/05\/opi.jpg\" \/>\n\t<meta property=\"og:image:width\" content=\"630\" \/>\n\t<meta property=\"og:image:height\" content=\"418\" \/>\n\t<meta property=\"og:image:type\" content=\"image\/jpeg\" \/>\n<meta name=\"author\" content=\"Reda\u00e7\u00e3o\" \/>\n<meta name=\"twitter:card\" content=\"summary_large_image\" \/>\n<meta name=\"twitter:creator\" content=\"@Notibras\" \/>\n<meta name=\"twitter:site\" content=\"@Notibras\" \/>\n<meta name=\"twitter:label1\" content=\"Escrito por\" \/>\n\t<meta name=\"twitter:data1\" content=\"Reda\u00e7\u00e3o\" \/>\n\t<meta name=\"twitter:label2\" content=\"Est. tempo de leitura\" \/>\n\t<meta name=\"twitter:data2\" content=\"3 minutos\" \/>\n<script type=\"application\/ld+json\" class=\"yoast-schema-graph\">{\"@context\":\"https:\\\/\\\/schema.org\",\"@graph\":[{\"@type\":\"Article\",\"@id\":\"https:\\\/\\\/www.notibras.com\\\/site\\\/ronaldo-o-fenomeno-com-vergonha-e-sem-vergonha\\\/#article\",\"isPartOf\":{\"@id\":\"https:\\\/\\\/www.notibras.com\\\/site\\\/ronaldo-o-fenomeno-com-vergonha-e-sem-vergonha\\\/\"},\"author\":{\"name\":\"Reda\u00e7\u00e3o\",\"@id\":\"https:\\\/\\\/www.notibras.com\\\/site\\\/#\\\/schema\\\/person\\\/36ab0979449956132d3e5b517ea76ac8\"},\"headline\":\"Ronaldo, o fen\u00f4meno com vergonha e sem vergonha\",\"datePublished\":\"2014-05-28T11:25:03+00:00\",\"mainEntityOfPage\":{\"@id\":\"https:\\\/\\\/www.notibras.com\\\/site\\\/ronaldo-o-fenomeno-com-vergonha-e-sem-vergonha\\\/\"},\"wordCount\":623,\"commentCount\":0,\"publisher\":{\"@id\":\"https:\\\/\\\/www.notibras.com\\\/site\\\/#organization\"},\"image\":{\"@id\":\"https:\\\/\\\/www.notibras.com\\\/site\\\/ronaldo-o-fenomeno-com-vergonha-e-sem-vergonha\\\/#primaryimage\"},\"thumbnailUrl\":\"https:\\\/\\\/www.notibras.com\\\/site\\\/wp-content\\\/uploads\\\/2014\\\/05\\\/opi.jpg\",\"articleSection\":[\"Opina a\u00ed\"],\"inLanguage\":\"pt-BR\",\"potentialAction\":[{\"@type\":\"CommentAction\",\"name\":\"Comment\",\"target\":[\"https:\\\/\\\/www.notibras.com\\\/site\\\/ronaldo-o-fenomeno-com-vergonha-e-sem-vergonha\\\/#respond\"]}]},{\"@type\":\"WebPage\",\"@id\":\"https:\\\/\\\/www.notibras.com\\\/site\\\/ronaldo-o-fenomeno-com-vergonha-e-sem-vergonha\\\/\",\"url\":\"https:\\\/\\\/www.notibras.com\\\/site\\\/ronaldo-o-fenomeno-com-vergonha-e-sem-vergonha\\\/\",\"name\":\"Ronaldo, o fen\u00f4meno com vergonha e sem vergonha - Notibras\",\"isPartOf\":{\"@id\":\"https:\\\/\\\/www.notibras.com\\\/site\\\/#website\"},\"primaryImageOfPage\":{\"@id\":\"https:\\\/\\\/www.notibras.com\\\/site\\\/ronaldo-o-fenomeno-com-vergonha-e-sem-vergonha\\\/#primaryimage\"},\"image\":{\"@id\":\"https:\\\/\\\/www.notibras.com\\\/site\\\/ronaldo-o-fenomeno-com-vergonha-e-sem-vergonha\\\/#primaryimage\"},\"thumbnailUrl\":\"https:\\\/\\\/www.notibras.com\\\/site\\\/wp-content\\\/uploads\\\/2014\\\/05\\\/opi.jpg\",\"datePublished\":\"2014-05-28T11:25:03+00:00\",\"breadcrumb\":{\"@id\":\"https:\\\/\\\/www.notibras.com\\\/site\\\/ronaldo-o-fenomeno-com-vergonha-e-sem-vergonha\\\/#breadcrumb\"},\"inLanguage\":\"pt-BR\",\"potentialAction\":[{\"@type\":\"ReadAction\",\"target\":[\"https:\\\/\\\/www.notibras.com\\\/site\\\/ronaldo-o-fenomeno-com-vergonha-e-sem-vergonha\\\/\"]}]},{\"@type\":\"ImageObject\",\"inLanguage\":\"pt-BR\",\"@id\":\"https:\\\/\\\/www.notibras.com\\\/site\\\/ronaldo-o-fenomeno-com-vergonha-e-sem-vergonha\\\/#primaryimage\",\"url\":\"https:\\\/\\\/www.notibras.com\\\/site\\\/wp-content\\\/uploads\\\/2014\\\/05\\\/opi.jpg\",\"contentUrl\":\"https:\\\/\\\/www.notibras.com\\\/site\\\/wp-content\\\/uploads\\\/2014\\\/05\\\/opi.jpg\",\"width\":630,\"height\":418},{\"@type\":\"BreadcrumbList\",\"@id\":\"https:\\\/\\\/www.notibras.com\\\/site\\\/ronaldo-o-fenomeno-com-vergonha-e-sem-vergonha\\\/#breadcrumb\",\"itemListElement\":[{\"@type\":\"ListItem\",\"position\":1,\"name\":\"In\u00edcio\",\"item\":\"https:\\\/\\\/www.notibras.com\\\/site\\\/\"},{\"@type\":\"ListItem\",\"position\":2,\"name\":\"Ronaldo, o fen\u00f4meno com vergonha e sem vergonha\"}]},{\"@type\":\"WebSite\",\"@id\":\"https:\\\/\\\/www.notibras.com\\\/site\\\/#website\",\"url\":\"https:\\\/\\\/www.notibras.com\\\/site\\\/\",\"name\":\"Notibras\",\"description\":\"Not\u00edcias de Bras\u00edlia, do Brasil e do Mundo\",\"publisher\":{\"@id\":\"https:\\\/\\\/www.notibras.com\\\/site\\\/#organization\"},\"potentialAction\":[{\"@type\":\"SearchAction\",\"target\":{\"@type\":\"EntryPoint\",\"urlTemplate\":\"https:\\\/\\\/www.notibras.com\\\/site\\\/?s={search_term_string}\"},\"query-input\":{\"@type\":\"PropertyValueSpecification\",\"valueRequired\":true,\"valueName\":\"search_term_string\"}}],\"inLanguage\":\"pt-BR\"},{\"@type\":\"Organization\",\"@id\":\"https:\\\/\\\/www.notibras.com\\\/site\\\/#organization\",\"name\":\"Grupo Notibras de Comunica\u00e7\u00e3o\",\"url\":\"https:\\\/\\\/www.notibras.com\\\/site\\\/\",\"logo\":{\"@type\":\"ImageObject\",\"inLanguage\":\"pt-BR\",\"@id\":\"https:\\\/\\\/www.notibras.com\\\/site\\\/#\\\/schema\\\/logo\\\/image\\\/\",\"url\":\"https:\\\/\\\/www.notibras.com\\\/site\\\/wp-content\\\/uploads\\\/2023\\\/01\\\/notibras23.png\",\"contentUrl\":\"https:\\\/\\\/www.notibras.com\\\/site\\\/wp-content\\\/uploads\\\/2023\\\/01\\\/notibras23.png\",\"width\":350,\"height\":87,\"caption\":\"Grupo Notibras de Comunica\u00e7\u00e3o\"},\"image\":{\"@id\":\"https:\\\/\\\/www.notibras.com\\\/site\\\/#\\\/schema\\\/logo\\\/image\\\/\"},\"sameAs\":[\"https:\\\/\\\/www.facebook.com\\\/notibras\\\/\",\"https:\\\/\\\/x.com\\\/Notibras\",\"https:\\\/\\\/www.instagram.com\\\/notibras\\\/\"]},{\"@type\":\"Person\",\"@id\":\"https:\\\/\\\/www.notibras.com\\\/site\\\/#\\\/schema\\\/person\\\/36ab0979449956132d3e5b517ea76ac8\",\"name\":\"Reda\u00e7\u00e3o\",\"image\":{\"@type\":\"ImageObject\",\"inLanguage\":\"pt-BR\",\"@id\":\"https:\\\/\\\/secure.gravatar.com\\\/avatar\\\/e0a867bdedb85fd243eadf09663511f96fc81e0720a4a42581f334ad4303aa6b?s=96&d=mm&r=g\",\"url\":\"https:\\\/\\\/secure.gravatar.com\\\/avatar\\\/e0a867bdedb85fd243eadf09663511f96fc81e0720a4a42581f334ad4303aa6b?s=96&d=mm&r=g\",\"contentUrl\":\"https:\\\/\\\/secure.gravatar.com\\\/avatar\\\/e0a867bdedb85fd243eadf09663511f96fc81e0720a4a42581f334ad4303aa6b?s=96&d=mm&r=g\",\"caption\":\"Reda\u00e7\u00e3o\"}}]}<\/script>\n<!-- \/ Yoast SEO plugin. -->","yoast_head_json":{"title":"Ronaldo, o fen\u00f4meno com vergonha e sem vergonha - Notibras","robots":{"index":"index","follow":"follow","max-snippet":"max-snippet:-1","max-image-preview":"max-image-preview:large","max-video-preview":"max-video-preview:-1"},"canonical":"https:\/\/www.notibras.com\/site\/ronaldo-o-fenomeno-com-vergonha-e-sem-vergonha\/","og_locale":"pt_BR","og_type":"article","og_title":"Ronaldo, o fen\u00f4meno com vergonha e sem vergonha - Notibras","og_description":"Ronaldo foi um fen\u00f4meno do futebol e \u00e9, at\u00e9 hoje, um fen\u00f4meno na arte de ganhar dinheiro. \u00c9 dif\u00edcil atravessar um intervalo comercial sem ver sua cara e ouvir sua voz vendendo alguma coisa. Desde que se aposentou dos gramados, sua fortuna cresce alimentada por sua boca. Cada frase de Ronaldo vale ouro e \u00e9 [&hellip;]","og_url":"https:\/\/www.notibras.com\/site\/ronaldo-o-fenomeno-com-vergonha-e-sem-vergonha\/","og_site_name":"Notibras","article_publisher":"https:\/\/www.facebook.com\/notibras\/","article_published_time":"2014-05-28T11:25:03+00:00","og_image":[{"width":630,"height":418,"url":"https:\/\/www.notibras.com\/site\/wp-content\/uploads\/2014\/05\/opi.jpg","type":"image\/jpeg"}],"author":"Reda\u00e7\u00e3o","twitter_card":"summary_large_image","twitter_creator":"@Notibras","twitter_site":"@Notibras","twitter_misc":{"Escrito por":"Reda\u00e7\u00e3o","Est. tempo de leitura":"3 minutos"},"schema":{"@context":"https:\/\/schema.org","@graph":[{"@type":"Article","@id":"https:\/\/www.notibras.com\/site\/ronaldo-o-fenomeno-com-vergonha-e-sem-vergonha\/#article","isPartOf":{"@id":"https:\/\/www.notibras.com\/site\/ronaldo-o-fenomeno-com-vergonha-e-sem-vergonha\/"},"author":{"name":"Reda\u00e7\u00e3o","@id":"https:\/\/www.notibras.com\/site\/#\/schema\/person\/36ab0979449956132d3e5b517ea76ac8"},"headline":"Ronaldo, o fen\u00f4meno com vergonha e sem vergonha","datePublished":"2014-05-28T11:25:03+00:00","mainEntityOfPage":{"@id":"https:\/\/www.notibras.com\/site\/ronaldo-o-fenomeno-com-vergonha-e-sem-vergonha\/"},"wordCount":623,"commentCount":0,"publisher":{"@id":"https:\/\/www.notibras.com\/site\/#organization"},"image":{"@id":"https:\/\/www.notibras.com\/site\/ronaldo-o-fenomeno-com-vergonha-e-sem-vergonha\/#primaryimage"},"thumbnailUrl":"https:\/\/www.notibras.com\/site\/wp-content\/uploads\/2014\/05\/opi.jpg","articleSection":["Opina a\u00ed"],"inLanguage":"pt-BR","potentialAction":[{"@type":"CommentAction","name":"Comment","target":["https:\/\/www.notibras.com\/site\/ronaldo-o-fenomeno-com-vergonha-e-sem-vergonha\/#respond"]}]},{"@type":"WebPage","@id":"https:\/\/www.notibras.com\/site\/ronaldo-o-fenomeno-com-vergonha-e-sem-vergonha\/","url":"https:\/\/www.notibras.com\/site\/ronaldo-o-fenomeno-com-vergonha-e-sem-vergonha\/","name":"Ronaldo, o fen\u00f4meno com vergonha e sem vergonha - Notibras","isPartOf":{"@id":"https:\/\/www.notibras.com\/site\/#website"},"primaryImageOfPage":{"@id":"https:\/\/www.notibras.com\/site\/ronaldo-o-fenomeno-com-vergonha-e-sem-vergonha\/#primaryimage"},"image":{"@id":"https:\/\/www.notibras.com\/site\/ronaldo-o-fenomeno-com-vergonha-e-sem-vergonha\/#primaryimage"},"thumbnailUrl":"https:\/\/www.notibras.com\/site\/wp-content\/uploads\/2014\/05\/opi.jpg","datePublished":"2014-05-28T11:25:03+00:00","breadcrumb":{"@id":"https:\/\/www.notibras.com\/site\/ronaldo-o-fenomeno-com-vergonha-e-sem-vergonha\/#breadcrumb"},"inLanguage":"pt-BR","potentialAction":[{"@type":"ReadAction","target":["https:\/\/www.notibras.com\/site\/ronaldo-o-fenomeno-com-vergonha-e-sem-vergonha\/"]}]},{"@type":"ImageObject","inLanguage":"pt-BR","@id":"https:\/\/www.notibras.com\/site\/ronaldo-o-fenomeno-com-vergonha-e-sem-vergonha\/#primaryimage","url":"https:\/\/www.notibras.com\/site\/wp-content\/uploads\/2014\/05\/opi.jpg","contentUrl":"https:\/\/www.notibras.com\/site\/wp-content\/uploads\/2014\/05\/opi.jpg","width":630,"height":418},{"@type":"BreadcrumbList","@id":"https:\/\/www.notibras.com\/site\/ronaldo-o-fenomeno-com-vergonha-e-sem-vergonha\/#breadcrumb","itemListElement":[{"@type":"ListItem","position":1,"name":"In\u00edcio","item":"https:\/\/www.notibras.com\/site\/"},{"@type":"ListItem","position":2,"name":"Ronaldo, o fen\u00f4meno com vergonha e sem vergonha"}]},{"@type":"WebSite","@id":"https:\/\/www.notibras.com\/site\/#website","url":"https:\/\/www.notibras.com\/site\/","name":"Notibras","description":"Not\u00edcias de Bras\u00edlia, do Brasil e do Mundo","publisher":{"@id":"https:\/\/www.notibras.com\/site\/#organization"},"potentialAction":[{"@type":"SearchAction","target":{"@type":"EntryPoint","urlTemplate":"https:\/\/www.notibras.com\/site\/?s={search_term_string}"},"query-input":{"@type":"PropertyValueSpecification","valueRequired":true,"valueName":"search_term_string"}}],"inLanguage":"pt-BR"},{"@type":"Organization","@id":"https:\/\/www.notibras.com\/site\/#organization","name":"Grupo Notibras de Comunica\u00e7\u00e3o","url":"https:\/\/www.notibras.com\/site\/","logo":{"@type":"ImageObject","inLanguage":"pt-BR","@id":"https:\/\/www.notibras.com\/site\/#\/schema\/logo\/image\/","url":"https:\/\/www.notibras.com\/site\/wp-content\/uploads\/2023\/01\/notibras23.png","contentUrl":"https:\/\/www.notibras.com\/site\/wp-content\/uploads\/2023\/01\/notibras23.png","width":350,"height":87,"caption":"Grupo Notibras de Comunica\u00e7\u00e3o"},"image":{"@id":"https:\/\/www.notibras.com\/site\/#\/schema\/logo\/image\/"},"sameAs":["https:\/\/www.facebook.com\/notibras\/","https:\/\/x.com\/Notibras","https:\/\/www.instagram.com\/notibras\/"]},{"@type":"Person","@id":"https:\/\/www.notibras.com\/site\/#\/schema\/person\/36ab0979449956132d3e5b517ea76ac8","name":"Reda\u00e7\u00e3o","image":{"@type":"ImageObject","inLanguage":"pt-BR","@id":"https:\/\/secure.gravatar.com\/avatar\/e0a867bdedb85fd243eadf09663511f96fc81e0720a4a42581f334ad4303aa6b?s=96&d=mm&r=g","url":"https:\/\/secure.gravatar.com\/avatar\/e0a867bdedb85fd243eadf09663511f96fc81e0720a4a42581f334ad4303aa6b?s=96&d=mm&r=g","contentUrl":"https:\/\/secure.gravatar.com\/avatar\/e0a867bdedb85fd243eadf09663511f96fc81e0720a4a42581f334ad4303aa6b?s=96&d=mm&r=g","caption":"Reda\u00e7\u00e3o"}}]}},"amp_enabled":true,"_links":{"self":[{"href":"https:\/\/www.notibras.com\/site\/wp-json\/wp\/v2\/posts\/11286","targetHints":{"allow":["GET"]}}],"collection":[{"href":"https:\/\/www.notibras.com\/site\/wp-json\/wp\/v2\/posts"}],"about":[{"href":"https:\/\/www.notibras.com\/site\/wp-json\/wp\/v2\/types\/post"}],"author":[{"embeddable":true,"href":"https:\/\/www.notibras.com\/site\/wp-json\/wp\/v2\/users\/2"}],"replies":[{"embeddable":true,"href":"https:\/\/www.notibras.com\/site\/wp-json\/wp\/v2\/comments?post=11286"}],"version-history":[{"count":0,"href":"https:\/\/www.notibras.com\/site\/wp-json\/wp\/v2\/posts\/11286\/revisions"}],"wp:featuredmedia":[{"embeddable":true,"href":"https:\/\/www.notibras.com\/site\/wp-json\/wp\/v2\/media\/11287"}],"wp:attachment":[{"href":"https:\/\/www.notibras.com\/site\/wp-json\/wp\/v2\/media?parent=11286"}],"wp:term":[{"taxonomy":"category","embeddable":true,"href":"https:\/\/www.notibras.com\/site\/wp-json\/wp\/v2\/categories?post=11286"},{"taxonomy":"post_tag","embeddable":true,"href":"https:\/\/www.notibras.com\/site\/wp-json\/wp\/v2\/tags?post=11286"}],"curies":[{"name":"wp","href":"https:\/\/api.w.org\/{rel}","templated":true}]}}