{"id":112898,"date":"2016-08-22T07:36:36","date_gmt":"2016-08-22T10:36:36","guid":{"rendered":"http:\/\/www.notibras.com\/site\/?p=112898"},"modified":"2016-08-22T07:36:36","modified_gmt":"2016-08-22T10:36:36","slug":"empresas-comecam-a-entender-que-sao-parte-na-guerra-para-combater-a-corrupcao","status":"publish","type":"post","link":"https:\/\/www.notibras.com\/site\/empresas-comecam-a-entender-que-sao-parte-na-guerra-para-combater-a-corrupcao\/","title":{"rendered":"Empresas come\u00e7am a entender que s\u00e3o parte na guerra para combater a corrup\u00e7\u00e3o"},"content":{"rendered":"<p><strong>Rodrigo de Pinho Bertoccelli<\/strong><\/p>\n<p>Nunca se falou tanto em \u00e9tica e compliance (empresas agirem de acordo com as normas) como nos dias de hoje. At\u00e9 poucos anos atr\u00e1s, \u00e9tica era um campo do conhecimento exclusivo de professores e fil\u00f3sofos, mas hoje a palavra \u00e9tica \u00e9 utilizada por todos, e em quaisquer circunst\u00e2ncias, para justificar decis\u00f5es importantes da conviv\u00eancia e dos neg\u00f3cios. J\u00e1 o termo compliance aparece cada vez mais na m\u00eddia em raz\u00e3o dos recentes esc\u00e2ndalos de corrup\u00e7\u00e3o.<\/p>\n<p>Por essa raz\u00e3o, poder\u00edamos supor que seus significados sejam amplamente conhecidos. No entanto, o que se observa \u00e9 uma imprecis\u00e3o entre os conceitos de \u00e9tica e compliance, assim como uma falta de clareza sobre o papel das empresas no combate \u00e0 corrup\u00e7\u00e3o.<\/p>\n<p>Essa dificuldade decorre, por um lado, pelo fato de o conceito de compliance ser relativamente novo no Brasil. At\u00e9 h\u00e1 pouco tempo essa palavra estava restrita ao ambiente corporativo de setores altamente regulados, como as ind\u00fastrias financeiras e de sa\u00fade, ou ainda empresas multinacionais expostas a legisla\u00e7\u00f5es internacionais anticorrup\u00e7\u00e3o, como a lei americana FCPA (Foreign Corrupt Practices Act) e a lei do Reino Unido UK Bribery Act. Mesmo nesses casos, o uso do termo compliance no Brasil estava limitado aos profissionais das \u00e1reas ligadas a quest\u00f5es regulat\u00f3rias e advogados com uma forma\u00e7\u00e3o bastante espec\u00edfica.<\/p>\n<p>Em s\u00edntese, o termo compliance tem origem no verbo em ingl\u00eas to comply, que significa agir de acordo com a lei, uma instru\u00e7\u00e3o interna, um comando ou um pedido, ou seja, estar em compliance \u00e9 estar em conformidade com as regras e as normas jur\u00eddicas. Para isso, a empresa precisa implementar um programa que englobe esses aspectos e que permita aos colaboradores, fornecedores, clientes e a comunidade interagirem de forma \u00e9tica e transparente com a empresa no esquadro da lei.<br \/>\n<strong>\u00c9tica no mundo antigo<\/strong> &#8211; Agir na forma da lei talvez seja mais f\u00e1cil deduzir, mas o que significa agir de forma \u00e9tica? N\u00e3o \u00e9 uma tarefa simples conceituar essa palavra, que teve diferentes interpreta\u00e7\u00f5es ao longo da evolu\u00e7\u00e3o do pensamento ocidental, e, por essa raz\u00e3o, \u00e9 necess\u00e1rio resgatar em um voo panor\u00e2mico o seu alcance ao longo da hist\u00f3ria.<\/p>\n<p>O primeiro sentido proposto para a palavra \u00e9tica surge na Gr\u00e9cia antiga em torno de 350 a.C, sendo Arist\u00f3teles o seu maior expoente. Oportuno registrar que o conceito aristot\u00e9lico de \u00e9tica nada tem a ver com aquilo que lemos ou conhecemos como \u00e9tica no mundo moderno. Para Arist\u00f3teles, a \u00e9tica \u00e9 a avalia\u00e7\u00e3o da vida como um todo, uma reflex\u00e3o sobre toda uma trajet\u00f3ria de vida. Prova disso \u00e9 que em sua obra &#8220;\u00c9tica a Nic\u00f4maco&#8221;, Arist\u00f3teles sugere que a verdadeira an\u00e1lise \u00e9tica de uma pessoa s\u00f3 poderia acontecer depois de sua morte.<\/p>\n<p>Pois bem, se no conceito aristot\u00e9lico a \u00e9tica \u00e9 a avalia\u00e7\u00e3o da vida como um todo, ent\u00e3o a pergunta natural que surge \u00e9: O que uma vida precisa ter para ser considerada boa? Na esteira dessa perspectiva, a resposta grega \u00e9 o pleno desabrochar das pr\u00f3prias pot\u00eancias de uma pessoa, o que Arist\u00f3teles chamou de virtude, entendida como a convers\u00e3o em performance de um talento atrav\u00e9s da disciplina e do h\u00e1bito.<\/p>\n<p>Esse conceito de \u00e9tica partia da concep\u00e7\u00e3o de que viv\u00edamos em um mundo finito e ordenado chamado de cosmos. E neste mundo ter\u00edamos uma fun\u00e7\u00e3o pr\u00e9-estabelecida, pois, assim como os elementos da natureza seriam parte da mec\u00e2nica de um todo, o homem tamb\u00e9m teria uma finalidade determinada, de acordo com os seus pr\u00f3prios talentos, de modo que buscar a excel\u00eancia desses talentos seria a verdadeira raz\u00e3o \u00e9tica \u2013que, de certa forma, se confundia com o conceito grego de felicidade.<\/p>\n<p>O conceito aristot\u00e9lico de \u00e9tica passa por duas grandes rupturas ao longo da hist\u00f3ria da filosofia. A primeira, com o pensamento crist\u00e3o no qual o outro passa a ganhar destaque acompanhado de um conceito de igualdade, que n\u00e3o existia no mundo grego. Vale lembrar que, para Arist\u00f3teles, a pior forma de desigualdade \u00e9 tentar fazer duas coisas diferentes iguais.<\/p>\n<p>Em outras palavras, na hierarquia de valores gregos, aquele que fosse mais s\u00e1bio era mais importante que o menos s\u00e1bio, e este, no cumprimento de sua fun\u00e7\u00e3o c\u00f3smica, tinha obriga\u00e7\u00e3o de servir o primeiro para manter certa harmonia, fundamento pelo qual Arist\u00f3teles defendia em &#8220;\u00c9tica a Nic\u00f4maco&#8221; a escravid\u00e3o. Esse entendimento iria se contrapor aos princ\u00edpios de igualdade perante a Deus e de amar ao pr\u00f3ximo como a si mesmo, presentes no pensamento crist\u00e3o.<\/p>\n<p>Outra grande ruptura aos inventores da palavra \u00e9tica nasce com as descobertas cient\u00edficas de Cop\u00e9rnico, Galileu e Newton, atrav\u00e9s das quais aprendemos que, diferentemente do pensamento antigo, o universo n\u00e3o \u00e9 finito e ordenado. Mas qual a consequ\u00eancia dessa descoberta sob o aspecto \u00e9tico? Que a \u00e9tica passaria a ser um caminho para encontrar solu\u00e7\u00f5es de conviv\u00eancia sem o cosmos, ou seja, sem uma refer\u00eancia, mas a partir da nossa pr\u00f3pria delibera\u00e7\u00e3o e da nossa pr\u00f3pria intelig\u00eancia. Ent\u00e3o, a \u00e9tica, longe de ser uma tabela de certo e errado, deixa de ser o sentido de uma vida para ser o sentido de condutas isoladas, sendo, portanto, o esfor\u00e7o da raz\u00e3o para encontrar as melhores formas de conviv\u00eancia.<\/p>\n<p><strong>Melhores formas de agir<\/strong> &#8211; Ent\u00e3o, se no mundo moderno a \u00e9tica passa a ser uma reflex\u00e3o de como devemos agir, a pergunta decorrente \u00e9: Qual a melhor conduta? A primeira proposi\u00e7\u00e3o moderna sobre o que uma conduta precisa ter para ser boa \u00e9 o que a filosofia nomeia como consequencialista, e o mundo do capital, como \u00e9tica de resultado. Sob esse \u00e2ngulo, o que uma conduta precisa ter para ser boa \u00e9 simplesmente produzir bons resultados. Como patrono deste pensamento temos um consultor pol\u00edtico ainda muito influente, o pensador florentino Nicolau Maquiavel.<\/p>\n<p>Ora, se a melhor conduta \u00e9 aquela que produz o melhor resultado, ent\u00e3o qual o crit\u00e9rio para o melhor resultado? Para responder essa quest\u00e3o, duas grandes estruturas de pensamento surgem. A primeira corrente \u00e9 conhecida como pragmatismo e sustentar\u00e1 que a melhor conduta \u00e9 aquela pela qual atingimos os resultados planejados. Logo, ningu\u00e9m poderia dizer que agiu mal se atingiu os resultados que planejou.<\/p>\n<p>A segunda corrente, conhecida como utilitarismo e capitaneada pelo pensador ingl\u00eas John Stuart Mill, sustentou que o melhor resultado \u00e9 aquele que proporciona felicidade para o maior n\u00famero de pessoas. No mundo contempor\u00e2neo essas duas correntes consequencialistas se encontram na dial\u00e9tica empresarial entre a busca pelo lucro (pragmatismo) versus a responsabilidade social (utilitarismo).<\/p>\n<p>Ao longo da hist\u00f3ria do pensamento, o conceito \u00e9tico consequencialista enfrenta duras cr\u00edticas por considerar que nem sempre quando atingimos os resultados que almejamos proporcionamos a melhor conviv\u00eancia. E a partir dessa reflex\u00e3o nasce uma nova maneira de pensar a \u00e9tica, que a filosofia chamou de \u00e9tica de princ\u00edpios \u2013cujo grande nome de refer\u00eancia \u00e9 o pensador alem\u00e3o Immanuel Kant. Ao construir o conceito de boa vontade, Kant rompe o \u00faltimo paradigma moderno e defende que o valor da conduta n\u00e3o est\u00e1 nos seus resultados, mas na pr\u00f3pria conduta. Em outras palavras, a conduta deve valer pela pr\u00f3pria conduta.<\/p>\n<p><strong>Compliance x estrat\u00e9gia<\/strong> &#8211; Nesse compasso, um programa de compliance para que seja efetivo precisa atribuir valor \u00e0 conduta da empresa em sua atua\u00e7\u00e3o no mercado. A pr\u00e1tica corporativa da reflex\u00e3o antes da a\u00e7\u00e3o, acompanhada da pondera\u00e7\u00e3o entre os interesses individuais e os coletivos, s\u00e3o a materializa\u00e7\u00e3o de um agir com \u00e9tica no mundo empresarial. De nada adianta construir um &#8220;c\u00f3digo de \u00e9tica&#8221; baseado em integridade e transpar\u00eancia ao mesmo tempo em que um dos valores da empresa \u00e9 o foco em resultado.<\/p>\n<p>Ora, se o foco est\u00e1 no resultado, a aten\u00e7\u00e3o n\u00e3o est\u00e1 na conduta. De nada adianta ter como valor a honestidade se a m\u00e9trica para aferir os resultados de seus executivos pressup\u00f5e metas que para ser atingidas demandariam a\u00e7\u00f5es ilegais ou anti\u00e9ticas.<\/p>\n<p>Um programa de compliance \u00e9 um sistema complexo e organizado de procedimentos que deve ser coerente com a estrat\u00e9gia da empresa. Al\u00e9m disso, deve contar com o efetivo comprometimento de sua lideran\u00e7a para disseminar um ambiente de integridade, bem como prevenir, detectar e corrigir atos n\u00e3o condizentes com os princ\u00edpios da empresa.<\/p>\n<p>Assim, a sociedade come\u00e7a a perceber que o resultado pragm\u00e1tico do lucro n\u00e3o \u00e9 exclusivamente a medida de um bom neg\u00f3cio. O novo desafio est\u00e1 em criar lucro fundamentado em boas pr\u00e1ticas e com transpar\u00eancia.<\/p>\n<p>Ao mesmo tempo, as empresas come\u00e7am a compreender que s\u00e3o parte da solu\u00e7\u00e3o para o combate \u00e0 corrup\u00e7\u00e3o. Al\u00e9m de ser nociva para todos, as san\u00e7\u00f5es decorrentes de pr\u00e1ticas de corrup\u00e7\u00e3o n\u00e3o representam apenas significativos riscos legais e financeiros, mas valores como \u00e9tica e integridade passam a ter real valor de mercado e, sem esses valores, talvez as empresas n\u00e3o mais sobrevivam diante de uma nova cultura empresarial que est\u00e1 sendo debatida em todo o mundo.<\/p>\n","protected":false},"excerpt":{"rendered":"<p>Rodrigo de Pinho Bertoccelli Nunca se falou tanto em \u00e9tica e compliance (empresas agirem de acordo com as normas) como nos dias de hoje. At\u00e9 poucos anos atr\u00e1s, \u00e9tica era um campo do conhecimento exclusivo de professores e fil\u00f3sofos, mas hoje a palavra \u00e9tica \u00e9 utilizada por todos, e em quaisquer circunst\u00e2ncias, para justificar decis\u00f5es [&hellip;]<\/p>\n","protected":false},"author":2,"featured_media":112899,"comment_status":"open","ping_status":"closed","sticky":false,"template":"","format":"standard","meta":{"_acf_changed":false,"footnotes":""},"categories":[25],"tags":[],"class_list":["post-112898","post","type-post","status-publish","format-standard","has-post-thumbnail","hentry","category-opina-ai"],"acf":[],"yoast_head":"<!-- This site is optimized with the Yoast SEO plugin v27.5 - https:\/\/yoast.com\/product\/yoast-seo-wordpress\/ -->\n<title>Empresas come\u00e7am a entender que s\u00e3o parte na guerra para combater a corrup\u00e7\u00e3o - Notibras<\/title>\n<meta name=\"robots\" content=\"index, follow, max-snippet:-1, max-image-preview:large, max-video-preview:-1\" \/>\n<link rel=\"canonical\" href=\"https:\/\/www.notibras.com\/site\/empresas-comecam-a-entender-que-sao-parte-na-guerra-para-combater-a-corrupcao\/\" \/>\n<meta property=\"og:locale\" content=\"pt_BR\" \/>\n<meta property=\"og:type\" content=\"article\" \/>\n<meta property=\"og:title\" content=\"Empresas come\u00e7am a entender que s\u00e3o parte na guerra para combater a corrup\u00e7\u00e3o - Notibras\" \/>\n<meta property=\"og:description\" content=\"Rodrigo de Pinho Bertoccelli Nunca se falou tanto em \u00e9tica e compliance (empresas agirem de acordo com as normas) como nos dias de hoje. At\u00e9 poucos anos atr\u00e1s, \u00e9tica era um campo do conhecimento exclusivo de professores e fil\u00f3sofos, mas hoje a palavra \u00e9tica \u00e9 utilizada por todos, e em quaisquer circunst\u00e2ncias, para justificar decis\u00f5es [&hellip;]\" \/>\n<meta property=\"og:url\" content=\"https:\/\/www.notibras.com\/site\/empresas-comecam-a-entender-que-sao-parte-na-guerra-para-combater-a-corrupcao\/\" \/>\n<meta property=\"og:site_name\" content=\"Notibras\" \/>\n<meta property=\"article:publisher\" content=\"https:\/\/www.facebook.com\/notibras\/\" \/>\n<meta property=\"article:published_time\" content=\"2016-08-22T10:36:36+00:00\" \/>\n<meta property=\"og:image\" content=\"https:\/\/www.notibras.com\/site\/wp-content\/uploads\/2016\/08\/corrupcaomaos.jpg\" \/>\n\t<meta property=\"og:image:width\" content=\"597\" \/>\n\t<meta property=\"og:image:height\" content=\"336\" \/>\n\t<meta property=\"og:image:type\" content=\"image\/jpeg\" \/>\n<meta name=\"author\" content=\"Reda\u00e7\u00e3o\" \/>\n<meta name=\"twitter:card\" content=\"summary_large_image\" \/>\n<meta name=\"twitter:creator\" content=\"@Notibras\" \/>\n<meta name=\"twitter:site\" content=\"@Notibras\" \/>\n<meta name=\"twitter:label1\" content=\"Escrito por\" \/>\n\t<meta name=\"twitter:data1\" content=\"Reda\u00e7\u00e3o\" \/>\n\t<meta name=\"twitter:label2\" content=\"Est. tempo de leitura\" \/>\n\t<meta name=\"twitter:data2\" content=\"8 minutos\" \/>\n<script type=\"application\/ld+json\" class=\"yoast-schema-graph\">{\"@context\":\"https:\\\/\\\/schema.org\",\"@graph\":[{\"@type\":\"Article\",\"@id\":\"https:\\\/\\\/www.notibras.com\\\/site\\\/empresas-comecam-a-entender-que-sao-parte-na-guerra-para-combater-a-corrupcao\\\/#article\",\"isPartOf\":{\"@id\":\"https:\\\/\\\/www.notibras.com\\\/site\\\/empresas-comecam-a-entender-que-sao-parte-na-guerra-para-combater-a-corrupcao\\\/\"},\"author\":{\"name\":\"Reda\u00e7\u00e3o\",\"@id\":\"https:\\\/\\\/www.notibras.com\\\/site\\\/#\\\/schema\\\/person\\\/36ab0979449956132d3e5b517ea76ac8\"},\"headline\":\"Empresas come\u00e7am a entender que s\u00e3o parte na guerra para combater a corrup\u00e7\u00e3o\",\"datePublished\":\"2016-08-22T10:36:36+00:00\",\"mainEntityOfPage\":{\"@id\":\"https:\\\/\\\/www.notibras.com\\\/site\\\/empresas-comecam-a-entender-que-sao-parte-na-guerra-para-combater-a-corrupcao\\\/\"},\"wordCount\":1588,\"commentCount\":0,\"publisher\":{\"@id\":\"https:\\\/\\\/www.notibras.com\\\/site\\\/#organization\"},\"image\":{\"@id\":\"https:\\\/\\\/www.notibras.com\\\/site\\\/empresas-comecam-a-entender-que-sao-parte-na-guerra-para-combater-a-corrupcao\\\/#primaryimage\"},\"thumbnailUrl\":\"https:\\\/\\\/www.notibras.com\\\/site\\\/wp-content\\\/uploads\\\/2016\\\/08\\\/corrupcaomaos.jpg\",\"articleSection\":[\"Opina a\u00ed\"],\"inLanguage\":\"pt-BR\",\"potentialAction\":[{\"@type\":\"CommentAction\",\"name\":\"Comment\",\"target\":[\"https:\\\/\\\/www.notibras.com\\\/site\\\/empresas-comecam-a-entender-que-sao-parte-na-guerra-para-combater-a-corrupcao\\\/#respond\"]}]},{\"@type\":\"WebPage\",\"@id\":\"https:\\\/\\\/www.notibras.com\\\/site\\\/empresas-comecam-a-entender-que-sao-parte-na-guerra-para-combater-a-corrupcao\\\/\",\"url\":\"https:\\\/\\\/www.notibras.com\\\/site\\\/empresas-comecam-a-entender-que-sao-parte-na-guerra-para-combater-a-corrupcao\\\/\",\"name\":\"Empresas come\u00e7am a entender que s\u00e3o parte na guerra para combater a corrup\u00e7\u00e3o - Notibras\",\"isPartOf\":{\"@id\":\"https:\\\/\\\/www.notibras.com\\\/site\\\/#website\"},\"primaryImageOfPage\":{\"@id\":\"https:\\\/\\\/www.notibras.com\\\/site\\\/empresas-comecam-a-entender-que-sao-parte-na-guerra-para-combater-a-corrupcao\\\/#primaryimage\"},\"image\":{\"@id\":\"https:\\\/\\\/www.notibras.com\\\/site\\\/empresas-comecam-a-entender-que-sao-parte-na-guerra-para-combater-a-corrupcao\\\/#primaryimage\"},\"thumbnailUrl\":\"https:\\\/\\\/www.notibras.com\\\/site\\\/wp-content\\\/uploads\\\/2016\\\/08\\\/corrupcaomaos.jpg\",\"datePublished\":\"2016-08-22T10:36:36+00:00\",\"breadcrumb\":{\"@id\":\"https:\\\/\\\/www.notibras.com\\\/site\\\/empresas-comecam-a-entender-que-sao-parte-na-guerra-para-combater-a-corrupcao\\\/#breadcrumb\"},\"inLanguage\":\"pt-BR\",\"potentialAction\":[{\"@type\":\"ReadAction\",\"target\":[\"https:\\\/\\\/www.notibras.com\\\/site\\\/empresas-comecam-a-entender-que-sao-parte-na-guerra-para-combater-a-corrupcao\\\/\"]}]},{\"@type\":\"ImageObject\",\"inLanguage\":\"pt-BR\",\"@id\":\"https:\\\/\\\/www.notibras.com\\\/site\\\/empresas-comecam-a-entender-que-sao-parte-na-guerra-para-combater-a-corrupcao\\\/#primaryimage\",\"url\":\"https:\\\/\\\/www.notibras.com\\\/site\\\/wp-content\\\/uploads\\\/2016\\\/08\\\/corrupcaomaos.jpg\",\"contentUrl\":\"https:\\\/\\\/www.notibras.com\\\/site\\\/wp-content\\\/uploads\\\/2016\\\/08\\\/corrupcaomaos.jpg\",\"width\":597,\"height\":336,\"caption\":\"Foto\\\/Arquivo Notibras\"},{\"@type\":\"BreadcrumbList\",\"@id\":\"https:\\\/\\\/www.notibras.com\\\/site\\\/empresas-comecam-a-entender-que-sao-parte-na-guerra-para-combater-a-corrupcao\\\/#breadcrumb\",\"itemListElement\":[{\"@type\":\"ListItem\",\"position\":1,\"name\":\"In\u00edcio\",\"item\":\"https:\\\/\\\/www.notibras.com\\\/site\\\/\"},{\"@type\":\"ListItem\",\"position\":2,\"name\":\"Empresas come\u00e7am a entender que s\u00e3o parte na guerra para combater a corrup\u00e7\u00e3o\"}]},{\"@type\":\"WebSite\",\"@id\":\"https:\\\/\\\/www.notibras.com\\\/site\\\/#website\",\"url\":\"https:\\\/\\\/www.notibras.com\\\/site\\\/\",\"name\":\"Notibras\",\"description\":\"Not\u00edcias de Bras\u00edlia, do Brasil e do Mundo\",\"publisher\":{\"@id\":\"https:\\\/\\\/www.notibras.com\\\/site\\\/#organization\"},\"potentialAction\":[{\"@type\":\"SearchAction\",\"target\":{\"@type\":\"EntryPoint\",\"urlTemplate\":\"https:\\\/\\\/www.notibras.com\\\/site\\\/?s={search_term_string}\"},\"query-input\":{\"@type\":\"PropertyValueSpecification\",\"valueRequired\":true,\"valueName\":\"search_term_string\"}}],\"inLanguage\":\"pt-BR\"},{\"@type\":\"Organization\",\"@id\":\"https:\\\/\\\/www.notibras.com\\\/site\\\/#organization\",\"name\":\"Grupo Notibras de Comunica\u00e7\u00e3o\",\"url\":\"https:\\\/\\\/www.notibras.com\\\/site\\\/\",\"logo\":{\"@type\":\"ImageObject\",\"inLanguage\":\"pt-BR\",\"@id\":\"https:\\\/\\\/www.notibras.com\\\/site\\\/#\\\/schema\\\/logo\\\/image\\\/\",\"url\":\"https:\\\/\\\/www.notibras.com\\\/site\\\/wp-content\\\/uploads\\\/2023\\\/01\\\/notibras23.png\",\"contentUrl\":\"https:\\\/\\\/www.notibras.com\\\/site\\\/wp-content\\\/uploads\\\/2023\\\/01\\\/notibras23.png\",\"width\":350,\"height\":87,\"caption\":\"Grupo Notibras de Comunica\u00e7\u00e3o\"},\"image\":{\"@id\":\"https:\\\/\\\/www.notibras.com\\\/site\\\/#\\\/schema\\\/logo\\\/image\\\/\"},\"sameAs\":[\"https:\\\/\\\/www.facebook.com\\\/notibras\\\/\",\"https:\\\/\\\/x.com\\\/Notibras\",\"https:\\\/\\\/www.instagram.com\\\/notibras\\\/\"]},{\"@type\":\"Person\",\"@id\":\"https:\\\/\\\/www.notibras.com\\\/site\\\/#\\\/schema\\\/person\\\/36ab0979449956132d3e5b517ea76ac8\",\"name\":\"Reda\u00e7\u00e3o\",\"image\":{\"@type\":\"ImageObject\",\"inLanguage\":\"pt-BR\",\"@id\":\"https:\\\/\\\/secure.gravatar.com\\\/avatar\\\/e0a867bdedb85fd243eadf09663511f96fc81e0720a4a42581f334ad4303aa6b?s=96&d=mm&r=g\",\"url\":\"https:\\\/\\\/secure.gravatar.com\\\/avatar\\\/e0a867bdedb85fd243eadf09663511f96fc81e0720a4a42581f334ad4303aa6b?s=96&d=mm&r=g\",\"contentUrl\":\"https:\\\/\\\/secure.gravatar.com\\\/avatar\\\/e0a867bdedb85fd243eadf09663511f96fc81e0720a4a42581f334ad4303aa6b?s=96&d=mm&r=g\",\"caption\":\"Reda\u00e7\u00e3o\"}}]}<\/script>\n<!-- \/ Yoast SEO plugin. -->","yoast_head_json":{"title":"Empresas come\u00e7am a entender que s\u00e3o parte na guerra para combater a corrup\u00e7\u00e3o - Notibras","robots":{"index":"index","follow":"follow","max-snippet":"max-snippet:-1","max-image-preview":"max-image-preview:large","max-video-preview":"max-video-preview:-1"},"canonical":"https:\/\/www.notibras.com\/site\/empresas-comecam-a-entender-que-sao-parte-na-guerra-para-combater-a-corrupcao\/","og_locale":"pt_BR","og_type":"article","og_title":"Empresas come\u00e7am a entender que s\u00e3o parte na guerra para combater a corrup\u00e7\u00e3o - Notibras","og_description":"Rodrigo de Pinho Bertoccelli Nunca se falou tanto em \u00e9tica e compliance (empresas agirem de acordo com as normas) como nos dias de hoje. At\u00e9 poucos anos atr\u00e1s, \u00e9tica era um campo do conhecimento exclusivo de professores e fil\u00f3sofos, mas hoje a palavra \u00e9tica \u00e9 utilizada por todos, e em quaisquer circunst\u00e2ncias, para justificar decis\u00f5es [&hellip;]","og_url":"https:\/\/www.notibras.com\/site\/empresas-comecam-a-entender-que-sao-parte-na-guerra-para-combater-a-corrupcao\/","og_site_name":"Notibras","article_publisher":"https:\/\/www.facebook.com\/notibras\/","article_published_time":"2016-08-22T10:36:36+00:00","og_image":[{"width":597,"height":336,"url":"https:\/\/www.notibras.com\/site\/wp-content\/uploads\/2016\/08\/corrupcaomaos.jpg","type":"image\/jpeg"}],"author":"Reda\u00e7\u00e3o","twitter_card":"summary_large_image","twitter_creator":"@Notibras","twitter_site":"@Notibras","twitter_misc":{"Escrito por":"Reda\u00e7\u00e3o","Est. tempo de leitura":"8 minutos"},"schema":{"@context":"https:\/\/schema.org","@graph":[{"@type":"Article","@id":"https:\/\/www.notibras.com\/site\/empresas-comecam-a-entender-que-sao-parte-na-guerra-para-combater-a-corrupcao\/#article","isPartOf":{"@id":"https:\/\/www.notibras.com\/site\/empresas-comecam-a-entender-que-sao-parte-na-guerra-para-combater-a-corrupcao\/"},"author":{"name":"Reda\u00e7\u00e3o","@id":"https:\/\/www.notibras.com\/site\/#\/schema\/person\/36ab0979449956132d3e5b517ea76ac8"},"headline":"Empresas come\u00e7am a entender que s\u00e3o parte na guerra para combater a corrup\u00e7\u00e3o","datePublished":"2016-08-22T10:36:36+00:00","mainEntityOfPage":{"@id":"https:\/\/www.notibras.com\/site\/empresas-comecam-a-entender-que-sao-parte-na-guerra-para-combater-a-corrupcao\/"},"wordCount":1588,"commentCount":0,"publisher":{"@id":"https:\/\/www.notibras.com\/site\/#organization"},"image":{"@id":"https:\/\/www.notibras.com\/site\/empresas-comecam-a-entender-que-sao-parte-na-guerra-para-combater-a-corrupcao\/#primaryimage"},"thumbnailUrl":"https:\/\/www.notibras.com\/site\/wp-content\/uploads\/2016\/08\/corrupcaomaos.jpg","articleSection":["Opina a\u00ed"],"inLanguage":"pt-BR","potentialAction":[{"@type":"CommentAction","name":"Comment","target":["https:\/\/www.notibras.com\/site\/empresas-comecam-a-entender-que-sao-parte-na-guerra-para-combater-a-corrupcao\/#respond"]}]},{"@type":"WebPage","@id":"https:\/\/www.notibras.com\/site\/empresas-comecam-a-entender-que-sao-parte-na-guerra-para-combater-a-corrupcao\/","url":"https:\/\/www.notibras.com\/site\/empresas-comecam-a-entender-que-sao-parte-na-guerra-para-combater-a-corrupcao\/","name":"Empresas come\u00e7am a entender que s\u00e3o parte na guerra para combater a corrup\u00e7\u00e3o - Notibras","isPartOf":{"@id":"https:\/\/www.notibras.com\/site\/#website"},"primaryImageOfPage":{"@id":"https:\/\/www.notibras.com\/site\/empresas-comecam-a-entender-que-sao-parte-na-guerra-para-combater-a-corrupcao\/#primaryimage"},"image":{"@id":"https:\/\/www.notibras.com\/site\/empresas-comecam-a-entender-que-sao-parte-na-guerra-para-combater-a-corrupcao\/#primaryimage"},"thumbnailUrl":"https:\/\/www.notibras.com\/site\/wp-content\/uploads\/2016\/08\/corrupcaomaos.jpg","datePublished":"2016-08-22T10:36:36+00:00","breadcrumb":{"@id":"https:\/\/www.notibras.com\/site\/empresas-comecam-a-entender-que-sao-parte-na-guerra-para-combater-a-corrupcao\/#breadcrumb"},"inLanguage":"pt-BR","potentialAction":[{"@type":"ReadAction","target":["https:\/\/www.notibras.com\/site\/empresas-comecam-a-entender-que-sao-parte-na-guerra-para-combater-a-corrupcao\/"]}]},{"@type":"ImageObject","inLanguage":"pt-BR","@id":"https:\/\/www.notibras.com\/site\/empresas-comecam-a-entender-que-sao-parte-na-guerra-para-combater-a-corrupcao\/#primaryimage","url":"https:\/\/www.notibras.com\/site\/wp-content\/uploads\/2016\/08\/corrupcaomaos.jpg","contentUrl":"https:\/\/www.notibras.com\/site\/wp-content\/uploads\/2016\/08\/corrupcaomaos.jpg","width":597,"height":336,"caption":"Foto\/Arquivo Notibras"},{"@type":"BreadcrumbList","@id":"https:\/\/www.notibras.com\/site\/empresas-comecam-a-entender-que-sao-parte-na-guerra-para-combater-a-corrupcao\/#breadcrumb","itemListElement":[{"@type":"ListItem","position":1,"name":"In\u00edcio","item":"https:\/\/www.notibras.com\/site\/"},{"@type":"ListItem","position":2,"name":"Empresas come\u00e7am a entender que s\u00e3o parte na guerra para combater a corrup\u00e7\u00e3o"}]},{"@type":"WebSite","@id":"https:\/\/www.notibras.com\/site\/#website","url":"https:\/\/www.notibras.com\/site\/","name":"Notibras","description":"Not\u00edcias de Bras\u00edlia, do Brasil e do Mundo","publisher":{"@id":"https:\/\/www.notibras.com\/site\/#organization"},"potentialAction":[{"@type":"SearchAction","target":{"@type":"EntryPoint","urlTemplate":"https:\/\/www.notibras.com\/site\/?s={search_term_string}"},"query-input":{"@type":"PropertyValueSpecification","valueRequired":true,"valueName":"search_term_string"}}],"inLanguage":"pt-BR"},{"@type":"Organization","@id":"https:\/\/www.notibras.com\/site\/#organization","name":"Grupo Notibras de Comunica\u00e7\u00e3o","url":"https:\/\/www.notibras.com\/site\/","logo":{"@type":"ImageObject","inLanguage":"pt-BR","@id":"https:\/\/www.notibras.com\/site\/#\/schema\/logo\/image\/","url":"https:\/\/www.notibras.com\/site\/wp-content\/uploads\/2023\/01\/notibras23.png","contentUrl":"https:\/\/www.notibras.com\/site\/wp-content\/uploads\/2023\/01\/notibras23.png","width":350,"height":87,"caption":"Grupo Notibras de Comunica\u00e7\u00e3o"},"image":{"@id":"https:\/\/www.notibras.com\/site\/#\/schema\/logo\/image\/"},"sameAs":["https:\/\/www.facebook.com\/notibras\/","https:\/\/x.com\/Notibras","https:\/\/www.instagram.com\/notibras\/"]},{"@type":"Person","@id":"https:\/\/www.notibras.com\/site\/#\/schema\/person\/36ab0979449956132d3e5b517ea76ac8","name":"Reda\u00e7\u00e3o","image":{"@type":"ImageObject","inLanguage":"pt-BR","@id":"https:\/\/secure.gravatar.com\/avatar\/e0a867bdedb85fd243eadf09663511f96fc81e0720a4a42581f334ad4303aa6b?s=96&d=mm&r=g","url":"https:\/\/secure.gravatar.com\/avatar\/e0a867bdedb85fd243eadf09663511f96fc81e0720a4a42581f334ad4303aa6b?s=96&d=mm&r=g","contentUrl":"https:\/\/secure.gravatar.com\/avatar\/e0a867bdedb85fd243eadf09663511f96fc81e0720a4a42581f334ad4303aa6b?s=96&d=mm&r=g","caption":"Reda\u00e7\u00e3o"}}]}},"amp_enabled":true,"_links":{"self":[{"href":"https:\/\/www.notibras.com\/site\/wp-json\/wp\/v2\/posts\/112898","targetHints":{"allow":["GET"]}}],"collection":[{"href":"https:\/\/www.notibras.com\/site\/wp-json\/wp\/v2\/posts"}],"about":[{"href":"https:\/\/www.notibras.com\/site\/wp-json\/wp\/v2\/types\/post"}],"author":[{"embeddable":true,"href":"https:\/\/www.notibras.com\/site\/wp-json\/wp\/v2\/users\/2"}],"replies":[{"embeddable":true,"href":"https:\/\/www.notibras.com\/site\/wp-json\/wp\/v2\/comments?post=112898"}],"version-history":[{"count":1,"href":"https:\/\/www.notibras.com\/site\/wp-json\/wp\/v2\/posts\/112898\/revisions"}],"predecessor-version":[{"id":112900,"href":"https:\/\/www.notibras.com\/site\/wp-json\/wp\/v2\/posts\/112898\/revisions\/112900"}],"wp:featuredmedia":[{"embeddable":true,"href":"https:\/\/www.notibras.com\/site\/wp-json\/wp\/v2\/media\/112899"}],"wp:attachment":[{"href":"https:\/\/www.notibras.com\/site\/wp-json\/wp\/v2\/media?parent=112898"}],"wp:term":[{"taxonomy":"category","embeddable":true,"href":"https:\/\/www.notibras.com\/site\/wp-json\/wp\/v2\/categories?post=112898"},{"taxonomy":"post_tag","embeddable":true,"href":"https:\/\/www.notibras.com\/site\/wp-json\/wp\/v2\/tags?post=112898"}],"curies":[{"name":"wp","href":"https:\/\/api.w.org\/{rel}","templated":true}]}}