{"id":112940,"date":"2016-08-23T06:00:44","date_gmt":"2016-08-23T09:00:44","guid":{"rendered":"http:\/\/www.notibras.com\/site\/?p=112940"},"modified":"2016-08-22T18:27:29","modified_gmt":"2016-08-22T21:27:29","slug":"hora-de-lembrar-leon-trotsky-a-carta-de-getulio-vargas-e-o-golpismo-imperial","status":"publish","type":"post","link":"https:\/\/www.notibras.com\/site\/hora-de-lembrar-leon-trotsky-a-carta-de-getulio-vargas-e-o-golpismo-imperial\/","title":{"rendered":"Hora de lembrar Leon Trotsky, a Carta de Get\u00falio Vargas e o golpismo imperial"},"content":{"rendered":"<p><strong>Beto Almeida<\/strong><\/p>\n<p>Foi num dia 20 de agosto como agora, em 1940, que foi assassinado no M\u00e9xico, a mando de Stalin, o fundador do Ex\u00e9rcito Vermelho e presidente do Soviet de Petrogrado, Leon Trotsty. A lembran\u00e7a n\u00e3o \u00e9 apenas homenagem \u00e0 sua vasta obra e sua vida, que j\u00e1 encontra na TV russa espa\u00e7os de difus\u00e3o, como por exemplo, na data de funda\u00e7\u00e3o do Ex\u00e9rcito Vermelho, em que foi transmitido, recentemente, o discurso de Trotsky naquela solenidade. Quem sabe seria uma mensagem de alerta ante as amea\u00e7as e agress\u00f5es que a R\u00fassia vem recebendo da parte do imperialismo e dos pa\u00edses da Otan?<\/p>\n<p>Ali\u00e1s, \u00e9 admir\u00e1vel a coordena\u00e7\u00e3o e coopera\u00e7\u00e3o crescentes, na esfera militar tamb\u00e9m, entre R\u00fassia e China, Russia e Ir\u00e3, Russia e S\u00edria e a alian\u00e7a entre R\u00fassia, Ir\u00e3, S\u00edria e Hezbolah para enfrentar as agress\u00f5es terroristas apoiadas pelo imperialismo visando o esquartejamento da S\u00edria, tal como se fez antes com a Yugosl\u00e1via, o Iraque e a L\u00edbia, neste caso at\u00e9 com o apoio de intelectuais franceses \u00e0 esquerda ecoando no tempo a pol\u00edtica dos comunistas franceses que n\u00e3o entenderam a Revolu\u00e7\u00e3o na Arg\u00e9lia.<\/p>\n<p>Mas, hoje, a men\u00e7\u00e3o a Trotsky decorre de uma an\u00e1lise por ele feita ao chegar ao seu ex\u00edlio mexicano, quando chamou a aten\u00e7\u00e3o para processos nacionalistas-revolucion\u00e1rios como os dirigidos por L\u00e1zaro C\u00e1rdenas, no pr\u00f3prio M\u00e9xico e por Get\u00falio Vargas, no Brasil. Ele os classificava como uma esp\u00e9cie de bonapartismo sui generis com potencial revolucion\u00e1rio, destacando que estes dois governos e movimentos atendiam parcialmente o programa do proletariado, referindo-se especificamente \u00e0 estatiza\u00e7\u00e3o do petr\u00f3leo, das ferrovias, dos minerais, a expans\u00e3o do voto \u00e0s mulheres e a legisla\u00e7\u00e3o trabalhista, num claro enfrentamento com o imperialismo e as oligarquias. E conclu\u00eda recomendando aos revolucion\u00e1rios que dessem apoio cr\u00edtico a C\u00e1rdenas e a Vargas.<\/p>\n<p>A reflex\u00e3o sobre esta men\u00e7\u00e3o colhe atualidade, hoje, em raz\u00e3o da importante publica\u00e7\u00e3o em Carta Maior, uma m\u00eddia de esquerda e petista, sem ser partidista, da Carta Testamento de Vargas, quando se busca, corretamente, fazer uma analogia hist\u00f3rica com os momentos que estamos vivendo no Brasil, com o golpe de estado em marcha, mesmo com caracter\u00edsticas diversificadas. Inequivocamente, trata-se de uma conspira\u00e7\u00e3o geopol\u00edtica, com matriz externa, visando interromper um processo de transforma\u00e7\u00e3o gradual no Brasil, digamos que uma esp\u00e9cie de reformismo progressista com forte potencial transformador social, e que projetava o Brasil para ser, concretamente, um protagonista na arena internacional, compondo com as for\u00e7as e pa\u00edses que se articulam para uma estrat\u00e9gia de resist\u00eancia ao imperialismo. E, mais que isto, organizando caminhos alternativos concretos, como a Celac, a Unasul, os Brics, o Mercosul.<\/p>\n<p>A escolha da Carta Testamento de Vargas \u2013 documento da maior import\u00e2ncia na hist\u00f3ria pol\u00edtica do Brasil, e que chegou a ser censurado pelos inimigos de trabalhismo, visando o retorno \u00e0 Rep\u00fablica Velha \u2013 tem absoluta sintonia pol\u00edtica nesta experi\u00eancia tr\u00e1gica que o povo brasileiro est\u00e1 vivendo com o governo golpista de Temer, pondo em marcha a segunda tentativa de destrui\u00e7\u00e3o da Era Vargas. A primeira, foi com Fernando Henrique Cardoso, que anunciou sem qualquer vergonha a sua inten\u00e7\u00e3o, confirmando a impress\u00e3o negativa que seu tio, o General Cardoso, um nacionalista e defensor da Petrobras, tinha dele.<\/p>\n<p>A iniciativa da Carta Maior \u00e9 ainda de maior relev\u00e2ncia se recordarmos a decisiva releitura dial\u00e9tica que Hugo Ch\u00e1vez \u2013 ele tamb\u00e9m um admirador de Trotsky, bem como de C\u00e1rdenas e de Vargas \u2013 fez de Simon Bol\u00edvar, colocando-o a caminhar pelas ruas de Caracas, nos di\u00e1logos de bairro do povo, reluzindo os versos das can\u00e7\u00f5es de Ali Primera, trilha sonora da Revolu\u00e7\u00e3o Bolivariana. Neste contexto, e na tentativa de criar uma grande uni\u00e3o de for\u00e7as progressistas e nacionais, n\u00e3o apenas de esquerda, para derrotar o golpe imperial contra Dilma, a recupera\u00e7\u00e3o da Carta de Vargas como instrumento de unifica\u00e7\u00e3o popular \u00e9 um gesto certeiro. \u00c9 um come\u00e7o. N\u00e3o se podem assegurar tantas conquistas como as da Era Vargas (Petrobras, Eletrobras, BNDES, CLT, Previd\u00eancia Social, Voz do Brasil, etc) sem conquistarmos esta unidade para fazer frente ao governo exterminador do futuro.<\/p>\n<p>Durante muito tempo, hostilizou-se, nas fileiras da esquerda, e do PT em particular, a figura de Vargas, bem como de seus continuadores, Jango e Brizola. Pois agora, como alerta a iniciativa de Carta Maior, estamos todos assediados pela mesma voracidade rapinadora, pelas mesmas for\u00e7as destrutivas. E sem unidade em torno do projeto de emancipa\u00e7\u00e3o do Brasil Na\u00e7\u00e3o \u2013 e Vargas tinha um projeto \u2013 n\u00e3o poderemos organizar todas as for\u00e7as de progressistas, intelectuais, nacionalistas, militares ou n\u00e3o, juntando-as aos sindicatos de trabalhadores e aos movimentos sociais.<\/p>\n<p>Como defender o programa nuclear, outra heran\u00e7a da Era Vargas, garantir a constru\u00e7\u00e3o do submarino nuclear, sem o que n\u00e3o haver\u00e1 soberania brasileira sobre o petr\u00f3leo pr\u00e9-sal? Como assegurar que a ind\u00fastria defesa brasileira, que foi bastante demolida por FHC, mas retomou um curso construtivo com Lula e Dilma, n\u00e3o seja canibalizada e internacionalizada, especialmente num mundo de intervencionismo militar imperial crescente? Ser\u00e1 esta uma tarefa apenas de sindicatos de trabalhadores, ou, pela sua grandeza e complexidade, exige tamb\u00e9m a participa\u00e7\u00e3o das empresas de engenharia nacional (hoje atacadas pelo golpismo) e dos nacionalistas, civis e militares?<\/p>\n<p>Lula, que teria dito algum dia ser a CLT uma esp\u00e9cie de AI-5 da classe trabalhadora, j\u00e1 revisou, em boa medida, corretamente, a avalia\u00e7\u00e3o hist\u00f3rica que fazia de Vargas. Hoje, denuncia, que o golpe veio para destruir os direitos dos trabalhadores, a CLT. Quando um documento tem pegada hist\u00f3rica, como a Carta Testamento, mesmo que passem anos e anos, sua atualidade e sua convoca\u00e7\u00e3o para uma uni\u00e3o nacional, permanecem vigentes. Bem como aquelas an\u00e1lises de Trotsky sobre o sentido anti-imperialista dos governos de C\u00e1rdenas e Vargas. H\u00e1 muitas formas de fazer revis\u00e3o e arrisco lembrar que o saudoso Luiz Carlos Prestes, tamb\u00e9m fez, com gestos, a sua.<\/p>\n<p>No dia 24 de agosto de 1954, o jornal Tribuna Popular, do PCB, trazia na manchete de capa Prestes pedindo a ren\u00fancia de Get\u00falio Vargas, impressionado com a manipulad\u00edssima campanha \u201cMar de Lama sob o Catete\u201d. Quando o tiro ecoou do Catete e as massas expressaram sua leg\u00edtima f\u00faria, sua ira santa, empastelando os jornais golpistas, os s\u00edmbolos do imp\u00e9rio, a dire\u00e7\u00e3o do PCB mandou recolher apressadamente o Tribuna Popular das bancas, para que a proposta de Prestes n\u00e3o circulasse. Confrontava absolutamente com a leg\u00edtima ira popular, ira que expressa a correta avalia\u00e7\u00e3o hist\u00f3rica sobre Vargas, tal como mencionara Trotsky, que ganhava raz\u00e3o ali, nas ruas do Brasil. O povo percebeu que a morte de Vargas era resultado de uma a\u00e7\u00e3o dos inimigos do povo brasileiro. Mais tarde, ensina a hist\u00f3ria, Prestes termina seus dias de homem digno como presidente de honra do PDT de Leonel Brizola, um partido varguista. Tenho muitos amigos que dizem que \u201cfoi a \u00fanica vez que vi meu pai chorar\u201d<\/p>\n<p>As declara\u00e7\u00f5es positivas de Lula sobre Vargas, inclusive criando, por decreto presidencial, a Semana Get\u00falio Vargas, em cuja exposi\u00e7\u00e3o de motivos se menciona ter sido aquele o mais importante presidente brasileiro, deve ser t\u00e3o conhecida como a pr\u00f3pria Carta de Vargas. Hoje, dramaticamente, ela nos convoca a uma uni\u00e3o como \u00fanica possibilidade hist\u00f3rica de revers\u00e3o do golpismo demolidor imperial. Esta \u00e9 a grande percep\u00e7\u00e3o de Carta Maior, que, com coragem, recomenda a leitura da Carta de Vargas em ambientes que hostilizaram, injustamente, o presidente ga\u00facho, assim como se deve recomendar, tamb\u00e9m, escutar a can\u00e7\u00e3o \u201cDr Get\u00falio\u201d, composta por Chico Buarque e Edu Lobo, na voz de Beth Carvalho, revelando a s\u00edntese hist\u00f3rica que precisamos construir conscientemente.<\/p>\n<p>Estou entre aqueles que apontam o PT como um continuador inconsciente de Get\u00falio Vargas, a despeito da incompreens\u00e3o que ali ainda se cultiva, raz\u00e3o pela qual tamb\u00e9m sugiro \u00e0 Carta Maior, uma entrevista com o jornalista Jos\u00e9 Augusto Ribeiro, autor da trilogia \u201cEra Vargas\u201d, obra indispens\u00e1vel e sem concess\u00f5es de nenhum modo ao udenismo. Por isso, n\u00e3o foi badalada pelos meios e foi quase escondida totalmente pela ind\u00fastria editorial. Tal qual a censura sobre a Carta Testamento, documento que teria comovido muito a Fidel Castro, que o recebeu na pris\u00e3o.<\/p>\n<p>Num 20 de agosto como hoje, em 1940, no M\u00e9xico, foi assassinado Leon Trotsky, que entre outras coisas, recomendava aos revolucion\u00e1rios que apoiassem o governo Vargas, assediado, ent\u00e3o, pelo golpismo do imperialismo ingl\u00eas. Meu reconhecimento \u00e0 Carta Maior pela iniciativa de dar visibilidade a todos os instrumentos hist\u00f3ricos que possam construir uma ampla unidade nacional contra o golpismo imperial. E minha lembran\u00e7a de que Trotsky j\u00e1 acenava nesta mesma dire\u00e7\u00e3o, em 1940.<\/p>\n","protected":false},"excerpt":{"rendered":"<p>Beto Almeida Foi num dia 20 de agosto como agora, em 1940, que foi assassinado no M\u00e9xico, a mando de Stalin, o fundador do Ex\u00e9rcito Vermelho e presidente do Soviet de Petrogrado, Leon Trotsty. A lembran\u00e7a n\u00e3o \u00e9 apenas homenagem \u00e0 sua vasta obra e sua vida, que j\u00e1 encontra na TV russa espa\u00e7os de [&hellip;]<\/p>\n","protected":false},"author":2,"featured_media":112941,"comment_status":"open","ping_status":"closed","sticky":false,"template":"","format":"standard","meta":{"_acf_changed":false,"footnotes":""},"categories":[25],"tags":[],"class_list":["post-112940","post","type-post","status-publish","format-standard","has-post-thumbnail","hentry","category-opina-ai"],"acf":[],"yoast_head":"<!-- This site is optimized with the Yoast SEO plugin v27.5 - https:\/\/yoast.com\/product\/yoast-seo-wordpress\/ -->\n<title>Hora de lembrar Leon Trotsky, a Carta de Get\u00falio Vargas e o golpismo imperial - Notibras<\/title>\n<meta name=\"robots\" content=\"index, follow, max-snippet:-1, max-image-preview:large, max-video-preview:-1\" \/>\n<link rel=\"canonical\" href=\"https:\/\/www.notibras.com\/site\/hora-de-lembrar-leon-trotsky-a-carta-de-getulio-vargas-e-o-golpismo-imperial\/\" \/>\n<meta property=\"og:locale\" content=\"pt_BR\" \/>\n<meta property=\"og:type\" content=\"article\" \/>\n<meta property=\"og:title\" content=\"Hora de lembrar Leon Trotsky, a Carta de Get\u00falio Vargas e o golpismo imperial - Notibras\" \/>\n<meta property=\"og:description\" content=\"Beto Almeida Foi num dia 20 de agosto como agora, em 1940, que foi assassinado no M\u00e9xico, a mando de Stalin, o fundador do Ex\u00e9rcito Vermelho e presidente do Soviet de Petrogrado, Leon Trotsty. A lembran\u00e7a n\u00e3o \u00e9 apenas homenagem \u00e0 sua vasta obra e sua vida, que j\u00e1 encontra na TV russa espa\u00e7os de [&hellip;]\" \/>\n<meta property=\"og:url\" content=\"https:\/\/www.notibras.com\/site\/hora-de-lembrar-leon-trotsky-a-carta-de-getulio-vargas-e-o-golpismo-imperial\/\" \/>\n<meta property=\"og:site_name\" content=\"Notibras\" \/>\n<meta property=\"article:publisher\" content=\"https:\/\/www.facebook.com\/notibras\/\" \/>\n<meta property=\"article:published_time\" content=\"2016-08-23T09:00:44+00:00\" \/>\n<meta property=\"og:image\" content=\"https:\/\/www.notibras.com\/site\/wp-content\/uploads\/2016\/08\/red.png\" \/>\n\t<meta property=\"og:image:width\" content=\"640\" \/>\n\t<meta property=\"og:image:height\" content=\"430\" \/>\n\t<meta property=\"og:image:type\" content=\"image\/png\" \/>\n<meta name=\"author\" content=\"Reda\u00e7\u00e3o\" \/>\n<meta name=\"twitter:card\" content=\"summary_large_image\" \/>\n<meta name=\"twitter:creator\" content=\"@Notibras\" \/>\n<meta name=\"twitter:site\" content=\"@Notibras\" \/>\n<meta name=\"twitter:label1\" content=\"Escrito por\" \/>\n\t<meta name=\"twitter:data1\" content=\"Reda\u00e7\u00e3o\" \/>\n\t<meta name=\"twitter:label2\" content=\"Est. tempo de leitura\" \/>\n\t<meta name=\"twitter:data2\" content=\"8 minutos\" \/>\n<script type=\"application\/ld+json\" class=\"yoast-schema-graph\">{\"@context\":\"https:\\\/\\\/schema.org\",\"@graph\":[{\"@type\":\"Article\",\"@id\":\"https:\\\/\\\/www.notibras.com\\\/site\\\/hora-de-lembrar-leon-trotsky-a-carta-de-getulio-vargas-e-o-golpismo-imperial\\\/#article\",\"isPartOf\":{\"@id\":\"https:\\\/\\\/www.notibras.com\\\/site\\\/hora-de-lembrar-leon-trotsky-a-carta-de-getulio-vargas-e-o-golpismo-imperial\\\/\"},\"author\":{\"name\":\"Reda\u00e7\u00e3o\",\"@id\":\"https:\\\/\\\/www.notibras.com\\\/site\\\/#\\\/schema\\\/person\\\/36ab0979449956132d3e5b517ea76ac8\"},\"headline\":\"Hora de lembrar Leon Trotsky, a Carta de Get\u00falio Vargas e o golpismo imperial\",\"datePublished\":\"2016-08-23T09:00:44+00:00\",\"mainEntityOfPage\":{\"@id\":\"https:\\\/\\\/www.notibras.com\\\/site\\\/hora-de-lembrar-leon-trotsky-a-carta-de-getulio-vargas-e-o-golpismo-imperial\\\/\"},\"wordCount\":1552,\"commentCount\":0,\"publisher\":{\"@id\":\"https:\\\/\\\/www.notibras.com\\\/site\\\/#organization\"},\"image\":{\"@id\":\"https:\\\/\\\/www.notibras.com\\\/site\\\/hora-de-lembrar-leon-trotsky-a-carta-de-getulio-vargas-e-o-golpismo-imperial\\\/#primaryimage\"},\"thumbnailUrl\":\"https:\\\/\\\/www.notibras.com\\\/site\\\/wp-content\\\/uploads\\\/2016\\\/08\\\/red.png\",\"articleSection\":[\"Opina a\u00ed\"],\"inLanguage\":\"pt-BR\",\"potentialAction\":[{\"@type\":\"CommentAction\",\"name\":\"Comment\",\"target\":[\"https:\\\/\\\/www.notibras.com\\\/site\\\/hora-de-lembrar-leon-trotsky-a-carta-de-getulio-vargas-e-o-golpismo-imperial\\\/#respond\"]}]},{\"@type\":\"WebPage\",\"@id\":\"https:\\\/\\\/www.notibras.com\\\/site\\\/hora-de-lembrar-leon-trotsky-a-carta-de-getulio-vargas-e-o-golpismo-imperial\\\/\",\"url\":\"https:\\\/\\\/www.notibras.com\\\/site\\\/hora-de-lembrar-leon-trotsky-a-carta-de-getulio-vargas-e-o-golpismo-imperial\\\/\",\"name\":\"Hora de lembrar Leon Trotsky, a Carta de Get\u00falio Vargas e o golpismo imperial - Notibras\",\"isPartOf\":{\"@id\":\"https:\\\/\\\/www.notibras.com\\\/site\\\/#website\"},\"primaryImageOfPage\":{\"@id\":\"https:\\\/\\\/www.notibras.com\\\/site\\\/hora-de-lembrar-leon-trotsky-a-carta-de-getulio-vargas-e-o-golpismo-imperial\\\/#primaryimage\"},\"image\":{\"@id\":\"https:\\\/\\\/www.notibras.com\\\/site\\\/hora-de-lembrar-leon-trotsky-a-carta-de-getulio-vargas-e-o-golpismo-imperial\\\/#primaryimage\"},\"thumbnailUrl\":\"https:\\\/\\\/www.notibras.com\\\/site\\\/wp-content\\\/uploads\\\/2016\\\/08\\\/red.png\",\"datePublished\":\"2016-08-23T09:00:44+00:00\",\"breadcrumb\":{\"@id\":\"https:\\\/\\\/www.notibras.com\\\/site\\\/hora-de-lembrar-leon-trotsky-a-carta-de-getulio-vargas-e-o-golpismo-imperial\\\/#breadcrumb\"},\"inLanguage\":\"pt-BR\",\"potentialAction\":[{\"@type\":\"ReadAction\",\"target\":[\"https:\\\/\\\/www.notibras.com\\\/site\\\/hora-de-lembrar-leon-trotsky-a-carta-de-getulio-vargas-e-o-golpismo-imperial\\\/\"]}]},{\"@type\":\"ImageObject\",\"inLanguage\":\"pt-BR\",\"@id\":\"https:\\\/\\\/www.notibras.com\\\/site\\\/hora-de-lembrar-leon-trotsky-a-carta-de-getulio-vargas-e-o-golpismo-imperial\\\/#primaryimage\",\"url\":\"https:\\\/\\\/www.notibras.com\\\/site\\\/wp-content\\\/uploads\\\/2016\\\/08\\\/red.png\",\"contentUrl\":\"https:\\\/\\\/www.notibras.com\\\/site\\\/wp-content\\\/uploads\\\/2016\\\/08\\\/red.png\",\"width\":640,\"height\":430},{\"@type\":\"BreadcrumbList\",\"@id\":\"https:\\\/\\\/www.notibras.com\\\/site\\\/hora-de-lembrar-leon-trotsky-a-carta-de-getulio-vargas-e-o-golpismo-imperial\\\/#breadcrumb\",\"itemListElement\":[{\"@type\":\"ListItem\",\"position\":1,\"name\":\"In\u00edcio\",\"item\":\"https:\\\/\\\/www.notibras.com\\\/site\\\/\"},{\"@type\":\"ListItem\",\"position\":2,\"name\":\"Hora de lembrar Leon Trotsky, a Carta de Get\u00falio Vargas e o golpismo imperial\"}]},{\"@type\":\"WebSite\",\"@id\":\"https:\\\/\\\/www.notibras.com\\\/site\\\/#website\",\"url\":\"https:\\\/\\\/www.notibras.com\\\/site\\\/\",\"name\":\"Notibras\",\"description\":\"Not\u00edcias de Bras\u00edlia, do Brasil e do Mundo\",\"publisher\":{\"@id\":\"https:\\\/\\\/www.notibras.com\\\/site\\\/#organization\"},\"potentialAction\":[{\"@type\":\"SearchAction\",\"target\":{\"@type\":\"EntryPoint\",\"urlTemplate\":\"https:\\\/\\\/www.notibras.com\\\/site\\\/?s={search_term_string}\"},\"query-input\":{\"@type\":\"PropertyValueSpecification\",\"valueRequired\":true,\"valueName\":\"search_term_string\"}}],\"inLanguage\":\"pt-BR\"},{\"@type\":\"Organization\",\"@id\":\"https:\\\/\\\/www.notibras.com\\\/site\\\/#organization\",\"name\":\"Grupo Notibras de Comunica\u00e7\u00e3o\",\"url\":\"https:\\\/\\\/www.notibras.com\\\/site\\\/\",\"logo\":{\"@type\":\"ImageObject\",\"inLanguage\":\"pt-BR\",\"@id\":\"https:\\\/\\\/www.notibras.com\\\/site\\\/#\\\/schema\\\/logo\\\/image\\\/\",\"url\":\"https:\\\/\\\/www.notibras.com\\\/site\\\/wp-content\\\/uploads\\\/2023\\\/01\\\/notibras23.png\",\"contentUrl\":\"https:\\\/\\\/www.notibras.com\\\/site\\\/wp-content\\\/uploads\\\/2023\\\/01\\\/notibras23.png\",\"width\":350,\"height\":87,\"caption\":\"Grupo Notibras de Comunica\u00e7\u00e3o\"},\"image\":{\"@id\":\"https:\\\/\\\/www.notibras.com\\\/site\\\/#\\\/schema\\\/logo\\\/image\\\/\"},\"sameAs\":[\"https:\\\/\\\/www.facebook.com\\\/notibras\\\/\",\"https:\\\/\\\/x.com\\\/Notibras\",\"https:\\\/\\\/www.instagram.com\\\/notibras\\\/\"]},{\"@type\":\"Person\",\"@id\":\"https:\\\/\\\/www.notibras.com\\\/site\\\/#\\\/schema\\\/person\\\/36ab0979449956132d3e5b517ea76ac8\",\"name\":\"Reda\u00e7\u00e3o\",\"image\":{\"@type\":\"ImageObject\",\"inLanguage\":\"pt-BR\",\"@id\":\"https:\\\/\\\/secure.gravatar.com\\\/avatar\\\/e0a867bdedb85fd243eadf09663511f96fc81e0720a4a42581f334ad4303aa6b?s=96&d=mm&r=g\",\"url\":\"https:\\\/\\\/secure.gravatar.com\\\/avatar\\\/e0a867bdedb85fd243eadf09663511f96fc81e0720a4a42581f334ad4303aa6b?s=96&d=mm&r=g\",\"contentUrl\":\"https:\\\/\\\/secure.gravatar.com\\\/avatar\\\/e0a867bdedb85fd243eadf09663511f96fc81e0720a4a42581f334ad4303aa6b?s=96&d=mm&r=g\",\"caption\":\"Reda\u00e7\u00e3o\"}}]}<\/script>\n<!-- \/ Yoast SEO plugin. -->","yoast_head_json":{"title":"Hora de lembrar Leon Trotsky, a Carta de Get\u00falio Vargas e o golpismo imperial - Notibras","robots":{"index":"index","follow":"follow","max-snippet":"max-snippet:-1","max-image-preview":"max-image-preview:large","max-video-preview":"max-video-preview:-1"},"canonical":"https:\/\/www.notibras.com\/site\/hora-de-lembrar-leon-trotsky-a-carta-de-getulio-vargas-e-o-golpismo-imperial\/","og_locale":"pt_BR","og_type":"article","og_title":"Hora de lembrar Leon Trotsky, a Carta de Get\u00falio Vargas e o golpismo imperial - Notibras","og_description":"Beto Almeida Foi num dia 20 de agosto como agora, em 1940, que foi assassinado no M\u00e9xico, a mando de Stalin, o fundador do Ex\u00e9rcito Vermelho e presidente do Soviet de Petrogrado, Leon Trotsty. A lembran\u00e7a n\u00e3o \u00e9 apenas homenagem \u00e0 sua vasta obra e sua vida, que j\u00e1 encontra na TV russa espa\u00e7os de [&hellip;]","og_url":"https:\/\/www.notibras.com\/site\/hora-de-lembrar-leon-trotsky-a-carta-de-getulio-vargas-e-o-golpismo-imperial\/","og_site_name":"Notibras","article_publisher":"https:\/\/www.facebook.com\/notibras\/","article_published_time":"2016-08-23T09:00:44+00:00","og_image":[{"width":640,"height":430,"url":"https:\/\/www.notibras.com\/site\/wp-content\/uploads\/2016\/08\/red.png","type":"image\/png"}],"author":"Reda\u00e7\u00e3o","twitter_card":"summary_large_image","twitter_creator":"@Notibras","twitter_site":"@Notibras","twitter_misc":{"Escrito por":"Reda\u00e7\u00e3o","Est. tempo de leitura":"8 minutos"},"schema":{"@context":"https:\/\/schema.org","@graph":[{"@type":"Article","@id":"https:\/\/www.notibras.com\/site\/hora-de-lembrar-leon-trotsky-a-carta-de-getulio-vargas-e-o-golpismo-imperial\/#article","isPartOf":{"@id":"https:\/\/www.notibras.com\/site\/hora-de-lembrar-leon-trotsky-a-carta-de-getulio-vargas-e-o-golpismo-imperial\/"},"author":{"name":"Reda\u00e7\u00e3o","@id":"https:\/\/www.notibras.com\/site\/#\/schema\/person\/36ab0979449956132d3e5b517ea76ac8"},"headline":"Hora de lembrar Leon Trotsky, a Carta de Get\u00falio Vargas e o golpismo imperial","datePublished":"2016-08-23T09:00:44+00:00","mainEntityOfPage":{"@id":"https:\/\/www.notibras.com\/site\/hora-de-lembrar-leon-trotsky-a-carta-de-getulio-vargas-e-o-golpismo-imperial\/"},"wordCount":1552,"commentCount":0,"publisher":{"@id":"https:\/\/www.notibras.com\/site\/#organization"},"image":{"@id":"https:\/\/www.notibras.com\/site\/hora-de-lembrar-leon-trotsky-a-carta-de-getulio-vargas-e-o-golpismo-imperial\/#primaryimage"},"thumbnailUrl":"https:\/\/www.notibras.com\/site\/wp-content\/uploads\/2016\/08\/red.png","articleSection":["Opina a\u00ed"],"inLanguage":"pt-BR","potentialAction":[{"@type":"CommentAction","name":"Comment","target":["https:\/\/www.notibras.com\/site\/hora-de-lembrar-leon-trotsky-a-carta-de-getulio-vargas-e-o-golpismo-imperial\/#respond"]}]},{"@type":"WebPage","@id":"https:\/\/www.notibras.com\/site\/hora-de-lembrar-leon-trotsky-a-carta-de-getulio-vargas-e-o-golpismo-imperial\/","url":"https:\/\/www.notibras.com\/site\/hora-de-lembrar-leon-trotsky-a-carta-de-getulio-vargas-e-o-golpismo-imperial\/","name":"Hora de lembrar Leon Trotsky, a Carta de Get\u00falio Vargas e o golpismo imperial - Notibras","isPartOf":{"@id":"https:\/\/www.notibras.com\/site\/#website"},"primaryImageOfPage":{"@id":"https:\/\/www.notibras.com\/site\/hora-de-lembrar-leon-trotsky-a-carta-de-getulio-vargas-e-o-golpismo-imperial\/#primaryimage"},"image":{"@id":"https:\/\/www.notibras.com\/site\/hora-de-lembrar-leon-trotsky-a-carta-de-getulio-vargas-e-o-golpismo-imperial\/#primaryimage"},"thumbnailUrl":"https:\/\/www.notibras.com\/site\/wp-content\/uploads\/2016\/08\/red.png","datePublished":"2016-08-23T09:00:44+00:00","breadcrumb":{"@id":"https:\/\/www.notibras.com\/site\/hora-de-lembrar-leon-trotsky-a-carta-de-getulio-vargas-e-o-golpismo-imperial\/#breadcrumb"},"inLanguage":"pt-BR","potentialAction":[{"@type":"ReadAction","target":["https:\/\/www.notibras.com\/site\/hora-de-lembrar-leon-trotsky-a-carta-de-getulio-vargas-e-o-golpismo-imperial\/"]}]},{"@type":"ImageObject","inLanguage":"pt-BR","@id":"https:\/\/www.notibras.com\/site\/hora-de-lembrar-leon-trotsky-a-carta-de-getulio-vargas-e-o-golpismo-imperial\/#primaryimage","url":"https:\/\/www.notibras.com\/site\/wp-content\/uploads\/2016\/08\/red.png","contentUrl":"https:\/\/www.notibras.com\/site\/wp-content\/uploads\/2016\/08\/red.png","width":640,"height":430},{"@type":"BreadcrumbList","@id":"https:\/\/www.notibras.com\/site\/hora-de-lembrar-leon-trotsky-a-carta-de-getulio-vargas-e-o-golpismo-imperial\/#breadcrumb","itemListElement":[{"@type":"ListItem","position":1,"name":"In\u00edcio","item":"https:\/\/www.notibras.com\/site\/"},{"@type":"ListItem","position":2,"name":"Hora de lembrar Leon Trotsky, a Carta de Get\u00falio Vargas e o golpismo imperial"}]},{"@type":"WebSite","@id":"https:\/\/www.notibras.com\/site\/#website","url":"https:\/\/www.notibras.com\/site\/","name":"Notibras","description":"Not\u00edcias de Bras\u00edlia, do Brasil e do Mundo","publisher":{"@id":"https:\/\/www.notibras.com\/site\/#organization"},"potentialAction":[{"@type":"SearchAction","target":{"@type":"EntryPoint","urlTemplate":"https:\/\/www.notibras.com\/site\/?s={search_term_string}"},"query-input":{"@type":"PropertyValueSpecification","valueRequired":true,"valueName":"search_term_string"}}],"inLanguage":"pt-BR"},{"@type":"Organization","@id":"https:\/\/www.notibras.com\/site\/#organization","name":"Grupo Notibras de Comunica\u00e7\u00e3o","url":"https:\/\/www.notibras.com\/site\/","logo":{"@type":"ImageObject","inLanguage":"pt-BR","@id":"https:\/\/www.notibras.com\/site\/#\/schema\/logo\/image\/","url":"https:\/\/www.notibras.com\/site\/wp-content\/uploads\/2023\/01\/notibras23.png","contentUrl":"https:\/\/www.notibras.com\/site\/wp-content\/uploads\/2023\/01\/notibras23.png","width":350,"height":87,"caption":"Grupo Notibras de Comunica\u00e7\u00e3o"},"image":{"@id":"https:\/\/www.notibras.com\/site\/#\/schema\/logo\/image\/"},"sameAs":["https:\/\/www.facebook.com\/notibras\/","https:\/\/x.com\/Notibras","https:\/\/www.instagram.com\/notibras\/"]},{"@type":"Person","@id":"https:\/\/www.notibras.com\/site\/#\/schema\/person\/36ab0979449956132d3e5b517ea76ac8","name":"Reda\u00e7\u00e3o","image":{"@type":"ImageObject","inLanguage":"pt-BR","@id":"https:\/\/secure.gravatar.com\/avatar\/e0a867bdedb85fd243eadf09663511f96fc81e0720a4a42581f334ad4303aa6b?s=96&d=mm&r=g","url":"https:\/\/secure.gravatar.com\/avatar\/e0a867bdedb85fd243eadf09663511f96fc81e0720a4a42581f334ad4303aa6b?s=96&d=mm&r=g","contentUrl":"https:\/\/secure.gravatar.com\/avatar\/e0a867bdedb85fd243eadf09663511f96fc81e0720a4a42581f334ad4303aa6b?s=96&d=mm&r=g","caption":"Reda\u00e7\u00e3o"}}]}},"amp_enabled":true,"_links":{"self":[{"href":"https:\/\/www.notibras.com\/site\/wp-json\/wp\/v2\/posts\/112940","targetHints":{"allow":["GET"]}}],"collection":[{"href":"https:\/\/www.notibras.com\/site\/wp-json\/wp\/v2\/posts"}],"about":[{"href":"https:\/\/www.notibras.com\/site\/wp-json\/wp\/v2\/types\/post"}],"author":[{"embeddable":true,"href":"https:\/\/www.notibras.com\/site\/wp-json\/wp\/v2\/users\/2"}],"replies":[{"embeddable":true,"href":"https:\/\/www.notibras.com\/site\/wp-json\/wp\/v2\/comments?post=112940"}],"version-history":[{"count":1,"href":"https:\/\/www.notibras.com\/site\/wp-json\/wp\/v2\/posts\/112940\/revisions"}],"predecessor-version":[{"id":112942,"href":"https:\/\/www.notibras.com\/site\/wp-json\/wp\/v2\/posts\/112940\/revisions\/112942"}],"wp:featuredmedia":[{"embeddable":true,"href":"https:\/\/www.notibras.com\/site\/wp-json\/wp\/v2\/media\/112941"}],"wp:attachment":[{"href":"https:\/\/www.notibras.com\/site\/wp-json\/wp\/v2\/media?parent=112940"}],"wp:term":[{"taxonomy":"category","embeddable":true,"href":"https:\/\/www.notibras.com\/site\/wp-json\/wp\/v2\/categories?post=112940"},{"taxonomy":"post_tag","embeddable":true,"href":"https:\/\/www.notibras.com\/site\/wp-json\/wp\/v2\/tags?post=112940"}],"curies":[{"name":"wp","href":"https:\/\/api.w.org\/{rel}","templated":true}]}}