{"id":1130,"date":"2014-02-11T10:18:47","date_gmt":"2014-02-11T13:18:47","guid":{"rendered":"http:\/\/www.notibras.com\/site\/?p=1130"},"modified":"2014-02-11T14:41:52","modified_gmt":"2014-02-11T17:41:52","slug":"rapaz-pega-20-anos-de-cadeia-por-matar-irma-que-recusou-fazer-sexo-oral","status":"publish","type":"post","link":"https:\/\/www.notibras.com\/site\/rapaz-pega-20-anos-de-cadeia-por-matar-irma-que-recusou-fazer-sexo-oral\/","title":{"rendered":"Rapaz pega 20 anos de cadeia por matar irm\u00e3 que recusou fazer sexo oral com ele"},"content":{"rendered":"<p>O Tribunal de Justi\u00e7a do Rio Grande do Sul manteve na segunda-feira a condena\u00e7\u00e3o por homic\u00eddio e oculta\u00e7\u00e3o de cad\u00e1ver a um homem de 29 anos que matou a irm\u00e3 de 11 anos porque ela n\u00e3o quis praticar sexo oral.<\/p>\n<p>O crime ocorreu em 2008 e a pena imposta pelo\u00a0Tribunal de J\u00fari na Comarca de Camaqu\u00e3\u00a0foi de\u00a020 anos, nove meses e 10 dias de pris\u00e3o, em regime inicialmente fechado.<\/p>\n<p>A menina foi asfixiada pelo irm\u00e3o\u00a0ap\u00f3s ter se negado a atender ao pedido de sexo oral. Ele usou um pano para cometer a agress\u00e3o. Por\u00e9m, da primeira vez, a menina acordou e disse que iria denunci\u00e1-lo, quando ent\u00e3o ele a asfixiou novamente e jogou a garota, desmaiada, em uma cacimba com \u00e1gua, provocando a morte por afogamento.<\/p>\n<p>A defesa do condenado recorreu do julgamento pedindo a absolvi\u00e7\u00e3o do r\u00e9u com rela\u00e7\u00e3o ao crime de oculta\u00e7\u00e3o de cad\u00e1ver. Segundo a\u00a0defesa, o ato de jogar a v\u00edtima na cacimba foi o meio pelo qual se concretizou o crime de homic\u00eddio, n\u00e3o podendo ser-lhe atribu\u00eddo outro delito.<\/p>\n<p>O desembargador Nereu Jos\u00e9 Giacomolli, da 3\u00aa C\u00e2mara Criminal do TJ-RS, relator do processo, julgou improcedente o recurso do r\u00e9u.<\/p>\n<p>&#8220;Afasto, de in\u00edcio, a suscitada nulidade, pois os dois fatos imputados ao recorrente\u0096 homic\u00eddio e oculta\u00e7\u00e3o de cad\u00e1ver \u0096est\u00e3o suficientemente descritos na inicial acusat\u00f3ria, que aponta de forma clara o desenrolar dos fatos&#8221;, afirmou o relator. O voto foi acompanhado pelos desembargadores\u00a0Jo\u00e3o Batista Marques Tovo e Di\u00f3genes Vicente Hassan Ribeiro.<\/p>\n","protected":false},"excerpt":{"rendered":"<p>O Tribunal de Justi\u00e7a do Rio Grande do Sul manteve na segunda-feira a condena\u00e7\u00e3o por homic\u00eddio e oculta\u00e7\u00e3o de cad\u00e1ver a um homem de 29 anos que matou a irm\u00e3 de 11 anos porque ela n\u00e3o quis praticar sexo oral. O crime ocorreu em 2008 e a pena imposta pelo\u00a0Tribunal de J\u00fari na Comarca de [&hellip;]<\/p>\n","protected":false},"author":2,"featured_media":1131,"comment_status":"open","ping_status":"closed","sticky":false,"template":"","format":"standard","meta":{"_acf_changed":false,"footnotes":""},"categories":[16],"tags":[],"class_list":["post-1130","post","type-post","status-publish","format-standard","has-post-thumbnail","hentry","category-brasil"],"acf":[],"yoast_head":"<!-- This site is optimized with the Yoast SEO plugin v27.2 - https:\/\/yoast.com\/product\/yoast-seo-wordpress\/ -->\n<title>Rapaz pega 20 anos de cadeia por matar irm\u00e3 que recusou fazer sexo oral com ele - Notibras<\/title>\n<meta name=\"robots\" content=\"index, follow, max-snippet:-1, max-image-preview:large, max-video-preview:-1\" \/>\n<link rel=\"canonical\" href=\"https:\/\/www.notibras.com\/site\/rapaz-pega-20-anos-de-cadeia-por-matar-irma-que-recusou-fazer-sexo-oral\/\" \/>\n<meta property=\"og:locale\" content=\"pt_BR\" \/>\n<meta property=\"og:type\" content=\"article\" \/>\n<meta property=\"og:title\" content=\"Rapaz pega 20 anos de cadeia por matar irm\u00e3 que recusou fazer sexo oral com ele - Notibras\" \/>\n<meta property=\"og:description\" content=\"O Tribunal de Justi\u00e7a do Rio Grande do Sul manteve na segunda-feira a condena\u00e7\u00e3o por homic\u00eddio e oculta\u00e7\u00e3o de cad\u00e1ver a um homem de 29 anos que matou a irm\u00e3 de 11 anos porque ela n\u00e3o quis praticar sexo oral. O crime ocorreu em 2008 e a pena imposta pelo\u00a0Tribunal de J\u00fari na Comarca de [&hellip;]\" \/>\n<meta property=\"og:url\" content=\"https:\/\/www.notibras.com\/site\/rapaz-pega-20-anos-de-cadeia-por-matar-irma-que-recusou-fazer-sexo-oral\/\" \/>\n<meta property=\"og:site_name\" content=\"Notibras\" \/>\n<meta property=\"article:publisher\" content=\"https:\/\/www.facebook.com\/notibras\/\" \/>\n<meta property=\"article:published_time\" content=\"2014-02-11T13:18:47+00:00\" \/>\n<meta property=\"article:modified_time\" content=\"2014-02-11T17:41:52+00:00\" \/>\n<meta property=\"og:image\" content=\"https:\/\/www.notibras.com\/site\/wp-content\/uploads\/2014\/02\/cadeia.jpg\" \/>\n\t<meta property=\"og:image:width\" content=\"750\" \/>\n\t<meta property=\"og:image:height\" content=\"582\" \/>\n\t<meta property=\"og:image:type\" content=\"image\/jpeg\" \/>\n<meta name=\"author\" content=\"Reda\u00e7\u00e3o\" \/>\n<meta name=\"twitter:card\" content=\"summary_large_image\" \/>\n<meta name=\"twitter:creator\" content=\"@Notibras\" \/>\n<meta name=\"twitter:site\" content=\"@Notibras\" \/>\n<meta name=\"twitter:label1\" content=\"Escrito por\" \/>\n\t<meta name=\"twitter:data1\" content=\"Reda\u00e7\u00e3o\" \/>\n\t<meta name=\"twitter:label2\" content=\"Est. tempo de leitura\" \/>\n\t<meta name=\"twitter:data2\" content=\"1 minuto\" \/>\n<script type=\"application\/ld+json\" class=\"yoast-schema-graph\">{\"@context\":\"https:\/\/schema.org\",\"@graph\":[{\"@type\":\"Article\",\"@id\":\"https:\/\/www.notibras.com\/site\/rapaz-pega-20-anos-de-cadeia-por-matar-irma-que-recusou-fazer-sexo-oral\/#article\",\"isPartOf\":{\"@id\":\"https:\/\/www.notibras.com\/site\/rapaz-pega-20-anos-de-cadeia-por-matar-irma-que-recusou-fazer-sexo-oral\/\"},\"author\":{\"name\":\"Reda\u00e7\u00e3o\",\"@id\":\"https:\/\/www.notibras.com\/site\/#\/schema\/person\/36ab0979449956132d3e5b517ea76ac8\"},\"headline\":\"Rapaz pega 20 anos de cadeia por matar irm\u00e3 que recusou fazer sexo oral com ele\",\"datePublished\":\"2014-02-11T13:18:47+00:00\",\"dateModified\":\"2014-02-11T17:41:52+00:00\",\"mainEntityOfPage\":{\"@id\":\"https:\/\/www.notibras.com\/site\/rapaz-pega-20-anos-de-cadeia-por-matar-irma-que-recusou-fazer-sexo-oral\/\"},\"wordCount\":291,\"commentCount\":0,\"publisher\":{\"@id\":\"https:\/\/www.notibras.com\/site\/#organization\"},\"image\":{\"@id\":\"https:\/\/www.notibras.com\/site\/rapaz-pega-20-anos-de-cadeia-por-matar-irma-que-recusou-fazer-sexo-oral\/#primaryimage\"},\"thumbnailUrl\":\"https:\/\/www.notibras.com\/site\/wp-content\/uploads\/2014\/02\/cadeia.jpg\",\"articleSection\":[\"Brasil\"],\"inLanguage\":\"pt-BR\",\"potentialAction\":[{\"@type\":\"CommentAction\",\"name\":\"Comment\",\"target\":[\"https:\/\/www.notibras.com\/site\/rapaz-pega-20-anos-de-cadeia-por-matar-irma-que-recusou-fazer-sexo-oral\/#respond\"]}]},{\"@type\":\"WebPage\",\"@id\":\"https:\/\/www.notibras.com\/site\/rapaz-pega-20-anos-de-cadeia-por-matar-irma-que-recusou-fazer-sexo-oral\/\",\"url\":\"https:\/\/www.notibras.com\/site\/rapaz-pega-20-anos-de-cadeia-por-matar-irma-que-recusou-fazer-sexo-oral\/\",\"name\":\"Rapaz pega 20 anos de cadeia por matar irm\u00e3 que recusou fazer sexo oral com ele - Notibras\",\"isPartOf\":{\"@id\":\"https:\/\/www.notibras.com\/site\/#website\"},\"primaryImageOfPage\":{\"@id\":\"https:\/\/www.notibras.com\/site\/rapaz-pega-20-anos-de-cadeia-por-matar-irma-que-recusou-fazer-sexo-oral\/#primaryimage\"},\"image\":{\"@id\":\"https:\/\/www.notibras.com\/site\/rapaz-pega-20-anos-de-cadeia-por-matar-irma-que-recusou-fazer-sexo-oral\/#primaryimage\"},\"thumbnailUrl\":\"https:\/\/www.notibras.com\/site\/wp-content\/uploads\/2014\/02\/cadeia.jpg\",\"datePublished\":\"2014-02-11T13:18:47+00:00\",\"dateModified\":\"2014-02-11T17:41:52+00:00\",\"breadcrumb\":{\"@id\":\"https:\/\/www.notibras.com\/site\/rapaz-pega-20-anos-de-cadeia-por-matar-irma-que-recusou-fazer-sexo-oral\/#breadcrumb\"},\"inLanguage\":\"pt-BR\",\"potentialAction\":[{\"@type\":\"ReadAction\",\"target\":[\"https:\/\/www.notibras.com\/site\/rapaz-pega-20-anos-de-cadeia-por-matar-irma-que-recusou-fazer-sexo-oral\/\"]}]},{\"@type\":\"ImageObject\",\"inLanguage\":\"pt-BR\",\"@id\":\"https:\/\/www.notibras.com\/site\/rapaz-pega-20-anos-de-cadeia-por-matar-irma-que-recusou-fazer-sexo-oral\/#primaryimage\",\"url\":\"https:\/\/www.notibras.com\/site\/wp-content\/uploads\/2014\/02\/cadeia.jpg\",\"contentUrl\":\"https:\/\/www.notibras.com\/site\/wp-content\/uploads\/2014\/02\/cadeia.jpg\",\"width\":750,\"height\":582},{\"@type\":\"BreadcrumbList\",\"@id\":\"https:\/\/www.notibras.com\/site\/rapaz-pega-20-anos-de-cadeia-por-matar-irma-que-recusou-fazer-sexo-oral\/#breadcrumb\",\"itemListElement\":[{\"@type\":\"ListItem\",\"position\":1,\"name\":\"In\u00edcio\",\"item\":\"https:\/\/www.notibras.com\/site\/\"},{\"@type\":\"ListItem\",\"position\":2,\"name\":\"Rapaz pega 20 anos de cadeia por matar irm\u00e3 que recusou fazer sexo oral com ele\"}]},{\"@type\":\"WebSite\",\"@id\":\"https:\/\/www.notibras.com\/site\/#website\",\"url\":\"https:\/\/www.notibras.com\/site\/\",\"name\":\"Notibras\",\"description\":\"Not\u00edcias de Bras\u00edlia, do Brasil e do Mundo\",\"publisher\":{\"@id\":\"https:\/\/www.notibras.com\/site\/#organization\"},\"potentialAction\":[{\"@type\":\"SearchAction\",\"target\":{\"@type\":\"EntryPoint\",\"urlTemplate\":\"https:\/\/www.notibras.com\/site\/?s={search_term_string}\"},\"query-input\":{\"@type\":\"PropertyValueSpecification\",\"valueRequired\":true,\"valueName\":\"search_term_string\"}}],\"inLanguage\":\"pt-BR\"},{\"@type\":\"Organization\",\"@id\":\"https:\/\/www.notibras.com\/site\/#organization\",\"name\":\"Grupo Notibras de Comunica\u00e7\u00e3o\",\"url\":\"https:\/\/www.notibras.com\/site\/\",\"logo\":{\"@type\":\"ImageObject\",\"inLanguage\":\"pt-BR\",\"@id\":\"https:\/\/www.notibras.com\/site\/#\/schema\/logo\/image\/\",\"url\":\"https:\/\/www.notibras.com\/site\/wp-content\/uploads\/2023\/01\/notibras23.png\",\"contentUrl\":\"https:\/\/www.notibras.com\/site\/wp-content\/uploads\/2023\/01\/notibras23.png\",\"width\":350,\"height\":87,\"caption\":\"Grupo Notibras de Comunica\u00e7\u00e3o\"},\"image\":{\"@id\":\"https:\/\/www.notibras.com\/site\/#\/schema\/logo\/image\/\"},\"sameAs\":[\"https:\/\/www.facebook.com\/notibras\/\",\"https:\/\/x.com\/Notibras\",\"https:\/\/www.instagram.com\/notibras\/\"]},{\"@type\":\"Person\",\"@id\":\"https:\/\/www.notibras.com\/site\/#\/schema\/person\/36ab0979449956132d3e5b517ea76ac8\",\"name\":\"Reda\u00e7\u00e3o\",\"image\":{\"@type\":\"ImageObject\",\"inLanguage\":\"pt-BR\",\"@id\":\"https:\/\/secure.gravatar.com\/avatar\/e0a867bdedb85fd243eadf09663511f96fc81e0720a4a42581f334ad4303aa6b?s=96&d=mm&r=g\",\"url\":\"https:\/\/secure.gravatar.com\/avatar\/e0a867bdedb85fd243eadf09663511f96fc81e0720a4a42581f334ad4303aa6b?s=96&d=mm&r=g\",\"contentUrl\":\"https:\/\/secure.gravatar.com\/avatar\/e0a867bdedb85fd243eadf09663511f96fc81e0720a4a42581f334ad4303aa6b?s=96&d=mm&r=g\",\"caption\":\"Reda\u00e7\u00e3o\"}}]}<\/script>\n<!-- \/ Yoast SEO plugin. -->","yoast_head_json":{"title":"Rapaz pega 20 anos de cadeia por matar irm\u00e3 que recusou fazer sexo oral com ele - Notibras","robots":{"index":"index","follow":"follow","max-snippet":"max-snippet:-1","max-image-preview":"max-image-preview:large","max-video-preview":"max-video-preview:-1"},"canonical":"https:\/\/www.notibras.com\/site\/rapaz-pega-20-anos-de-cadeia-por-matar-irma-que-recusou-fazer-sexo-oral\/","og_locale":"pt_BR","og_type":"article","og_title":"Rapaz pega 20 anos de cadeia por matar irm\u00e3 que recusou fazer sexo oral com ele - Notibras","og_description":"O Tribunal de Justi\u00e7a do Rio Grande do Sul manteve na segunda-feira a condena\u00e7\u00e3o por homic\u00eddio e oculta\u00e7\u00e3o de cad\u00e1ver a um homem de 29 anos que matou a irm\u00e3 de 11 anos porque ela n\u00e3o quis praticar sexo oral. O crime ocorreu em 2008 e a pena imposta pelo\u00a0Tribunal de J\u00fari na Comarca de [&hellip;]","og_url":"https:\/\/www.notibras.com\/site\/rapaz-pega-20-anos-de-cadeia-por-matar-irma-que-recusou-fazer-sexo-oral\/","og_site_name":"Notibras","article_publisher":"https:\/\/www.facebook.com\/notibras\/","article_published_time":"2014-02-11T13:18:47+00:00","article_modified_time":"2014-02-11T17:41:52+00:00","og_image":[{"width":750,"height":582,"url":"https:\/\/www.notibras.com\/site\/wp-content\/uploads\/2014\/02\/cadeia.jpg","type":"image\/jpeg"}],"author":"Reda\u00e7\u00e3o","twitter_card":"summary_large_image","twitter_creator":"@Notibras","twitter_site":"@Notibras","twitter_misc":{"Escrito por":"Reda\u00e7\u00e3o","Est. tempo de leitura":"1 minuto"},"schema":{"@context":"https:\/\/schema.org","@graph":[{"@type":"Article","@id":"https:\/\/www.notibras.com\/site\/rapaz-pega-20-anos-de-cadeia-por-matar-irma-que-recusou-fazer-sexo-oral\/#article","isPartOf":{"@id":"https:\/\/www.notibras.com\/site\/rapaz-pega-20-anos-de-cadeia-por-matar-irma-que-recusou-fazer-sexo-oral\/"},"author":{"name":"Reda\u00e7\u00e3o","@id":"https:\/\/www.notibras.com\/site\/#\/schema\/person\/36ab0979449956132d3e5b517ea76ac8"},"headline":"Rapaz pega 20 anos de cadeia por matar irm\u00e3 que recusou fazer sexo oral com ele","datePublished":"2014-02-11T13:18:47+00:00","dateModified":"2014-02-11T17:41:52+00:00","mainEntityOfPage":{"@id":"https:\/\/www.notibras.com\/site\/rapaz-pega-20-anos-de-cadeia-por-matar-irma-que-recusou-fazer-sexo-oral\/"},"wordCount":291,"commentCount":0,"publisher":{"@id":"https:\/\/www.notibras.com\/site\/#organization"},"image":{"@id":"https:\/\/www.notibras.com\/site\/rapaz-pega-20-anos-de-cadeia-por-matar-irma-que-recusou-fazer-sexo-oral\/#primaryimage"},"thumbnailUrl":"https:\/\/www.notibras.com\/site\/wp-content\/uploads\/2014\/02\/cadeia.jpg","articleSection":["Brasil"],"inLanguage":"pt-BR","potentialAction":[{"@type":"CommentAction","name":"Comment","target":["https:\/\/www.notibras.com\/site\/rapaz-pega-20-anos-de-cadeia-por-matar-irma-que-recusou-fazer-sexo-oral\/#respond"]}]},{"@type":"WebPage","@id":"https:\/\/www.notibras.com\/site\/rapaz-pega-20-anos-de-cadeia-por-matar-irma-que-recusou-fazer-sexo-oral\/","url":"https:\/\/www.notibras.com\/site\/rapaz-pega-20-anos-de-cadeia-por-matar-irma-que-recusou-fazer-sexo-oral\/","name":"Rapaz pega 20 anos de cadeia por matar irm\u00e3 que recusou fazer sexo oral com ele - Notibras","isPartOf":{"@id":"https:\/\/www.notibras.com\/site\/#website"},"primaryImageOfPage":{"@id":"https:\/\/www.notibras.com\/site\/rapaz-pega-20-anos-de-cadeia-por-matar-irma-que-recusou-fazer-sexo-oral\/#primaryimage"},"image":{"@id":"https:\/\/www.notibras.com\/site\/rapaz-pega-20-anos-de-cadeia-por-matar-irma-que-recusou-fazer-sexo-oral\/#primaryimage"},"thumbnailUrl":"https:\/\/www.notibras.com\/site\/wp-content\/uploads\/2014\/02\/cadeia.jpg","datePublished":"2014-02-11T13:18:47+00:00","dateModified":"2014-02-11T17:41:52+00:00","breadcrumb":{"@id":"https:\/\/www.notibras.com\/site\/rapaz-pega-20-anos-de-cadeia-por-matar-irma-que-recusou-fazer-sexo-oral\/#breadcrumb"},"inLanguage":"pt-BR","potentialAction":[{"@type":"ReadAction","target":["https:\/\/www.notibras.com\/site\/rapaz-pega-20-anos-de-cadeia-por-matar-irma-que-recusou-fazer-sexo-oral\/"]}]},{"@type":"ImageObject","inLanguage":"pt-BR","@id":"https:\/\/www.notibras.com\/site\/rapaz-pega-20-anos-de-cadeia-por-matar-irma-que-recusou-fazer-sexo-oral\/#primaryimage","url":"https:\/\/www.notibras.com\/site\/wp-content\/uploads\/2014\/02\/cadeia.jpg","contentUrl":"https:\/\/www.notibras.com\/site\/wp-content\/uploads\/2014\/02\/cadeia.jpg","width":750,"height":582},{"@type":"BreadcrumbList","@id":"https:\/\/www.notibras.com\/site\/rapaz-pega-20-anos-de-cadeia-por-matar-irma-que-recusou-fazer-sexo-oral\/#breadcrumb","itemListElement":[{"@type":"ListItem","position":1,"name":"In\u00edcio","item":"https:\/\/www.notibras.com\/site\/"},{"@type":"ListItem","position":2,"name":"Rapaz pega 20 anos de cadeia por matar irm\u00e3 que recusou fazer sexo oral com ele"}]},{"@type":"WebSite","@id":"https:\/\/www.notibras.com\/site\/#website","url":"https:\/\/www.notibras.com\/site\/","name":"Notibras","description":"Not\u00edcias de Bras\u00edlia, do Brasil e do Mundo","publisher":{"@id":"https:\/\/www.notibras.com\/site\/#organization"},"potentialAction":[{"@type":"SearchAction","target":{"@type":"EntryPoint","urlTemplate":"https:\/\/www.notibras.com\/site\/?s={search_term_string}"},"query-input":{"@type":"PropertyValueSpecification","valueRequired":true,"valueName":"search_term_string"}}],"inLanguage":"pt-BR"},{"@type":"Organization","@id":"https:\/\/www.notibras.com\/site\/#organization","name":"Grupo Notibras de Comunica\u00e7\u00e3o","url":"https:\/\/www.notibras.com\/site\/","logo":{"@type":"ImageObject","inLanguage":"pt-BR","@id":"https:\/\/www.notibras.com\/site\/#\/schema\/logo\/image\/","url":"https:\/\/www.notibras.com\/site\/wp-content\/uploads\/2023\/01\/notibras23.png","contentUrl":"https:\/\/www.notibras.com\/site\/wp-content\/uploads\/2023\/01\/notibras23.png","width":350,"height":87,"caption":"Grupo Notibras de Comunica\u00e7\u00e3o"},"image":{"@id":"https:\/\/www.notibras.com\/site\/#\/schema\/logo\/image\/"},"sameAs":["https:\/\/www.facebook.com\/notibras\/","https:\/\/x.com\/Notibras","https:\/\/www.instagram.com\/notibras\/"]},{"@type":"Person","@id":"https:\/\/www.notibras.com\/site\/#\/schema\/person\/36ab0979449956132d3e5b517ea76ac8","name":"Reda\u00e7\u00e3o","image":{"@type":"ImageObject","inLanguage":"pt-BR","@id":"https:\/\/secure.gravatar.com\/avatar\/e0a867bdedb85fd243eadf09663511f96fc81e0720a4a42581f334ad4303aa6b?s=96&d=mm&r=g","url":"https:\/\/secure.gravatar.com\/avatar\/e0a867bdedb85fd243eadf09663511f96fc81e0720a4a42581f334ad4303aa6b?s=96&d=mm&r=g","contentUrl":"https:\/\/secure.gravatar.com\/avatar\/e0a867bdedb85fd243eadf09663511f96fc81e0720a4a42581f334ad4303aa6b?s=96&d=mm&r=g","caption":"Reda\u00e7\u00e3o"}}]}},"amp_enabled":true,"_links":{"self":[{"href":"https:\/\/www.notibras.com\/site\/wp-json\/wp\/v2\/posts\/1130","targetHints":{"allow":["GET"]}}],"collection":[{"href":"https:\/\/www.notibras.com\/site\/wp-json\/wp\/v2\/posts"}],"about":[{"href":"https:\/\/www.notibras.com\/site\/wp-json\/wp\/v2\/types\/post"}],"author":[{"embeddable":true,"href":"https:\/\/www.notibras.com\/site\/wp-json\/wp\/v2\/users\/2"}],"replies":[{"embeddable":true,"href":"https:\/\/www.notibras.com\/site\/wp-json\/wp\/v2\/comments?post=1130"}],"version-history":[{"count":0,"href":"https:\/\/www.notibras.com\/site\/wp-json\/wp\/v2\/posts\/1130\/revisions"}],"wp:featuredmedia":[{"embeddable":true,"href":"https:\/\/www.notibras.com\/site\/wp-json\/wp\/v2\/media\/1131"}],"wp:attachment":[{"href":"https:\/\/www.notibras.com\/site\/wp-json\/wp\/v2\/media?parent=1130"}],"wp:term":[{"taxonomy":"category","embeddable":true,"href":"https:\/\/www.notibras.com\/site\/wp-json\/wp\/v2\/categories?post=1130"},{"taxonomy":"post_tag","embeddable":true,"href":"https:\/\/www.notibras.com\/site\/wp-json\/wp\/v2\/tags?post=1130"}],"curies":[{"name":"wp","href":"https:\/\/api.w.org\/{rel}","templated":true}]}}