{"id":113429,"date":"2016-08-27T06:00:10","date_gmt":"2016-08-27T09:00:10","guid":{"rendered":"http:\/\/www.notibras.com\/site\/?p=113429"},"modified":"2016-08-27T06:15:39","modified_gmt":"2016-08-27T09:15:39","slug":"na-crise-reformas-impopulares-podem-virar-medalha-de-outo-a-medio-prazo","status":"publish","type":"post","link":"https:\/\/www.notibras.com\/site\/na-crise-reformas-impopulares-podem-virar-medalha-de-outo-a-medio-prazo\/","title":{"rendered":"Na crise, reformas impopulares podem virar medalha de outo a m\u00e9dio prazo"},"content":{"rendered":"<p><strong>Pauderney Avelino<\/strong><\/p>\n<p>A realiza\u00e7\u00e3o da Olimp\u00edada se configura como um fato in\u00e9dito n\u00e3o s\u00f3 para o Brasil como para toda a Am\u00e9rica do Sul. Os momentos pol\u00edtico e econ\u00f4mico brasileiros tamb\u00e9m s\u00e3o singulares e, com o devido distanciamento, certamente ser\u00e3o considerados hist\u00f3ricos.<\/p>\n<p>A depender das decis\u00f5es tomadas agora, poderemos afundar o pa\u00eds numa estagna\u00e7\u00e3o secular ou faz\u00ea-lo trilhar um caminho de crescimento sustentado. Seremos medalhistas ou nem estaremos nas fases classificat\u00f3rias? O Brasil merece medalha de ouro.<\/p>\n<p>\u00c9 neste momento hist\u00f3rico que a C\u00e2mara dos Deputados deve n\u00e3o s\u00f3 protagonizar mas tamb\u00e9m liderar. A retomada do crescimento depende, em boa parte, de mat\u00e9rias econ\u00f4micas em tramita\u00e7\u00e3o nessa casa, como a PEC 241 \u2013que estabelece controle para os gastos\u2013, e tamb\u00e9m daquelas que ainda vir\u00e3o, como a reforma da Previd\u00eancia. Ainda h\u00e1 outros temas, por exemplo, o projeto que d\u00e1 \u00e0 Petrobras a op\u00e7\u00e3o de operar, ou n\u00e3o, os campos do pr\u00e9-sal.<\/p>\n<p>Paralelamente, e com o mesmo grau de import\u00e2ncia, est\u00e3o as medidas de combate \u00e0 corrup\u00e7\u00e3o e a defini\u00e7\u00e3o do destino pol\u00edtico do ex-presidente da C\u00e2mara, o deputado Eduardo Cunha.<\/p>\n<p>Ocupo-me, neste espa\u00e7o cedido pelo UOL, da pauta econ\u00f4mica em tramita\u00e7\u00e3o no Legislativo, mas reafirmo meu apoio \u00e0 discuss\u00e3o das medidas de combate \u00e0 corrup\u00e7\u00e3o que foram encaminhadas pelo Minist\u00e9rio P\u00fablico Federal ao Congresso e que receberam o aval de expressivos 2,5 milh\u00f5es de cidad\u00e3os brasileiros, inclusive o meu. Tamb\u00e9m considero importante definir o caso Cunha. O processo de cassa\u00e7\u00e3o do deputado cumpriu seu rito na C\u00e2mara e a vota\u00e7\u00e3o est\u00e1 marcada para o dia 12 de setembro.<\/p>\n<p>Assim como a pauta da \u00e9tica, a agenda econ\u00f4mica est\u00e1 recheada de temas que precisam ser analisados por n\u00f3s, parlamentares. A sa\u00edda do buraco fiscal em que nos encontramos \u2013cavado com extrema compet\u00eancia por Dilma, Lula e companhia\u2013 tem de estar no nosso radar.<\/p>\n<p>Nesse contexto, a defini\u00e7\u00e3o de um limite para o gasto p\u00fablico, que cresce insistentemente acima da infla\u00e7\u00e3o, e a reforma da Previd\u00eancia, necess\u00e1ria por conta do envelhecimento e da maior longevidade de nossa popula\u00e7\u00e3o, s\u00e3o especialmente importantes.<\/p>\n<p>No que se refere \u00e0 PEC 241, \u00e9 fundamental registrar que aqui n\u00e3o se est\u00e1 defendendo a retirada de recursos da sa\u00fade ou da educa\u00e7\u00e3o, estamos apenas reconhecendo a necessidade de revertermos a trajet\u00f3ria do endividamento p\u00fablico. Se continuar da forma explosiva em que se encontra, o pa\u00eds cair\u00e1 numa crise que inevitavelmente nos levar\u00e1 a uma infla\u00e7\u00e3o galopante que prejudicar\u00e1 quem menos tem. Em \u00faltima inst\u00e2ncia, pode levar o pa\u00eds ao calote ou ao aumento da carga tribut\u00e1ria, possibilidade que o meu partido n\u00e3o concorda.<\/p>\n<p>Se a tradi\u00e7\u00e3o dos Jogos Ol\u00edmpicos vem da Gr\u00e9cia, n\u00e3o podemos deixar que o exemplo grego se repita em termos fiscais, visto que a irresponsabilidade extrema fez com que express\u00f5es como &#8220;direito adquirido&#8221; e &#8220;estabilidade no emprego p\u00fablico&#8221; perdessem totalmente o sentido para os gregos.<\/p>\n<p>A aprova\u00e7\u00e3o dessa PEC \u00e9 uma condi\u00e7\u00e3o necess\u00e1ria para o ajuste fiscal, por\u00e9m n\u00e3o \u00e9 suficiente. Sozinha a PEC n\u00e3o afasta a possibilidade de crescimento real do gasto p\u00fablico. Isso \u00e9 especialmente verdadeiro no caso do gasto previdenci\u00e1rio. A quest\u00e3o aqui nem \u00e9 pol\u00edtica, mas atuarial, matem\u00e1tica.<\/p>\n<p>Fugir do enfrentamento dessas quest\u00f5es ou \u00e9 ignor\u00e2ncia da realidade ou, pior, \u00e9 o mais puro e cruel populismo. Ainda que as medidas possam ser consideradas impopulares, o Congresso tem que tomar suas decis\u00f5es tendo em conta a solv\u00eancia das contas p\u00fablicas e a garantia de que os benef\u00edcios hoje assegurados sejam de fato recebidos pelas gera\u00e7\u00f5es atuais e futuras.<\/p>\n<p>Decis\u00f5es duras, mas necess\u00e1rias. Elas levar\u00e3o a uma forte retomada da confian\u00e7a, cujos sinais iniciais j\u00e1 podem ser observados. Com a volta da confian\u00e7a, o setor privado retomar\u00e1 o investimento e o emprego inverter\u00e1 a perversa trajet\u00f3ria atual. E, a\u00ed, \u00e9 caminhar para o p\u00f3dio.<\/p>\n","protected":false},"excerpt":{"rendered":"<p>Pauderney Avelino A realiza\u00e7\u00e3o da Olimp\u00edada se configura como um fato in\u00e9dito n\u00e3o s\u00f3 para o Brasil como para toda a Am\u00e9rica do Sul. Os momentos pol\u00edtico e econ\u00f4mico brasileiros tamb\u00e9m s\u00e3o singulares e, com o devido distanciamento, certamente ser\u00e3o considerados hist\u00f3ricos. A depender das decis\u00f5es tomadas agora, poderemos afundar o pa\u00eds numa estagna\u00e7\u00e3o secular [&hellip;]<\/p>\n","protected":false},"author":2,"featured_media":113430,"comment_status":"open","ping_status":"closed","sticky":false,"template":"","format":"standard","meta":{"_acf_changed":false,"footnotes":""},"categories":[25],"tags":[],"class_list":["post-113429","post","type-post","status-publish","format-standard","has-post-thumbnail","hentry","category-opina-ai"],"acf":[],"yoast_head":"<!-- This site is optimized with the Yoast SEO plugin v27.5 - https:\/\/yoast.com\/product\/yoast-seo-wordpress\/ -->\n<title>Na crise, reformas impopulares podem virar medalha de outo a m\u00e9dio prazo - Notibras<\/title>\n<meta name=\"robots\" content=\"index, follow, max-snippet:-1, max-image-preview:large, max-video-preview:-1\" \/>\n<link rel=\"canonical\" href=\"https:\/\/www.notibras.com\/site\/na-crise-reformas-impopulares-podem-virar-medalha-de-outo-a-medio-prazo\/\" \/>\n<meta property=\"og:locale\" content=\"pt_BR\" \/>\n<meta property=\"og:type\" content=\"article\" \/>\n<meta property=\"og:title\" content=\"Na crise, reformas impopulares podem virar medalha de outo a m\u00e9dio prazo - Notibras\" \/>\n<meta property=\"og:description\" content=\"Pauderney Avelino A realiza\u00e7\u00e3o da Olimp\u00edada se configura como um fato in\u00e9dito n\u00e3o s\u00f3 para o Brasil como para toda a Am\u00e9rica do Sul. Os momentos pol\u00edtico e econ\u00f4mico brasileiros tamb\u00e9m s\u00e3o singulares e, com o devido distanciamento, certamente ser\u00e3o considerados hist\u00f3ricos. A depender das decis\u00f5es tomadas agora, poderemos afundar o pa\u00eds numa estagna\u00e7\u00e3o secular [&hellip;]\" \/>\n<meta property=\"og:url\" content=\"https:\/\/www.notibras.com\/site\/na-crise-reformas-impopulares-podem-virar-medalha-de-outo-a-medio-prazo\/\" \/>\n<meta property=\"og:site_name\" content=\"Notibras\" \/>\n<meta property=\"article:publisher\" content=\"https:\/\/www.facebook.com\/notibras\/\" \/>\n<meta property=\"article:published_time\" content=\"2016-08-27T09:00:10+00:00\" \/>\n<meta property=\"article:modified_time\" content=\"2016-08-27T09:15:39+00:00\" \/>\n<meta property=\"og:image\" content=\"https:\/\/www.notibras.com\/site\/wp-content\/uploads\/2016\/08\/plenario-camara.jpg\" \/>\n\t<meta property=\"og:image:width\" content=\"800\" \/>\n\t<meta property=\"og:image:height\" content=\"600\" \/>\n\t<meta property=\"og:image:type\" content=\"image\/jpeg\" \/>\n<meta name=\"author\" content=\"Reda\u00e7\u00e3o\" \/>\n<meta name=\"twitter:card\" content=\"summary_large_image\" \/>\n<meta name=\"twitter:creator\" content=\"@Notibras\" \/>\n<meta name=\"twitter:site\" content=\"@Notibras\" \/>\n<meta name=\"twitter:label1\" content=\"Escrito por\" \/>\n\t<meta name=\"twitter:data1\" content=\"Reda\u00e7\u00e3o\" \/>\n\t<meta name=\"twitter:label2\" content=\"Est. tempo de leitura\" \/>\n\t<meta name=\"twitter:data2\" content=\"4 minutos\" \/>\n<script type=\"application\/ld+json\" class=\"yoast-schema-graph\">{\"@context\":\"https:\\\/\\\/schema.org\",\"@graph\":[{\"@type\":\"Article\",\"@id\":\"https:\\\/\\\/www.notibras.com\\\/site\\\/na-crise-reformas-impopulares-podem-virar-medalha-de-outo-a-medio-prazo\\\/#article\",\"isPartOf\":{\"@id\":\"https:\\\/\\\/www.notibras.com\\\/site\\\/na-crise-reformas-impopulares-podem-virar-medalha-de-outo-a-medio-prazo\\\/\"},\"author\":{\"name\":\"Reda\u00e7\u00e3o\",\"@id\":\"https:\\\/\\\/www.notibras.com\\\/site\\\/#\\\/schema\\\/person\\\/36ab0979449956132d3e5b517ea76ac8\"},\"headline\":\"Na crise, reformas impopulares podem virar medalha de outo a m\u00e9dio prazo\",\"datePublished\":\"2016-08-27T09:00:10+00:00\",\"dateModified\":\"2016-08-27T09:15:39+00:00\",\"mainEntityOfPage\":{\"@id\":\"https:\\\/\\\/www.notibras.com\\\/site\\\/na-crise-reformas-impopulares-podem-virar-medalha-de-outo-a-medio-prazo\\\/\"},\"wordCount\":718,\"commentCount\":0,\"publisher\":{\"@id\":\"https:\\\/\\\/www.notibras.com\\\/site\\\/#organization\"},\"image\":{\"@id\":\"https:\\\/\\\/www.notibras.com\\\/site\\\/na-crise-reformas-impopulares-podem-virar-medalha-de-outo-a-medio-prazo\\\/#primaryimage\"},\"thumbnailUrl\":\"https:\\\/\\\/www.notibras.com\\\/site\\\/wp-content\\\/uploads\\\/2016\\\/08\\\/plenario-camara.jpg\",\"articleSection\":[\"Opina a\u00ed\"],\"inLanguage\":\"pt-BR\",\"potentialAction\":[{\"@type\":\"CommentAction\",\"name\":\"Comment\",\"target\":[\"https:\\\/\\\/www.notibras.com\\\/site\\\/na-crise-reformas-impopulares-podem-virar-medalha-de-outo-a-medio-prazo\\\/#respond\"]}]},{\"@type\":\"WebPage\",\"@id\":\"https:\\\/\\\/www.notibras.com\\\/site\\\/na-crise-reformas-impopulares-podem-virar-medalha-de-outo-a-medio-prazo\\\/\",\"url\":\"https:\\\/\\\/www.notibras.com\\\/site\\\/na-crise-reformas-impopulares-podem-virar-medalha-de-outo-a-medio-prazo\\\/\",\"name\":\"Na crise, reformas impopulares podem virar medalha de outo a m\u00e9dio prazo - Notibras\",\"isPartOf\":{\"@id\":\"https:\\\/\\\/www.notibras.com\\\/site\\\/#website\"},\"primaryImageOfPage\":{\"@id\":\"https:\\\/\\\/www.notibras.com\\\/site\\\/na-crise-reformas-impopulares-podem-virar-medalha-de-outo-a-medio-prazo\\\/#primaryimage\"},\"image\":{\"@id\":\"https:\\\/\\\/www.notibras.com\\\/site\\\/na-crise-reformas-impopulares-podem-virar-medalha-de-outo-a-medio-prazo\\\/#primaryimage\"},\"thumbnailUrl\":\"https:\\\/\\\/www.notibras.com\\\/site\\\/wp-content\\\/uploads\\\/2016\\\/08\\\/plenario-camara.jpg\",\"datePublished\":\"2016-08-27T09:00:10+00:00\",\"dateModified\":\"2016-08-27T09:15:39+00:00\",\"breadcrumb\":{\"@id\":\"https:\\\/\\\/www.notibras.com\\\/site\\\/na-crise-reformas-impopulares-podem-virar-medalha-de-outo-a-medio-prazo\\\/#breadcrumb\"},\"inLanguage\":\"pt-BR\",\"potentialAction\":[{\"@type\":\"ReadAction\",\"target\":[\"https:\\\/\\\/www.notibras.com\\\/site\\\/na-crise-reformas-impopulares-podem-virar-medalha-de-outo-a-medio-prazo\\\/\"]}]},{\"@type\":\"ImageObject\",\"inLanguage\":\"pt-BR\",\"@id\":\"https:\\\/\\\/www.notibras.com\\\/site\\\/na-crise-reformas-impopulares-podem-virar-medalha-de-outo-a-medio-prazo\\\/#primaryimage\",\"url\":\"https:\\\/\\\/www.notibras.com\\\/site\\\/wp-content\\\/uploads\\\/2016\\\/08\\\/plenario-camara.jpg\",\"contentUrl\":\"https:\\\/\\\/www.notibras.com\\\/site\\\/wp-content\\\/uploads\\\/2016\\\/08\\\/plenario-camara.jpg\",\"width\":800,\"height\":600},{\"@type\":\"BreadcrumbList\",\"@id\":\"https:\\\/\\\/www.notibras.com\\\/site\\\/na-crise-reformas-impopulares-podem-virar-medalha-de-outo-a-medio-prazo\\\/#breadcrumb\",\"itemListElement\":[{\"@type\":\"ListItem\",\"position\":1,\"name\":\"In\u00edcio\",\"item\":\"https:\\\/\\\/www.notibras.com\\\/site\\\/\"},{\"@type\":\"ListItem\",\"position\":2,\"name\":\"Na crise, reformas impopulares podem virar medalha de outo a m\u00e9dio prazo\"}]},{\"@type\":\"WebSite\",\"@id\":\"https:\\\/\\\/www.notibras.com\\\/site\\\/#website\",\"url\":\"https:\\\/\\\/www.notibras.com\\\/site\\\/\",\"name\":\"Notibras\",\"description\":\"Not\u00edcias de Bras\u00edlia, do Brasil e do Mundo\",\"publisher\":{\"@id\":\"https:\\\/\\\/www.notibras.com\\\/site\\\/#organization\"},\"potentialAction\":[{\"@type\":\"SearchAction\",\"target\":{\"@type\":\"EntryPoint\",\"urlTemplate\":\"https:\\\/\\\/www.notibras.com\\\/site\\\/?s={search_term_string}\"},\"query-input\":{\"@type\":\"PropertyValueSpecification\",\"valueRequired\":true,\"valueName\":\"search_term_string\"}}],\"inLanguage\":\"pt-BR\"},{\"@type\":\"Organization\",\"@id\":\"https:\\\/\\\/www.notibras.com\\\/site\\\/#organization\",\"name\":\"Grupo Notibras de Comunica\u00e7\u00e3o\",\"url\":\"https:\\\/\\\/www.notibras.com\\\/site\\\/\",\"logo\":{\"@type\":\"ImageObject\",\"inLanguage\":\"pt-BR\",\"@id\":\"https:\\\/\\\/www.notibras.com\\\/site\\\/#\\\/schema\\\/logo\\\/image\\\/\",\"url\":\"https:\\\/\\\/www.notibras.com\\\/site\\\/wp-content\\\/uploads\\\/2023\\\/01\\\/notibras23.png\",\"contentUrl\":\"https:\\\/\\\/www.notibras.com\\\/site\\\/wp-content\\\/uploads\\\/2023\\\/01\\\/notibras23.png\",\"width\":350,\"height\":87,\"caption\":\"Grupo Notibras de Comunica\u00e7\u00e3o\"},\"image\":{\"@id\":\"https:\\\/\\\/www.notibras.com\\\/site\\\/#\\\/schema\\\/logo\\\/image\\\/\"},\"sameAs\":[\"https:\\\/\\\/www.facebook.com\\\/notibras\\\/\",\"https:\\\/\\\/x.com\\\/Notibras\",\"https:\\\/\\\/www.instagram.com\\\/notibras\\\/\"]},{\"@type\":\"Person\",\"@id\":\"https:\\\/\\\/www.notibras.com\\\/site\\\/#\\\/schema\\\/person\\\/36ab0979449956132d3e5b517ea76ac8\",\"name\":\"Reda\u00e7\u00e3o\",\"image\":{\"@type\":\"ImageObject\",\"inLanguage\":\"pt-BR\",\"@id\":\"https:\\\/\\\/secure.gravatar.com\\\/avatar\\\/e0a867bdedb85fd243eadf09663511f96fc81e0720a4a42581f334ad4303aa6b?s=96&d=mm&r=g\",\"url\":\"https:\\\/\\\/secure.gravatar.com\\\/avatar\\\/e0a867bdedb85fd243eadf09663511f96fc81e0720a4a42581f334ad4303aa6b?s=96&d=mm&r=g\",\"contentUrl\":\"https:\\\/\\\/secure.gravatar.com\\\/avatar\\\/e0a867bdedb85fd243eadf09663511f96fc81e0720a4a42581f334ad4303aa6b?s=96&d=mm&r=g\",\"caption\":\"Reda\u00e7\u00e3o\"}}]}<\/script>\n<!-- \/ Yoast SEO plugin. -->","yoast_head_json":{"title":"Na crise, reformas impopulares podem virar medalha de outo a m\u00e9dio prazo - Notibras","robots":{"index":"index","follow":"follow","max-snippet":"max-snippet:-1","max-image-preview":"max-image-preview:large","max-video-preview":"max-video-preview:-1"},"canonical":"https:\/\/www.notibras.com\/site\/na-crise-reformas-impopulares-podem-virar-medalha-de-outo-a-medio-prazo\/","og_locale":"pt_BR","og_type":"article","og_title":"Na crise, reformas impopulares podem virar medalha de outo a m\u00e9dio prazo - Notibras","og_description":"Pauderney Avelino A realiza\u00e7\u00e3o da Olimp\u00edada se configura como um fato in\u00e9dito n\u00e3o s\u00f3 para o Brasil como para toda a Am\u00e9rica do Sul. Os momentos pol\u00edtico e econ\u00f4mico brasileiros tamb\u00e9m s\u00e3o singulares e, com o devido distanciamento, certamente ser\u00e3o considerados hist\u00f3ricos. A depender das decis\u00f5es tomadas agora, poderemos afundar o pa\u00eds numa estagna\u00e7\u00e3o secular [&hellip;]","og_url":"https:\/\/www.notibras.com\/site\/na-crise-reformas-impopulares-podem-virar-medalha-de-outo-a-medio-prazo\/","og_site_name":"Notibras","article_publisher":"https:\/\/www.facebook.com\/notibras\/","article_published_time":"2016-08-27T09:00:10+00:00","article_modified_time":"2016-08-27T09:15:39+00:00","og_image":[{"width":800,"height":600,"url":"https:\/\/www.notibras.com\/site\/wp-content\/uploads\/2016\/08\/plenario-camara.jpg","type":"image\/jpeg"}],"author":"Reda\u00e7\u00e3o","twitter_card":"summary_large_image","twitter_creator":"@Notibras","twitter_site":"@Notibras","twitter_misc":{"Escrito por":"Reda\u00e7\u00e3o","Est. tempo de leitura":"4 minutos"},"schema":{"@context":"https:\/\/schema.org","@graph":[{"@type":"Article","@id":"https:\/\/www.notibras.com\/site\/na-crise-reformas-impopulares-podem-virar-medalha-de-outo-a-medio-prazo\/#article","isPartOf":{"@id":"https:\/\/www.notibras.com\/site\/na-crise-reformas-impopulares-podem-virar-medalha-de-outo-a-medio-prazo\/"},"author":{"name":"Reda\u00e7\u00e3o","@id":"https:\/\/www.notibras.com\/site\/#\/schema\/person\/36ab0979449956132d3e5b517ea76ac8"},"headline":"Na crise, reformas impopulares podem virar medalha de outo a m\u00e9dio prazo","datePublished":"2016-08-27T09:00:10+00:00","dateModified":"2016-08-27T09:15:39+00:00","mainEntityOfPage":{"@id":"https:\/\/www.notibras.com\/site\/na-crise-reformas-impopulares-podem-virar-medalha-de-outo-a-medio-prazo\/"},"wordCount":718,"commentCount":0,"publisher":{"@id":"https:\/\/www.notibras.com\/site\/#organization"},"image":{"@id":"https:\/\/www.notibras.com\/site\/na-crise-reformas-impopulares-podem-virar-medalha-de-outo-a-medio-prazo\/#primaryimage"},"thumbnailUrl":"https:\/\/www.notibras.com\/site\/wp-content\/uploads\/2016\/08\/plenario-camara.jpg","articleSection":["Opina a\u00ed"],"inLanguage":"pt-BR","potentialAction":[{"@type":"CommentAction","name":"Comment","target":["https:\/\/www.notibras.com\/site\/na-crise-reformas-impopulares-podem-virar-medalha-de-outo-a-medio-prazo\/#respond"]}]},{"@type":"WebPage","@id":"https:\/\/www.notibras.com\/site\/na-crise-reformas-impopulares-podem-virar-medalha-de-outo-a-medio-prazo\/","url":"https:\/\/www.notibras.com\/site\/na-crise-reformas-impopulares-podem-virar-medalha-de-outo-a-medio-prazo\/","name":"Na crise, reformas impopulares podem virar medalha de outo a m\u00e9dio prazo - Notibras","isPartOf":{"@id":"https:\/\/www.notibras.com\/site\/#website"},"primaryImageOfPage":{"@id":"https:\/\/www.notibras.com\/site\/na-crise-reformas-impopulares-podem-virar-medalha-de-outo-a-medio-prazo\/#primaryimage"},"image":{"@id":"https:\/\/www.notibras.com\/site\/na-crise-reformas-impopulares-podem-virar-medalha-de-outo-a-medio-prazo\/#primaryimage"},"thumbnailUrl":"https:\/\/www.notibras.com\/site\/wp-content\/uploads\/2016\/08\/plenario-camara.jpg","datePublished":"2016-08-27T09:00:10+00:00","dateModified":"2016-08-27T09:15:39+00:00","breadcrumb":{"@id":"https:\/\/www.notibras.com\/site\/na-crise-reformas-impopulares-podem-virar-medalha-de-outo-a-medio-prazo\/#breadcrumb"},"inLanguage":"pt-BR","potentialAction":[{"@type":"ReadAction","target":["https:\/\/www.notibras.com\/site\/na-crise-reformas-impopulares-podem-virar-medalha-de-outo-a-medio-prazo\/"]}]},{"@type":"ImageObject","inLanguage":"pt-BR","@id":"https:\/\/www.notibras.com\/site\/na-crise-reformas-impopulares-podem-virar-medalha-de-outo-a-medio-prazo\/#primaryimage","url":"https:\/\/www.notibras.com\/site\/wp-content\/uploads\/2016\/08\/plenario-camara.jpg","contentUrl":"https:\/\/www.notibras.com\/site\/wp-content\/uploads\/2016\/08\/plenario-camara.jpg","width":800,"height":600},{"@type":"BreadcrumbList","@id":"https:\/\/www.notibras.com\/site\/na-crise-reformas-impopulares-podem-virar-medalha-de-outo-a-medio-prazo\/#breadcrumb","itemListElement":[{"@type":"ListItem","position":1,"name":"In\u00edcio","item":"https:\/\/www.notibras.com\/site\/"},{"@type":"ListItem","position":2,"name":"Na crise, reformas impopulares podem virar medalha de outo a m\u00e9dio prazo"}]},{"@type":"WebSite","@id":"https:\/\/www.notibras.com\/site\/#website","url":"https:\/\/www.notibras.com\/site\/","name":"Notibras","description":"Not\u00edcias de Bras\u00edlia, do Brasil e do Mundo","publisher":{"@id":"https:\/\/www.notibras.com\/site\/#organization"},"potentialAction":[{"@type":"SearchAction","target":{"@type":"EntryPoint","urlTemplate":"https:\/\/www.notibras.com\/site\/?s={search_term_string}"},"query-input":{"@type":"PropertyValueSpecification","valueRequired":true,"valueName":"search_term_string"}}],"inLanguage":"pt-BR"},{"@type":"Organization","@id":"https:\/\/www.notibras.com\/site\/#organization","name":"Grupo Notibras de Comunica\u00e7\u00e3o","url":"https:\/\/www.notibras.com\/site\/","logo":{"@type":"ImageObject","inLanguage":"pt-BR","@id":"https:\/\/www.notibras.com\/site\/#\/schema\/logo\/image\/","url":"https:\/\/www.notibras.com\/site\/wp-content\/uploads\/2023\/01\/notibras23.png","contentUrl":"https:\/\/www.notibras.com\/site\/wp-content\/uploads\/2023\/01\/notibras23.png","width":350,"height":87,"caption":"Grupo Notibras de Comunica\u00e7\u00e3o"},"image":{"@id":"https:\/\/www.notibras.com\/site\/#\/schema\/logo\/image\/"},"sameAs":["https:\/\/www.facebook.com\/notibras\/","https:\/\/x.com\/Notibras","https:\/\/www.instagram.com\/notibras\/"]},{"@type":"Person","@id":"https:\/\/www.notibras.com\/site\/#\/schema\/person\/36ab0979449956132d3e5b517ea76ac8","name":"Reda\u00e7\u00e3o","image":{"@type":"ImageObject","inLanguage":"pt-BR","@id":"https:\/\/secure.gravatar.com\/avatar\/e0a867bdedb85fd243eadf09663511f96fc81e0720a4a42581f334ad4303aa6b?s=96&d=mm&r=g","url":"https:\/\/secure.gravatar.com\/avatar\/e0a867bdedb85fd243eadf09663511f96fc81e0720a4a42581f334ad4303aa6b?s=96&d=mm&r=g","contentUrl":"https:\/\/secure.gravatar.com\/avatar\/e0a867bdedb85fd243eadf09663511f96fc81e0720a4a42581f334ad4303aa6b?s=96&d=mm&r=g","caption":"Reda\u00e7\u00e3o"}}]}},"amp_enabled":true,"_links":{"self":[{"href":"https:\/\/www.notibras.com\/site\/wp-json\/wp\/v2\/posts\/113429","targetHints":{"allow":["GET"]}}],"collection":[{"href":"https:\/\/www.notibras.com\/site\/wp-json\/wp\/v2\/posts"}],"about":[{"href":"https:\/\/www.notibras.com\/site\/wp-json\/wp\/v2\/types\/post"}],"author":[{"embeddable":true,"href":"https:\/\/www.notibras.com\/site\/wp-json\/wp\/v2\/users\/2"}],"replies":[{"embeddable":true,"href":"https:\/\/www.notibras.com\/site\/wp-json\/wp\/v2\/comments?post=113429"}],"version-history":[{"count":1,"href":"https:\/\/www.notibras.com\/site\/wp-json\/wp\/v2\/posts\/113429\/revisions"}],"predecessor-version":[{"id":113431,"href":"https:\/\/www.notibras.com\/site\/wp-json\/wp\/v2\/posts\/113429\/revisions\/113431"}],"wp:featuredmedia":[{"embeddable":true,"href":"https:\/\/www.notibras.com\/site\/wp-json\/wp\/v2\/media\/113430"}],"wp:attachment":[{"href":"https:\/\/www.notibras.com\/site\/wp-json\/wp\/v2\/media?parent=113429"}],"wp:term":[{"taxonomy":"category","embeddable":true,"href":"https:\/\/www.notibras.com\/site\/wp-json\/wp\/v2\/categories?post=113429"},{"taxonomy":"post_tag","embeddable":true,"href":"https:\/\/www.notibras.com\/site\/wp-json\/wp\/v2\/tags?post=113429"}],"curies":[{"name":"wp","href":"https:\/\/api.w.org\/{rel}","templated":true}]}}