{"id":113716,"date":"2016-08-30T08:13:34","date_gmt":"2016-08-30T11:13:34","guid":{"rendered":"http:\/\/www.notibras.com\/site\/?p=113716"},"modified":"2016-08-30T08:13:34","modified_gmt":"2016-08-30T11:13:34","slug":"chegou-a-hora-de-intelectuais-se-engajarem-para-ser-contraponto-a-insensatez-dos-politicos","status":"publish","type":"post","link":"https:\/\/www.notibras.com\/site\/chegou-a-hora-de-intelectuais-se-engajarem-para-ser-contraponto-a-insensatez-dos-politicos\/","title":{"rendered":"Chegou a hora de intelectuais se engajarem para ser contraponto \u00e0 insensatez dos pol\u00edticos"},"content":{"rendered":"<p><strong>Luiz Paulo Rouanet e Wilson Levy<\/strong><\/p>\n<p>Arist\u00f3teles dizia que para ser juiz deve-se ter experi\u00eancia, mas sem ter sido corrompido. Essa \u00e9 uma exig\u00eancia que deveria se estender tamb\u00e9m a outras categorias profissionais \u2013entre elas, a dos pol\u00edticos. N\u00e3o que se espere que estes tenham uma &#8220;vontade santa&#8221;, mas que, pelo menos, no que diz respeito \u00e0 sua vida p\u00fablica, busquem se pautar pela moralidade.<\/p>\n<p>Outro aspecto que se pode passar a exigir, e que n\u00e3o se constitui como requisito antidemocr\u00e1tico, \u00e9 o de que o cidad\u00e3o que se propuser a seguir a vida p\u00fablica procure uma forma\u00e7\u00e3o voltada para o exerc\u00edcio das complexas fun\u00e7\u00f5es relacionadas ao aparelho do Estado. Se n\u00e3o for obrigat\u00f3rio, deve ser fortemente estimulado. Acoplado ao pr\u00e9-requisito legal \u2013conhecido como ficha limpa\u2013, isso ajudaria a selecionar de forma mais adequada os cidad\u00e3os para o exerc\u00edcio de cargos p\u00fablicos.<\/p>\n<p>Por\u00e9m, se sozinha, a forma\u00e7\u00e3o pode tornar-se est\u00e9ril, caso n\u00e3o se traduza em a\u00e7\u00f5es e compromissos voltados para a popula\u00e7\u00e3o. Intelectuais formados por universidades p\u00fablicas, por exemplo, muitas vezes t\u00eam a ilus\u00e3o de que a posi\u00e7\u00e3o que atingiram na sociedade se deve exclusivamente a m\u00e9ritos seus, quando houve um investimento da sociedade para que completassem sua forma\u00e7\u00e3o.<\/p>\n<p>Pouco se discute sobre o papel dos intelectuais na pol\u00edtica. Eles t\u00eam uma fun\u00e7\u00e3o importante na defini\u00e7\u00e3o de programas partid\u00e1rios e muitos ocupam cargos na administra\u00e7\u00e3o. Habitualmente, s\u00e3o chamados a se posicionar no debate de grandes quest\u00f5es p\u00fablicas. Todavia, a cr\u00edtica faz parte de um movimento muito mais enf\u00e1tico do que a (t\u00edmida) participa\u00e7\u00e3o nas tomadas de decis\u00e3o. A quest\u00e3o \u00e9 se intelectuais ser\u00e3o bons homens e mulheres p\u00fablicos.<\/p>\n<p>O fil\u00f3sofo italiano Norberto Bobbio discutiu o tema com bastante desenvoltura. Segundo ele, quando o intelectual se coloca acima da vida p\u00fablica, este faz suas ideias virarem exerc\u00edcios professorais. Contudo, quando se engaja \u00e9 acusado de trair seu of\u00edcio, colocando-se a servi\u00e7o de ideologias e projetos de poder. As duas hip\u00f3teses s\u00e3o frequentes e igualmente negativas.<\/p>\n<p>Para desatar esse n\u00f3, transpar\u00eancia \u00e9 um pressuposto. N\u00e3o raramente os intelectuais defendem projetos partid\u00e1rios. Todavia, s\u00e3o poucos os que assumem essa condi\u00e7\u00e3o com clareza. N\u00e3o \u00e9 incomum encontrar intelectuais cujos discursos oscilam entre a abordagem isenta e a defesa incondicional de interesses, sem deixarem claras as suas posi\u00e7\u00f5es ou mesmo \u2013o que \u00e9 ainda mais frequente\u2013 usando as suas posi\u00e7\u00f5es para legitimar interesses partid\u00e1rios.<\/p>\n<p>Ao n\u00e3o jogarem limpo, prestam um desservi\u00e7o ao debate, escondendo-se sob a capa de uma neutralidade insustent\u00e1vel. Quando assume posi\u00e7\u00f5es, o intelectual s\u00f3 fortalece o seu papel. Permanece um interlocutor p\u00fablico qualificado e n\u00e3o pode ser acusado de ser panflet\u00e1rio.<\/p>\n<p>A academia \u00e9 uma casa de dissensos, e exterioriz\u00e1-los para a pra\u00e7a p\u00fablica n\u00e3o denota uma fraqueza moral. Ao se expor \u00e0s cr\u00edticas e ao p\u00f4r-se \u00e0 disposi\u00e7\u00e3o de ser convencido, colabora para o aperfei\u00e7oamento das ideias que defende. Dentro da pol\u00edtica, passa a influenciar no desenho dos programas de Estado e, conhecendo a realidade de seu pa\u00eds, atua no sentido de contextualizar as ideias pol\u00edticas.<\/p>\n<p>No caso brasileiro, o intelectual pode assumir um protagonismo importante, seja evitando a prolifera\u00e7\u00e3o de uma abordagem liberal rasa \u2013num pa\u00eds que n\u00e3o atingiu um patamar civilizado de igualdade de oportunidades\u2013, seja denunciando uma posi\u00e7\u00e3o \u00e0 esquerda que despreze os limites impostos pela realidade econ\u00f4mica, ou mesmo numa atua\u00e7\u00e3o firme contra as lament\u00e1veis express\u00f5es de insensatez que os atores pol\u00edticos t\u00eam dado.<\/p>\n<p>Neste momento agudo da vida nacional, abre-se espa\u00e7o para o surgimento de uma nova gera\u00e7\u00e3o de indiv\u00edduos p\u00fablicos com boa forma\u00e7\u00e3o e imbu\u00eddos de ideais de cidadania. Esse grupo, que \u00e9 plural, deve ser cada vez mais composto por intelectuais a servi\u00e7o do pa\u00eds.<\/p>\n","protected":false},"excerpt":{"rendered":"<p>Luiz Paulo Rouanet e Wilson Levy Arist\u00f3teles dizia que para ser juiz deve-se ter experi\u00eancia, mas sem ter sido corrompido. Essa \u00e9 uma exig\u00eancia que deveria se estender tamb\u00e9m a outras categorias profissionais \u2013entre elas, a dos pol\u00edticos. N\u00e3o que se espere que estes tenham uma &#8220;vontade santa&#8221;, mas que, pelo menos, no que diz [&hellip;]<\/p>\n","protected":false},"author":2,"featured_media":113717,"comment_status":"open","ping_status":"closed","sticky":false,"template":"","format":"standard","meta":{"_acf_changed":false,"footnotes":""},"categories":[25],"tags":[],"class_list":["post-113716","post","type-post","status-publish","format-standard","has-post-thumbnail","hentry","category-opina-ai"],"acf":[],"yoast_head":"<!-- This site is optimized with the Yoast SEO plugin v27.5 - https:\/\/yoast.com\/product\/yoast-seo-wordpress\/ -->\n<title>Chegou a hora de intelectuais se engajarem para ser contraponto \u00e0 insensatez dos pol\u00edticos - Notibras<\/title>\n<meta name=\"robots\" content=\"index, follow, max-snippet:-1, max-image-preview:large, max-video-preview:-1\" \/>\n<link rel=\"canonical\" href=\"https:\/\/www.notibras.com\/site\/chegou-a-hora-de-intelectuais-se-engajarem-para-ser-contraponto-a-insensatez-dos-politicos\/\" \/>\n<meta property=\"og:locale\" content=\"pt_BR\" \/>\n<meta property=\"og:type\" content=\"article\" \/>\n<meta property=\"og:title\" content=\"Chegou a hora de intelectuais se engajarem para ser contraponto \u00e0 insensatez dos pol\u00edticos - Notibras\" \/>\n<meta property=\"og:description\" content=\"Luiz Paulo Rouanet e Wilson Levy Arist\u00f3teles dizia que para ser juiz deve-se ter experi\u00eancia, mas sem ter sido corrompido. Essa \u00e9 uma exig\u00eancia que deveria se estender tamb\u00e9m a outras categorias profissionais \u2013entre elas, a dos pol\u00edticos. N\u00e3o que se espere que estes tenham uma &#8220;vontade santa&#8221;, mas que, pelo menos, no que diz [&hellip;]\" \/>\n<meta property=\"og:url\" content=\"https:\/\/www.notibras.com\/site\/chegou-a-hora-de-intelectuais-se-engajarem-para-ser-contraponto-a-insensatez-dos-politicos\/\" \/>\n<meta property=\"og:site_name\" content=\"Notibras\" \/>\n<meta property=\"article:publisher\" content=\"https:\/\/www.facebook.com\/notibras\/\" \/>\n<meta property=\"article:published_time\" content=\"2016-08-30T11:13:34+00:00\" \/>\n<meta property=\"og:image\" content=\"https:\/\/www.notibras.com\/site\/wp-content\/uploads\/2016\/08\/size_810_16_9_predio-do-congresso-nacional.jpg\" \/>\n\t<meta property=\"og:image:width\" content=\"810\" \/>\n\t<meta property=\"og:image:height\" content=\"455\" \/>\n\t<meta property=\"og:image:type\" content=\"image\/jpeg\" \/>\n<meta name=\"author\" content=\"Reda\u00e7\u00e3o\" \/>\n<meta name=\"twitter:card\" content=\"summary_large_image\" \/>\n<meta name=\"twitter:creator\" content=\"@Notibras\" \/>\n<meta name=\"twitter:site\" content=\"@Notibras\" \/>\n<meta name=\"twitter:label1\" content=\"Escrito por\" \/>\n\t<meta name=\"twitter:data1\" content=\"Reda\u00e7\u00e3o\" \/>\n\t<meta name=\"twitter:label2\" content=\"Est. tempo de leitura\" \/>\n\t<meta name=\"twitter:data2\" content=\"3 minutos\" \/>\n<script type=\"application\/ld+json\" class=\"yoast-schema-graph\">{\"@context\":\"https:\\\/\\\/schema.org\",\"@graph\":[{\"@type\":\"Article\",\"@id\":\"https:\\\/\\\/www.notibras.com\\\/site\\\/chegou-a-hora-de-intelectuais-se-engajarem-para-ser-contraponto-a-insensatez-dos-politicos\\\/#article\",\"isPartOf\":{\"@id\":\"https:\\\/\\\/www.notibras.com\\\/site\\\/chegou-a-hora-de-intelectuais-se-engajarem-para-ser-contraponto-a-insensatez-dos-politicos\\\/\"},\"author\":{\"name\":\"Reda\u00e7\u00e3o\",\"@id\":\"https:\\\/\\\/www.notibras.com\\\/site\\\/#\\\/schema\\\/person\\\/36ab0979449956132d3e5b517ea76ac8\"},\"headline\":\"Chegou a hora de intelectuais se engajarem para ser contraponto \u00e0 insensatez dos pol\u00edticos\",\"datePublished\":\"2016-08-30T11:13:34+00:00\",\"mainEntityOfPage\":{\"@id\":\"https:\\\/\\\/www.notibras.com\\\/site\\\/chegou-a-hora-de-intelectuais-se-engajarem-para-ser-contraponto-a-insensatez-dos-politicos\\\/\"},\"wordCount\":704,\"commentCount\":0,\"publisher\":{\"@id\":\"https:\\\/\\\/www.notibras.com\\\/site\\\/#organization\"},\"image\":{\"@id\":\"https:\\\/\\\/www.notibras.com\\\/site\\\/chegou-a-hora-de-intelectuais-se-engajarem-para-ser-contraponto-a-insensatez-dos-politicos\\\/#primaryimage\"},\"thumbnailUrl\":\"https:\\\/\\\/www.notibras.com\\\/site\\\/wp-content\\\/uploads\\\/2016\\\/08\\\/size_810_16_9_predio-do-congresso-nacional.jpg\",\"articleSection\":[\"Opina a\u00ed\"],\"inLanguage\":\"pt-BR\",\"potentialAction\":[{\"@type\":\"CommentAction\",\"name\":\"Comment\",\"target\":[\"https:\\\/\\\/www.notibras.com\\\/site\\\/chegou-a-hora-de-intelectuais-se-engajarem-para-ser-contraponto-a-insensatez-dos-politicos\\\/#respond\"]}]},{\"@type\":\"WebPage\",\"@id\":\"https:\\\/\\\/www.notibras.com\\\/site\\\/chegou-a-hora-de-intelectuais-se-engajarem-para-ser-contraponto-a-insensatez-dos-politicos\\\/\",\"url\":\"https:\\\/\\\/www.notibras.com\\\/site\\\/chegou-a-hora-de-intelectuais-se-engajarem-para-ser-contraponto-a-insensatez-dos-politicos\\\/\",\"name\":\"Chegou a hora de intelectuais se engajarem para ser contraponto \u00e0 insensatez dos pol\u00edticos - Notibras\",\"isPartOf\":{\"@id\":\"https:\\\/\\\/www.notibras.com\\\/site\\\/#website\"},\"primaryImageOfPage\":{\"@id\":\"https:\\\/\\\/www.notibras.com\\\/site\\\/chegou-a-hora-de-intelectuais-se-engajarem-para-ser-contraponto-a-insensatez-dos-politicos\\\/#primaryimage\"},\"image\":{\"@id\":\"https:\\\/\\\/www.notibras.com\\\/site\\\/chegou-a-hora-de-intelectuais-se-engajarem-para-ser-contraponto-a-insensatez-dos-politicos\\\/#primaryimage\"},\"thumbnailUrl\":\"https:\\\/\\\/www.notibras.com\\\/site\\\/wp-content\\\/uploads\\\/2016\\\/08\\\/size_810_16_9_predio-do-congresso-nacional.jpg\",\"datePublished\":\"2016-08-30T11:13:34+00:00\",\"breadcrumb\":{\"@id\":\"https:\\\/\\\/www.notibras.com\\\/site\\\/chegou-a-hora-de-intelectuais-se-engajarem-para-ser-contraponto-a-insensatez-dos-politicos\\\/#breadcrumb\"},\"inLanguage\":\"pt-BR\",\"potentialAction\":[{\"@type\":\"ReadAction\",\"target\":[\"https:\\\/\\\/www.notibras.com\\\/site\\\/chegou-a-hora-de-intelectuais-se-engajarem-para-ser-contraponto-a-insensatez-dos-politicos\\\/\"]}]},{\"@type\":\"ImageObject\",\"inLanguage\":\"pt-BR\",\"@id\":\"https:\\\/\\\/www.notibras.com\\\/site\\\/chegou-a-hora-de-intelectuais-se-engajarem-para-ser-contraponto-a-insensatez-dos-politicos\\\/#primaryimage\",\"url\":\"https:\\\/\\\/www.notibras.com\\\/site\\\/wp-content\\\/uploads\\\/2016\\\/08\\\/size_810_16_9_predio-do-congresso-nacional.jpg\",\"contentUrl\":\"https:\\\/\\\/www.notibras.com\\\/site\\\/wp-content\\\/uploads\\\/2016\\\/08\\\/size_810_16_9_predio-do-congresso-nacional.jpg\",\"width\":810,\"height\":455},{\"@type\":\"BreadcrumbList\",\"@id\":\"https:\\\/\\\/www.notibras.com\\\/site\\\/chegou-a-hora-de-intelectuais-se-engajarem-para-ser-contraponto-a-insensatez-dos-politicos\\\/#breadcrumb\",\"itemListElement\":[{\"@type\":\"ListItem\",\"position\":1,\"name\":\"In\u00edcio\",\"item\":\"https:\\\/\\\/www.notibras.com\\\/site\\\/\"},{\"@type\":\"ListItem\",\"position\":2,\"name\":\"Chegou a hora de intelectuais se engajarem para ser contraponto \u00e0 insensatez dos pol\u00edticos\"}]},{\"@type\":\"WebSite\",\"@id\":\"https:\\\/\\\/www.notibras.com\\\/site\\\/#website\",\"url\":\"https:\\\/\\\/www.notibras.com\\\/site\\\/\",\"name\":\"Notibras\",\"description\":\"Not\u00edcias de Bras\u00edlia, do Brasil e do Mundo\",\"publisher\":{\"@id\":\"https:\\\/\\\/www.notibras.com\\\/site\\\/#organization\"},\"potentialAction\":[{\"@type\":\"SearchAction\",\"target\":{\"@type\":\"EntryPoint\",\"urlTemplate\":\"https:\\\/\\\/www.notibras.com\\\/site\\\/?s={search_term_string}\"},\"query-input\":{\"@type\":\"PropertyValueSpecification\",\"valueRequired\":true,\"valueName\":\"search_term_string\"}}],\"inLanguage\":\"pt-BR\"},{\"@type\":\"Organization\",\"@id\":\"https:\\\/\\\/www.notibras.com\\\/site\\\/#organization\",\"name\":\"Grupo Notibras de Comunica\u00e7\u00e3o\",\"url\":\"https:\\\/\\\/www.notibras.com\\\/site\\\/\",\"logo\":{\"@type\":\"ImageObject\",\"inLanguage\":\"pt-BR\",\"@id\":\"https:\\\/\\\/www.notibras.com\\\/site\\\/#\\\/schema\\\/logo\\\/image\\\/\",\"url\":\"https:\\\/\\\/www.notibras.com\\\/site\\\/wp-content\\\/uploads\\\/2023\\\/01\\\/notibras23.png\",\"contentUrl\":\"https:\\\/\\\/www.notibras.com\\\/site\\\/wp-content\\\/uploads\\\/2023\\\/01\\\/notibras23.png\",\"width\":350,\"height\":87,\"caption\":\"Grupo Notibras de Comunica\u00e7\u00e3o\"},\"image\":{\"@id\":\"https:\\\/\\\/www.notibras.com\\\/site\\\/#\\\/schema\\\/logo\\\/image\\\/\"},\"sameAs\":[\"https:\\\/\\\/www.facebook.com\\\/notibras\\\/\",\"https:\\\/\\\/x.com\\\/Notibras\",\"https:\\\/\\\/www.instagram.com\\\/notibras\\\/\"]},{\"@type\":\"Person\",\"@id\":\"https:\\\/\\\/www.notibras.com\\\/site\\\/#\\\/schema\\\/person\\\/36ab0979449956132d3e5b517ea76ac8\",\"name\":\"Reda\u00e7\u00e3o\",\"image\":{\"@type\":\"ImageObject\",\"inLanguage\":\"pt-BR\",\"@id\":\"https:\\\/\\\/secure.gravatar.com\\\/avatar\\\/e0a867bdedb85fd243eadf09663511f96fc81e0720a4a42581f334ad4303aa6b?s=96&d=mm&r=g\",\"url\":\"https:\\\/\\\/secure.gravatar.com\\\/avatar\\\/e0a867bdedb85fd243eadf09663511f96fc81e0720a4a42581f334ad4303aa6b?s=96&d=mm&r=g\",\"contentUrl\":\"https:\\\/\\\/secure.gravatar.com\\\/avatar\\\/e0a867bdedb85fd243eadf09663511f96fc81e0720a4a42581f334ad4303aa6b?s=96&d=mm&r=g\",\"caption\":\"Reda\u00e7\u00e3o\"}}]}<\/script>\n<!-- \/ Yoast SEO plugin. -->","yoast_head_json":{"title":"Chegou a hora de intelectuais se engajarem para ser contraponto \u00e0 insensatez dos pol\u00edticos - Notibras","robots":{"index":"index","follow":"follow","max-snippet":"max-snippet:-1","max-image-preview":"max-image-preview:large","max-video-preview":"max-video-preview:-1"},"canonical":"https:\/\/www.notibras.com\/site\/chegou-a-hora-de-intelectuais-se-engajarem-para-ser-contraponto-a-insensatez-dos-politicos\/","og_locale":"pt_BR","og_type":"article","og_title":"Chegou a hora de intelectuais se engajarem para ser contraponto \u00e0 insensatez dos pol\u00edticos - Notibras","og_description":"Luiz Paulo Rouanet e Wilson Levy Arist\u00f3teles dizia que para ser juiz deve-se ter experi\u00eancia, mas sem ter sido corrompido. Essa \u00e9 uma exig\u00eancia que deveria se estender tamb\u00e9m a outras categorias profissionais \u2013entre elas, a dos pol\u00edticos. N\u00e3o que se espere que estes tenham uma &#8220;vontade santa&#8221;, mas que, pelo menos, no que diz [&hellip;]","og_url":"https:\/\/www.notibras.com\/site\/chegou-a-hora-de-intelectuais-se-engajarem-para-ser-contraponto-a-insensatez-dos-politicos\/","og_site_name":"Notibras","article_publisher":"https:\/\/www.facebook.com\/notibras\/","article_published_time":"2016-08-30T11:13:34+00:00","og_image":[{"width":810,"height":455,"url":"https:\/\/www.notibras.com\/site\/wp-content\/uploads\/2016\/08\/size_810_16_9_predio-do-congresso-nacional.jpg","type":"image\/jpeg"}],"author":"Reda\u00e7\u00e3o","twitter_card":"summary_large_image","twitter_creator":"@Notibras","twitter_site":"@Notibras","twitter_misc":{"Escrito por":"Reda\u00e7\u00e3o","Est. tempo de leitura":"3 minutos"},"schema":{"@context":"https:\/\/schema.org","@graph":[{"@type":"Article","@id":"https:\/\/www.notibras.com\/site\/chegou-a-hora-de-intelectuais-se-engajarem-para-ser-contraponto-a-insensatez-dos-politicos\/#article","isPartOf":{"@id":"https:\/\/www.notibras.com\/site\/chegou-a-hora-de-intelectuais-se-engajarem-para-ser-contraponto-a-insensatez-dos-politicos\/"},"author":{"name":"Reda\u00e7\u00e3o","@id":"https:\/\/www.notibras.com\/site\/#\/schema\/person\/36ab0979449956132d3e5b517ea76ac8"},"headline":"Chegou a hora de intelectuais se engajarem para ser contraponto \u00e0 insensatez dos pol\u00edticos","datePublished":"2016-08-30T11:13:34+00:00","mainEntityOfPage":{"@id":"https:\/\/www.notibras.com\/site\/chegou-a-hora-de-intelectuais-se-engajarem-para-ser-contraponto-a-insensatez-dos-politicos\/"},"wordCount":704,"commentCount":0,"publisher":{"@id":"https:\/\/www.notibras.com\/site\/#organization"},"image":{"@id":"https:\/\/www.notibras.com\/site\/chegou-a-hora-de-intelectuais-se-engajarem-para-ser-contraponto-a-insensatez-dos-politicos\/#primaryimage"},"thumbnailUrl":"https:\/\/www.notibras.com\/site\/wp-content\/uploads\/2016\/08\/size_810_16_9_predio-do-congresso-nacional.jpg","articleSection":["Opina a\u00ed"],"inLanguage":"pt-BR","potentialAction":[{"@type":"CommentAction","name":"Comment","target":["https:\/\/www.notibras.com\/site\/chegou-a-hora-de-intelectuais-se-engajarem-para-ser-contraponto-a-insensatez-dos-politicos\/#respond"]}]},{"@type":"WebPage","@id":"https:\/\/www.notibras.com\/site\/chegou-a-hora-de-intelectuais-se-engajarem-para-ser-contraponto-a-insensatez-dos-politicos\/","url":"https:\/\/www.notibras.com\/site\/chegou-a-hora-de-intelectuais-se-engajarem-para-ser-contraponto-a-insensatez-dos-politicos\/","name":"Chegou a hora de intelectuais se engajarem para ser contraponto \u00e0 insensatez dos pol\u00edticos - Notibras","isPartOf":{"@id":"https:\/\/www.notibras.com\/site\/#website"},"primaryImageOfPage":{"@id":"https:\/\/www.notibras.com\/site\/chegou-a-hora-de-intelectuais-se-engajarem-para-ser-contraponto-a-insensatez-dos-politicos\/#primaryimage"},"image":{"@id":"https:\/\/www.notibras.com\/site\/chegou-a-hora-de-intelectuais-se-engajarem-para-ser-contraponto-a-insensatez-dos-politicos\/#primaryimage"},"thumbnailUrl":"https:\/\/www.notibras.com\/site\/wp-content\/uploads\/2016\/08\/size_810_16_9_predio-do-congresso-nacional.jpg","datePublished":"2016-08-30T11:13:34+00:00","breadcrumb":{"@id":"https:\/\/www.notibras.com\/site\/chegou-a-hora-de-intelectuais-se-engajarem-para-ser-contraponto-a-insensatez-dos-politicos\/#breadcrumb"},"inLanguage":"pt-BR","potentialAction":[{"@type":"ReadAction","target":["https:\/\/www.notibras.com\/site\/chegou-a-hora-de-intelectuais-se-engajarem-para-ser-contraponto-a-insensatez-dos-politicos\/"]}]},{"@type":"ImageObject","inLanguage":"pt-BR","@id":"https:\/\/www.notibras.com\/site\/chegou-a-hora-de-intelectuais-se-engajarem-para-ser-contraponto-a-insensatez-dos-politicos\/#primaryimage","url":"https:\/\/www.notibras.com\/site\/wp-content\/uploads\/2016\/08\/size_810_16_9_predio-do-congresso-nacional.jpg","contentUrl":"https:\/\/www.notibras.com\/site\/wp-content\/uploads\/2016\/08\/size_810_16_9_predio-do-congresso-nacional.jpg","width":810,"height":455},{"@type":"BreadcrumbList","@id":"https:\/\/www.notibras.com\/site\/chegou-a-hora-de-intelectuais-se-engajarem-para-ser-contraponto-a-insensatez-dos-politicos\/#breadcrumb","itemListElement":[{"@type":"ListItem","position":1,"name":"In\u00edcio","item":"https:\/\/www.notibras.com\/site\/"},{"@type":"ListItem","position":2,"name":"Chegou a hora de intelectuais se engajarem para ser contraponto \u00e0 insensatez dos pol\u00edticos"}]},{"@type":"WebSite","@id":"https:\/\/www.notibras.com\/site\/#website","url":"https:\/\/www.notibras.com\/site\/","name":"Notibras","description":"Not\u00edcias de Bras\u00edlia, do Brasil e do Mundo","publisher":{"@id":"https:\/\/www.notibras.com\/site\/#organization"},"potentialAction":[{"@type":"SearchAction","target":{"@type":"EntryPoint","urlTemplate":"https:\/\/www.notibras.com\/site\/?s={search_term_string}"},"query-input":{"@type":"PropertyValueSpecification","valueRequired":true,"valueName":"search_term_string"}}],"inLanguage":"pt-BR"},{"@type":"Organization","@id":"https:\/\/www.notibras.com\/site\/#organization","name":"Grupo Notibras de Comunica\u00e7\u00e3o","url":"https:\/\/www.notibras.com\/site\/","logo":{"@type":"ImageObject","inLanguage":"pt-BR","@id":"https:\/\/www.notibras.com\/site\/#\/schema\/logo\/image\/","url":"https:\/\/www.notibras.com\/site\/wp-content\/uploads\/2023\/01\/notibras23.png","contentUrl":"https:\/\/www.notibras.com\/site\/wp-content\/uploads\/2023\/01\/notibras23.png","width":350,"height":87,"caption":"Grupo Notibras de Comunica\u00e7\u00e3o"},"image":{"@id":"https:\/\/www.notibras.com\/site\/#\/schema\/logo\/image\/"},"sameAs":["https:\/\/www.facebook.com\/notibras\/","https:\/\/x.com\/Notibras","https:\/\/www.instagram.com\/notibras\/"]},{"@type":"Person","@id":"https:\/\/www.notibras.com\/site\/#\/schema\/person\/36ab0979449956132d3e5b517ea76ac8","name":"Reda\u00e7\u00e3o","image":{"@type":"ImageObject","inLanguage":"pt-BR","@id":"https:\/\/secure.gravatar.com\/avatar\/e0a867bdedb85fd243eadf09663511f96fc81e0720a4a42581f334ad4303aa6b?s=96&d=mm&r=g","url":"https:\/\/secure.gravatar.com\/avatar\/e0a867bdedb85fd243eadf09663511f96fc81e0720a4a42581f334ad4303aa6b?s=96&d=mm&r=g","contentUrl":"https:\/\/secure.gravatar.com\/avatar\/e0a867bdedb85fd243eadf09663511f96fc81e0720a4a42581f334ad4303aa6b?s=96&d=mm&r=g","caption":"Reda\u00e7\u00e3o"}}]}},"amp_enabled":true,"_links":{"self":[{"href":"https:\/\/www.notibras.com\/site\/wp-json\/wp\/v2\/posts\/113716","targetHints":{"allow":["GET"]}}],"collection":[{"href":"https:\/\/www.notibras.com\/site\/wp-json\/wp\/v2\/posts"}],"about":[{"href":"https:\/\/www.notibras.com\/site\/wp-json\/wp\/v2\/types\/post"}],"author":[{"embeddable":true,"href":"https:\/\/www.notibras.com\/site\/wp-json\/wp\/v2\/users\/2"}],"replies":[{"embeddable":true,"href":"https:\/\/www.notibras.com\/site\/wp-json\/wp\/v2\/comments?post=113716"}],"version-history":[{"count":1,"href":"https:\/\/www.notibras.com\/site\/wp-json\/wp\/v2\/posts\/113716\/revisions"}],"predecessor-version":[{"id":113718,"href":"https:\/\/www.notibras.com\/site\/wp-json\/wp\/v2\/posts\/113716\/revisions\/113718"}],"wp:featuredmedia":[{"embeddable":true,"href":"https:\/\/www.notibras.com\/site\/wp-json\/wp\/v2\/media\/113717"}],"wp:attachment":[{"href":"https:\/\/www.notibras.com\/site\/wp-json\/wp\/v2\/media?parent=113716"}],"wp:term":[{"taxonomy":"category","embeddable":true,"href":"https:\/\/www.notibras.com\/site\/wp-json\/wp\/v2\/categories?post=113716"},{"taxonomy":"post_tag","embeddable":true,"href":"https:\/\/www.notibras.com\/site\/wp-json\/wp\/v2\/tags?post=113716"}],"curies":[{"name":"wp","href":"https:\/\/api.w.org\/{rel}","templated":true}]}}