{"id":11383,"date":"2014-05-28T23:13:44","date_gmt":"2014-05-29T02:13:44","guid":{"rendered":"http:\/\/www.notibras.com\/site\/?p=11383"},"modified":"2014-05-28T23:13:44","modified_gmt":"2014-05-29T02:13:44","slug":"botafogo-encerra-jejum-bate-palmeiras-e-sai-da-zona-da-degola","status":"publish","type":"post","link":"https:\/\/www.notibras.com\/site\/botafogo-encerra-jejum-bate-palmeiras-e-sai-da-zona-da-degola\/","title":{"rendered":"Botafogo encerra jejum, bate Palmeiras e sai da zona da degola"},"content":{"rendered":"<p>Depois de tr\u00eas rodadas sem vencer no Campeonato Brasileiro, o Botafogo encerrou a s\u00e9rie negativa jogando em Presidente Prudente, no interior de S\u00e3o Paulo. Na noite desta quarta-feira, a equipe suportou a press\u00e3o do Palmeiras e fez 2 a 0 para impor ao clube alviverde sua segunda derrota consecutiva na competi\u00e7\u00e3o.<\/p>\n<p class=\"text\">Com o resultado, o Botafogo chega aos 8 pontos e deixa a zona de rebaixamento da competi\u00e7\u00e3o de forma provis\u00f3ria \u2013 o desenrolar da rodada ainda pode complicar a situa\u00e7\u00e3o do clube carioca. J\u00e1 o Palmeiras, que embalou resultados positivos sob o comando do interino Alberto Valentim, pode ver o G-4 cada vez mais longe: tem 12 pontos, no 6\u00ba lugar.<\/p>\n<p class=\"text\">O Palmeiras volta a campo para sua \u00faltima partida antes da pausa para a disputa da Copa do Mundo no domingo, quando encara o Gr\u00eamio no Est\u00e1dio Alfredo Jaconi, em Caxias do Sul. A partida est\u00e1 marcada para as 16h (de Bras\u00edlia). No mesmo dia e hor\u00e1rio, o Botafogo faz o \u00faltimo evento-teste da Arena Corinthians, em Itaquera, enfrentando o anfitri\u00e3o na Zona Leste de S\u00e3o Paulo.<\/p>\n<p class=\"text\">Em Presidente Prudente, o Palmeiras dominou a partida no primeiro tempo, mas n\u00e3o teve efici\u00eancia ofensiva para abrir o placar. Aos 3min, Diogo quase marcou em chute cruzado. Aos 11min, Wendel cruzou para Marquinhos Gabriel, que estava em boa posi\u00e7\u00e3o, mas cabeceou mal. Aos 19min, foi a vez de Diogo desviar de cabe\u00e7a para fora. Aos 21min, Marquinhos Gabriel foi lan\u00e7ado pela esquerda e encobriu Renan, mas a bola saiu.<\/p>\n<p class=\"text\">Aos 33min, o Botafogo chegou ao gol com Emerson, mas o tentou foi anulado porque o jogador estava em posi\u00e7\u00e3o irregular no momento do lan\u00e7amento, e o impedimento foi marcado. Aos 41min, Wesley ficou com sobra de escanteio e chutou forte; a bola desviou em Andr\u00e9 Bahia e sobrou para Diogo, que errou o alvo na finaliza\u00e7\u00e3o. O primeiro tempo ainda teve pol\u00eamica discuss\u00e3o entre Emerson e L\u00facio \u2013 o atacante botafoguense acusou o advers\u00e1rio de mau-caratismo e preconceito.<\/p>\n<p class=\"text\">O Botafogo, que passou a maior parte do tempo se defendeu, mudou o panorama da partida no segundo tempo. Aos 15min, Bolatti aproveitou rebote de cobran\u00e7a de escanteio e emendou chute da intermedi\u00e1ria; a bola entrou no canto direito de F\u00e1bio, que n\u00e3o alcan\u00e7ou. \u00c0 frente no marcador, o time ainda ficou mais tranquilo aos 25min, quando Wesley fez falta dura em Emerson e foi expulso, deixando o Palmeiras com um homem a menos.<\/p>\n<p class=\"text\">O Botafogo ainda perdeu chance incr\u00edvel aos 27min. Zeballo recebeu bola dentro da \u00e1rea e driblou o goleiro F\u00e1bio, mas Marcelo Oliveira apareceu quase em cima da linha para rebater a finaliza\u00e7\u00e3o e evitar o segundo gol. O Palmeiras tentou pressionar o Botafogo at\u00e9 o final, mas o time carioca manteve a postura defensiva e garantiu a volta das vit\u00f3rias no Campeonato Brasileiro aos 48min, em contra-ataque puxado por Zeballos, que invadiu a \u00e1rea e tocou na sa\u00edda de F\u00e1bio.<\/p>\n","protected":false},"excerpt":{"rendered":"<p>Depois de tr\u00eas rodadas sem vencer no Campeonato Brasileiro, o Botafogo encerrou a s\u00e9rie negativa jogando em Presidente Prudente, no interior de S\u00e3o Paulo. Na noite desta quarta-feira, a equipe suportou a press\u00e3o do Palmeiras e fez 2 a 0 para impor ao clube alviverde sua segunda derrota consecutiva na competi\u00e7\u00e3o. Com o resultado, o [&hellip;]<\/p>\n","protected":false},"author":2,"featured_media":11384,"comment_status":"open","ping_status":"closed","sticky":false,"template":"","format":"standard","meta":{"_acf_changed":false,"footnotes":""},"categories":[19,29],"tags":[],"class_list":["post-11383","post","type-post","status-publish","format-standard","has-post-thumbnail","hentry","category-esportes","category-futebol"],"acf":[],"yoast_head":"<!-- This site is optimized with the Yoast SEO plugin v27.2 - https:\/\/yoast.com\/product\/yoast-seo-wordpress\/ -->\n<title>Botafogo encerra jejum, bate Palmeiras e sai da zona da degola - Notibras<\/title>\n<meta name=\"robots\" content=\"index, follow, max-snippet:-1, max-image-preview:large, max-video-preview:-1\" \/>\n<link rel=\"canonical\" href=\"https:\/\/www.notibras.com\/site\/botafogo-encerra-jejum-bate-palmeiras-e-sai-da-zona-da-degola\/\" \/>\n<meta property=\"og:locale\" content=\"pt_BR\" \/>\n<meta property=\"og:type\" content=\"article\" \/>\n<meta property=\"og:title\" content=\"Botafogo encerra jejum, bate Palmeiras e sai da zona da degola - Notibras\" \/>\n<meta property=\"og:description\" content=\"Depois de tr\u00eas rodadas sem vencer no Campeonato Brasileiro, o Botafogo encerrou a s\u00e9rie negativa jogando em Presidente Prudente, no interior de S\u00e3o Paulo. Na noite desta quarta-feira, a equipe suportou a press\u00e3o do Palmeiras e fez 2 a 0 para impor ao clube alviverde sua segunda derrota consecutiva na competi\u00e7\u00e3o. Com o resultado, o [&hellip;]\" \/>\n<meta property=\"og:url\" content=\"https:\/\/www.notibras.com\/site\/botafogo-encerra-jejum-bate-palmeiras-e-sai-da-zona-da-degola\/\" \/>\n<meta property=\"og:site_name\" content=\"Notibras\" \/>\n<meta property=\"article:publisher\" content=\"https:\/\/www.facebook.com\/notibras\/\" \/>\n<meta property=\"article:published_time\" content=\"2014-05-29T02:13:44+00:00\" \/>\n<meta property=\"og:image\" content=\"https:\/\/www.notibras.com\/site\/wp-content\/uploads\/2014\/05\/bolattifestagolbotafogoceliomessiasgazeta.jpg\" \/>\n\t<meta property=\"og:image:width\" content=\"750\" \/>\n\t<meta property=\"og:image:height\" content=\"500\" \/>\n\t<meta property=\"og:image:type\" content=\"image\/jpeg\" \/>\n<meta name=\"author\" content=\"Reda\u00e7\u00e3o\" \/>\n<meta name=\"twitter:card\" content=\"summary_large_image\" \/>\n<meta name=\"twitter:creator\" content=\"@Notibras\" \/>\n<meta name=\"twitter:site\" content=\"@Notibras\" \/>\n<meta name=\"twitter:label1\" content=\"Escrito por\" \/>\n\t<meta name=\"twitter:data1\" content=\"Reda\u00e7\u00e3o\" \/>\n\t<meta name=\"twitter:label2\" content=\"Est. tempo de leitura\" \/>\n\t<meta name=\"twitter:data2\" content=\"3 minutos\" \/>\n<script type=\"application\/ld+json\" class=\"yoast-schema-graph\">{\"@context\":\"https:\/\/schema.org\",\"@graph\":[{\"@type\":\"Article\",\"@id\":\"https:\/\/www.notibras.com\/site\/botafogo-encerra-jejum-bate-palmeiras-e-sai-da-zona-da-degola\/#article\",\"isPartOf\":{\"@id\":\"https:\/\/www.notibras.com\/site\/botafogo-encerra-jejum-bate-palmeiras-e-sai-da-zona-da-degola\/\"},\"author\":{\"name\":\"Reda\u00e7\u00e3o\",\"@id\":\"https:\/\/www.notibras.com\/site\/#\/schema\/person\/36ab0979449956132d3e5b517ea76ac8\"},\"headline\":\"Botafogo encerra jejum, bate Palmeiras e sai da zona da degola\",\"datePublished\":\"2014-05-29T02:13:44+00:00\",\"mainEntityOfPage\":{\"@id\":\"https:\/\/www.notibras.com\/site\/botafogo-encerra-jejum-bate-palmeiras-e-sai-da-zona-da-degola\/\"},\"wordCount\":522,\"commentCount\":0,\"publisher\":{\"@id\":\"https:\/\/www.notibras.com\/site\/#organization\"},\"image\":{\"@id\":\"https:\/\/www.notibras.com\/site\/botafogo-encerra-jejum-bate-palmeiras-e-sai-da-zona-da-degola\/#primaryimage\"},\"thumbnailUrl\":\"https:\/\/www.notibras.com\/site\/wp-content\/uploads\/2014\/05\/bolattifestagolbotafogoceliomessiasgazeta.jpg\",\"articleSection\":[\"Esportes\",\"Futebol\"],\"inLanguage\":\"pt-BR\",\"potentialAction\":[{\"@type\":\"CommentAction\",\"name\":\"Comment\",\"target\":[\"https:\/\/www.notibras.com\/site\/botafogo-encerra-jejum-bate-palmeiras-e-sai-da-zona-da-degola\/#respond\"]}]},{\"@type\":\"WebPage\",\"@id\":\"https:\/\/www.notibras.com\/site\/botafogo-encerra-jejum-bate-palmeiras-e-sai-da-zona-da-degola\/\",\"url\":\"https:\/\/www.notibras.com\/site\/botafogo-encerra-jejum-bate-palmeiras-e-sai-da-zona-da-degola\/\",\"name\":\"Botafogo encerra jejum, bate Palmeiras e sai da zona da degola - Notibras\",\"isPartOf\":{\"@id\":\"https:\/\/www.notibras.com\/site\/#website\"},\"primaryImageOfPage\":{\"@id\":\"https:\/\/www.notibras.com\/site\/botafogo-encerra-jejum-bate-palmeiras-e-sai-da-zona-da-degola\/#primaryimage\"},\"image\":{\"@id\":\"https:\/\/www.notibras.com\/site\/botafogo-encerra-jejum-bate-palmeiras-e-sai-da-zona-da-degola\/#primaryimage\"},\"thumbnailUrl\":\"https:\/\/www.notibras.com\/site\/wp-content\/uploads\/2014\/05\/bolattifestagolbotafogoceliomessiasgazeta.jpg\",\"datePublished\":\"2014-05-29T02:13:44+00:00\",\"breadcrumb\":{\"@id\":\"https:\/\/www.notibras.com\/site\/botafogo-encerra-jejum-bate-palmeiras-e-sai-da-zona-da-degola\/#breadcrumb\"},\"inLanguage\":\"pt-BR\",\"potentialAction\":[{\"@type\":\"ReadAction\",\"target\":[\"https:\/\/www.notibras.com\/site\/botafogo-encerra-jejum-bate-palmeiras-e-sai-da-zona-da-degola\/\"]}]},{\"@type\":\"ImageObject\",\"inLanguage\":\"pt-BR\",\"@id\":\"https:\/\/www.notibras.com\/site\/botafogo-encerra-jejum-bate-palmeiras-e-sai-da-zona-da-degola\/#primaryimage\",\"url\":\"https:\/\/www.notibras.com\/site\/wp-content\/uploads\/2014\/05\/bolattifestagolbotafogoceliomessiasgazeta.jpg\",\"contentUrl\":\"https:\/\/www.notibras.com\/site\/wp-content\/uploads\/2014\/05\/bolattifestagolbotafogoceliomessiasgazeta.jpg\",\"width\":750,\"height\":500},{\"@type\":\"BreadcrumbList\",\"@id\":\"https:\/\/www.notibras.com\/site\/botafogo-encerra-jejum-bate-palmeiras-e-sai-da-zona-da-degola\/#breadcrumb\",\"itemListElement\":[{\"@type\":\"ListItem\",\"position\":1,\"name\":\"In\u00edcio\",\"item\":\"https:\/\/www.notibras.com\/site\/\"},{\"@type\":\"ListItem\",\"position\":2,\"name\":\"Botafogo encerra jejum, bate Palmeiras e sai da zona da degola\"}]},{\"@type\":\"WebSite\",\"@id\":\"https:\/\/www.notibras.com\/site\/#website\",\"url\":\"https:\/\/www.notibras.com\/site\/\",\"name\":\"Notibras\",\"description\":\"Not\u00edcias de Bras\u00edlia, do Brasil e do Mundo\",\"publisher\":{\"@id\":\"https:\/\/www.notibras.com\/site\/#organization\"},\"potentialAction\":[{\"@type\":\"SearchAction\",\"target\":{\"@type\":\"EntryPoint\",\"urlTemplate\":\"https:\/\/www.notibras.com\/site\/?s={search_term_string}\"},\"query-input\":{\"@type\":\"PropertyValueSpecification\",\"valueRequired\":true,\"valueName\":\"search_term_string\"}}],\"inLanguage\":\"pt-BR\"},{\"@type\":\"Organization\",\"@id\":\"https:\/\/www.notibras.com\/site\/#organization\",\"name\":\"Grupo Notibras de Comunica\u00e7\u00e3o\",\"url\":\"https:\/\/www.notibras.com\/site\/\",\"logo\":{\"@type\":\"ImageObject\",\"inLanguage\":\"pt-BR\",\"@id\":\"https:\/\/www.notibras.com\/site\/#\/schema\/logo\/image\/\",\"url\":\"https:\/\/www.notibras.com\/site\/wp-content\/uploads\/2023\/01\/notibras23.png\",\"contentUrl\":\"https:\/\/www.notibras.com\/site\/wp-content\/uploads\/2023\/01\/notibras23.png\",\"width\":350,\"height\":87,\"caption\":\"Grupo Notibras de Comunica\u00e7\u00e3o\"},\"image\":{\"@id\":\"https:\/\/www.notibras.com\/site\/#\/schema\/logo\/image\/\"},\"sameAs\":[\"https:\/\/www.facebook.com\/notibras\/\",\"https:\/\/x.com\/Notibras\",\"https:\/\/www.instagram.com\/notibras\/\"]},{\"@type\":\"Person\",\"@id\":\"https:\/\/www.notibras.com\/site\/#\/schema\/person\/36ab0979449956132d3e5b517ea76ac8\",\"name\":\"Reda\u00e7\u00e3o\",\"image\":{\"@type\":\"ImageObject\",\"inLanguage\":\"pt-BR\",\"@id\":\"https:\/\/secure.gravatar.com\/avatar\/e0a867bdedb85fd243eadf09663511f96fc81e0720a4a42581f334ad4303aa6b?s=96&d=mm&r=g\",\"url\":\"https:\/\/secure.gravatar.com\/avatar\/e0a867bdedb85fd243eadf09663511f96fc81e0720a4a42581f334ad4303aa6b?s=96&d=mm&r=g\",\"contentUrl\":\"https:\/\/secure.gravatar.com\/avatar\/e0a867bdedb85fd243eadf09663511f96fc81e0720a4a42581f334ad4303aa6b?s=96&d=mm&r=g\",\"caption\":\"Reda\u00e7\u00e3o\"}}]}<\/script>\n<!-- \/ Yoast SEO plugin. -->","yoast_head_json":{"title":"Botafogo encerra jejum, bate Palmeiras e sai da zona da degola - Notibras","robots":{"index":"index","follow":"follow","max-snippet":"max-snippet:-1","max-image-preview":"max-image-preview:large","max-video-preview":"max-video-preview:-1"},"canonical":"https:\/\/www.notibras.com\/site\/botafogo-encerra-jejum-bate-palmeiras-e-sai-da-zona-da-degola\/","og_locale":"pt_BR","og_type":"article","og_title":"Botafogo encerra jejum, bate Palmeiras e sai da zona da degola - Notibras","og_description":"Depois de tr\u00eas rodadas sem vencer no Campeonato Brasileiro, o Botafogo encerrou a s\u00e9rie negativa jogando em Presidente Prudente, no interior de S\u00e3o Paulo. Na noite desta quarta-feira, a equipe suportou a press\u00e3o do Palmeiras e fez 2 a 0 para impor ao clube alviverde sua segunda derrota consecutiva na competi\u00e7\u00e3o. Com o resultado, o [&hellip;]","og_url":"https:\/\/www.notibras.com\/site\/botafogo-encerra-jejum-bate-palmeiras-e-sai-da-zona-da-degola\/","og_site_name":"Notibras","article_publisher":"https:\/\/www.facebook.com\/notibras\/","article_published_time":"2014-05-29T02:13:44+00:00","og_image":[{"width":750,"height":500,"url":"https:\/\/www.notibras.com\/site\/wp-content\/uploads\/2014\/05\/bolattifestagolbotafogoceliomessiasgazeta.jpg","type":"image\/jpeg"}],"author":"Reda\u00e7\u00e3o","twitter_card":"summary_large_image","twitter_creator":"@Notibras","twitter_site":"@Notibras","twitter_misc":{"Escrito por":"Reda\u00e7\u00e3o","Est. tempo de leitura":"3 minutos"},"schema":{"@context":"https:\/\/schema.org","@graph":[{"@type":"Article","@id":"https:\/\/www.notibras.com\/site\/botafogo-encerra-jejum-bate-palmeiras-e-sai-da-zona-da-degola\/#article","isPartOf":{"@id":"https:\/\/www.notibras.com\/site\/botafogo-encerra-jejum-bate-palmeiras-e-sai-da-zona-da-degola\/"},"author":{"name":"Reda\u00e7\u00e3o","@id":"https:\/\/www.notibras.com\/site\/#\/schema\/person\/36ab0979449956132d3e5b517ea76ac8"},"headline":"Botafogo encerra jejum, bate Palmeiras e sai da zona da degola","datePublished":"2014-05-29T02:13:44+00:00","mainEntityOfPage":{"@id":"https:\/\/www.notibras.com\/site\/botafogo-encerra-jejum-bate-palmeiras-e-sai-da-zona-da-degola\/"},"wordCount":522,"commentCount":0,"publisher":{"@id":"https:\/\/www.notibras.com\/site\/#organization"},"image":{"@id":"https:\/\/www.notibras.com\/site\/botafogo-encerra-jejum-bate-palmeiras-e-sai-da-zona-da-degola\/#primaryimage"},"thumbnailUrl":"https:\/\/www.notibras.com\/site\/wp-content\/uploads\/2014\/05\/bolattifestagolbotafogoceliomessiasgazeta.jpg","articleSection":["Esportes","Futebol"],"inLanguage":"pt-BR","potentialAction":[{"@type":"CommentAction","name":"Comment","target":["https:\/\/www.notibras.com\/site\/botafogo-encerra-jejum-bate-palmeiras-e-sai-da-zona-da-degola\/#respond"]}]},{"@type":"WebPage","@id":"https:\/\/www.notibras.com\/site\/botafogo-encerra-jejum-bate-palmeiras-e-sai-da-zona-da-degola\/","url":"https:\/\/www.notibras.com\/site\/botafogo-encerra-jejum-bate-palmeiras-e-sai-da-zona-da-degola\/","name":"Botafogo encerra jejum, bate Palmeiras e sai da zona da degola - Notibras","isPartOf":{"@id":"https:\/\/www.notibras.com\/site\/#website"},"primaryImageOfPage":{"@id":"https:\/\/www.notibras.com\/site\/botafogo-encerra-jejum-bate-palmeiras-e-sai-da-zona-da-degola\/#primaryimage"},"image":{"@id":"https:\/\/www.notibras.com\/site\/botafogo-encerra-jejum-bate-palmeiras-e-sai-da-zona-da-degola\/#primaryimage"},"thumbnailUrl":"https:\/\/www.notibras.com\/site\/wp-content\/uploads\/2014\/05\/bolattifestagolbotafogoceliomessiasgazeta.jpg","datePublished":"2014-05-29T02:13:44+00:00","breadcrumb":{"@id":"https:\/\/www.notibras.com\/site\/botafogo-encerra-jejum-bate-palmeiras-e-sai-da-zona-da-degola\/#breadcrumb"},"inLanguage":"pt-BR","potentialAction":[{"@type":"ReadAction","target":["https:\/\/www.notibras.com\/site\/botafogo-encerra-jejum-bate-palmeiras-e-sai-da-zona-da-degola\/"]}]},{"@type":"ImageObject","inLanguage":"pt-BR","@id":"https:\/\/www.notibras.com\/site\/botafogo-encerra-jejum-bate-palmeiras-e-sai-da-zona-da-degola\/#primaryimage","url":"https:\/\/www.notibras.com\/site\/wp-content\/uploads\/2014\/05\/bolattifestagolbotafogoceliomessiasgazeta.jpg","contentUrl":"https:\/\/www.notibras.com\/site\/wp-content\/uploads\/2014\/05\/bolattifestagolbotafogoceliomessiasgazeta.jpg","width":750,"height":500},{"@type":"BreadcrumbList","@id":"https:\/\/www.notibras.com\/site\/botafogo-encerra-jejum-bate-palmeiras-e-sai-da-zona-da-degola\/#breadcrumb","itemListElement":[{"@type":"ListItem","position":1,"name":"In\u00edcio","item":"https:\/\/www.notibras.com\/site\/"},{"@type":"ListItem","position":2,"name":"Botafogo encerra jejum, bate Palmeiras e sai da zona da degola"}]},{"@type":"WebSite","@id":"https:\/\/www.notibras.com\/site\/#website","url":"https:\/\/www.notibras.com\/site\/","name":"Notibras","description":"Not\u00edcias de Bras\u00edlia, do Brasil e do Mundo","publisher":{"@id":"https:\/\/www.notibras.com\/site\/#organization"},"potentialAction":[{"@type":"SearchAction","target":{"@type":"EntryPoint","urlTemplate":"https:\/\/www.notibras.com\/site\/?s={search_term_string}"},"query-input":{"@type":"PropertyValueSpecification","valueRequired":true,"valueName":"search_term_string"}}],"inLanguage":"pt-BR"},{"@type":"Organization","@id":"https:\/\/www.notibras.com\/site\/#organization","name":"Grupo Notibras de Comunica\u00e7\u00e3o","url":"https:\/\/www.notibras.com\/site\/","logo":{"@type":"ImageObject","inLanguage":"pt-BR","@id":"https:\/\/www.notibras.com\/site\/#\/schema\/logo\/image\/","url":"https:\/\/www.notibras.com\/site\/wp-content\/uploads\/2023\/01\/notibras23.png","contentUrl":"https:\/\/www.notibras.com\/site\/wp-content\/uploads\/2023\/01\/notibras23.png","width":350,"height":87,"caption":"Grupo Notibras de Comunica\u00e7\u00e3o"},"image":{"@id":"https:\/\/www.notibras.com\/site\/#\/schema\/logo\/image\/"},"sameAs":["https:\/\/www.facebook.com\/notibras\/","https:\/\/x.com\/Notibras","https:\/\/www.instagram.com\/notibras\/"]},{"@type":"Person","@id":"https:\/\/www.notibras.com\/site\/#\/schema\/person\/36ab0979449956132d3e5b517ea76ac8","name":"Reda\u00e7\u00e3o","image":{"@type":"ImageObject","inLanguage":"pt-BR","@id":"https:\/\/secure.gravatar.com\/avatar\/e0a867bdedb85fd243eadf09663511f96fc81e0720a4a42581f334ad4303aa6b?s=96&d=mm&r=g","url":"https:\/\/secure.gravatar.com\/avatar\/e0a867bdedb85fd243eadf09663511f96fc81e0720a4a42581f334ad4303aa6b?s=96&d=mm&r=g","contentUrl":"https:\/\/secure.gravatar.com\/avatar\/e0a867bdedb85fd243eadf09663511f96fc81e0720a4a42581f334ad4303aa6b?s=96&d=mm&r=g","caption":"Reda\u00e7\u00e3o"}}]}},"amp_enabled":true,"_links":{"self":[{"href":"https:\/\/www.notibras.com\/site\/wp-json\/wp\/v2\/posts\/11383","targetHints":{"allow":["GET"]}}],"collection":[{"href":"https:\/\/www.notibras.com\/site\/wp-json\/wp\/v2\/posts"}],"about":[{"href":"https:\/\/www.notibras.com\/site\/wp-json\/wp\/v2\/types\/post"}],"author":[{"embeddable":true,"href":"https:\/\/www.notibras.com\/site\/wp-json\/wp\/v2\/users\/2"}],"replies":[{"embeddable":true,"href":"https:\/\/www.notibras.com\/site\/wp-json\/wp\/v2\/comments?post=11383"}],"version-history":[{"count":0,"href":"https:\/\/www.notibras.com\/site\/wp-json\/wp\/v2\/posts\/11383\/revisions"}],"wp:featuredmedia":[{"embeddable":true,"href":"https:\/\/www.notibras.com\/site\/wp-json\/wp\/v2\/media\/11384"}],"wp:attachment":[{"href":"https:\/\/www.notibras.com\/site\/wp-json\/wp\/v2\/media?parent=11383"}],"wp:term":[{"taxonomy":"category","embeddable":true,"href":"https:\/\/www.notibras.com\/site\/wp-json\/wp\/v2\/categories?post=11383"},{"taxonomy":"post_tag","embeddable":true,"href":"https:\/\/www.notibras.com\/site\/wp-json\/wp\/v2\/tags?post=11383"}],"curies":[{"name":"wp","href":"https:\/\/api.w.org\/{rel}","templated":true}]}}